{"id":183125,"date":"2021-07-09T15:24:34","date_gmt":"2021-07-09T13:24:34","guid":{"rendered":"https:\/\/www.intoscana.it\/it\/?p=183125"},"modified":"2021-07-09T15:27:36","modified_gmt":"2021-07-09T13:27:36","slug":"lorenzo-bani-e-il-nuovo-presidente-del-parco-migliarino","status":"publish","type":"post","link":"https:\/\/www.intoscana.it\/it\/lorenzo-bani-e-il-nuovo-presidente-del-parco-migliarino\/","title":{"rendered":"Lorenzo Bani \u00e8 il nuovo presidente del Parco Migliarino-San Rossore-Massaciuccoli"},"content":{"rendered":"<p>Si \u00e8 insediato oggi, venerd\u00ec 9 luglio, <strong>il nuovo presidente dell&#8217;Ente Parco Migliarino San Rossore Massaciuccoli Lorenzo Bani<\/strong> con il nuovo consiglio direttivo composto da Maurizio Bandecchi, Alessandra Buscemi, Francesca Ceccarini, Letizia Checchi, Alessandro Corretti, Paola Nuvoli e Claudia Principe.<\/p>\n<p>Dopo il passaggio di consegne con il presidente uscente Giovanni Maffei Cardellini, la cerimonia nella Sala Gronchi a San Rossore \u00e8 stata introdotta dal presidente della Regione Toscana: \u201c<strong>Ho scelto Lorenzo Bani perch\u00e8 ha la competenza amministrativa e la giusta sensibilit\u00e0 per condurre il Parco nell\u2019epoca dell\u2019amministrazione diffusa<\/strong>, del coinvolgimento attivo delle persone e delle comunit\u00e0 \u2013 <strong>ha spiegato Eugenio Giani<\/strong> &#8211; \u00a0\u00c8 la lezione che abbiamo appreso in epoca di pandemia ed \u00e8 anche \u00a0la scelta che oggi portiamo avanti con orgoglio e convinzione in ogni settore del governo regionale. Conosco il neo presidente da tempo, come assessore al Comune di Pisa allo sport, alle politiche sociali e ambiente e infine a cultura e pubblica istruzione; come ex presidente dell\u2019Apes di Pisa e presidente della Uisp Toscana. Bani ha la cultura del fare facendo squadra, dell\u2019ascolto, della partecipazione\u201d.<\/p>\n<p>Nelle parole del presidente Giani <strong>un\u2019idea di Parco incentrata su partecipazione, vita fluviale nelle acque dell\u2019Arno e al centro di eventi di respiro regionale<\/strong>.<\/p>\n<p>\u201cIl Parco \u00e8 dei cittadini e vorrei renderlo sempre pi\u00f9 aperto, coniugando sostenibilit\u00e0 ambientale e sviluppo, fruibilit\u00e0 e rispetto della natura, valorizzandolo in tutta la sua ampiezza da Viareggio a Livorno, passando per Massarosa, Pisa, Vecchiano e San Giuliano Terme. Tutte le sue sette Tenute e l&#8217;Area Marina Protetta hanno ambienti unici da curare e conoscere \u2013 <strong>ha dichiarato il neopresidente Lorenzo Bani<\/strong> &#8211; <mark>inizieremo da subito a lavorare per un Parco delle opportunit\u00e0, che sia un modello di sviluppo sostenibile attento all&#8217;ambiente e alle persone. Coinvolgendo tutti gli attori che insieme all&#8217;Ente vivono e fanno vivere questo territori<\/mark>o : i Comuni, le associazioni ambientali, sportive e culturali, le tre universit\u00e0, le categorie economiche, le aziende agrozootecniche, le guide ambientali. Ascolteremo tutti per condividere insieme le decisioni importanti che vanno prese per il Parco del futuro, perch\u00e8 pensare al futuro del Parco equivale a pensare al futuro delle nostre comunit\u00e0\u201d<\/p>\n<p>Presente all&#8217;insediamento anche il presidente del consiglio regionale, <strong>Antonio Mazzeo<\/strong> che ha ricordato quanto siam importante lavorare insieme per uno scopo comune: &#8220;La nostra sfida principale &#8211; ha detto Mazzeo &#8211;\u00a0 di questi anni sar\u00e0 costruire una Toscana diffusa e cio\u00e8 superare le differenze, in termini di crescita economica ma anche di servizi di cittadinanza, che vi sono fra le aree pi\u00f9 sviluppate e le aree pi\u00f9 in difficolt\u00e0 della nostra regione. <strong>Toscana diffusa<\/strong><br \/>\n<strong>significa quindi una Toscana come istituzione che i cittadini la possono facilmente incontrare<\/strong> e cos\u00ec utilizzare non solo andando nel capoluogo Firenze, ma anche vicino casa. Perch\u00e9 il valore pi\u00f9 grande delle istituzioni \u00e8 quello di essere al servizio delle persone e quindi di essere a loro disposizione e raggiungibili anche pi\u00f9 facilmente&#8221;<\/p>\n","protected":false},"excerpt":{"rendered":"<p>Il neo presidente: &#8220;Inizieremo da subito a lavorare per un parco delle opportunit\u00e0, che sia un modello di sviluppo sostenibile attento all&#039;ambiente e alle persone. Coinvolgendo tutti gli attori che insieme all&#039;Ente vivono e fanno vivere questo territorio&#8221;<\/p>\n","protected":false},"author":525,"featured_media":183127,"comment_status":"open","ping_status":"open","sticky":false,"template":"","format":"standard","meta":{"_acf_changed":false,"footnotes":""},"categories":[494],"tags":[177,4760,158,4882,4749],"class_list":["post-183125","post","type-post","status-publish","format-standard","has-post-thumbnail","hentry","category-attualita","tag-ambiente","tag-antonio-mazzeo","tag-eugenio-giani","tag-massaciuccoli","tag-parco-di-san-rossore"],"acf":[],"yoast_head":"<!-- This site is optimized with the Yoast SEO Premium plugin v24.2 (Yoast SEO v25.6) - https:\/\/yoast.com\/wordpress\/plugins\/seo\/ -->\n<title>Lorenzo Bani \u00e8 il nuovo presidente del Parco Migliarino-San Rossore-Massaciuccoli - intoscana<\/title>\n<meta name=\"description\" content=\"Il neo presidente del parco \u00e8 in carica da oggi: \u00e8 stato assessore a Pisa, presidente Apes di Pisa e della Uisp Toscana\" \/>\n<meta name=\"robots\" content=\"index, follow, max-snippet:-1, max-image-preview:large, max-video-preview:-1\" \/>\n<link rel=\"canonical\" href=\"https:\/\/www.intoscana.it\/it\/lorenzo-bani-e-il-nuovo-presidente-del-parco-migliarino\/\" \/>\n<meta property=\"og:locale\" content=\"it_IT\" \/>\n<meta property=\"og:type\" content=\"article\" \/>\n<meta property=\"og:title\" content=\"Lorenzo Bani \u00e8 il nuovo presidente del Parco Migliarino-San Rossore-Massaciuccoli\" \/>\n<meta property=\"og:description\" content=\"Il neo presidente del parco \u00e8 in carica da oggi: \u00e8 stato assessore a Pisa, presidente Apes di Pisa e della Uisp Toscana\" \/>\n<meta property=\"og:url\" content=\"https:\/\/www.intoscana.it\/it\/lorenzo-bani-e-il-nuovo-presidente-del-parco-migliarino\/\" \/>\n<meta property=\"og:site_name\" content=\"intoscana\" \/>\n<meta property=\"article:publisher\" content=\"https:\/\/www.facebook.com\/intoscana.it\" \/>\n<meta property=\"article:published_time\" content=\"2021-07-09T13:24:34+00:00\" \/>\n<meta property=\"article:modified_time\" content=\"2021-07-09T13:27:36+00:00\" \/>\n<meta property=\"og:image\" content=\"https:\/\/www.intoscana.it\/wp-content\/uploads\/lorenzo-bani-parco-migliarino.jpeg\" \/>\n\t<meta property=\"og:image:width\" content=\"2048\" \/>\n\t<meta property=\"og:image:height\" content=\"1536\" \/>\n\t<meta property=\"og:image:type\" content=\"image\/jpeg\" \/>\n<meta name=\"author\" content=\"Redazione\" \/>\n<meta name=\"twitter:card\" content=\"summary_large_image\" \/>\n<meta name=\"twitter:creator\" content=\"@intoscana\" \/>\n<meta name=\"twitter:site\" content=\"@intoscana\" \/>\n<meta name=\"twitter:label1\" content=\"Written by\" \/>\n\t<meta name=\"twitter:data1\" content=\"Redazione\" \/>\n\t<meta name=\"twitter:label2\" content=\"Est. reading time\" \/>\n\t<meta name=\"twitter:data2\" content=\"2 minuti\" \/>\n<script type=\"application\/ld+json\" class=\"yoast-schema-graph\">{\"@context\":\"https:\/\/schema.org\",\"@graph\":[{\"@type\":\"WebPage\",\"@id\":\"https:\/\/www.intoscana.it\/it\/lorenzo-bani-e-il-nuovo-presidente-del-parco-migliarino\/\",\"url\":\"https:\/\/www.intoscana.it\/it\/lorenzo-bani-e-il-nuovo-presidente-del-parco-migliarino\/\",\"name\":\"Lorenzo Bani \u00e8 il nuovo presidente del Parco Migliarino-San Rossore-Massaciuccoli - intoscana\",\"isPartOf\":{\"@id\":\"https:\/\/www.intoscana.it\/it\/#website\"},\"primaryImageOfPage\":{\"@id\":\"https:\/\/www.intoscana.it\/it\/lorenzo-bani-e-il-nuovo-presidente-del-parco-migliarino\/#primaryimage\"},\"image\":{\"@id\":\"https:\/\/www.intoscana.it\/it\/lorenzo-bani-e-il-nuovo-presidente-del-parco-migliarino\/#primaryimage\"},\"thumbnailUrl\":\"https:\/\/www.intoscana.it\/wp-content\/uploads\/lorenzo-bani-parco-migliarino.jpeg\",\"datePublished\":\"2021-07-09T13:24:34+00:00\",\"dateModified\":\"2021-07-09T13:27:36+00:00\",\"author\":{\"@id\":\"https:\/\/www.intoscana.it\/it\/#\/schema\/person\/9223810753230f20bd670fdd322661f8\"},\"description\":\"Il neo presidente del parco \u00e8 in carica da oggi: \u00e8 stato assessore a Pisa, presidente Apes di Pisa e della Uisp Toscana\",\"breadcrumb\":{\"@id\":\"https:\/\/www.intoscana.it\/it\/lorenzo-bani-e-il-nuovo-presidente-del-parco-migliarino\/#breadcrumb\"},\"inLanguage\":\"it-IT\",\"potentialAction\":[{\"@type\":\"ReadAction\",\"target\":[\"https:\/\/www.intoscana.it\/it\/lorenzo-bani-e-il-nuovo-presidente-del-parco-migliarino\/\"]}]},{\"@type\":\"ImageObject\",\"inLanguage\":\"it-IT\",\"@id\":\"https:\/\/www.intoscana.it\/it\/lorenzo-bani-e-il-nuovo-presidente-del-parco-migliarino\/#primaryimage\",\"url\":\"https:\/\/www.intoscana.it\/wp-content\/uploads\/lorenzo-bani-parco-migliarino.jpeg\",\"contentUrl\":\"https:\/\/www.intoscana.it\/wp-content\/uploads\/lorenzo-bani-parco-migliarino.jpeg\",\"width\":2048,\"height\":1536,\"caption\":\"lorenzo bani - parco migliarino\"},{\"@type\":\"BreadcrumbList\",\"@id\":\"https:\/\/www.intoscana.it\/it\/lorenzo-bani-e-il-nuovo-presidente-del-parco-migliarino\/#breadcrumb\",\"itemListElement\":[{\"@type\":\"ListItem\",\"position\":1,\"name\":\"Home\",\"item\":\"https:\/\/www.intoscana.it\/it\/\"},{\"@type\":\"ListItem\",\"position\":2,\"name\":\"Lorenzo Bani \u00e8 il nuovo presidente del Parco Migliarino-San Rossore-Massaciuccoli\"}]},{\"@type\":\"WebSite\",\"@id\":\"https:\/\/www.intoscana.it\/it\/#website\",\"url\":\"https:\/\/www.intoscana.it\/it\/\",\"name\":\"intoscana\",\"description\":\"\",\"potentialAction\":[{\"@type\":\"SearchAction\",\"target\":{\"@type\":\"EntryPoint\",\"urlTemplate\":\"https:\/\/www.intoscana.it\/it\/?s={search_term_string}\"},\"query-input\":{\"@type\":\"PropertyValueSpecification\",\"valueRequired\":true,\"valueName\":\"search_term_string\"}}],\"inLanguage\":\"it-IT\"},{\"@type\":\"Person\",\"@id\":\"https:\/\/www.intoscana.it\/it\/#\/schema\/person\/9223810753230f20bd670fdd322661f8\",\"name\":\"Redazione\",\"url\":\"https:\/\/www.intoscana.it\/it\/author\/redazione\/\"}]}<\/script>\n<!-- \/ Yoast SEO Premium plugin. -->","yoast_head_json":{"title":"Lorenzo Bani \u00e8 il nuovo presidente del Parco Migliarino-San Rossore-Massaciuccoli - intoscana","description":"Il neo presidente del parco \u00e8 in carica da oggi: \u00e8 stato assessore a Pisa, presidente Apes di Pisa e della Uisp Toscana","robots":{"index":"index","follow":"follow","max-snippet":"max-snippet:-1","max-image-preview":"max-image-preview:large","max-video-preview":"max-video-preview:-1"},"canonical":"https:\/\/www.intoscana.it\/it\/lorenzo-bani-e-il-nuovo-presidente-del-parco-migliarino\/","og_locale":"it_IT","og_type":"article","og_title":"Lorenzo Bani \u00e8 il nuovo presidente del Parco Migliarino-San Rossore-Massaciuccoli","og_description":"Il neo presidente del parco \u00e8 in carica da oggi: \u00e8 stato assessore a Pisa, presidente Apes di Pisa e della Uisp Toscana","og_url":"https:\/\/www.intoscana.it\/it\/lorenzo-bani-e-il-nuovo-presidente-del-parco-migliarino\/","og_site_name":"intoscana","article_publisher":"https:\/\/www.facebook.com\/intoscana.it","article_published_time":"2021-07-09T13:24:34+00:00","article_modified_time":"2021-07-09T13:27:36+00:00","og_image":[{"width":2048,"height":1536,"url":"https:\/\/www.intoscana.it\/wp-content\/uploads\/lorenzo-bani-parco-migliarino.jpeg","type":"image\/jpeg"}],"author":"Redazione","twitter_card":"summary_large_image","twitter_creator":"@intoscana","twitter_site":"@intoscana","twitter_misc":{"Written by":"Redazione","Est. reading time":"2 minuti"},"schema":{"@context":"https:\/\/schema.org","@graph":[{"@type":"WebPage","@id":"https:\/\/www.intoscana.it\/it\/lorenzo-bani-e-il-nuovo-presidente-del-parco-migliarino\/","url":"https:\/\/www.intoscana.it\/it\/lorenzo-bani-e-il-nuovo-presidente-del-parco-migliarino\/","name":"Lorenzo Bani \u00e8 il nuovo presidente del Parco Migliarino-San Rossore-Massaciuccoli - intoscana","isPartOf":{"@id":"https:\/\/www.intoscana.it\/it\/#website"},"primaryImageOfPage":{"@id":"https:\/\/www.intoscana.it\/it\/lorenzo-bani-e-il-nuovo-presidente-del-parco-migliarino\/#primaryimage"},"image":{"@id":"https:\/\/www.intoscana.it\/it\/lorenzo-bani-e-il-nuovo-presidente-del-parco-migliarino\/#primaryimage"},"thumbnailUrl":"https:\/\/www.intoscana.it\/wp-content\/uploads\/lorenzo-bani-parco-migliarino.jpeg","datePublished":"2021-07-09T13:24:34+00:00","dateModified":"2021-07-09T13:27:36+00:00","author":{"@id":"https:\/\/www.intoscana.it\/it\/#\/schema\/person\/9223810753230f20bd670fdd322661f8"},"description":"Il neo presidente del parco \u00e8 in carica da oggi: \u00e8 stato assessore a Pisa, presidente Apes di Pisa e della Uisp Toscana","breadcrumb":{"@id":"https:\/\/www.intoscana.it\/it\/lorenzo-bani-e-il-nuovo-presidente-del-parco-migliarino\/#breadcrumb"},"inLanguage":"it-IT","potentialAction":[{"@type":"ReadAction","target":["https:\/\/www.intoscana.it\/it\/lorenzo-bani-e-il-nuovo-presidente-del-parco-migliarino\/"]}]},{"@type":"ImageObject","inLanguage":"it-IT","@id":"https:\/\/www.intoscana.it\/it\/lorenzo-bani-e-il-nuovo-presidente-del-parco-migliarino\/#primaryimage","url":"https:\/\/www.intoscana.it\/wp-content\/uploads\/lorenzo-bani-parco-migliarino.jpeg","contentUrl":"https:\/\/www.intoscana.it\/wp-content\/uploads\/lorenzo-bani-parco-migliarino.jpeg","width":2048,"height":1536,"caption":"lorenzo bani - parco migliarino"},{"@type":"BreadcrumbList","@id":"https:\/\/www.intoscana.it\/it\/lorenzo-bani-e-il-nuovo-presidente-del-parco-migliarino\/#breadcrumb","itemListElement":[{"@type":"ListItem","position":1,"name":"Home","item":"https:\/\/www.intoscana.it\/it\/"},{"@type":"ListItem","position":2,"name":"Lorenzo Bani \u00e8 il nuovo presidente del Parco Migliarino-San Rossore-Massaciuccoli"}]},{"@type":"WebSite","@id":"https:\/\/www.intoscana.it\/it\/#website","url":"https:\/\/www.intoscana.it\/it\/","name":"intoscana","description":"","potentialAction":[{"@type":"SearchAction","target":{"@type":"EntryPoint","urlTemplate":"https:\/\/www.intoscana.it\/it\/?s={search_term_string}"},"query-input":{"@type":"PropertyValueSpecification","valueRequired":true,"valueName":"search_term_string"}}],"inLanguage":"it-IT"},{"@type":"Person","@id":"https:\/\/www.intoscana.it\/it\/#\/schema\/person\/9223810753230f20bd670fdd322661f8","name":"Redazione","url":"https:\/\/www.intoscana.it\/it\/author\/redazione\/"}]}},"_links":{"self":[{"href":"https:\/\/www.intoscana.it\/it\/wp-json\/wp\/v2\/posts\/183125","targetHints":{"allow":["GET"]}}],"collection":[{"href":"https:\/\/www.intoscana.it\/it\/wp-json\/wp\/v2\/posts"}],"about":[{"href":"https:\/\/www.intoscana.it\/it\/wp-json\/wp\/v2\/types\/post"}],"author":[{"embeddable":true,"href":"https:\/\/www.intoscana.it\/it\/wp-json\/wp\/v2\/users\/525"}],"replies":[{"embeddable":true,"href":"https:\/\/www.intoscana.it\/it\/wp-json\/wp\/v2\/comments?post=183125"}],"version-history":[{"count":0,"href":"https:\/\/www.intoscana.it\/it\/wp-json\/wp\/v2\/posts\/183125\/revisions"}],"wp:featuredmedia":[{"embeddable":true,"href":"https:\/\/www.intoscana.it\/it\/wp-json\/wp\/v2\/media\/183127"}],"wp:attachment":[{"href":"https:\/\/www.intoscana.it\/it\/wp-json\/wp\/v2\/media?parent=183125"}],"wp:term":[{"taxonomy":"category","embeddable":true,"href":"https:\/\/www.intoscana.it\/it\/wp-json\/wp\/v2\/categories?post=183125"},{"taxonomy":"post_tag","embeddable":true,"href":"https:\/\/www.intoscana.it\/it\/wp-json\/wp\/v2\/tags?post=183125"}],"curies":[{"name":"wp","href":"https:\/\/api.w.org\/{rel}","templated":true}]}}