{"id":183219,"date":"2021-07-10T17:13:16","date_gmt":"2021-07-10T15:13:16","guid":{"rendered":"https:\/\/www.intoscana.it\/it\/?p=183219"},"modified":"2021-07-13T10:09:53","modified_gmt":"2021-07-13T08:09:53","slug":"la-rabbia-e-lattesa-di-giustizia-la-tragedia-di-niccolo-ciatti-diventa-un-recital","status":"publish","type":"post","link":"https:\/\/www.intoscana.it\/it\/la-rabbia-e-lattesa-di-giustizia-la-tragedia-di-niccolo-ciatti-diventa-un-recital\/","title":{"rendered":"La rabbia e l&#8217;attesa di giustizia: la tragedia di Niccol\u00f2 Ciatti diventa un recital"},"content":{"rendered":"<p class=\"p1\"><strong>La sua storia, la tragedia che ancora non ha una giustizia e l&#8217;attesa di un giusto processo. C&#8217;\u00e8 tutto questo nel recital per ricordare Niccol\u00f2 Ciatti<\/strong>, il giovane brutalmente ucciso mentre si trovava in vacanza in Spagna. A metterlo in scena \u00e8 l\u2019associazione no profit Alice in cerca di teatro in collaborazione con la Onlus intitolata a Ciatti, recentemente insignita del Fiorino d\u2019oro della citt\u00e0.<\/p>\n<p class=\"p1\">Lo spettacolo ha il patrocinio di Regione Toscana, Comune di Firenze e Comune di Scandicci e il sostegno del Ministero degli esteri. <strong>L\u2019anteprima europea sar\u00e0 a Scandicci, il 12 agosto in piazza della Resistenza (ore 21.15) mentre andr\u00e0 in scena a Firenze all\u2019Anfiteatro La Limonaia di Villa Strozzi (via Pisana, 77) il\u00a0 30 agosto alle 21.30.<\/strong> La prima data all\u2019estero si terr\u00e0 in edizione bilingue italiano-spagnolo. Le date italiane avranno ingresso libero, fino ad esaurimento posti, secondo norme e\/o eventuali modifiche.<\/p>\n<p>L&#8217;autore \u00e8 <strong>Ugo De Vita<\/strong>, scrittore, interprete e docente universitario. \u00c8 tra i pi\u00f9 illustri esponenti del teatro \u201ccivile\u201d italiano, dopo aver portato in scena nell\u2019arco di trent\u2019anni Livatino, Decennale delle stragi di Capaci e via d\u2019Amelio (con Lamberto Sposini), Welby (Con Mina Welby e Gianfranco Funari), Coco, Casalegno (con Mir\u00f2), Bianzino, Melone (prima vittima dell\u2019esercito dell\u2019Uranio impoverito, risarcita dalla Stato), Cucchi, Vannini. Ora racconta <strong>&#8220;Niccol\u00f2 Ciatti. Una memoria familiare&#8221;, un testo poetico per chiedere giustizia: dai ricordi della mamma, del babbo e la sorella di Niccol\u00f2 all\u2019amore e le amicizie, le emozioni e le gioie spazzate via la notte del 12 agosto 2017<\/strong>.<\/p>\n<p>Scritto in due mesi con la collaborazione di Luigi, Cinzia e Sara Ciatti, il racconto di infanzia e giovinezza di Niccol\u00f2 si collega al dramma dei giorni\u00a0 in cui l<strong>a famiglia ha dovuto assistere impotente alla scarcerazione degli assassini in attesa della fase dibattimentale<\/strong>. \u00c8 uno spettacolo, ma soprattutto una voce che si alza forte per non dimenticare.<\/p>\n<p class=\"p1\">L\u2019iniziativa \u00e8 stata presentata in una conferenza stampa a Palazzo Vecchio alla quale hanno preso parte l\u2019assessore alla cultura <strong>Tommaso Sacchi<\/strong>, <strong>Eugenio Giani<\/strong>, presidente della Regione Toscana, <strong>Cristina Giachi<\/strong>, presidente Commissione Cultura della Regione Toscana, <strong>Sandro Fallani<\/strong>, sindaco del Comune di Scandicci, <strong>Luigi Ciatti<\/strong>, padre di Niccol\u00f2 e <strong>Ugo De Vita<\/strong>, autore e curatore dell\u2019allestimento. Presente anche il direttore generale per gli italiani all\u2019estero e la cooperazione internazionale del ministero degli Affari esteri <strong>Luigi Maria Vignali<\/strong>.<\/p>\n<p class=\"p1\"><em>\u201cSono quattro anni che aspettiamo di avere giustizia per Niccol\u00f2 <\/em>&#8211; ha detto il padre e autore dell\u2019allestimento Luigi Ciatti &#8211;<em> e che lottiamo verso una giustizia spagnola, che purtroppo non ci ha aiutato e continua a non aiutarci. Vogliamo raggiungere questo obiettivo e vogliamo che casi come quello di Niccol\u00f2 non capitino. <strong>Questa iniziativa \u00e8 importante per ricordare Niccol\u00f2, che amava e rispettava la vita, per farlo conoscere e vorremmo avere le piazze piene di giovani<\/strong>. Questo ci darebbe forza. Vogliamo cercare di far capire ai ragazzi quello che hanno, l\u2019importanza della vita che va rispettata perch\u00e9 sentiamo e vediamo troppa violenza ingiustificata\u201d.<\/em><\/p>\n<p class=\"p1\"><em>&#8220;Lo spettacolo <\/em>&#8211; ha detto il\u00a0 il presidente della Regione, Eugenio Giani &#8211;<em> \u00e8 un ulteriore modo giusto per creare intorno alla vicenda di Niccol\u00f2 quella coscienza popolare che si indigni e possa spingere perch\u00e9 ci sia giustizia\u201d.<\/em><\/p>\n<p class=\"p1\">Presente anche il ministero degli Affari esteri, come a voler ribadire un impegno costante sulla vicenda &#8220;<em>affinch\u00e9 la giustizia per Niccol\u00f2 Ciatti venga assicurata dalle autorit\u00e0 spagnole <\/em>&#8211; ha detto\u00a0 Luigi Maria Vignali &#8211;<em> e non lasciare sola la famiglia Ciatti&#8221;.<\/em><\/p>\n","protected":false},"excerpt":{"rendered":"<p class=\"p1\">Anteprima europea dello spettacolo realizzato in italiano e spagnolo a Scandicci il 12 agosto, mentre a Firenze andr\u00e0 in scena il 30<\/p>\n<p class=\"p1\">\n","protected":false},"author":525,"featured_media":183220,"comment_status":"open","ping_status":"open","sticky":false,"template":"","format":"standard","meta":{"_acf_changed":false,"footnotes":""},"categories":[493],"tags":[202,5272,236],"class_list":["post-183219","post","type-post","status-publish","format-standard","has-post-thumbnail","hentry","category-cultura","tag-firenze","tag-giustizia","tag-teatro"],"acf":[],"yoast_head":"<!-- This site is optimized with the Yoast SEO Premium plugin v24.2 (Yoast SEO v25.6) - https:\/\/yoast.com\/wordpress\/plugins\/seo\/ -->\n<title>La rabbia e l&#039;attesa di giustizia: la tragedia di Niccol\u00f2 Ciatti diventa un recital - intoscana<\/title>\n<meta name=\"description\" content=\"Anteprima europea dello spettacolo realizzato in italiano e spagnolo a Scandicci il 12 agosto, mentre a Firenze andr\u00e0 in scena il 30\" \/>\n<meta name=\"robots\" content=\"index, follow, max-snippet:-1, max-image-preview:large, max-video-preview:-1\" \/>\n<link rel=\"canonical\" href=\"https:\/\/www.intoscana.it\/it\/la-rabbia-e-lattesa-di-giustizia-la-tragedia-di-niccolo-ciatti-diventa-un-recital\/\" \/>\n<meta property=\"og:locale\" content=\"it_IT\" \/>\n<meta property=\"og:type\" content=\"article\" \/>\n<meta property=\"og:title\" content=\"La rabbia e l&#039;attesa di giustizia: la tragedia di Niccol\u00f2 Ciatti diventa un recital\" \/>\n<meta property=\"og:description\" content=\"Anteprima europea dello spettacolo realizzato in italiano e spagnolo a Scandicci il 12 agosto, mentre a Firenze andr\u00e0 in scena il 30\" \/>\n<meta property=\"og:url\" content=\"https:\/\/www.intoscana.it\/it\/la-rabbia-e-lattesa-di-giustizia-la-tragedia-di-niccolo-ciatti-diventa-un-recital\/\" \/>\n<meta property=\"og:site_name\" content=\"intoscana\" \/>\n<meta property=\"article:publisher\" content=\"https:\/\/www.facebook.com\/intoscana.it\" \/>\n<meta property=\"article:published_time\" content=\"2021-07-10T15:13:16+00:00\" \/>\n<meta property=\"article:modified_time\" content=\"2021-07-13T08:09:53+00:00\" \/>\n<meta property=\"og:image\" content=\"https:\/\/www.intoscana.it\/wp-content\/uploads\/Niccolo\u0300-Ciatti.jpg\" \/>\n\t<meta property=\"og:image:width\" content=\"1200\" \/>\n\t<meta property=\"og:image:height\" content=\"834\" \/>\n\t<meta property=\"og:image:type\" content=\"image\/jpeg\" \/>\n<meta name=\"author\" content=\"Redazione\" \/>\n<meta name=\"twitter:card\" content=\"summary_large_image\" \/>\n<meta name=\"twitter:creator\" content=\"@intoscana\" \/>\n<meta name=\"twitter:site\" content=\"@intoscana\" \/>\n<meta name=\"twitter:label1\" content=\"Written by\" \/>\n\t<meta name=\"twitter:data1\" content=\"Redazione\" \/>\n\t<meta name=\"twitter:label2\" content=\"Est. reading time\" \/>\n\t<meta name=\"twitter:data2\" content=\"3 minuti\" \/>\n<script type=\"application\/ld+json\" class=\"yoast-schema-graph\">{\"@context\":\"https:\/\/schema.org\",\"@graph\":[{\"@type\":\"WebPage\",\"@id\":\"https:\/\/www.intoscana.it\/it\/la-rabbia-e-lattesa-di-giustizia-la-tragedia-di-niccolo-ciatti-diventa-un-recital\/\",\"url\":\"https:\/\/www.intoscana.it\/it\/la-rabbia-e-lattesa-di-giustizia-la-tragedia-di-niccolo-ciatti-diventa-un-recital\/\",\"name\":\"La rabbia e l'attesa di giustizia: la tragedia di Niccol\u00f2 Ciatti diventa un recital - intoscana\",\"isPartOf\":{\"@id\":\"https:\/\/www.intoscana.it\/it\/#website\"},\"primaryImageOfPage\":{\"@id\":\"https:\/\/www.intoscana.it\/it\/la-rabbia-e-lattesa-di-giustizia-la-tragedia-di-niccolo-ciatti-diventa-un-recital\/#primaryimage\"},\"image\":{\"@id\":\"https:\/\/www.intoscana.it\/it\/la-rabbia-e-lattesa-di-giustizia-la-tragedia-di-niccolo-ciatti-diventa-un-recital\/#primaryimage\"},\"thumbnailUrl\":\"https:\/\/www.intoscana.it\/wp-content\/uploads\/Niccolo\u0300-Ciatti.jpg\",\"datePublished\":\"2021-07-10T15:13:16+00:00\",\"dateModified\":\"2021-07-13T08:09:53+00:00\",\"author\":{\"@id\":\"https:\/\/www.intoscana.it\/it\/#\/schema\/person\/9223810753230f20bd670fdd322661f8\"},\"description\":\"Anteprima europea dello spettacolo realizzato in italiano e spagnolo a Scandicci il 12 agosto, mentre a Firenze andr\u00e0 in scena il 30\",\"breadcrumb\":{\"@id\":\"https:\/\/www.intoscana.it\/it\/la-rabbia-e-lattesa-di-giustizia-la-tragedia-di-niccolo-ciatti-diventa-un-recital\/#breadcrumb\"},\"inLanguage\":\"it-IT\",\"potentialAction\":[{\"@type\":\"ReadAction\",\"target\":[\"https:\/\/www.intoscana.it\/it\/la-rabbia-e-lattesa-di-giustizia-la-tragedia-di-niccolo-ciatti-diventa-un-recital\/\"]}]},{\"@type\":\"ImageObject\",\"inLanguage\":\"it-IT\",\"@id\":\"https:\/\/www.intoscana.it\/it\/la-rabbia-e-lattesa-di-giustizia-la-tragedia-di-niccolo-ciatti-diventa-un-recital\/#primaryimage\",\"url\":\"https:\/\/www.intoscana.it\/wp-content\/uploads\/Niccolo\u0300-Ciatti.jpg\",\"contentUrl\":\"https:\/\/www.intoscana.it\/wp-content\/uploads\/Niccolo\u0300-Ciatti.jpg\",\"width\":1200,\"height\":834},{\"@type\":\"BreadcrumbList\",\"@id\":\"https:\/\/www.intoscana.it\/it\/la-rabbia-e-lattesa-di-giustizia-la-tragedia-di-niccolo-ciatti-diventa-un-recital\/#breadcrumb\",\"itemListElement\":[{\"@type\":\"ListItem\",\"position\":1,\"name\":\"Home\",\"item\":\"https:\/\/www.intoscana.it\/it\/\"},{\"@type\":\"ListItem\",\"position\":2,\"name\":\"La rabbia e l&#8217;attesa di giustizia: la tragedia di Niccol\u00f2 Ciatti diventa un recital\"}]},{\"@type\":\"WebSite\",\"@id\":\"https:\/\/www.intoscana.it\/it\/#website\",\"url\":\"https:\/\/www.intoscana.it\/it\/\",\"name\":\"intoscana\",\"description\":\"\",\"potentialAction\":[{\"@type\":\"SearchAction\",\"target\":{\"@type\":\"EntryPoint\",\"urlTemplate\":\"https:\/\/www.intoscana.it\/it\/?s={search_term_string}\"},\"query-input\":{\"@type\":\"PropertyValueSpecification\",\"valueRequired\":true,\"valueName\":\"search_term_string\"}}],\"inLanguage\":\"it-IT\"},{\"@type\":\"Person\",\"@id\":\"https:\/\/www.intoscana.it\/it\/#\/schema\/person\/9223810753230f20bd670fdd322661f8\",\"name\":\"Redazione\",\"url\":\"https:\/\/www.intoscana.it\/it\/author\/redazione\/\"}]}<\/script>\n<!-- \/ Yoast SEO Premium plugin. -->","yoast_head_json":{"title":"La rabbia e l'attesa di giustizia: la tragedia di Niccol\u00f2 Ciatti diventa un recital - intoscana","description":"Anteprima europea dello spettacolo realizzato in italiano e spagnolo a Scandicci il 12 agosto, mentre a Firenze andr\u00e0 in scena il 30","robots":{"index":"index","follow":"follow","max-snippet":"max-snippet:-1","max-image-preview":"max-image-preview:large","max-video-preview":"max-video-preview:-1"},"canonical":"https:\/\/www.intoscana.it\/it\/la-rabbia-e-lattesa-di-giustizia-la-tragedia-di-niccolo-ciatti-diventa-un-recital\/","og_locale":"it_IT","og_type":"article","og_title":"La rabbia e l'attesa di giustizia: la tragedia di Niccol\u00f2 Ciatti diventa un recital","og_description":"Anteprima europea dello spettacolo realizzato in italiano e spagnolo a Scandicci il 12 agosto, mentre a Firenze andr\u00e0 in scena il 30","og_url":"https:\/\/www.intoscana.it\/it\/la-rabbia-e-lattesa-di-giustizia-la-tragedia-di-niccolo-ciatti-diventa-un-recital\/","og_site_name":"intoscana","article_publisher":"https:\/\/www.facebook.com\/intoscana.it","article_published_time":"2021-07-10T15:13:16+00:00","article_modified_time":"2021-07-13T08:09:53+00:00","og_image":[{"width":1200,"height":834,"url":"https:\/\/www.intoscana.it\/wp-content\/uploads\/Niccolo\u0300-Ciatti.jpg","type":"image\/jpeg"}],"author":"Redazione","twitter_card":"summary_large_image","twitter_creator":"@intoscana","twitter_site":"@intoscana","twitter_misc":{"Written by":"Redazione","Est. reading time":"3 minuti"},"schema":{"@context":"https:\/\/schema.org","@graph":[{"@type":"WebPage","@id":"https:\/\/www.intoscana.it\/it\/la-rabbia-e-lattesa-di-giustizia-la-tragedia-di-niccolo-ciatti-diventa-un-recital\/","url":"https:\/\/www.intoscana.it\/it\/la-rabbia-e-lattesa-di-giustizia-la-tragedia-di-niccolo-ciatti-diventa-un-recital\/","name":"La rabbia e l'attesa di giustizia: la tragedia di Niccol\u00f2 Ciatti diventa un recital - intoscana","isPartOf":{"@id":"https:\/\/www.intoscana.it\/it\/#website"},"primaryImageOfPage":{"@id":"https:\/\/www.intoscana.it\/it\/la-rabbia-e-lattesa-di-giustizia-la-tragedia-di-niccolo-ciatti-diventa-un-recital\/#primaryimage"},"image":{"@id":"https:\/\/www.intoscana.it\/it\/la-rabbia-e-lattesa-di-giustizia-la-tragedia-di-niccolo-ciatti-diventa-un-recital\/#primaryimage"},"thumbnailUrl":"https:\/\/www.intoscana.it\/wp-content\/uploads\/Niccolo\u0300-Ciatti.jpg","datePublished":"2021-07-10T15:13:16+00:00","dateModified":"2021-07-13T08:09:53+00:00","author":{"@id":"https:\/\/www.intoscana.it\/it\/#\/schema\/person\/9223810753230f20bd670fdd322661f8"},"description":"Anteprima europea dello spettacolo realizzato in italiano e spagnolo a Scandicci il 12 agosto, mentre a Firenze andr\u00e0 in scena il 30","breadcrumb":{"@id":"https:\/\/www.intoscana.it\/it\/la-rabbia-e-lattesa-di-giustizia-la-tragedia-di-niccolo-ciatti-diventa-un-recital\/#breadcrumb"},"inLanguage":"it-IT","potentialAction":[{"@type":"ReadAction","target":["https:\/\/www.intoscana.it\/it\/la-rabbia-e-lattesa-di-giustizia-la-tragedia-di-niccolo-ciatti-diventa-un-recital\/"]}]},{"@type":"ImageObject","inLanguage":"it-IT","@id":"https:\/\/www.intoscana.it\/it\/la-rabbia-e-lattesa-di-giustizia-la-tragedia-di-niccolo-ciatti-diventa-un-recital\/#primaryimage","url":"https:\/\/www.intoscana.it\/wp-content\/uploads\/Niccolo\u0300-Ciatti.jpg","contentUrl":"https:\/\/www.intoscana.it\/wp-content\/uploads\/Niccolo\u0300-Ciatti.jpg","width":1200,"height":834},{"@type":"BreadcrumbList","@id":"https:\/\/www.intoscana.it\/it\/la-rabbia-e-lattesa-di-giustizia-la-tragedia-di-niccolo-ciatti-diventa-un-recital\/#breadcrumb","itemListElement":[{"@type":"ListItem","position":1,"name":"Home","item":"https:\/\/www.intoscana.it\/it\/"},{"@type":"ListItem","position":2,"name":"La rabbia e l&#8217;attesa di giustizia: la tragedia di Niccol\u00f2 Ciatti diventa un recital"}]},{"@type":"WebSite","@id":"https:\/\/www.intoscana.it\/it\/#website","url":"https:\/\/www.intoscana.it\/it\/","name":"intoscana","description":"","potentialAction":[{"@type":"SearchAction","target":{"@type":"EntryPoint","urlTemplate":"https:\/\/www.intoscana.it\/it\/?s={search_term_string}"},"query-input":{"@type":"PropertyValueSpecification","valueRequired":true,"valueName":"search_term_string"}}],"inLanguage":"it-IT"},{"@type":"Person","@id":"https:\/\/www.intoscana.it\/it\/#\/schema\/person\/9223810753230f20bd670fdd322661f8","name":"Redazione","url":"https:\/\/www.intoscana.it\/it\/author\/redazione\/"}]}},"_links":{"self":[{"href":"https:\/\/www.intoscana.it\/it\/wp-json\/wp\/v2\/posts\/183219","targetHints":{"allow":["GET"]}}],"collection":[{"href":"https:\/\/www.intoscana.it\/it\/wp-json\/wp\/v2\/posts"}],"about":[{"href":"https:\/\/www.intoscana.it\/it\/wp-json\/wp\/v2\/types\/post"}],"author":[{"embeddable":true,"href":"https:\/\/www.intoscana.it\/it\/wp-json\/wp\/v2\/users\/525"}],"replies":[{"embeddable":true,"href":"https:\/\/www.intoscana.it\/it\/wp-json\/wp\/v2\/comments?post=183219"}],"version-history":[{"count":0,"href":"https:\/\/www.intoscana.it\/it\/wp-json\/wp\/v2\/posts\/183219\/revisions"}],"wp:featuredmedia":[{"embeddable":true,"href":"https:\/\/www.intoscana.it\/it\/wp-json\/wp\/v2\/media\/183220"}],"wp:attachment":[{"href":"https:\/\/www.intoscana.it\/it\/wp-json\/wp\/v2\/media?parent=183219"}],"wp:term":[{"taxonomy":"category","embeddable":true,"href":"https:\/\/www.intoscana.it\/it\/wp-json\/wp\/v2\/categories?post=183219"},{"taxonomy":"post_tag","embeddable":true,"href":"https:\/\/www.intoscana.it\/it\/wp-json\/wp\/v2\/tags?post=183219"}],"curies":[{"name":"wp","href":"https:\/\/api.w.org\/{rel}","templated":true}]}}