{"id":183303,"date":"2021-07-12T15:10:28","date_gmt":"2021-07-12T13:10:28","guid":{"rendered":"https:\/\/www.intoscana.it\/it\/?p=183303"},"modified":"2021-07-12T21:00:57","modified_gmt":"2021-07-12T19:00:57","slug":"italia-vince-gli-europei-abbraccio-vialli-mancini","status":"publish","type":"post","link":"https:\/\/www.intoscana.it\/it\/italia-vince-gli-europei-abbraccio-vialli-mancini\/","title":{"rendered":"Italia, la vittoria agli Europei  tutta in un abbraccio d&#8217;amicizia"},"content":{"rendered":"<p><span style=\"font-weight: 400;\">I gesti contano, eccome se contano. E ieri sul campo di <strong>Wembley<\/strong> di gesti se ne sono visti molti, alcuni belli, bellissimi, altri decisamente meno. I gesti atletici, la forza del coraggio, la corsa a perdifiato per rimontare quel goal degli inglesi arrivato troppo presto.\u00a0<\/span><\/p>\n<p><span style=\"font-weight: 400;\">Le braccia di <strong>Mancini<\/strong> che si agitavano nell\u2019aria tormentata, tra pioggia incessante e giocatori che non avevano saputo<\/span><span style=\"font-weight: 400;\">\u00a0trovare inizialmente quell\u2019alchimia, quella sintonia, quell\u2019aggressivit\u00e0 sportiva che serve per acchiappare i risultati e &#8211; qualche volta &#8211; i sogni.\u00a0<\/span><\/p>\n<p><span style=\"font-weight: 400;\">Quella magia che si crea quando davanti si ha un obiettivo comune, quando tutti si rema dalla stessa parte, quando si mette all\u2019angolo il protagonismo personale e conta solo la <strong>somma del gruppo<\/strong>. Quella magia che diventa concreta in un passaggio, uno sguardo d\u2019intesa, una mischia in area, un goal. Il pareggio.\u00a0<\/span><\/p>\n<p><span class=\"citazione\"> I gesti della rimonta sono fotografie che rimangono impresse nella memoria <\/span><\/p>\n<p><span style=\"font-weight: 400;\">I gesti della rimonta sono <strong>fotografie<\/strong> che rimangono impresse nella memoria. Le esultanze pure. Ognuno ha la sua, \u00e8 il linguaggio del corpo che diventa forma e sostanza. La scorsa notte i gesti degli azzurri avevano il colore del nostro Paese: il verde, il bianco, il rosso. E un\u2019unica musica, quella dell\u2019Inno nazionale che sarebbe bello sentire pi\u00f9 spesso, non solo nelle competizioni sportive. La musica \u00e8 ci\u00f2 che non si vede ma ti tiene comunque unito,\u00a0 crea quel legame trasparente e immortale. Si appoggia sulle corde giuste, le carezza, spinge il cuore a pompare il sangue pi\u00f9 veloce. Muove le nostre gambe, le braccia, i pensieri. Ti prende per mano e ti conduce dove non penseresti di arrivare mai.\u00a0<\/span><\/p>\n<p><span style=\"font-weight: 400;\">E nella notte della finale la musica e i gesti hanno portato gli<strong> azzurri<\/strong> dove speravano di arrivare. Ad innalzare una coppa lontana da troppo tempo da Roma. Il tempo che sembrava infinito, i supplementari, i rigori, l\u2019agonia di chi deve sempre sudare di pi\u00f9 degli altri per raggiungere un risultato. Niente di facile, niente di scontato. Le vittorie che ti ricordi in fondo sono queste. Le vittorie che dentro si portano mille significati.<\/span><\/p>\n<p><span style=\"font-weight: 400;\">Quell\u2019abbraccio e quel pianto liberatorio tra <strong>Mancini<\/strong> e <strong>Vialli<\/strong> tengono insieme quei mille significati. L\u2019amicizia che supera il tempo, il riscatto e la rinascita, la scommessa di investire in quel gruppo di giovani che hanno saputo trovare il coraggio della rimonta e della vittoria.\u00a0<\/span><\/p>\n<p><span style=\"font-weight: 400;\"><p><span class=\"citazione\"> Cosa c&#8217;\u00e8 dentro la testa di un calciatore quando tira un rigore? E&#8217; l&#8217;incognita del secondo dopo <\/span><\/p> <\/span><\/p>\n<p><span style=\"font-weight: 400;\">Cosa c\u2019\u00e8 dentro la testa di un calciatore quando tira un rigore? Cosa gira nei pensieri di un portiere quando quel rigore deve provare a pararlo? Basta una frazione di secondo, una rincorsa sbagliata, l\u2019equilibrio che vacilla. Basta buttarsi dalla parte sbagliata, non intuire, non riuscire ad ipnotizzare l\u2019avversario. I secondi scorrono sulla pelle come macigni. Un countdown che potrebbe coglierti pronto o impreparato, senza possibilit\u00e0 d\u2019appello. <\/span><span style=\"font-weight: 400;\">E\u2019<strong> l\u2019incognita<\/strong> del secondo dopo.\u00a0<\/span><\/p>\n<p><span style=\"font-weight: 400;\">E invece tutto \u00e8 andato come doveva andare. Lo ricordano i giocatori, uno ad uno, ponendo l\u2019accento sull\u2019empatia di un gruppo che \u00e8 tenuto insieme da due compagni su tutti, Vialli e Mancini. Ancora stretti l\u2019uno all\u2019altro, dopo anni, da quando Genova fu la loro casa comune.\u00a0<\/span><\/p>\n<p><span style=\"font-weight: 400;\">E\u2019 il passato che torna a rendere ancor pi\u00f9 bello l\u2019oggi, a dargli un senso pi\u00f9 profondo. E poi<strong> Mattarella<\/strong> che ci ricorda Pertini e quel mondiale dell\u201982 che tutti portano addosso come un tatuaggio che non si cancella, le giacche della nazionale, cos\u00ec vicine nel colore a quella indossata da <strong>Bearzot<\/strong>. <\/span><\/p>\n<p><span style=\"font-weight: 400;\">Sono continui richiami al passato e al presente, alle micro-storie che fanno -insieme &#8211;\u00a0 la grande Storia dello sport. Ogni calciatore, ogni mister lascia un suo gesto, un suo marchio di fabbrica in campo. E\u2019 stato cos\u00ec anche questa volta, in questa Italia delle meraviglie, quella del collettivo\u00a0 visto in campo, quella di\u00a0 una squadra che si \u00e8 mossa nella sua completezza d\u2019insieme, con un ritmo incessante, un\u2019orchestra quasi impeccabile. <\/span><\/p>\n<p><span style=\"font-weight: 400;\">E\u2019 stata la festa del calcio, la gioia dello sport, oscurata solo dal brutto gesto degli<strong> inglesi<\/strong> che si sono tolti, al momento della premiazione, la medaglia del collo. Le mani nervose, il collarino rimosso senza rispetto. L\u2019amarezza deve sempre essere rispettata ma i gesti anti-sportivi, quelli no. Non \u00e8 togliendo quella medaglia che si rende onore alla propria maglia, che si amplifica la delusione. E\u2019 un gesto non accettabile da parte di nessuno, figuriamoci da professionisti che dovrebbero rappresentare una nazione.<\/span><\/p>\n<p><span style=\"font-weight: 400;\">Una nazione fuori dall\u2019Europa e ora fuori dal calcio europeo.\u00a0<\/span><\/p>\n<p><span style=\"font-weight: 400;\">La coppa torna a Roma, l\u00e0 dove deve stare. Dove le medaglie si baciano, non si strappano via.\u00a0<\/span><\/p>\n","protected":false},"excerpt":{"rendered":"<p>La notte della gioia, della rinascita, dell&#8217;amicizia che va oltre il tempo. L&#8217;unico neo di una notte magica arriva dagli inglesi che si tolgono la medaglia dal collo, stizziti. Un&#8217;offesa al calcio, ai tifosi, alla maglia che dovrebbero rappresentare con orgoglio, anche quando si perde<\/p>\n<p>&nbsp;<\/p>\n","protected":false},"author":513,"featured_media":183304,"comment_status":"open","ping_status":"open","sticky":false,"template":"","format":"standard","meta":{"_acf_changed":false,"footnotes":""},"categories":[4],"tags":[290,5827],"class_list":["post-183303","post","type-post","status-publish","format-standard","has-post-thumbnail","hentry","category-storie","tag-calcio","tag-nazionale-calcio"],"acf":[],"yoast_head":"<!-- This site is optimized with the Yoast SEO Premium plugin v24.2 (Yoast SEO v25.6) - https:\/\/yoast.com\/wordpress\/plugins\/seo\/ -->\n<title>Italia, la vittoria agli Europei tutta in un abbraccio d&#039;amicizia - intoscana<\/title>\n<meta name=\"description\" content=\"L&#039;immagine di Vialli e Mancini stretti l&#039;uno all&#039;altro diventa l&#039;emblema di una vittoria storica per l&#039;Italia.\" \/>\n<meta name=\"robots\" content=\"index, follow, max-snippet:-1, max-image-preview:large, max-video-preview:-1\" \/>\n<link rel=\"canonical\" href=\"https:\/\/www.intoscana.it\/it\/italia-vince-gli-europei-abbraccio-vialli-mancini\/\" \/>\n<meta property=\"og:locale\" content=\"it_IT\" \/>\n<meta property=\"og:type\" content=\"article\" \/>\n<meta property=\"og:title\" content=\"Italia, la vittoria agli Europei tutta in un abbraccio d&#039;amicizia\" \/>\n<meta property=\"og:description\" content=\"L&#039;immagine di Vialli e Mancini stretti l&#039;uno all&#039;altro diventa l&#039;emblema di una vittoria storica per l&#039;Italia.\" \/>\n<meta property=\"og:url\" content=\"https:\/\/www.intoscana.it\/it\/italia-vince-gli-europei-abbraccio-vialli-mancini\/\" \/>\n<meta property=\"og:site_name\" content=\"intoscana\" \/>\n<meta property=\"article:publisher\" content=\"https:\/\/www.facebook.com\/intoscana.it\" \/>\n<meta property=\"article:published_time\" content=\"2021-07-12T13:10:28+00:00\" \/>\n<meta property=\"article:modified_time\" content=\"2021-07-12T19:00:57+00:00\" \/>\n<meta property=\"og:image\" content=\"https:\/\/www.intoscana.it\/wp-content\/uploads\/Vialli-Mancini-Abbraccio.png\" \/>\n\t<meta property=\"og:image:width\" content=\"1902\" \/>\n\t<meta property=\"og:image:height\" content=\"1450\" \/>\n\t<meta property=\"og:image:type\" content=\"image\/png\" \/>\n<meta name=\"author\" content=\"Simona Bellocci\" \/>\n<meta name=\"twitter:card\" content=\"summary_large_image\" \/>\n<meta name=\"twitter:creator\" content=\"@intoscana\" \/>\n<meta name=\"twitter:site\" content=\"@intoscana\" \/>\n<meta name=\"twitter:label1\" content=\"Written by\" \/>\n\t<meta name=\"twitter:data1\" content=\"Simona Bellocci\" \/>\n\t<meta name=\"twitter:label2\" content=\"Est. reading time\" \/>\n\t<meta name=\"twitter:data2\" content=\"4 minuti\" \/>\n<script type=\"application\/ld+json\" class=\"yoast-schema-graph\">{\"@context\":\"https:\/\/schema.org\",\"@graph\":[{\"@type\":\"WebPage\",\"@id\":\"https:\/\/www.intoscana.it\/it\/italia-vince-gli-europei-abbraccio-vialli-mancini\/\",\"url\":\"https:\/\/www.intoscana.it\/it\/italia-vince-gli-europei-abbraccio-vialli-mancini\/\",\"name\":\"Italia, la vittoria agli Europei tutta in un abbraccio d'amicizia - intoscana\",\"isPartOf\":{\"@id\":\"https:\/\/www.intoscana.it\/it\/#website\"},\"primaryImageOfPage\":{\"@id\":\"https:\/\/www.intoscana.it\/it\/italia-vince-gli-europei-abbraccio-vialli-mancini\/#primaryimage\"},\"image\":{\"@id\":\"https:\/\/www.intoscana.it\/it\/italia-vince-gli-europei-abbraccio-vialli-mancini\/#primaryimage\"},\"thumbnailUrl\":\"https:\/\/www.intoscana.it\/wp-content\/uploads\/Vialli-Mancini-Abbraccio.png\",\"datePublished\":\"2021-07-12T13:10:28+00:00\",\"dateModified\":\"2021-07-12T19:00:57+00:00\",\"author\":{\"@id\":\"https:\/\/www.intoscana.it\/it\/#\/schema\/person\/43a95334a6f068317e0b7acba24f9e87\"},\"description\":\"L'immagine di Vialli e Mancini stretti l'uno all'altro diventa l'emblema di una vittoria storica per l'Italia.\",\"breadcrumb\":{\"@id\":\"https:\/\/www.intoscana.it\/it\/italia-vince-gli-europei-abbraccio-vialli-mancini\/#breadcrumb\"},\"inLanguage\":\"it-IT\",\"potentialAction\":[{\"@type\":\"ReadAction\",\"target\":[\"https:\/\/www.intoscana.it\/it\/italia-vince-gli-europei-abbraccio-vialli-mancini\/\"]}]},{\"@type\":\"ImageObject\",\"inLanguage\":\"it-IT\",\"@id\":\"https:\/\/www.intoscana.it\/it\/italia-vince-gli-europei-abbraccio-vialli-mancini\/#primaryimage\",\"url\":\"https:\/\/www.intoscana.it\/wp-content\/uploads\/Vialli-Mancini-Abbraccio.png\",\"contentUrl\":\"https:\/\/www.intoscana.it\/wp-content\/uploads\/Vialli-Mancini-Abbraccio.png\",\"width\":1902,\"height\":1450},{\"@type\":\"BreadcrumbList\",\"@id\":\"https:\/\/www.intoscana.it\/it\/italia-vince-gli-europei-abbraccio-vialli-mancini\/#breadcrumb\",\"itemListElement\":[{\"@type\":\"ListItem\",\"position\":1,\"name\":\"Home\",\"item\":\"https:\/\/www.intoscana.it\/it\/\"},{\"@type\":\"ListItem\",\"position\":2,\"name\":\"Italia, la vittoria agli Europei tutta in un abbraccio d&#8217;amicizia\"}]},{\"@type\":\"WebSite\",\"@id\":\"https:\/\/www.intoscana.it\/it\/#website\",\"url\":\"https:\/\/www.intoscana.it\/it\/\",\"name\":\"intoscana\",\"description\":\"\",\"potentialAction\":[{\"@type\":\"SearchAction\",\"target\":{\"@type\":\"EntryPoint\",\"urlTemplate\":\"https:\/\/www.intoscana.it\/it\/?s={search_term_string}\"},\"query-input\":{\"@type\":\"PropertyValueSpecification\",\"valueRequired\":true,\"valueName\":\"search_term_string\"}}],\"inLanguage\":\"it-IT\"},{\"@type\":\"Person\",\"@id\":\"https:\/\/www.intoscana.it\/it\/#\/schema\/person\/43a95334a6f068317e0b7acba24f9e87\",\"name\":\"Simona Bellocci\",\"url\":\"https:\/\/www.intoscana.it\/it\/author\/simona-bellocci\/\"}]}<\/script>\n<!-- \/ Yoast SEO Premium plugin. -->","yoast_head_json":{"title":"Italia, la vittoria agli Europei tutta in un abbraccio d'amicizia - intoscana","description":"L'immagine di Vialli e Mancini stretti l'uno all'altro diventa l'emblema di una vittoria storica per l'Italia.","robots":{"index":"index","follow":"follow","max-snippet":"max-snippet:-1","max-image-preview":"max-image-preview:large","max-video-preview":"max-video-preview:-1"},"canonical":"https:\/\/www.intoscana.it\/it\/italia-vince-gli-europei-abbraccio-vialli-mancini\/","og_locale":"it_IT","og_type":"article","og_title":"Italia, la vittoria agli Europei tutta in un abbraccio d'amicizia","og_description":"L'immagine di Vialli e Mancini stretti l'uno all'altro diventa l'emblema di una vittoria storica per l'Italia.","og_url":"https:\/\/www.intoscana.it\/it\/italia-vince-gli-europei-abbraccio-vialli-mancini\/","og_site_name":"intoscana","article_publisher":"https:\/\/www.facebook.com\/intoscana.it","article_published_time":"2021-07-12T13:10:28+00:00","article_modified_time":"2021-07-12T19:00:57+00:00","og_image":[{"width":1902,"height":1450,"url":"https:\/\/www.intoscana.it\/wp-content\/uploads\/Vialli-Mancini-Abbraccio.png","type":"image\/png"}],"author":"Simona Bellocci","twitter_card":"summary_large_image","twitter_creator":"@intoscana","twitter_site":"@intoscana","twitter_misc":{"Written by":"Simona Bellocci","Est. reading time":"4 minuti"},"schema":{"@context":"https:\/\/schema.org","@graph":[{"@type":"WebPage","@id":"https:\/\/www.intoscana.it\/it\/italia-vince-gli-europei-abbraccio-vialli-mancini\/","url":"https:\/\/www.intoscana.it\/it\/italia-vince-gli-europei-abbraccio-vialli-mancini\/","name":"Italia, la vittoria agli Europei tutta in un abbraccio d'amicizia - intoscana","isPartOf":{"@id":"https:\/\/www.intoscana.it\/it\/#website"},"primaryImageOfPage":{"@id":"https:\/\/www.intoscana.it\/it\/italia-vince-gli-europei-abbraccio-vialli-mancini\/#primaryimage"},"image":{"@id":"https:\/\/www.intoscana.it\/it\/italia-vince-gli-europei-abbraccio-vialli-mancini\/#primaryimage"},"thumbnailUrl":"https:\/\/www.intoscana.it\/wp-content\/uploads\/Vialli-Mancini-Abbraccio.png","datePublished":"2021-07-12T13:10:28+00:00","dateModified":"2021-07-12T19:00:57+00:00","author":{"@id":"https:\/\/www.intoscana.it\/it\/#\/schema\/person\/43a95334a6f068317e0b7acba24f9e87"},"description":"L'immagine di Vialli e Mancini stretti l'uno all'altro diventa l'emblema di una vittoria storica per l'Italia.","breadcrumb":{"@id":"https:\/\/www.intoscana.it\/it\/italia-vince-gli-europei-abbraccio-vialli-mancini\/#breadcrumb"},"inLanguage":"it-IT","potentialAction":[{"@type":"ReadAction","target":["https:\/\/www.intoscana.it\/it\/italia-vince-gli-europei-abbraccio-vialli-mancini\/"]}]},{"@type":"ImageObject","inLanguage":"it-IT","@id":"https:\/\/www.intoscana.it\/it\/italia-vince-gli-europei-abbraccio-vialli-mancini\/#primaryimage","url":"https:\/\/www.intoscana.it\/wp-content\/uploads\/Vialli-Mancini-Abbraccio.png","contentUrl":"https:\/\/www.intoscana.it\/wp-content\/uploads\/Vialli-Mancini-Abbraccio.png","width":1902,"height":1450},{"@type":"BreadcrumbList","@id":"https:\/\/www.intoscana.it\/it\/italia-vince-gli-europei-abbraccio-vialli-mancini\/#breadcrumb","itemListElement":[{"@type":"ListItem","position":1,"name":"Home","item":"https:\/\/www.intoscana.it\/it\/"},{"@type":"ListItem","position":2,"name":"Italia, la vittoria agli Europei tutta in un abbraccio d&#8217;amicizia"}]},{"@type":"WebSite","@id":"https:\/\/www.intoscana.it\/it\/#website","url":"https:\/\/www.intoscana.it\/it\/","name":"intoscana","description":"","potentialAction":[{"@type":"SearchAction","target":{"@type":"EntryPoint","urlTemplate":"https:\/\/www.intoscana.it\/it\/?s={search_term_string}"},"query-input":{"@type":"PropertyValueSpecification","valueRequired":true,"valueName":"search_term_string"}}],"inLanguage":"it-IT"},{"@type":"Person","@id":"https:\/\/www.intoscana.it\/it\/#\/schema\/person\/43a95334a6f068317e0b7acba24f9e87","name":"Simona Bellocci","url":"https:\/\/www.intoscana.it\/it\/author\/simona-bellocci\/"}]}},"_links":{"self":[{"href":"https:\/\/www.intoscana.it\/it\/wp-json\/wp\/v2\/posts\/183303","targetHints":{"allow":["GET"]}}],"collection":[{"href":"https:\/\/www.intoscana.it\/it\/wp-json\/wp\/v2\/posts"}],"about":[{"href":"https:\/\/www.intoscana.it\/it\/wp-json\/wp\/v2\/types\/post"}],"author":[{"embeddable":true,"href":"https:\/\/www.intoscana.it\/it\/wp-json\/wp\/v2\/users\/513"}],"replies":[{"embeddable":true,"href":"https:\/\/www.intoscana.it\/it\/wp-json\/wp\/v2\/comments?post=183303"}],"version-history":[{"count":0,"href":"https:\/\/www.intoscana.it\/it\/wp-json\/wp\/v2\/posts\/183303\/revisions"}],"wp:featuredmedia":[{"embeddable":true,"href":"https:\/\/www.intoscana.it\/it\/wp-json\/wp\/v2\/media\/183304"}],"wp:attachment":[{"href":"https:\/\/www.intoscana.it\/it\/wp-json\/wp\/v2\/media?parent=183303"}],"wp:term":[{"taxonomy":"category","embeddable":true,"href":"https:\/\/www.intoscana.it\/it\/wp-json\/wp\/v2\/categories?post=183303"},{"taxonomy":"post_tag","embeddable":true,"href":"https:\/\/www.intoscana.it\/it\/wp-json\/wp\/v2\/tags?post=183303"}],"curies":[{"name":"wp","href":"https:\/\/api.w.org\/{rel}","templated":true}]}}