{"id":183511,"date":"2021-07-13T17:41:06","date_gmt":"2021-07-13T15:41:06","guid":{"rendered":"https:\/\/www.intoscana.it\/it\/?p=183511"},"modified":"2021-07-14T12:09:36","modified_gmt":"2021-07-14T10:09:36","slug":"zanardi-non-molla-dopo-lincidente-torna-a-firenze-la-staffetta-in-suo-onore","status":"publish","type":"post","link":"https:\/\/www.intoscana.it\/it\/zanardi-non-molla-dopo-lincidente-torna-a-firenze-la-staffetta-in-suo-onore\/","title":{"rendered":"Zanardi non molla: dopo l&#8217;incidente, torna a Firenze la staffetta in suo onore"},"content":{"rendered":"<p class=\"p1\"><strong>Alex Zanardi non c\u2019era, ma la sua presenza si \u00e8 sentita tutta. La staffetta Obiettivo Tricolore di Obiettivo 3 creata da lui nel 2020 \u00e8 ripartita e ha fatto tappa di nuovo a Firenze<\/strong>. L\u2019anno scorso, nel corso della stessa iniziativa, Alex Zanardi \u00e8 stato vittima di un terribile incidente che ancora lo tiene bloccato, ma di certo non lo ha reso meno forte. La sua storia \u00e8 un insegnamento costante di tenacia e coraggio, di ripartenza.<\/p>\n<p class=\"p1\">L\u2019idea gli \u00e8 venuta nella primavera del 2020, per lanciare un segnale di speranza all\u2019Italia dopo il lockdown. E ora riparte con lo stesso spirito e lo stesso motivatore. Lo sport paralimpico e gli atleti disabili vogliono cos\u00ec continuare<span class=\"Apple-converted-space\">\u00a0 <\/span>a fare sentire la propria voce ed essere un esempio concreto per quanti cercano di superare le piccole e grandi sfide della vita. <strong>Questa\u00a0edizione, lunga tre settimane, dal 4 al 25 luglio,\u00a0conter\u00e0 su\u00a054 tappe\u00a0che attraverseranno da nord a sud\u00a018 regioni d\u2019Italia, grazie alla partecipazione di\u00a070 atleti paralimpici\u00a0che si passeranno di mano in mano il testimone<\/strong>.<\/p>\n<figure id=\"post-183514 media-183514\" class=\"align-none\"><img decoding=\"async\" src=\"https:\/\/www.intoscana.it\/wp-content\/uploads\/04_Giulio-Del-Popolo-Simone-Moro-gli-atleti-di-Obiettivo-Tricolore-e-parte-del-team-dellUnita\u0300-Spinale-di-Careggi.jpeg\" alt=\"\" \/><\/figure>\n<div class=\"titleimg\"><\/div>\n<p class=\"p1\">Ad accompagnare il gruppo, l\u2019alpinista Simone Moro. La &#8220;carovana&#8221; \u00e8 stata accolta oggi all\u2019ingresso <strong>dell\u2019Unit\u00e0 Spinale dell\u2019Azienda Ospedaliero-Universitaria Careggi<\/strong> dal professor Giulio Del Popolo e parte della sua equipe, insieme ad Andrea Vannucci, consigliere regionale e vicesegretario della Commissione 3 Tutela della Salute, Politiche Sociali e Terzo Settore, Gioia Brogi, presidente del Gruppo Sportivo Unit\u00e0 Spinale Firenze Onlus, Piero Amati, coordinatore delle attivit\u00e0 sportive Gruppo Sportivo Unit\u00e0 Spinale.<\/p>\n<figure id=\"post-183515 media-183515\" class=\"align-none\"><img decoding=\"async\" src=\"https:\/\/www.intoscana.it\/wp-content\/uploads\/02_Gli-atleti-con-Giulio-Del-Popolo-Piero-Amati-e-parte-dellequipe-dellUnita\u0300-Spinale-di-Careggi-1.jpeg\" alt=\"\" \/><\/figure>\n<p class=\"p1\">Francesca Tagliaferri, Erika Scrivo, Fabrizio Caselli e Antonello Pizzi, gli atleti protagonisti della 31\u00b0 tappa, hanno poi passato il testimone a Paolo Ferrali e Ilario Masini, diretti a <strong>Castiglion Fiorentino<\/strong>.<\/p>\n<figure id=\"post-183513 media-183513\" class=\"align-none\"><img decoding=\"async\" src=\"https:\/\/www.intoscana.it\/wp-content\/uploads\/03_Francesca-Tagliaferri-passa-il-testimone-a-Paolo-Ferrali.jpeg\" alt=\"\" \/><\/figure>\n<div class=\"titleimg\" style=\"text-align: center;\"><em>Francesca Tagliaferri passa il testimone a Paolo Ferrali<\/em><\/div>\n<p class=\"p1\">\n","protected":false},"excerpt":{"rendered":"<p>L&#8217;anno scorso la tragedia sfiorata,\u00a0 oggi l&#8217;iniziativa creata dal\u00a0 grande campione paraolimpico ritorna e fa tappa all&#8217;ospedale di Careggi. Alex non c&#8217;\u00e8, ma la sua presenza \u00e8 fortissima<\/p>\n","protected":false},"author":525,"featured_media":183517,"comment_status":"open","ping_status":"open","sticky":false,"template":"","format":"standard","meta":{"_acf_changed":false,"footnotes":""},"categories":[494],"tags":[406,202,159],"class_list":["post-183511","post","type-post","status-publish","format-standard","has-post-thumbnail","hentry","category-attualita","tag-disabilita","tag-firenze","tag-sport"],"acf":[],"yoast_head":"<!-- This site is optimized with the Yoast SEO Premium plugin v24.2 (Yoast SEO v25.6) - https:\/\/yoast.com\/wordpress\/plugins\/seo\/ -->\n<title>Zanardi non molla: dopo l&#039;incidente, torna a Firenze la staffetta in suo onore - intoscana<\/title>\n<meta name=\"description\" content=\"L&#039;anno scorso la tragedia sfiorata,\u00a0 oggi l&#039;iniziativa creata dal\u00a0 grande campione paraolimpico ritorna e fa tappa all&#039;ospedale di Careggi. Alex non c&#039;\u00e8, ma la sua presenza \u00e8 fortissima\" \/>\n<meta name=\"robots\" content=\"index, follow, max-snippet:-1, max-image-preview:large, max-video-preview:-1\" \/>\n<link rel=\"canonical\" href=\"https:\/\/www.intoscana.it\/it\/zanardi-non-molla-dopo-lincidente-torna-a-firenze-la-staffetta-in-suo-onore\/\" \/>\n<meta property=\"og:locale\" content=\"it_IT\" \/>\n<meta property=\"og:type\" content=\"article\" \/>\n<meta property=\"og:title\" content=\"Zanardi non molla: dopo l&#039;incidente, torna a Firenze la staffetta in suo onore\" \/>\n<meta property=\"og:description\" content=\"L&#039;anno scorso la tragedia sfiorata,\u00a0 oggi l&#039;iniziativa creata dal\u00a0 grande campione paraolimpico ritorna e fa tappa all&#039;ospedale di Careggi. Alex non c&#039;\u00e8, ma la sua presenza \u00e8 fortissima\" \/>\n<meta property=\"og:url\" content=\"https:\/\/www.intoscana.it\/it\/zanardi-non-molla-dopo-lincidente-torna-a-firenze-la-staffetta-in-suo-onore\/\" \/>\n<meta property=\"og:site_name\" content=\"intoscana\" \/>\n<meta property=\"article:publisher\" content=\"https:\/\/www.facebook.com\/intoscana.it\" \/>\n<meta property=\"article:published_time\" content=\"2021-07-13T15:41:06+00:00\" \/>\n<meta property=\"article:modified_time\" content=\"2021-07-14T10:09:36+00:00\" \/>\n<meta property=\"og:image\" content=\"https:\/\/www.intoscana.it\/wp-content\/uploads\/Zanardi-a-Firenze-nel-2020.jpg\" \/>\n\t<meta property=\"og:image:width\" content=\"960\" \/>\n\t<meta property=\"og:image:height\" content=\"710\" \/>\n\t<meta property=\"og:image:type\" content=\"image\/jpeg\" \/>\n<meta name=\"author\" content=\"Redazione\" \/>\n<meta name=\"twitter:card\" content=\"summary_large_image\" \/>\n<meta name=\"twitter:creator\" content=\"@intoscana\" \/>\n<meta name=\"twitter:site\" content=\"@intoscana\" \/>\n<meta name=\"twitter:label1\" content=\"Written by\" \/>\n\t<meta name=\"twitter:data1\" content=\"Redazione\" \/>\n\t<meta name=\"twitter:label2\" content=\"Est. reading time\" \/>\n\t<meta name=\"twitter:data2\" content=\"1 minuto\" \/>\n<script type=\"application\/ld+json\" class=\"yoast-schema-graph\">{\"@context\":\"https:\/\/schema.org\",\"@graph\":[{\"@type\":\"WebPage\",\"@id\":\"https:\/\/www.intoscana.it\/it\/zanardi-non-molla-dopo-lincidente-torna-a-firenze-la-staffetta-in-suo-onore\/\",\"url\":\"https:\/\/www.intoscana.it\/it\/zanardi-non-molla-dopo-lincidente-torna-a-firenze-la-staffetta-in-suo-onore\/\",\"name\":\"Zanardi non molla: dopo l'incidente, torna a Firenze la staffetta in suo onore - intoscana\",\"isPartOf\":{\"@id\":\"https:\/\/www.intoscana.it\/it\/#website\"},\"primaryImageOfPage\":{\"@id\":\"https:\/\/www.intoscana.it\/it\/zanardi-non-molla-dopo-lincidente-torna-a-firenze-la-staffetta-in-suo-onore\/#primaryimage\"},\"image\":{\"@id\":\"https:\/\/www.intoscana.it\/it\/zanardi-non-molla-dopo-lincidente-torna-a-firenze-la-staffetta-in-suo-onore\/#primaryimage\"},\"thumbnailUrl\":\"https:\/\/www.intoscana.it\/wp-content\/uploads\/Zanardi-a-Firenze-nel-2020.jpg\",\"datePublished\":\"2021-07-13T15:41:06+00:00\",\"dateModified\":\"2021-07-14T10:09:36+00:00\",\"author\":{\"@id\":\"https:\/\/www.intoscana.it\/it\/#\/schema\/person\/9223810753230f20bd670fdd322661f8\"},\"description\":\"L'anno scorso la tragedia sfiorata,\u00a0 oggi l'iniziativa creata dal\u00a0 grande campione paraolimpico ritorna e fa tappa all'ospedale di Careggi. Alex non c'\u00e8, ma la sua presenza \u00e8 fortissima\",\"breadcrumb\":{\"@id\":\"https:\/\/www.intoscana.it\/it\/zanardi-non-molla-dopo-lincidente-torna-a-firenze-la-staffetta-in-suo-onore\/#breadcrumb\"},\"inLanguage\":\"it-IT\",\"potentialAction\":[{\"@type\":\"ReadAction\",\"target\":[\"https:\/\/www.intoscana.it\/it\/zanardi-non-molla-dopo-lincidente-torna-a-firenze-la-staffetta-in-suo-onore\/\"]}]},{\"@type\":\"ImageObject\",\"inLanguage\":\"it-IT\",\"@id\":\"https:\/\/www.intoscana.it\/it\/zanardi-non-molla-dopo-lincidente-torna-a-firenze-la-staffetta-in-suo-onore\/#primaryimage\",\"url\":\"https:\/\/www.intoscana.it\/wp-content\/uploads\/Zanardi-a-Firenze-nel-2020.jpg\",\"contentUrl\":\"https:\/\/www.intoscana.it\/wp-content\/uploads\/Zanardi-a-Firenze-nel-2020.jpg\",\"width\":960,\"height\":710},{\"@type\":\"BreadcrumbList\",\"@id\":\"https:\/\/www.intoscana.it\/it\/zanardi-non-molla-dopo-lincidente-torna-a-firenze-la-staffetta-in-suo-onore\/#breadcrumb\",\"itemListElement\":[{\"@type\":\"ListItem\",\"position\":1,\"name\":\"Home\",\"item\":\"https:\/\/www.intoscana.it\/it\/\"},{\"@type\":\"ListItem\",\"position\":2,\"name\":\"Zanardi non molla: dopo l&#8217;incidente, torna a Firenze la staffetta in suo onore\"}]},{\"@type\":\"WebSite\",\"@id\":\"https:\/\/www.intoscana.it\/it\/#website\",\"url\":\"https:\/\/www.intoscana.it\/it\/\",\"name\":\"intoscana\",\"description\":\"\",\"potentialAction\":[{\"@type\":\"SearchAction\",\"target\":{\"@type\":\"EntryPoint\",\"urlTemplate\":\"https:\/\/www.intoscana.it\/it\/?s={search_term_string}\"},\"query-input\":{\"@type\":\"PropertyValueSpecification\",\"valueRequired\":true,\"valueName\":\"search_term_string\"}}],\"inLanguage\":\"it-IT\"},{\"@type\":\"Person\",\"@id\":\"https:\/\/www.intoscana.it\/it\/#\/schema\/person\/9223810753230f20bd670fdd322661f8\",\"name\":\"Redazione\",\"url\":\"https:\/\/www.intoscana.it\/it\/author\/redazione\/\"}]}<\/script>\n<!-- \/ Yoast SEO Premium plugin. -->","yoast_head_json":{"title":"Zanardi non molla: dopo l'incidente, torna a Firenze la staffetta in suo onore - intoscana","description":"L'anno scorso la tragedia sfiorata,\u00a0 oggi l'iniziativa creata dal\u00a0 grande campione paraolimpico ritorna e fa tappa all'ospedale di Careggi. Alex non c'\u00e8, ma la sua presenza \u00e8 fortissima","robots":{"index":"index","follow":"follow","max-snippet":"max-snippet:-1","max-image-preview":"max-image-preview:large","max-video-preview":"max-video-preview:-1"},"canonical":"https:\/\/www.intoscana.it\/it\/zanardi-non-molla-dopo-lincidente-torna-a-firenze-la-staffetta-in-suo-onore\/","og_locale":"it_IT","og_type":"article","og_title":"Zanardi non molla: dopo l'incidente, torna a Firenze la staffetta in suo onore","og_description":"L'anno scorso la tragedia sfiorata,\u00a0 oggi l'iniziativa creata dal\u00a0 grande campione paraolimpico ritorna e fa tappa all'ospedale di Careggi. Alex non c'\u00e8, ma la sua presenza \u00e8 fortissima","og_url":"https:\/\/www.intoscana.it\/it\/zanardi-non-molla-dopo-lincidente-torna-a-firenze-la-staffetta-in-suo-onore\/","og_site_name":"intoscana","article_publisher":"https:\/\/www.facebook.com\/intoscana.it","article_published_time":"2021-07-13T15:41:06+00:00","article_modified_time":"2021-07-14T10:09:36+00:00","og_image":[{"width":960,"height":710,"url":"https:\/\/www.intoscana.it\/wp-content\/uploads\/Zanardi-a-Firenze-nel-2020.jpg","type":"image\/jpeg"}],"author":"Redazione","twitter_card":"summary_large_image","twitter_creator":"@intoscana","twitter_site":"@intoscana","twitter_misc":{"Written by":"Redazione","Est. reading time":"1 minuto"},"schema":{"@context":"https:\/\/schema.org","@graph":[{"@type":"WebPage","@id":"https:\/\/www.intoscana.it\/it\/zanardi-non-molla-dopo-lincidente-torna-a-firenze-la-staffetta-in-suo-onore\/","url":"https:\/\/www.intoscana.it\/it\/zanardi-non-molla-dopo-lincidente-torna-a-firenze-la-staffetta-in-suo-onore\/","name":"Zanardi non molla: dopo l'incidente, torna a Firenze la staffetta in suo onore - intoscana","isPartOf":{"@id":"https:\/\/www.intoscana.it\/it\/#website"},"primaryImageOfPage":{"@id":"https:\/\/www.intoscana.it\/it\/zanardi-non-molla-dopo-lincidente-torna-a-firenze-la-staffetta-in-suo-onore\/#primaryimage"},"image":{"@id":"https:\/\/www.intoscana.it\/it\/zanardi-non-molla-dopo-lincidente-torna-a-firenze-la-staffetta-in-suo-onore\/#primaryimage"},"thumbnailUrl":"https:\/\/www.intoscana.it\/wp-content\/uploads\/Zanardi-a-Firenze-nel-2020.jpg","datePublished":"2021-07-13T15:41:06+00:00","dateModified":"2021-07-14T10:09:36+00:00","author":{"@id":"https:\/\/www.intoscana.it\/it\/#\/schema\/person\/9223810753230f20bd670fdd322661f8"},"description":"L'anno scorso la tragedia sfiorata,\u00a0 oggi l'iniziativa creata dal\u00a0 grande campione paraolimpico ritorna e fa tappa all'ospedale di Careggi. Alex non c'\u00e8, ma la sua presenza \u00e8 fortissima","breadcrumb":{"@id":"https:\/\/www.intoscana.it\/it\/zanardi-non-molla-dopo-lincidente-torna-a-firenze-la-staffetta-in-suo-onore\/#breadcrumb"},"inLanguage":"it-IT","potentialAction":[{"@type":"ReadAction","target":["https:\/\/www.intoscana.it\/it\/zanardi-non-molla-dopo-lincidente-torna-a-firenze-la-staffetta-in-suo-onore\/"]}]},{"@type":"ImageObject","inLanguage":"it-IT","@id":"https:\/\/www.intoscana.it\/it\/zanardi-non-molla-dopo-lincidente-torna-a-firenze-la-staffetta-in-suo-onore\/#primaryimage","url":"https:\/\/www.intoscana.it\/wp-content\/uploads\/Zanardi-a-Firenze-nel-2020.jpg","contentUrl":"https:\/\/www.intoscana.it\/wp-content\/uploads\/Zanardi-a-Firenze-nel-2020.jpg","width":960,"height":710},{"@type":"BreadcrumbList","@id":"https:\/\/www.intoscana.it\/it\/zanardi-non-molla-dopo-lincidente-torna-a-firenze-la-staffetta-in-suo-onore\/#breadcrumb","itemListElement":[{"@type":"ListItem","position":1,"name":"Home","item":"https:\/\/www.intoscana.it\/it\/"},{"@type":"ListItem","position":2,"name":"Zanardi non molla: dopo l&#8217;incidente, torna a Firenze la staffetta in suo onore"}]},{"@type":"WebSite","@id":"https:\/\/www.intoscana.it\/it\/#website","url":"https:\/\/www.intoscana.it\/it\/","name":"intoscana","description":"","potentialAction":[{"@type":"SearchAction","target":{"@type":"EntryPoint","urlTemplate":"https:\/\/www.intoscana.it\/it\/?s={search_term_string}"},"query-input":{"@type":"PropertyValueSpecification","valueRequired":true,"valueName":"search_term_string"}}],"inLanguage":"it-IT"},{"@type":"Person","@id":"https:\/\/www.intoscana.it\/it\/#\/schema\/person\/9223810753230f20bd670fdd322661f8","name":"Redazione","url":"https:\/\/www.intoscana.it\/it\/author\/redazione\/"}]}},"_links":{"self":[{"href":"https:\/\/www.intoscana.it\/it\/wp-json\/wp\/v2\/posts\/183511","targetHints":{"allow":["GET"]}}],"collection":[{"href":"https:\/\/www.intoscana.it\/it\/wp-json\/wp\/v2\/posts"}],"about":[{"href":"https:\/\/www.intoscana.it\/it\/wp-json\/wp\/v2\/types\/post"}],"author":[{"embeddable":true,"href":"https:\/\/www.intoscana.it\/it\/wp-json\/wp\/v2\/users\/525"}],"replies":[{"embeddable":true,"href":"https:\/\/www.intoscana.it\/it\/wp-json\/wp\/v2\/comments?post=183511"}],"version-history":[{"count":0,"href":"https:\/\/www.intoscana.it\/it\/wp-json\/wp\/v2\/posts\/183511\/revisions"}],"wp:featuredmedia":[{"embeddable":true,"href":"https:\/\/www.intoscana.it\/it\/wp-json\/wp\/v2\/media\/183517"}],"wp:attachment":[{"href":"https:\/\/www.intoscana.it\/it\/wp-json\/wp\/v2\/media?parent=183511"}],"wp:term":[{"taxonomy":"category","embeddable":true,"href":"https:\/\/www.intoscana.it\/it\/wp-json\/wp\/v2\/categories?post=183511"},{"taxonomy":"post_tag","embeddable":true,"href":"https:\/\/www.intoscana.it\/it\/wp-json\/wp\/v2\/tags?post=183511"}],"curies":[{"name":"wp","href":"https:\/\/api.w.org\/{rel}","templated":true}]}}