{"id":183672,"date":"2021-07-15T15:35:37","date_gmt":"2021-07-15T13:35:37","guid":{"rendered":"https:\/\/www.intoscana.it\/it\/?p=183672"},"modified":"2021-07-15T15:47:43","modified_gmt":"2021-07-15T13:47:43","slug":"smart-working-gli-italiani-premiano-la-toscana","status":"publish","type":"post","link":"https:\/\/www.intoscana.it\/it\/smart-working-gli-italiani-premiano-la-toscana\/","title":{"rendered":"Smart working, gli italiani premiano la Toscana per natura e attivit\u00e0 culturali"},"content":{"rendered":"<p>Dall\u2019Amiata alla Lunigiana, dalla Valdichiana alle colline della Val di Cecina, fino ad arrivare sulle isole dell\u2019Arcipelago. In poche localit\u00e0, la <strong>Toscana<\/strong> si presenta gi\u00e0 con tutta la sua ricchezza, i suoi borghi e i suoi paesaggi. E sono proprio questi panorami che i <strong>\u201cnuovi\u201d imprenditori digitali<\/strong> cercano al termine della giornata lavorativa.<\/p>\n<p>La regione dei girasoli, dei grandi vini e del Rinascimento \u00e8 infatti, insieme a Sardegna e Trentino-Alto Adige, sul podio delle preferenze per lo <strong>smart working<\/strong>: chi ama stare a contatto con la natura, fare networking e pianificare attivit\u00e0 per il tempo libero trova nella Toscana la location ideale per lavorare a distanza. Lo dice l\u2019ultimo report sul remote working firmato <a href=\"https:\/\/wearemarketers.net\/\" target=\"_blank\" rel=\"noopener\">We Are Marketers<\/a>, la community guidata da Dario Vignali e Luca Cresi Ferrari, che ha effettuato un sondaggio con lo scopo di individuare luoghi e benefit pi\u00f9 ricercati dai nomadi digitali in Italia, che solo nel 2020 sono stati circa 6,6 milioni.<\/p>\n<h3>I risultati della ricerca<\/h3>\n<p>Tra gli intervistati, quasi il 38% ha un\u2019et\u00e0 compresa tra i 25 e i 34 anni, mentre il 29% rientra nella fascia d\u2019et\u00e0 35-44. Il 40% dei partecipanti \u00e8 <strong>freelance o dipendente<\/strong>, mentre solo il 19% \u00e8 <strong>imprenditore<\/strong>.<\/p>\n<p>\u201c<em>Per quanto consapevoli del cambio di rotta che stiamo vivendo ormai da pi\u00f9 di un anno, ci stupisce un po\u2019 il testa a testa tra dipendenti e freelance, fino a qualche tempo fa tra gli unici a sfruttare la modalit\u00e0 da remoto<\/em>\u00a0&#8211; dichiara <strong>Dario Vignali<\/strong>, CEO e co-fondatore di Marketers &#8211;<em>.<\/em> <mark><em>Quasi la met\u00e0 dei partecipanti, infatti, appartiene alla prima categoria (41%) e questo ci conferma che finalmente, anche in Italia, si sta sdoganando il concetto del lavoro senza cartellino<\/em><\/mark>\u201d.<\/p>\n<h3>Remote working e modalit\u00e0 ibrida<\/h3>\n<figure id=\"post-183681 media-183681\" class=\"align-none\"><img decoding=\"async\" src=\"https:\/\/www.intoscana.it\/wp-content\/uploads\/shutterstock_549314380-scaled.jpg\" alt=\"\" \/><\/figure>\n<div class=\"titleimg\">Smart working in Toscana: localit\u00e0 perfetta per lavorare a distanza &#8211; \u00a9 Image Source Trading Ltd<\/div>\n<p>In totale, circa il 70% degli intervistati ha scoperto il lavoro da remoto solo durante il <strong>periodo della pandemia<\/strong>, a testimonianza del fatto che tale modalit\u00e0, prima del Covid-19, interessava solo una minima parte dell\u2019universo lavorativo, perlopi\u00f9 freelance e imprenditori. Il 41% dichiara di preferire la <strong>modalit\u00e0 ibrida<\/strong>, alternando giorni in ufficio a giorni da remoto, mentre il 38% afferma di avere una base fissa \u201csmart\u201d e il 20% si definisce un \u201cnomade digitale\u201d.<\/p>\n<h3>Benessere e qualit\u00e0 della vita<\/h3>\n<p>\u201c<em>Credo che lo smart working sia un catalizzatore dello stile di vita, perch\u00e9 permette di scegliere come, quando e con chi si vuole lavorare<\/em> &#8211; continua Dario Vignali &#8211;<em>. <\/em><mark><em>Con questa modalit\u00e0 si rende possibile il \u2018lifestyle design\u2019, ossia la possibilit\u00e0 di disegnare la propria esistenza intorno alle necessit\u00e0 lavorative ma anche alle preferenze umane<\/em><\/mark><em>. Io stesso trascorro parte del mio tempo su una barca a vela ad Alghero e per me quello non \u00e8 altro che la mia casa e il mio ufficio: tutto ci\u00f2 \u00e8 possibile solo con il lavoro da remoto<\/em>\u201d.<\/p>\n<p>\u201c<em>Un aspetto fondamentale in tutto questo <\/em>&#8211; conclude <strong>Luca Cresi<\/strong> &#8211;<em> \u00e8 la qualit\u00e0 della vita, il benessere che deriva dalla <strong>possibilit\u00e0 di scegliere<\/strong>. Che sia il mare, la montagna o la citt\u00e0, l\u2019importante \u00e8 trovare un luogo che si adatti alle esigenze di ciascuno e che dia alle persone la possibilit\u00e0 di trovare la propria dimensione, lavorando e godendo del proprio tempo libero<\/em>\u201d.<\/p>\n<h3>Smart working in Toscana<\/h3>\n<figure id=\"post-104528 media-104528\" class=\"align-none\"><img decoding=\"async\" src=\"https:\/\/www.intoscana.it\/wp-content\/uploads\/santa_fiora_001.jpg\" alt=\"\" \/><\/figure>\n<div class=\"titleimg\">Santa Fiora<\/div>\n<p>Dal 2020 si \u00e8 diffusa sempre pi\u00f9 la \u201cmoda\u201d dello smart working in Toscana che ha consentito di ripopolare i borghi e i piccoli centri urbani grazie alla banda larga, affitti economici e servizi indispensabili per lavorare e per vivere lontano dall&#8217;ufficio.<\/p>\n<p>A <a href=\"https:\/\/www.intoscana.it\/it\/articolo\/santa-fiora-smart-working-amiata\/\" target=\"_blank\" rel=\"noopener\">Santa Fiora<\/a>, ad esempio, sul Monte Amiata, \u00e8 nato un vero e proprio villaggio per i digital workers; il Comune propone inoltre voucher per chi prende in affitto per almeno due mesi una casa.<\/p>\n<div class=\"focuson\"><a href=\"https:\/\/www.intoscana.it\/it\/articolo\/smart-working-bando-peccioli\/\"><img decoding=\"async\" class=\"lazy\" src=\"https:\/\/www.intoscana.it\/wp-content\/uploads\/shutterstock_266569226-2.jpg\" style=\"\">\n                <div class=\"cat\">A Peccioli postazioni per lo smart working<\/div>\n                <h4>Un bando per ricreare vita sociale e aiutare la digitalizzazione<\/h4><\/a>\n              <\/div>\n<p>Opportunit\u00e0 simili sono state offerte da <strong><a href=\"https:\/\/www.intoscana.it\/it\/articolo\/bando-pendolari-borgo-radicondoli\/\" target=\"_blank\" rel=\"noopener\">Radicondoli<\/a>, Belforte e Montieri<\/strong>; <strong>Montepulciano<\/strong>, capitale del Vino Nobile, ha lanciato la piattaforma <a href=\"https:\/\/www.intoscana.it\/it\/articolo\/smartway-montepulciano-smart-working\/\" target=\"_blank\" rel=\"noopener\">Smartway<\/a> per mettere in contatto le strutture ricettive con gli smart worker.<\/p>\n<p>Chi desidera affacciarsi alla finestra e ammirare il mare cristallino pu\u00f2 invece optare per l\u2019<strong>isola d\u2019Elba<\/strong>. Al termine di una call si possono cos\u00ec fare passeggiate in spiaggia o sui monti, praticare sport acquatici o viaggiare tra i sentieri in mountain bike.<\/p>\n<p>In posizione strategica, tra il mare della Versilia e gli impianti sciistici dell&#8217;Appennino Tosco-Emiliano, troviamo <a href=\"https:\/\/www.intoscana.it\/it\/articolo\/pontremoli-toscana-smart-working-lavoratori-ospiti-per-un-giorno\/\" target=\"_blank\" rel=\"noopener\"><strong>Pontremoli<\/strong><\/a> che lancia un invito a trasferirsi nel comune pi\u00f9 a nord della Toscana. In cambio: ottimi collegamenti ferroviari e autostradali, internet veloce, affitti convenienti e il meraviglioso verde della Lunigiana.<\/p>\n","protected":false},"excerpt":{"rendered":"<p>Secondo l&#8217;ultimo report di We Are Marketers, gli imprenditori digitali scelgono il Belpaese per lavorare da remoto: la nostra regione, insieme a Sardegna e Trentino-Alto Adige, \u00e8 la favorita grazie al clima e alle proposte per il tempo libero<\/p>\n","protected":false},"author":483,"featured_media":183674,"comment_status":"open","ping_status":"open","sticky":false,"template":"","format":"standard","meta":{"_acf_changed":false,"footnotes":""},"categories":[475],"tags":[4547],"class_list":["post-183672","post","type-post","status-publish","format-standard","has-post-thumbnail","hentry","category-innovazione","tag-smart-working"],"acf":[],"yoast_head":"<!-- This site is optimized with the Yoast SEO Premium plugin v24.2 (Yoast SEO v25.6) - https:\/\/yoast.com\/wordpress\/plugins\/seo\/ -->\n<title>Smart working, gli italiani premiano la Toscana per natura e attivit\u00e0 culturali - intoscana<\/title>\n<meta name=\"description\" content=\"Secondo l&#039;ultimo report di We Are Marketers, gli imprenditori digitali amano la Toscana per lo smart working grazie a meteo e natura.\" \/>\n<meta name=\"robots\" content=\"index, follow, max-snippet:-1, max-image-preview:large, max-video-preview:-1\" \/>\n<link rel=\"canonical\" href=\"https:\/\/www.intoscana.it\/it\/smart-working-gli-italiani-premiano-la-toscana\/\" \/>\n<meta property=\"og:locale\" content=\"it_IT\" \/>\n<meta property=\"og:type\" content=\"article\" \/>\n<meta property=\"og:title\" content=\"Smart working, gli italiani premiano la Toscana per natura e attivit\u00e0 culturali\" \/>\n<meta property=\"og:description\" content=\"Secondo l&#039;ultimo report di We Are Marketers, gli imprenditori digitali amano la Toscana per lo smart working grazie a meteo e natura.\" \/>\n<meta property=\"og:url\" content=\"https:\/\/www.intoscana.it\/it\/smart-working-gli-italiani-premiano-la-toscana\/\" \/>\n<meta property=\"og:site_name\" content=\"intoscana\" \/>\n<meta property=\"article:publisher\" content=\"https:\/\/www.facebook.com\/intoscana.it\" \/>\n<meta property=\"article:published_time\" content=\"2021-07-15T13:35:37+00:00\" \/>\n<meta property=\"article:modified_time\" content=\"2021-07-15T13:47:43+00:00\" \/>\n<meta property=\"og:image\" content=\"https:\/\/www.intoscana.it\/wp-content\/uploads\/smart-working-toscana-campagna-Photostravellers-scaled.jpg\" \/>\n\t<meta property=\"og:image:width\" content=\"2048\" \/>\n\t<meta property=\"og:image:height\" content=\"1367\" \/>\n\t<meta property=\"og:image:type\" content=\"image\/jpeg\" \/>\n<meta name=\"author\" content=\"Marta Mancini\" \/>\n<meta name=\"twitter:card\" content=\"summary_large_image\" \/>\n<meta name=\"twitter:creator\" content=\"@intoscana\" \/>\n<meta name=\"twitter:site\" content=\"@intoscana\" \/>\n<meta name=\"twitter:label1\" content=\"Written by\" \/>\n\t<meta name=\"twitter:data1\" content=\"Marta Mancini\" \/>\n\t<meta name=\"twitter:label2\" content=\"Est. reading time\" \/>\n\t<meta name=\"twitter:data2\" content=\"4 minuti\" \/>\n<script type=\"application\/ld+json\" class=\"yoast-schema-graph\">{\"@context\":\"https:\/\/schema.org\",\"@graph\":[{\"@type\":\"WebPage\",\"@id\":\"https:\/\/www.intoscana.it\/it\/smart-working-gli-italiani-premiano-la-toscana\/\",\"url\":\"https:\/\/www.intoscana.it\/it\/smart-working-gli-italiani-premiano-la-toscana\/\",\"name\":\"Smart working, gli italiani premiano la Toscana per natura e attivit\u00e0 culturali - intoscana\",\"isPartOf\":{\"@id\":\"https:\/\/www.intoscana.it\/it\/#website\"},\"primaryImageOfPage\":{\"@id\":\"https:\/\/www.intoscana.it\/it\/smart-working-gli-italiani-premiano-la-toscana\/#primaryimage\"},\"image\":{\"@id\":\"https:\/\/www.intoscana.it\/it\/smart-working-gli-italiani-premiano-la-toscana\/#primaryimage\"},\"thumbnailUrl\":\"https:\/\/www.intoscana.it\/wp-content\/uploads\/smart-working-toscana-campagna-Photostravellers-scaled.jpg\",\"datePublished\":\"2021-07-15T13:35:37+00:00\",\"dateModified\":\"2021-07-15T13:47:43+00:00\",\"author\":{\"@id\":\"https:\/\/www.intoscana.it\/it\/#\/schema\/person\/ba955c49c389f39a8208f182b0652479\"},\"description\":\"Secondo l'ultimo report di We Are Marketers, gli imprenditori digitali amano la Toscana per lo smart working grazie a meteo e natura.\",\"breadcrumb\":{\"@id\":\"https:\/\/www.intoscana.it\/it\/smart-working-gli-italiani-premiano-la-toscana\/#breadcrumb\"},\"inLanguage\":\"it-IT\",\"potentialAction\":[{\"@type\":\"ReadAction\",\"target\":[\"https:\/\/www.intoscana.it\/it\/smart-working-gli-italiani-premiano-la-toscana\/\"]}]},{\"@type\":\"ImageObject\",\"inLanguage\":\"it-IT\",\"@id\":\"https:\/\/www.intoscana.it\/it\/smart-working-gli-italiani-premiano-la-toscana\/#primaryimage\",\"url\":\"https:\/\/www.intoscana.it\/wp-content\/uploads\/smart-working-toscana-campagna-Photostravellers-scaled.jpg\",\"contentUrl\":\"https:\/\/www.intoscana.it\/wp-content\/uploads\/smart-working-toscana-campagna-Photostravellers-scaled.jpg\",\"width\":2048,\"height\":1367,\"caption\":\"Smart working tra le colline della Toscana\"},{\"@type\":\"BreadcrumbList\",\"@id\":\"https:\/\/www.intoscana.it\/it\/smart-working-gli-italiani-premiano-la-toscana\/#breadcrumb\",\"itemListElement\":[{\"@type\":\"ListItem\",\"position\":1,\"name\":\"Home\",\"item\":\"https:\/\/www.intoscana.it\/it\/\"},{\"@type\":\"ListItem\",\"position\":2,\"name\":\"Smart working, gli italiani premiano la Toscana per natura e attivit\u00e0 culturali\"}]},{\"@type\":\"WebSite\",\"@id\":\"https:\/\/www.intoscana.it\/it\/#website\",\"url\":\"https:\/\/www.intoscana.it\/it\/\",\"name\":\"intoscana\",\"description\":\"\",\"potentialAction\":[{\"@type\":\"SearchAction\",\"target\":{\"@type\":\"EntryPoint\",\"urlTemplate\":\"https:\/\/www.intoscana.it\/it\/?s={search_term_string}\"},\"query-input\":{\"@type\":\"PropertyValueSpecification\",\"valueRequired\":true,\"valueName\":\"search_term_string\"}}],\"inLanguage\":\"it-IT\"},{\"@type\":\"Person\",\"@id\":\"https:\/\/www.intoscana.it\/it\/#\/schema\/person\/ba955c49c389f39a8208f182b0652479\",\"name\":\"Marta Mancini\",\"url\":\"https:\/\/www.intoscana.it\/it\/author\/marta-mancini\/\"}]}<\/script>\n<!-- \/ Yoast SEO Premium plugin. -->","yoast_head_json":{"title":"Smart working, gli italiani premiano la Toscana per natura e attivit\u00e0 culturali - intoscana","description":"Secondo l'ultimo report di We Are Marketers, gli imprenditori digitali amano la Toscana per lo smart working grazie a meteo e natura.","robots":{"index":"index","follow":"follow","max-snippet":"max-snippet:-1","max-image-preview":"max-image-preview:large","max-video-preview":"max-video-preview:-1"},"canonical":"https:\/\/www.intoscana.it\/it\/smart-working-gli-italiani-premiano-la-toscana\/","og_locale":"it_IT","og_type":"article","og_title":"Smart working, gli italiani premiano la Toscana per natura e attivit\u00e0 culturali","og_description":"Secondo l'ultimo report di We Are Marketers, gli imprenditori digitali amano la Toscana per lo smart working grazie a meteo e natura.","og_url":"https:\/\/www.intoscana.it\/it\/smart-working-gli-italiani-premiano-la-toscana\/","og_site_name":"intoscana","article_publisher":"https:\/\/www.facebook.com\/intoscana.it","article_published_time":"2021-07-15T13:35:37+00:00","article_modified_time":"2021-07-15T13:47:43+00:00","og_image":[{"width":2048,"height":1367,"url":"https:\/\/www.intoscana.it\/wp-content\/uploads\/smart-working-toscana-campagna-Photostravellers-scaled.jpg","type":"image\/jpeg"}],"author":"Marta Mancini","twitter_card":"summary_large_image","twitter_creator":"@intoscana","twitter_site":"@intoscana","twitter_misc":{"Written by":"Marta Mancini","Est. reading time":"4 minuti"},"schema":{"@context":"https:\/\/schema.org","@graph":[{"@type":"WebPage","@id":"https:\/\/www.intoscana.it\/it\/smart-working-gli-italiani-premiano-la-toscana\/","url":"https:\/\/www.intoscana.it\/it\/smart-working-gli-italiani-premiano-la-toscana\/","name":"Smart working, gli italiani premiano la Toscana per natura e attivit\u00e0 culturali - intoscana","isPartOf":{"@id":"https:\/\/www.intoscana.it\/it\/#website"},"primaryImageOfPage":{"@id":"https:\/\/www.intoscana.it\/it\/smart-working-gli-italiani-premiano-la-toscana\/#primaryimage"},"image":{"@id":"https:\/\/www.intoscana.it\/it\/smart-working-gli-italiani-premiano-la-toscana\/#primaryimage"},"thumbnailUrl":"https:\/\/www.intoscana.it\/wp-content\/uploads\/smart-working-toscana-campagna-Photostravellers-scaled.jpg","datePublished":"2021-07-15T13:35:37+00:00","dateModified":"2021-07-15T13:47:43+00:00","author":{"@id":"https:\/\/www.intoscana.it\/it\/#\/schema\/person\/ba955c49c389f39a8208f182b0652479"},"description":"Secondo l'ultimo report di We Are Marketers, gli imprenditori digitali amano la Toscana per lo smart working grazie a meteo e natura.","breadcrumb":{"@id":"https:\/\/www.intoscana.it\/it\/smart-working-gli-italiani-premiano-la-toscana\/#breadcrumb"},"inLanguage":"it-IT","potentialAction":[{"@type":"ReadAction","target":["https:\/\/www.intoscana.it\/it\/smart-working-gli-italiani-premiano-la-toscana\/"]}]},{"@type":"ImageObject","inLanguage":"it-IT","@id":"https:\/\/www.intoscana.it\/it\/smart-working-gli-italiani-premiano-la-toscana\/#primaryimage","url":"https:\/\/www.intoscana.it\/wp-content\/uploads\/smart-working-toscana-campagna-Photostravellers-scaled.jpg","contentUrl":"https:\/\/www.intoscana.it\/wp-content\/uploads\/smart-working-toscana-campagna-Photostravellers-scaled.jpg","width":2048,"height":1367,"caption":"Smart working tra le colline della Toscana"},{"@type":"BreadcrumbList","@id":"https:\/\/www.intoscana.it\/it\/smart-working-gli-italiani-premiano-la-toscana\/#breadcrumb","itemListElement":[{"@type":"ListItem","position":1,"name":"Home","item":"https:\/\/www.intoscana.it\/it\/"},{"@type":"ListItem","position":2,"name":"Smart working, gli italiani premiano la Toscana per natura e attivit\u00e0 culturali"}]},{"@type":"WebSite","@id":"https:\/\/www.intoscana.it\/it\/#website","url":"https:\/\/www.intoscana.it\/it\/","name":"intoscana","description":"","potentialAction":[{"@type":"SearchAction","target":{"@type":"EntryPoint","urlTemplate":"https:\/\/www.intoscana.it\/it\/?s={search_term_string}"},"query-input":{"@type":"PropertyValueSpecification","valueRequired":true,"valueName":"search_term_string"}}],"inLanguage":"it-IT"},{"@type":"Person","@id":"https:\/\/www.intoscana.it\/it\/#\/schema\/person\/ba955c49c389f39a8208f182b0652479","name":"Marta Mancini","url":"https:\/\/www.intoscana.it\/it\/author\/marta-mancini\/"}]}},"_links":{"self":[{"href":"https:\/\/www.intoscana.it\/it\/wp-json\/wp\/v2\/posts\/183672","targetHints":{"allow":["GET"]}}],"collection":[{"href":"https:\/\/www.intoscana.it\/it\/wp-json\/wp\/v2\/posts"}],"about":[{"href":"https:\/\/www.intoscana.it\/it\/wp-json\/wp\/v2\/types\/post"}],"author":[{"embeddable":true,"href":"https:\/\/www.intoscana.it\/it\/wp-json\/wp\/v2\/users\/483"}],"replies":[{"embeddable":true,"href":"https:\/\/www.intoscana.it\/it\/wp-json\/wp\/v2\/comments?post=183672"}],"version-history":[{"count":0,"href":"https:\/\/www.intoscana.it\/it\/wp-json\/wp\/v2\/posts\/183672\/revisions"}],"wp:featuredmedia":[{"embeddable":true,"href":"https:\/\/www.intoscana.it\/it\/wp-json\/wp\/v2\/media\/183674"}],"wp:attachment":[{"href":"https:\/\/www.intoscana.it\/it\/wp-json\/wp\/v2\/media?parent=183672"}],"wp:term":[{"taxonomy":"category","embeddable":true,"href":"https:\/\/www.intoscana.it\/it\/wp-json\/wp\/v2\/categories?post=183672"},{"taxonomy":"post_tag","embeddable":true,"href":"https:\/\/www.intoscana.it\/it\/wp-json\/wp\/v2\/tags?post=183672"}],"curies":[{"name":"wp","href":"https:\/\/api.w.org\/{rel}","templated":true}]}}