{"id":183833,"date":"2021-07-17T13:05:33","date_gmt":"2021-07-17T11:05:33","guid":{"rendered":"https:\/\/www.intoscana.it\/it\/?p=183833"},"modified":"2021-07-19T08:53:45","modified_gmt":"2021-07-19T06:53:45","slug":"covid-balzo-nei-contagi-222-nuovi-casi-eta-media-31-anni","status":"publish","type":"post","link":"https:\/\/www.intoscana.it\/it\/covid-balzo-nei-contagi-222-nuovi-casi-eta-media-31-anni\/","title":{"rendered":"Covid, balzo nei contagi: 222 nuovi casi, et\u00e0 media 31 anni"},"content":{"rendered":"<p class=\"p1\">Risalgono i <strong>contagi<\/strong> in Toscana: <mark>i nuovi casi registrati nelle ultime 24 ore sono 222 su 12.968 test di cui 5.319 tamponi molecolari e 7.649 test rapidi. Il tasso dei nuovi positivi \u00e8 1,71% <\/mark>(4,5% sulle prime diagnosi).<\/p>\n<p class=\"p1\">Ieri i casi erano 169 su 11.420 test, con un tasso di nuovi positivi dell&#8217;1,48%. L&#8217;ultima volta che i contagi giornalieri erano sopra 200 risale al 30 maggio scorso, quando furono 263 i casi registrati in un giorno.<\/p>\n<p class=\"p1\"><span class=\"s1\">I <strong>ricoverati<\/strong> sono 80, quattro in pi\u00f9 rispetto a ieri, di cui 17 in terapia intensiva, uno in pi\u00f9. Oggi non si registrano decessi.<\/span><\/p>\n<p class=\"p1\"><span class=\"s1\"><mark>L&#8217;et\u00e0 media dei 222 nuovi positivi odierni \u00e8 di 31 anni<\/mark>: 31% ha meno di 20 anni, 38% tra 20 e 39 anni, 27% tra 40 e 59 anni, 3% tra 60 e 79 anni, 1% ha 80 anni o pi\u00f9.<\/span><\/p>\n<h3 class=\"p1\"><span class=\"s1\"><em>I casi di positivit\u00e0 sul territorio<\/em> <\/span><\/h3>\n<p class=\"p1\"><span class=\"s1\">Sono 67.927 i casi complessivi ad oggi a Firenze (95 in pi\u00f9 rispetto a ieri), 22.741 a Prato (15 in pi\u00f9), 23.115 a Pistoia (15 in pi\u00f9), 13.378 a Massa (5 in pi\u00f9), 24.848 a Lucca (29 in pi\u00f9), 29.359 a Pisa (12 in pi\u00f9), 17.594 a Livorno (16 in pi\u00f9), 22.962 ad Arezzo (7 in pi\u00f9), 13.973 a Siena (15 in pi\u00f9), 9.281 a Grosseto (13 in pi\u00f9). Sono 555 i casi positivi notificati in Toscana, ma residenti in altre regioni.<\/span><\/p>\n<p class=\"p1\"><span class=\"s1\">Complessivamente, 1.766 persone sono in <strong>isolamento<\/strong> a casa, poich\u00e9 presentano sintomi lievi che non richiedono cure ospedaliere, o risultano prive di sintomi (168 in pi\u00f9 rispetto a ieri). <\/span><span class=\"s1\">Sono 7.409 (192 in pi\u00f9 rispetto a ieri<\/span><span class=\"s1\">) le persone, anch&#8217;esse isolate, in sorveglianza attiva perch\u00e9 hanno avuto contatti con persone contagiate.<\/span><\/p>\n<p class=\"p1\"><span class=\"s1\">Restano quindi 6.898 i <strong>deceduti<\/strong> dall&#8217;inizio dell&#8217;epidemia cos\u00ec ripartiti: 2.224 a Firenze, 602 a Prato, 632 a Pistoia, 527 a Massa Carrara, 667 a Lucca, 702 a Pisa, 417 a Livorno, 510 ad Arezzo, 337 a Siena, 189 a Grosseto, 91 persone sono decedute sul suolo toscano ma erano residenti fuori regione.<\/span><\/p>\n","protected":false},"excerpt":{"rendered":"<p>Il tasso di positivit\u00e0 \u00e8 dell&#8217;1,71%. Per trovare un dato cos\u00ec alto bisogna tornare a maggio scorso. Nessun decesso<\/p>\n","protected":false},"author":525,"featured_media":143649,"comment_status":"open","ping_status":"open","sticky":false,"template":"","format":"standard","meta":{"_acf_changed":false,"footnotes":""},"categories":[494],"tags":[4868,418],"class_list":["post-183833","post","type-post","status-publish","format-standard","has-post-thumbnail","hentry","category-attualita","tag-bollettino-covid-toscana","tag-covid-19"],"acf":[],"yoast_head":"<!-- This site is optimized with the Yoast SEO Premium plugin v24.2 (Yoast SEO v25.6) - https:\/\/yoast.com\/wordpress\/plugins\/seo\/ -->\n<title>Covid, balzo nei contagi: 222 nuovi casi, et\u00e0 media 31 anni - intoscana<\/title>\n<meta name=\"description\" content=\"Il tasso di positivit\u00e0 \u00e8 dell&#039;1,71%. Per trovare un dato cos\u00ec alto bisogna tornare a maggio scorso\" \/>\n<meta name=\"robots\" content=\"index, follow, max-snippet:-1, max-image-preview:large, max-video-preview:-1\" \/>\n<link rel=\"canonical\" href=\"https:\/\/www.intoscana.it\/it\/covid-balzo-nei-contagi-222-nuovi-casi-eta-media-31-anni\/\" \/>\n<meta property=\"og:locale\" content=\"it_IT\" \/>\n<meta property=\"og:type\" content=\"article\" \/>\n<meta property=\"og:title\" content=\"Covid, balzo nei contagi: 222 nuovi casi, et\u00e0 media 31 anni\" \/>\n<meta property=\"og:description\" content=\"Il tasso di positivit\u00e0 \u00e8 dell&#039;1,71%. Per trovare un dato cos\u00ec alto bisogna tornare a maggio scorso\" \/>\n<meta property=\"og:url\" content=\"https:\/\/www.intoscana.it\/it\/covid-balzo-nei-contagi-222-nuovi-casi-eta-media-31-anni\/\" \/>\n<meta property=\"og:site_name\" content=\"intoscana\" \/>\n<meta property=\"article:publisher\" content=\"https:\/\/www.facebook.com\/intoscana.it\" \/>\n<meta property=\"article:published_time\" content=\"2021-07-17T11:05:33+00:00\" \/>\n<meta property=\"article:modified_time\" content=\"2021-07-19T06:53:45+00:00\" \/>\n<meta property=\"og:image\" content=\"https:\/\/www.intoscana.it\/wp-content\/uploads\/laboratorio_test.jpg\" \/>\n\t<meta property=\"og:image:width\" content=\"2000\" \/>\n\t<meta property=\"og:image:height\" content=\"1333\" \/>\n\t<meta property=\"og:image:type\" content=\"image\/jpeg\" \/>\n<meta name=\"author\" content=\"Redazione\" \/>\n<meta name=\"twitter:card\" content=\"summary_large_image\" \/>\n<meta name=\"twitter:creator\" content=\"@intoscana\" \/>\n<meta name=\"twitter:site\" content=\"@intoscana\" \/>\n<meta name=\"twitter:label1\" content=\"Written by\" \/>\n\t<meta name=\"twitter:data1\" content=\"Redazione\" \/>\n\t<meta name=\"twitter:label2\" content=\"Est. reading time\" \/>\n\t<meta name=\"twitter:data2\" content=\"1 minuto\" \/>\n<script type=\"application\/ld+json\" class=\"yoast-schema-graph\">{\"@context\":\"https:\/\/schema.org\",\"@graph\":[{\"@type\":\"WebPage\",\"@id\":\"https:\/\/www.intoscana.it\/it\/covid-balzo-nei-contagi-222-nuovi-casi-eta-media-31-anni\/\",\"url\":\"https:\/\/www.intoscana.it\/it\/covid-balzo-nei-contagi-222-nuovi-casi-eta-media-31-anni\/\",\"name\":\"Covid, balzo nei contagi: 222 nuovi casi, et\u00e0 media 31 anni - intoscana\",\"isPartOf\":{\"@id\":\"https:\/\/www.intoscana.it\/it\/#website\"},\"primaryImageOfPage\":{\"@id\":\"https:\/\/www.intoscana.it\/it\/covid-balzo-nei-contagi-222-nuovi-casi-eta-media-31-anni\/#primaryimage\"},\"image\":{\"@id\":\"https:\/\/www.intoscana.it\/it\/covid-balzo-nei-contagi-222-nuovi-casi-eta-media-31-anni\/#primaryimage\"},\"thumbnailUrl\":\"https:\/\/www.intoscana.it\/wp-content\/uploads\/laboratorio_test.jpg\",\"datePublished\":\"2021-07-17T11:05:33+00:00\",\"dateModified\":\"2021-07-19T06:53:45+00:00\",\"author\":{\"@id\":\"https:\/\/www.intoscana.it\/it\/#\/schema\/person\/9223810753230f20bd670fdd322661f8\"},\"description\":\"Il tasso di positivit\u00e0 \u00e8 dell'1,71%. Per trovare un dato cos\u00ec alto bisogna tornare a maggio scorso\",\"breadcrumb\":{\"@id\":\"https:\/\/www.intoscana.it\/it\/covid-balzo-nei-contagi-222-nuovi-casi-eta-media-31-anni\/#breadcrumb\"},\"inLanguage\":\"it-IT\",\"potentialAction\":[{\"@type\":\"ReadAction\",\"target\":[\"https:\/\/www.intoscana.it\/it\/covid-balzo-nei-contagi-222-nuovi-casi-eta-media-31-anni\/\"]}]},{\"@type\":\"ImageObject\",\"inLanguage\":\"it-IT\",\"@id\":\"https:\/\/www.intoscana.it\/it\/covid-balzo-nei-contagi-222-nuovi-casi-eta-media-31-anni\/#primaryimage\",\"url\":\"https:\/\/www.intoscana.it\/wp-content\/uploads\/laboratorio_test.jpg\",\"contentUrl\":\"https:\/\/www.intoscana.it\/wp-content\/uploads\/laboratorio_test.jpg\",\"width\":2000,\"height\":1333,\"caption\":\"Coronavirus: 61 laboratori faranno test sierologici a 400mila persone\"},{\"@type\":\"BreadcrumbList\",\"@id\":\"https:\/\/www.intoscana.it\/it\/covid-balzo-nei-contagi-222-nuovi-casi-eta-media-31-anni\/#breadcrumb\",\"itemListElement\":[{\"@type\":\"ListItem\",\"position\":1,\"name\":\"Home\",\"item\":\"https:\/\/www.intoscana.it\/it\/\"},{\"@type\":\"ListItem\",\"position\":2,\"name\":\"Covid, balzo nei contagi: 222 nuovi casi, et\u00e0 media 31 anni\"}]},{\"@type\":\"WebSite\",\"@id\":\"https:\/\/www.intoscana.it\/it\/#website\",\"url\":\"https:\/\/www.intoscana.it\/it\/\",\"name\":\"intoscana\",\"description\":\"\",\"potentialAction\":[{\"@type\":\"SearchAction\",\"target\":{\"@type\":\"EntryPoint\",\"urlTemplate\":\"https:\/\/www.intoscana.it\/it\/?s={search_term_string}\"},\"query-input\":{\"@type\":\"PropertyValueSpecification\",\"valueRequired\":true,\"valueName\":\"search_term_string\"}}],\"inLanguage\":\"it-IT\"},{\"@type\":\"Person\",\"@id\":\"https:\/\/www.intoscana.it\/it\/#\/schema\/person\/9223810753230f20bd670fdd322661f8\",\"name\":\"Redazione\",\"url\":\"https:\/\/www.intoscana.it\/it\/author\/redazione\/\"}]}<\/script>\n<!-- \/ Yoast SEO Premium plugin. -->","yoast_head_json":{"title":"Covid, balzo nei contagi: 222 nuovi casi, et\u00e0 media 31 anni - intoscana","description":"Il tasso di positivit\u00e0 \u00e8 dell'1,71%. Per trovare un dato cos\u00ec alto bisogna tornare a maggio scorso","robots":{"index":"index","follow":"follow","max-snippet":"max-snippet:-1","max-image-preview":"max-image-preview:large","max-video-preview":"max-video-preview:-1"},"canonical":"https:\/\/www.intoscana.it\/it\/covid-balzo-nei-contagi-222-nuovi-casi-eta-media-31-anni\/","og_locale":"it_IT","og_type":"article","og_title":"Covid, balzo nei contagi: 222 nuovi casi, et\u00e0 media 31 anni","og_description":"Il tasso di positivit\u00e0 \u00e8 dell'1,71%. Per trovare un dato cos\u00ec alto bisogna tornare a maggio scorso","og_url":"https:\/\/www.intoscana.it\/it\/covid-balzo-nei-contagi-222-nuovi-casi-eta-media-31-anni\/","og_site_name":"intoscana","article_publisher":"https:\/\/www.facebook.com\/intoscana.it","article_published_time":"2021-07-17T11:05:33+00:00","article_modified_time":"2021-07-19T06:53:45+00:00","og_image":[{"width":2000,"height":1333,"url":"https:\/\/www.intoscana.it\/wp-content\/uploads\/laboratorio_test.jpg","type":"image\/jpeg"}],"author":"Redazione","twitter_card":"summary_large_image","twitter_creator":"@intoscana","twitter_site":"@intoscana","twitter_misc":{"Written by":"Redazione","Est. reading time":"1 minuto"},"schema":{"@context":"https:\/\/schema.org","@graph":[{"@type":"WebPage","@id":"https:\/\/www.intoscana.it\/it\/covid-balzo-nei-contagi-222-nuovi-casi-eta-media-31-anni\/","url":"https:\/\/www.intoscana.it\/it\/covid-balzo-nei-contagi-222-nuovi-casi-eta-media-31-anni\/","name":"Covid, balzo nei contagi: 222 nuovi casi, et\u00e0 media 31 anni - intoscana","isPartOf":{"@id":"https:\/\/www.intoscana.it\/it\/#website"},"primaryImageOfPage":{"@id":"https:\/\/www.intoscana.it\/it\/covid-balzo-nei-contagi-222-nuovi-casi-eta-media-31-anni\/#primaryimage"},"image":{"@id":"https:\/\/www.intoscana.it\/it\/covid-balzo-nei-contagi-222-nuovi-casi-eta-media-31-anni\/#primaryimage"},"thumbnailUrl":"https:\/\/www.intoscana.it\/wp-content\/uploads\/laboratorio_test.jpg","datePublished":"2021-07-17T11:05:33+00:00","dateModified":"2021-07-19T06:53:45+00:00","author":{"@id":"https:\/\/www.intoscana.it\/it\/#\/schema\/person\/9223810753230f20bd670fdd322661f8"},"description":"Il tasso di positivit\u00e0 \u00e8 dell'1,71%. Per trovare un dato cos\u00ec alto bisogna tornare a maggio scorso","breadcrumb":{"@id":"https:\/\/www.intoscana.it\/it\/covid-balzo-nei-contagi-222-nuovi-casi-eta-media-31-anni\/#breadcrumb"},"inLanguage":"it-IT","potentialAction":[{"@type":"ReadAction","target":["https:\/\/www.intoscana.it\/it\/covid-balzo-nei-contagi-222-nuovi-casi-eta-media-31-anni\/"]}]},{"@type":"ImageObject","inLanguage":"it-IT","@id":"https:\/\/www.intoscana.it\/it\/covid-balzo-nei-contagi-222-nuovi-casi-eta-media-31-anni\/#primaryimage","url":"https:\/\/www.intoscana.it\/wp-content\/uploads\/laboratorio_test.jpg","contentUrl":"https:\/\/www.intoscana.it\/wp-content\/uploads\/laboratorio_test.jpg","width":2000,"height":1333,"caption":"Coronavirus: 61 laboratori faranno test sierologici a 400mila persone"},{"@type":"BreadcrumbList","@id":"https:\/\/www.intoscana.it\/it\/covid-balzo-nei-contagi-222-nuovi-casi-eta-media-31-anni\/#breadcrumb","itemListElement":[{"@type":"ListItem","position":1,"name":"Home","item":"https:\/\/www.intoscana.it\/it\/"},{"@type":"ListItem","position":2,"name":"Covid, balzo nei contagi: 222 nuovi casi, et\u00e0 media 31 anni"}]},{"@type":"WebSite","@id":"https:\/\/www.intoscana.it\/it\/#website","url":"https:\/\/www.intoscana.it\/it\/","name":"intoscana","description":"","potentialAction":[{"@type":"SearchAction","target":{"@type":"EntryPoint","urlTemplate":"https:\/\/www.intoscana.it\/it\/?s={search_term_string}"},"query-input":{"@type":"PropertyValueSpecification","valueRequired":true,"valueName":"search_term_string"}}],"inLanguage":"it-IT"},{"@type":"Person","@id":"https:\/\/www.intoscana.it\/it\/#\/schema\/person\/9223810753230f20bd670fdd322661f8","name":"Redazione","url":"https:\/\/www.intoscana.it\/it\/author\/redazione\/"}]}},"_links":{"self":[{"href":"https:\/\/www.intoscana.it\/it\/wp-json\/wp\/v2\/posts\/183833","targetHints":{"allow":["GET"]}}],"collection":[{"href":"https:\/\/www.intoscana.it\/it\/wp-json\/wp\/v2\/posts"}],"about":[{"href":"https:\/\/www.intoscana.it\/it\/wp-json\/wp\/v2\/types\/post"}],"author":[{"embeddable":true,"href":"https:\/\/www.intoscana.it\/it\/wp-json\/wp\/v2\/users\/525"}],"replies":[{"embeddable":true,"href":"https:\/\/www.intoscana.it\/it\/wp-json\/wp\/v2\/comments?post=183833"}],"version-history":[{"count":0,"href":"https:\/\/www.intoscana.it\/it\/wp-json\/wp\/v2\/posts\/183833\/revisions"}],"wp:featuredmedia":[{"embeddable":true,"href":"https:\/\/www.intoscana.it\/it\/wp-json\/wp\/v2\/media\/143649"}],"wp:attachment":[{"href":"https:\/\/www.intoscana.it\/it\/wp-json\/wp\/v2\/media?parent=183833"}],"wp:term":[{"taxonomy":"category","embeddable":true,"href":"https:\/\/www.intoscana.it\/it\/wp-json\/wp\/v2\/categories?post=183833"},{"taxonomy":"post_tag","embeddable":true,"href":"https:\/\/www.intoscana.it\/it\/wp-json\/wp\/v2\/tags?post=183833"}],"curies":[{"name":"wp","href":"https:\/\/api.w.org\/{rel}","templated":true}]}}