{"id":183994,"date":"2021-07-19T16:43:06","date_gmt":"2021-07-19T14:43:06","guid":{"rendered":"https:\/\/www.intoscana.it\/it\/?p=183994"},"modified":"2021-07-19T16:46:15","modified_gmt":"2021-07-19T14:46:15","slug":"arriva-lestate-e-la-prova-costume-no-grazie-intervista-allattivista-dalila-bagnuli","status":"publish","type":"post","link":"https:\/\/www.intoscana.it\/it\/arriva-lestate-e-la-prova-costume-no-grazie-intervista-allattivista-dalila-bagnuli\/","title":{"rendered":"Arriva l&#8217;estate e la prova costume? No grazie! Intervista all&#8217;attivista Dalila Bagnuli"},"content":{"rendered":"<p><strong>Torna l&#8217;estate e i corpi si scoprono<\/strong> mettendo in mostra centimetri di pelle che fino ad ora si confondevano sotto cappotti e maglioni. Non tutti per\u00f2 sono a loro agio a scoprirsi per la famigerata<strong> &#8220;prova costume&#8221;. <\/strong>Di questo e altri inutili luoghi comuni siamo andati a parlare con l&#8217;attivista <strong>Dalila Bagnuli<\/strong> che dal suo\u00a0seguitassimo <a href=\"https:\/\/www.instagram.com\/dalila.bagnuli\/\"><strong>profilo Instagram <\/strong><\/a>affronta tutti i giorni la battaglia contro la <strong>grassofobia.<\/strong><\/p>\n<p><strong>Dalila <\/strong>ha 22 anni ed \u00e8\u00a0un&#8217;attivista body-positive e fat-acceptance. Nel 2020 ha creato la sua <a href=\"https:\/\/www.instagram.com\/dalila.bagnuli\/\" target=\"_blank\" rel=\"noopener\"><strong>pagina Instagram @dalila.bagnuli<\/strong><\/a> con lo scopo di rompere la narrazione della<strong> body-positivity mainstream superficiale ed escludente<\/strong>. Sulla sua pagina non parla di <strong>amore incondizionato verso il proprio corpo e autostima a mille<\/strong>. Con i suoi post cerca di<strong> iniziare una rivoluzione<\/strong>\u00a0<strong>partendo dal suo corpo<\/strong>\u00a0creando un dibattito sulla questione della<strong> bellezza, dei corpi femminili, sulla cultura tossica della dieta<\/strong> e di quanto tutto questi strumenti siano serviti a troppe persone come<strong> arma di oppressione.<\/strong><\/p>\n<p><strong>Ciao Dalila! Ti sei mai chiesta come mai il mondo \u00e8 cos\u00ec grassofobico?<\/strong>\u00a0<strong>Cosa c&#8217;\u00e8 che spaventa cos\u00ec tanto in un corpo che non rispetta determinati canoni?<\/strong><\/p>\n<p>\u00c8 una bellissima domanda, il motivo preciso non lo so. Ci sono tanti stereotipi intorno alle persone grasse, che sono persone che non si prendono cura di loro stesse o che non hanno forza di volont\u00e0. Io<strong> penso sempre alla rappresentazione delle persone grasse nel cinema e nei media<\/strong>. Sono sempre rappresentate allo stesso modo, o come<strong> la persona che &#8220;deve far ridere&#8221; quindi la spalla comica, o come il personaggio cattivo\/invidioso<\/strong>, pensa\u00a0per esempio a <strong>Ursula della Sirenetta.<\/strong> Di conseguenza nessuno vuole essere cos\u00ec.<\/p>\n<p><span class=\"citazione\">Il corpo che non rispetta certi standard di bellezza non \u00e8 un corpo fallito, \u00e8 un corpo che merita rispetto tanto quanto quello di una modella<\/span><\/p>\n<p><strong>Quali\u00a0sono i clich\u00e8 che ti danno pi\u00f9 fastidio? Il primo che viene in mente a me \u00e8 la famigerata &#8220;prova costume&#8221; come se tutti noi dovessimo superare una prova per avere il diritto\u00a0di andare in spiaggia<\/strong><\/p>\n<p>S\u00ec e se non la superi devi chiedere scusa! <strong>C&#8217;\u00e8 anche un senso di colpa e di vergogna\u00a0se non si \u00e8 abbastanza belli per gli altri e se non si piace<\/strong>. Si deve essere per forza attraenti, proprio nel senso di attrazione sessuale, come i pavoni, sempre pronti ad attirare lo sguardo degli altri. Una frase che per me \u00e8 terribile \u00e8 \u00a0<em><strong>&#8220;dentro di te c&#8217;\u00e8 una bellissima donna magra&#8221;,<\/strong> <\/em>la usano spesso per pubblicizzarsi\u00a0le aziende di bibitoni dimagranti. <strong>Il concetto del corpo grasso come corpo fallito e svilente \u00e8 il principio della grassofobia<\/strong>, come un virus da cui nasce tutto.<\/p>\n<figure id=\"post-183995 media-183995\" class=\"align-center\"><img decoding=\"async\" src=\"https:\/\/www.intoscana.it\/wp-content\/uploads\/Dalila_Bagnuli_2.jpg\" alt=\"\" \/><\/figure>\n<div class=\"titleimg\">Dalila Bagnuli<\/div>\n<p><strong>C&#8217;\u00e8 anche l&#8217;idea\u00a0che &#8220;se vuoi, puoi&#8221; e quindi \u00e8 colpa tua se hai un determinato corpo, quando in realt\u00e0 dipende da tantissimi fattori tra cui soprattutto quello genetico. Invece l&#8217;altra faccia della medaglia \u00e8 l&#8217;obbligo di &#8220;accettarsi&#8221; o &#8220;piacersi cos\u00ec come si \u00e8&#8221;<\/strong><\/p>\n<p>Chi si piace sempre?\u00a0\u00c8 impossibile piacersi 365 giorni l&#8217;anno. Questa \u00e8 <strong>la positivit\u00e0 tossica della body-positivity mainstream.<\/strong> Io sono contraria perch\u00e8 esclude e allontana tante persone da un movimento che in teoria dovrebbe abbracciarle. La positivit\u00e0 tossica\u00a0fa sentire in colpa le persone che non riescono a piacersi. Invece non \u00e8 un obbligo<strong>, il movimento della body-positivity chiede solo il rispetto per tutti i corpi \u00e8 molto semplice.<\/strong><\/p>\n<p><strong>Esatto \u00e8 proprio un ribaltamento del paradigma al di fuori dei corpi<\/strong><\/p>\n<p>Sono gli altri che devono capire che esistono altri corpi oltre quello magro. Il corpo che non rispetta certi standard di bellezza non \u00e8 un corpo fallito, \u00e8 un corpo che merita rispetto tanto quanto quello di una modella. <strong>Quante persone riescono ad entrare nello stereotipo della magrezza?<\/strong> C&#8217;\u00e8 subito un&#8217;azienda pronta a venderti una crema o un prodotto che ti sistemi il problema.<\/p>\n<p><strong>Per alcuni \u00e8 difficile spesso anche accettare che una persona con un corpo non conforme possa stare bene, essere felice\u00a0o anche fare sport<\/strong><\/p>\n<p>Quando parlo con qualcuno e gli dico che il mio corpo mi piace, spesso mi rispondono:<strong> &#8220;non \u00e8 vero, non ci credo, non puoi piacerti&#8221;.<\/strong> Ci sono anche questa meccaniche qua. Io parlo per me, adesso \u00e8 caldo e non mi sto allenando, ma di solito faccio sport tre volte la settimana perch\u00e8 mi piace. E la cosa bella \u00e8 che non lo faccio per dimagrire ma per far diventare il mio corpo forte. <strong>Mi alleno per farmi del bene.<\/strong><\/p>\n<figure id=\"post-183996 media-183996\" class=\"align-center\"><img decoding=\"async\" src=\"https:\/\/www.intoscana.it\/wp-content\/uploads\/Dalila_Bagnuli_3.jpg\" alt=\"\" \/><\/figure>\n<div class=\"titleimg\"><em>Dalila Bagnuli<\/em><\/div>\n<p><strong>Una cosa che trovo particolarmente difficile \u00e8 far capire alle persone quanto sia sbagliato commentare il corpo degli altri, in qualsiasi modo lo si faccia. Per esempio fare i complimenti a qualcuno perch\u00e8\u00a0\u00e8 dimagrito, come se dimagrire fosse sempre e comunque una cosa positiva, quando invece a volte accade anche per motivi brutti o sbagliati, perch\u00e8 si soffre o non si sta bene<\/strong><\/p>\n<p>Tante volte si dimagrisce perch\u00e8 si soffre di disturbi alimentari o perch\u00e8\u00a0i genitori si sono separati o perch\u00e8\u00a0si \u00e8 perso un parente. <strong>Spesso si dice la frase: &#8220;come stai bene, ma sei dimagrita?&#8221; Quindi spesso si suppone che tu sia bella perch\u00e8 sei dimagrita<\/strong>, non pu\u00f2 esistere il fatto che tu sia bella perch\u00e8 sei felice o ti sei truccata bene e ti sei vestita bene. Una volta mi \u00e8 successo che ero ingrassata, avevo preso 10 chili e mi hanno detto &#8220;Come sei bella, ma sei dimagrita?&#8221;. Veramente no. Per la persona che riceve quel determinato commento si innesca una catena di pensieri che non fanno del tutto bene, perch\u00e8\u00a0<strong>in realt\u00e0 \u00e8 un finto complimento. Basterebbe fermarsi prima, &#8220;come sei bella, come stai bene&#8221; punto.<\/strong><\/p>\n<p><strong>Che consiglio puoi dare a chi ha paura della &#8220;prova costume&#8221;, a chi non si sente del tutto a suo agio nel suo corpo<\/strong><\/p>\n<p>\u00c8 difficile, innanzi tutto bisogna capire che non \u00e8 colpa nostra. <strong>Noi non dobbiamo bellezza a nessuno.<\/strong> Pu\u00f2 essere interessante anche interrogarsi sul concetto di bellezza, chiedersi <strong>che cos&#8217;\u00e8\u00a0la bellezza per me?<\/strong> E chiederlo a qualcun altro a casa. Sicuramente le risposte saranno diverse e nessuno riuscir\u00e0 a dare una definizione precisa di bellezza. Questo significa che <strong>il nostro corpo pu\u00f2 essere bello per infinite persone, come pu\u00f2 essere brutto per infinite persone <\/strong>ma questo non ci deve interessare. Il nostro corpo \u00e8 valido e deve essere valido per tutte le altre persone che devono portarci rispetto, \u00e8 questa la cosa fondamentale.<\/p>\n<p>Chi si sente a disagio e non vuole andare in spiaggia io vorrei dire:<strong> non dobbiamo precluderci\u00a0le esperienze, il sole, il mare per delle persone che hanno la bocca troppo larga e magari non vogliono guardare i propri problemi e la loro rabbia repressa<\/strong>. Non dobbiamo farci condizionare dai problemi degli altri, non devono condizionare le nostre scelte. <strong>Ci vuole un po&#8217; di egoismo e il coraggio di vivere tutto, liberi e senza freni, senza nessun limite.<\/strong> So che nella pratica non \u00e8 cos\u00ec semplice, ma se iniziamo a pensare che <strong>non siamo noi a doverci adattare al mondo qualcosa cambia<\/strong>. Siamo persone e non dobbiamo giustificarci o chiedere scusa a nessuno.<\/p>\n<figure id=\"post-183997 media-183997\" class=\"align-center\"><img decoding=\"async\" src=\"https:\/\/www.intoscana.it\/wp-content\/uploads\/Dalila_Bagnuli_4.jpg\" alt=\"\" \/><\/figure>\n<div class=\"titleimg\"><em>Dalila Bagnuli<\/em><\/div>\n","protected":false},"excerpt":{"rendered":"<p>Dalila Bagnuli ha 22 anni ed \u00e8\u00a0un&#8217;attivista body-positive e fat-acceptance e combatte la grassofobia con il suo profilo Instagram<\/p>\n","protected":false},"author":518,"featured_media":183998,"comment_status":"open","ping_status":"open","sticky":false,"template":"","format":"standard","meta":{"_acf_changed":false,"footnotes":""},"categories":[4],"tags":[3136],"class_list":["post-183994","post","type-post","status-publish","format-standard","has-post-thumbnail","hentry","category-storie","tag-interviste"],"acf":[],"yoast_head":"<!-- This site is optimized with the Yoast SEO Premium plugin v24.2 (Yoast SEO v25.6) - https:\/\/yoast.com\/wordpress\/plugins\/seo\/ -->\n<title>Arriva l&#039;estate e la prova costume? No grazie! Intervista all&#039;attivista Dalila Bagnuli - intoscana<\/title>\n<meta name=\"description\" content=\"Dalila Bagnuli ha 22 anni ed \u00e8\u00a0un&#039;attivista body-positive e fat-acceptance e combatte la grassofobia con il suo profilo Instagram\" \/>\n<meta name=\"robots\" content=\"index, follow, max-snippet:-1, max-image-preview:large, max-video-preview:-1\" \/>\n<link rel=\"canonical\" href=\"https:\/\/www.intoscana.it\/it\/arriva-lestate-e-la-prova-costume-no-grazie-intervista-allattivista-dalila-bagnuli\/\" \/>\n<meta property=\"og:locale\" content=\"it_IT\" \/>\n<meta property=\"og:type\" content=\"article\" \/>\n<meta property=\"og:title\" content=\"Arriva l&#039;estate e la prova costume? No grazie! Intervista all&#039;attivista Dalila Bagnuli\" \/>\n<meta property=\"og:description\" content=\"Dalila Bagnuli ha 22 anni ed \u00e8\u00a0un&#039;attivista body-positive e fat-acceptance e combatte la grassofobia con il suo profilo Instagram\" \/>\n<meta property=\"og:url\" content=\"https:\/\/www.intoscana.it\/it\/arriva-lestate-e-la-prova-costume-no-grazie-intervista-allattivista-dalila-bagnuli\/\" \/>\n<meta property=\"og:site_name\" content=\"intoscana\" \/>\n<meta property=\"article:publisher\" content=\"https:\/\/www.facebook.com\/intoscana.it\" \/>\n<meta property=\"article:published_time\" content=\"2021-07-19T14:43:06+00:00\" \/>\n<meta property=\"article:modified_time\" content=\"2021-07-19T14:46:15+00:00\" \/>\n<meta property=\"og:image\" content=\"https:\/\/www.intoscana.it\/wp-content\/uploads\/Dalila_Bagnuli-scaled.jpg\" \/>\n\t<meta property=\"og:image:width\" content=\"2048\" \/>\n\t<meta property=\"og:image:height\" content=\"1885\" \/>\n\t<meta property=\"og:image:type\" content=\"image\/jpeg\" \/>\n<meta name=\"author\" content=\"Costanza Baldini\" \/>\n<meta name=\"twitter:card\" content=\"summary_large_image\" \/>\n<meta name=\"twitter:creator\" content=\"@intoscana\" \/>\n<meta name=\"twitter:site\" content=\"@intoscana\" \/>\n<meta name=\"twitter:label1\" content=\"Written by\" \/>\n\t<meta name=\"twitter:data1\" content=\"Costanza Baldini\" \/>\n\t<meta name=\"twitter:label2\" content=\"Est. reading time\" \/>\n\t<meta name=\"twitter:data2\" content=\"6 minuti\" \/>\n<script type=\"application\/ld+json\" class=\"yoast-schema-graph\">{\"@context\":\"https:\/\/schema.org\",\"@graph\":[{\"@type\":\"WebPage\",\"@id\":\"https:\/\/www.intoscana.it\/it\/arriva-lestate-e-la-prova-costume-no-grazie-intervista-allattivista-dalila-bagnuli\/\",\"url\":\"https:\/\/www.intoscana.it\/it\/arriva-lestate-e-la-prova-costume-no-grazie-intervista-allattivista-dalila-bagnuli\/\",\"name\":\"Arriva l'estate e la prova costume? No grazie! Intervista all'attivista Dalila Bagnuli - intoscana\",\"isPartOf\":{\"@id\":\"https:\/\/www.intoscana.it\/it\/#website\"},\"primaryImageOfPage\":{\"@id\":\"https:\/\/www.intoscana.it\/it\/arriva-lestate-e-la-prova-costume-no-grazie-intervista-allattivista-dalila-bagnuli\/#primaryimage\"},\"image\":{\"@id\":\"https:\/\/www.intoscana.it\/it\/arriva-lestate-e-la-prova-costume-no-grazie-intervista-allattivista-dalila-bagnuli\/#primaryimage\"},\"thumbnailUrl\":\"https:\/\/www.intoscana.it\/wp-content\/uploads\/Dalila_Bagnuli-scaled.jpg\",\"datePublished\":\"2021-07-19T14:43:06+00:00\",\"dateModified\":\"2021-07-19T14:46:15+00:00\",\"author\":{\"@id\":\"https:\/\/www.intoscana.it\/it\/#\/schema\/person\/d469f35f09739bdf00bf5dd3f0647a82\"},\"description\":\"Dalila Bagnuli ha 22 anni ed \u00e8\u00a0un'attivista body-positive e fat-acceptance e combatte la grassofobia con il suo profilo Instagram\",\"breadcrumb\":{\"@id\":\"https:\/\/www.intoscana.it\/it\/arriva-lestate-e-la-prova-costume-no-grazie-intervista-allattivista-dalila-bagnuli\/#breadcrumb\"},\"inLanguage\":\"it-IT\",\"potentialAction\":[{\"@type\":\"ReadAction\",\"target\":[\"https:\/\/www.intoscana.it\/it\/arriva-lestate-e-la-prova-costume-no-grazie-intervista-allattivista-dalila-bagnuli\/\"]}]},{\"@type\":\"ImageObject\",\"inLanguage\":\"it-IT\",\"@id\":\"https:\/\/www.intoscana.it\/it\/arriva-lestate-e-la-prova-costume-no-grazie-intervista-allattivista-dalila-bagnuli\/#primaryimage\",\"url\":\"https:\/\/www.intoscana.it\/wp-content\/uploads\/Dalila_Bagnuli-scaled.jpg\",\"contentUrl\":\"https:\/\/www.intoscana.it\/wp-content\/uploads\/Dalila_Bagnuli-scaled.jpg\",\"width\":2048,\"height\":1885},{\"@type\":\"BreadcrumbList\",\"@id\":\"https:\/\/www.intoscana.it\/it\/arriva-lestate-e-la-prova-costume-no-grazie-intervista-allattivista-dalila-bagnuli\/#breadcrumb\",\"itemListElement\":[{\"@type\":\"ListItem\",\"position\":1,\"name\":\"Home\",\"item\":\"https:\/\/www.intoscana.it\/it\/\"},{\"@type\":\"ListItem\",\"position\":2,\"name\":\"Arriva l&#8217;estate e la prova costume? No grazie! Intervista all&#8217;attivista Dalila Bagnuli\"}]},{\"@type\":\"WebSite\",\"@id\":\"https:\/\/www.intoscana.it\/it\/#website\",\"url\":\"https:\/\/www.intoscana.it\/it\/\",\"name\":\"intoscana\",\"description\":\"\",\"potentialAction\":[{\"@type\":\"SearchAction\",\"target\":{\"@type\":\"EntryPoint\",\"urlTemplate\":\"https:\/\/www.intoscana.it\/it\/?s={search_term_string}\"},\"query-input\":{\"@type\":\"PropertyValueSpecification\",\"valueRequired\":true,\"valueName\":\"search_term_string\"}}],\"inLanguage\":\"it-IT\"},{\"@type\":\"Person\",\"@id\":\"https:\/\/www.intoscana.it\/it\/#\/schema\/person\/d469f35f09739bdf00bf5dd3f0647a82\",\"name\":\"Costanza Baldini\",\"url\":\"https:\/\/www.intoscana.it\/it\/author\/costanza-baldini\/\"}]}<\/script>\n<!-- \/ Yoast SEO Premium plugin. -->","yoast_head_json":{"title":"Arriva l'estate e la prova costume? No grazie! Intervista all'attivista Dalila Bagnuli - intoscana","description":"Dalila Bagnuli ha 22 anni ed \u00e8\u00a0un'attivista body-positive e fat-acceptance e combatte la grassofobia con il suo profilo Instagram","robots":{"index":"index","follow":"follow","max-snippet":"max-snippet:-1","max-image-preview":"max-image-preview:large","max-video-preview":"max-video-preview:-1"},"canonical":"https:\/\/www.intoscana.it\/it\/arriva-lestate-e-la-prova-costume-no-grazie-intervista-allattivista-dalila-bagnuli\/","og_locale":"it_IT","og_type":"article","og_title":"Arriva l'estate e la prova costume? No grazie! Intervista all'attivista Dalila Bagnuli","og_description":"Dalila Bagnuli ha 22 anni ed \u00e8\u00a0un'attivista body-positive e fat-acceptance e combatte la grassofobia con il suo profilo Instagram","og_url":"https:\/\/www.intoscana.it\/it\/arriva-lestate-e-la-prova-costume-no-grazie-intervista-allattivista-dalila-bagnuli\/","og_site_name":"intoscana","article_publisher":"https:\/\/www.facebook.com\/intoscana.it","article_published_time":"2021-07-19T14:43:06+00:00","article_modified_time":"2021-07-19T14:46:15+00:00","og_image":[{"width":2048,"height":1885,"url":"https:\/\/www.intoscana.it\/wp-content\/uploads\/Dalila_Bagnuli-scaled.jpg","type":"image\/jpeg"}],"author":"Costanza Baldini","twitter_card":"summary_large_image","twitter_creator":"@intoscana","twitter_site":"@intoscana","twitter_misc":{"Written by":"Costanza Baldini","Est. reading time":"6 minuti"},"schema":{"@context":"https:\/\/schema.org","@graph":[{"@type":"WebPage","@id":"https:\/\/www.intoscana.it\/it\/arriva-lestate-e-la-prova-costume-no-grazie-intervista-allattivista-dalila-bagnuli\/","url":"https:\/\/www.intoscana.it\/it\/arriva-lestate-e-la-prova-costume-no-grazie-intervista-allattivista-dalila-bagnuli\/","name":"Arriva l'estate e la prova costume? No grazie! Intervista all'attivista Dalila Bagnuli - intoscana","isPartOf":{"@id":"https:\/\/www.intoscana.it\/it\/#website"},"primaryImageOfPage":{"@id":"https:\/\/www.intoscana.it\/it\/arriva-lestate-e-la-prova-costume-no-grazie-intervista-allattivista-dalila-bagnuli\/#primaryimage"},"image":{"@id":"https:\/\/www.intoscana.it\/it\/arriva-lestate-e-la-prova-costume-no-grazie-intervista-allattivista-dalila-bagnuli\/#primaryimage"},"thumbnailUrl":"https:\/\/www.intoscana.it\/wp-content\/uploads\/Dalila_Bagnuli-scaled.jpg","datePublished":"2021-07-19T14:43:06+00:00","dateModified":"2021-07-19T14:46:15+00:00","author":{"@id":"https:\/\/www.intoscana.it\/it\/#\/schema\/person\/d469f35f09739bdf00bf5dd3f0647a82"},"description":"Dalila Bagnuli ha 22 anni ed \u00e8\u00a0un'attivista body-positive e fat-acceptance e combatte la grassofobia con il suo profilo Instagram","breadcrumb":{"@id":"https:\/\/www.intoscana.it\/it\/arriva-lestate-e-la-prova-costume-no-grazie-intervista-allattivista-dalila-bagnuli\/#breadcrumb"},"inLanguage":"it-IT","potentialAction":[{"@type":"ReadAction","target":["https:\/\/www.intoscana.it\/it\/arriva-lestate-e-la-prova-costume-no-grazie-intervista-allattivista-dalila-bagnuli\/"]}]},{"@type":"ImageObject","inLanguage":"it-IT","@id":"https:\/\/www.intoscana.it\/it\/arriva-lestate-e-la-prova-costume-no-grazie-intervista-allattivista-dalila-bagnuli\/#primaryimage","url":"https:\/\/www.intoscana.it\/wp-content\/uploads\/Dalila_Bagnuli-scaled.jpg","contentUrl":"https:\/\/www.intoscana.it\/wp-content\/uploads\/Dalila_Bagnuli-scaled.jpg","width":2048,"height":1885},{"@type":"BreadcrumbList","@id":"https:\/\/www.intoscana.it\/it\/arriva-lestate-e-la-prova-costume-no-grazie-intervista-allattivista-dalila-bagnuli\/#breadcrumb","itemListElement":[{"@type":"ListItem","position":1,"name":"Home","item":"https:\/\/www.intoscana.it\/it\/"},{"@type":"ListItem","position":2,"name":"Arriva l&#8217;estate e la prova costume? No grazie! Intervista all&#8217;attivista Dalila Bagnuli"}]},{"@type":"WebSite","@id":"https:\/\/www.intoscana.it\/it\/#website","url":"https:\/\/www.intoscana.it\/it\/","name":"intoscana","description":"","potentialAction":[{"@type":"SearchAction","target":{"@type":"EntryPoint","urlTemplate":"https:\/\/www.intoscana.it\/it\/?s={search_term_string}"},"query-input":{"@type":"PropertyValueSpecification","valueRequired":true,"valueName":"search_term_string"}}],"inLanguage":"it-IT"},{"@type":"Person","@id":"https:\/\/www.intoscana.it\/it\/#\/schema\/person\/d469f35f09739bdf00bf5dd3f0647a82","name":"Costanza Baldini","url":"https:\/\/www.intoscana.it\/it\/author\/costanza-baldini\/"}]}},"_links":{"self":[{"href":"https:\/\/www.intoscana.it\/it\/wp-json\/wp\/v2\/posts\/183994","targetHints":{"allow":["GET"]}}],"collection":[{"href":"https:\/\/www.intoscana.it\/it\/wp-json\/wp\/v2\/posts"}],"about":[{"href":"https:\/\/www.intoscana.it\/it\/wp-json\/wp\/v2\/types\/post"}],"author":[{"embeddable":true,"href":"https:\/\/www.intoscana.it\/it\/wp-json\/wp\/v2\/users\/518"}],"replies":[{"embeddable":true,"href":"https:\/\/www.intoscana.it\/it\/wp-json\/wp\/v2\/comments?post=183994"}],"version-history":[{"count":0,"href":"https:\/\/www.intoscana.it\/it\/wp-json\/wp\/v2\/posts\/183994\/revisions"}],"wp:featuredmedia":[{"embeddable":true,"href":"https:\/\/www.intoscana.it\/it\/wp-json\/wp\/v2\/media\/183998"}],"wp:attachment":[{"href":"https:\/\/www.intoscana.it\/it\/wp-json\/wp\/v2\/media?parent=183994"}],"wp:term":[{"taxonomy":"category","embeddable":true,"href":"https:\/\/www.intoscana.it\/it\/wp-json\/wp\/v2\/categories?post=183994"},{"taxonomy":"post_tag","embeddable":true,"href":"https:\/\/www.intoscana.it\/it\/wp-json\/wp\/v2\/tags?post=183994"}],"curies":[{"name":"wp","href":"https:\/\/api.w.org\/{rel}","templated":true}]}}