{"id":184214,"date":"2021-07-21T11:44:29","date_gmt":"2021-07-21T09:44:29","guid":{"rendered":"https:\/\/www.intoscana.it\/it\/?p=184214"},"modified":"2021-07-22T09:39:13","modified_gmt":"2021-07-22T07:39:13","slug":"covid-in-toscana-si-superano-i-300-contagi-giani-favorevole-al-green-pass-per-i-grandi-eventi","status":"publish","type":"post","link":"https:\/\/www.intoscana.it\/it\/covid-in-toscana-si-superano-i-300-contagi-giani-favorevole-al-green-pass-per-i-grandi-eventi\/","title":{"rendered":"Covid: in Toscana si superano i 300 contagi, Giani: &#8220;Favorevole al Green Pass per i grandi eventi&#8221;"},"content":{"rendered":"<p>Corre di nuovo<strong> il numero dei contagi giornalieri in Toscana<\/strong> che torna<strong> sopra 300 e in una settimana vede pi\u00f9 che triplicare i casi<\/strong>. Secondo i dati diffusi dal presidente della Toscana Eugenio Giani<strong> i nuovi contagi registrati nelle ultime 24 ore sono 306 su 11.451 test<\/strong> di cui 7.089 tamponi molecolari e 4.362 test rapidi.<\/p>\n<p><strong>Il tasso dei nuovi positivi \u00e8 2,67%<\/strong> (5,5% sulle prime diagnosi). Una settimana fa, il 14 luglio, i casi erano stati 90. Ieri i nuovi casi erano stati 169 su 11.387 test, con un tasso di positivit\u00e0 dell&#8217;1,48%.<\/p>\n<p>L&#8217;ultima volta che i casi avevano superato quota 300 era stato il 28 maggio, con 301 contagi giornalieri. <strong>Quello di oggi \u00e8 il dato pi\u00f9 alto di nuovi positivi in un giorno dal 27 maggio:<\/strong> all&#8217;epoca erano stati 319 ma su 19.667 test, con un tasso di positivit\u00e0 dell&#8217;1,62%.<\/p>\n<p><strong>Il presidente della Regione Toscana Eugenio Giani<\/strong> ha dichiarato sull&#8217;uso del <a href=\"https:\/\/www.intoscana.it\/it\/articolo\/come-ottenere-green-pass\/\" target=\"_blank\" rel=\"noopener\"><strong>green pass<\/strong><\/a> &#8220;io sono favorevole perch\u00e9 in una logica di stimolo alle persone a vaccinarsi pu\u00f2 consentire una maggiore motivazione<strong>. Su bar e ristoranti,<\/strong> nel momento in cui noi usiamo delle regole che sono oggettive date dai disciplinari, n<strong>on credo ci sia bisogno del green pass. S\u00ec invece per luoghi dove si fa un concerto, un evento, una grossa manifestazione<\/strong>&#8220;.<\/p>\n<p><strong>Giani ha aggiunto:<\/strong> <em>&#8220;In questo momento siamo nel periodo estivo \u00e8 ripresa l&#8217;economia, c&#8217;\u00e8 la possibilit\u00e0 nell&#8217;arco di questi due-tre mesi di poter far tornare i conti a tanti operatori e lavoratori di questo Paese, se si arrivasse ad avere comunque un atteggiamento di apertura, per poi magari riconcentrarsi dopo Ferragosto o a settembre&#8221; <\/em>su eventuali chiusure, sarebbe meglio.<em> &#8220;Non \u00e8 che i contagi siano aumentati come in Inghilterra dove siamo arrivati a 52mila, o anche in Spagna. In Italia la situazione \u00e8 abbastanza contenuta, vi \u00e8 una tendenza alla ripresa&#8221; dei contagi, &#8220;ma non \u00e8 ancora cos\u00ec forte. Io sarei per un atteggiamento di tolleranza&#8221;.<\/em><\/p>\n<p><em>&#8220;Secondo me gli Enti locali devono e possono spingere sull&#8217;uso del green pass. Io non escludo anche l&#8217;ipotesi di firmare ordinanze per consentire l&#8217;accesso a una serie di luoghi ai possessori di green pass, nel caso in cui la campagna di vaccinazione non dovesse procedere secondo le aspettative a causa di un numero eccessivo di no vax&#8221;.<\/em> <strong>Lo ha detto il sindaco di Firenze Dario Nardella a proposito del green pass.<\/strong><em> &#8220;La libert\u00e0 di chi non vuole vaccinarsi &#8211; <\/em><strong>ha aggiunto<\/strong><em> &#8211; \u00e8 sacrosanta ma non pu\u00f2 entrare in contrasto con chi si \u00e8 vaccinato e vuole muoversi senza rischio nel proprio Paese&#8221;.<\/em><\/p>\n<h3>I dati aggiornati sui contagi<\/h3>\n<p>In Toscana sono<strong> 246.642 i casi di positivit\u00e0 al Coronavirus, 306 in pi\u00f9 rispetto a ieri<\/strong> (285 confermati con tampone molecolare e 21 da test rapido antigenico). <strong>L&#8217;et\u00e0 media dei 306 nuovi positivi odierni \u00e8 di 31 anni circa<\/strong>: 37% ha meno di 20 anni, 33% tra 20 e 39 anni, 24% tra 40 e 59 anni, 5% tra 60 e 79 anni, 1% ha 80 anni o pi\u00f9.<\/p>\n<p><strong>Eseguiti 7.089 tamponi molecolari e 4.362 tamponi antigenici rapidi<\/strong>, di questi il 2,7% \u00e8 risultato positivo, il 5,5% sulle prime diagnosi. Non si registrano nuovi decessi: il totale resta pertanto di 6.899. Salgono invece i ricoverati: sono 91, 6 in pi\u00f9 rispetto a ieri, di cui 13 in terapia intensiva, 2 in meno.<\/p>\n<p><strong> I guariti crescono dello 0,04% e raggiungono quota 237.193<\/strong> (96,2% dei casi totali). Gli attualmente positivi sono oggi 2.550, +9,2% rispetto a ieri. Complessivamente,<strong> 2.459 persone sono in isolamento a casa, poich\u00e9 presentano sintomi lievi<\/strong> che non richiedono cure ospedaliere, o risultano prive di sintomi (209 in pi\u00f9 rispetto a ieri, pi\u00f9 9,3%).<\/p>\n<p>Sono 8.693 (212 in pi\u00f9 rispetto a ieri, pi\u00f9 2,5%) le persone, anch&#8217;esse isolate, in sorveglianza attiva perch\u00e9 hanno avuto contatti con persone contagiate. Rispetto alle singole province <strong>Firenze registra 95 casi<\/strong> in pi\u00f9 rispetto a ieri, <strong>Prato 11, Pistoia 14, Massa Carrara 10, Lucca 49, Pisa 24, Livorno 23, Arezzo 31, Siena 18, Grosseto 31.<\/strong><\/p>\n<p>&nbsp;<\/p>\n<p>&nbsp;<\/p>\n","protected":false},"excerpt":{"rendered":"<p>In una settimana i casi sono triplicati,\u00a0i nuovi contagi registrati nelle ultime 24 ore sono 306 su 11.451 test di cui 7.089 tamponi molecolari e 4.362 test rapidi<\/p>\n","protected":false},"author":525,"featured_media":154746,"comment_status":"open","ping_status":"open","sticky":false,"template":"","format":"standard","meta":{"_acf_changed":false,"footnotes":""},"categories":[494],"tags":[418],"class_list":["post-184214","post","type-post","status-publish","format-standard","has-post-thumbnail","hentry","category-attualita","tag-covid-19"],"acf":[],"yoast_head":"<!-- This site is optimized with the Yoast SEO Premium plugin v24.2 (Yoast SEO v25.6) - https:\/\/yoast.com\/wordpress\/plugins\/seo\/ -->\n<title>Covid: in Toscana si superano i 300 contagi, Giani: &quot;Favorevole al Green Pass per i grandi eventi&quot; - intoscana<\/title>\n<meta name=\"description\" content=\"In una settimana i casi sono triplicati,\u00a0i nuovi contagi registrati nelle ultime 24 ore sono 306 su 11.451 test\" \/>\n<meta name=\"robots\" content=\"index, follow, max-snippet:-1, max-image-preview:large, max-video-preview:-1\" \/>\n<link rel=\"canonical\" href=\"https:\/\/www.intoscana.it\/it\/covid-in-toscana-si-superano-i-300-contagi-giani-favorevole-al-green-pass-per-i-grandi-eventi\/\" \/>\n<meta property=\"og:locale\" content=\"it_IT\" \/>\n<meta property=\"og:type\" content=\"article\" \/>\n<meta property=\"og:title\" content=\"Covid: in Toscana si superano i 300 contagi, Giani: &quot;Favorevole al Green Pass per i grandi eventi&quot;\" \/>\n<meta property=\"og:description\" content=\"In una settimana i casi sono triplicati,\u00a0i nuovi contagi registrati nelle ultime 24 ore sono 306 su 11.451 test\" \/>\n<meta property=\"og:url\" content=\"https:\/\/www.intoscana.it\/it\/covid-in-toscana-si-superano-i-300-contagi-giani-favorevole-al-green-pass-per-i-grandi-eventi\/\" \/>\n<meta property=\"og:site_name\" content=\"intoscana\" \/>\n<meta property=\"article:publisher\" content=\"https:\/\/www.facebook.com\/intoscana.it\" \/>\n<meta property=\"article:published_time\" content=\"2021-07-21T09:44:29+00:00\" \/>\n<meta property=\"article:modified_time\" content=\"2021-07-22T07:39:13+00:00\" \/>\n<meta property=\"og:image\" content=\"https:\/\/www.intoscana.it\/wp-content\/uploads\/bambina-con-mascherina-scaled.jpg\" \/>\n\t<meta property=\"og:image:width\" content=\"2048\" \/>\n\t<meta property=\"og:image:height\" content=\"1366\" \/>\n\t<meta property=\"og:image:type\" content=\"image\/jpeg\" \/>\n<meta name=\"author\" content=\"Redazione\" \/>\n<meta name=\"twitter:card\" content=\"summary_large_image\" \/>\n<meta name=\"twitter:creator\" content=\"@intoscana\" \/>\n<meta name=\"twitter:site\" content=\"@intoscana\" \/>\n<meta name=\"twitter:label1\" content=\"Written by\" \/>\n\t<meta name=\"twitter:data1\" content=\"Redazione\" \/>\n\t<meta name=\"twitter:label2\" content=\"Est. reading time\" \/>\n\t<meta name=\"twitter:data2\" content=\"3 minuti\" \/>\n<script type=\"application\/ld+json\" class=\"yoast-schema-graph\">{\"@context\":\"https:\/\/schema.org\",\"@graph\":[{\"@type\":\"WebPage\",\"@id\":\"https:\/\/www.intoscana.it\/it\/covid-in-toscana-si-superano-i-300-contagi-giani-favorevole-al-green-pass-per-i-grandi-eventi\/\",\"url\":\"https:\/\/www.intoscana.it\/it\/covid-in-toscana-si-superano-i-300-contagi-giani-favorevole-al-green-pass-per-i-grandi-eventi\/\",\"name\":\"Covid: in Toscana si superano i 300 contagi, Giani: \\\"Favorevole al Green Pass per i grandi eventi\\\" - intoscana\",\"isPartOf\":{\"@id\":\"https:\/\/www.intoscana.it\/it\/#website\"},\"primaryImageOfPage\":{\"@id\":\"https:\/\/www.intoscana.it\/it\/covid-in-toscana-si-superano-i-300-contagi-giani-favorevole-al-green-pass-per-i-grandi-eventi\/#primaryimage\"},\"image\":{\"@id\":\"https:\/\/www.intoscana.it\/it\/covid-in-toscana-si-superano-i-300-contagi-giani-favorevole-al-green-pass-per-i-grandi-eventi\/#primaryimage\"},\"thumbnailUrl\":\"https:\/\/www.intoscana.it\/wp-content\/uploads\/bambina-con-mascherina-scaled.jpg\",\"datePublished\":\"2021-07-21T09:44:29+00:00\",\"dateModified\":\"2021-07-22T07:39:13+00:00\",\"author\":{\"@id\":\"https:\/\/www.intoscana.it\/it\/#\/schema\/person\/9223810753230f20bd670fdd322661f8\"},\"description\":\"In una settimana i casi sono triplicati,\u00a0i nuovi contagi registrati nelle ultime 24 ore sono 306 su 11.451 test\",\"breadcrumb\":{\"@id\":\"https:\/\/www.intoscana.it\/it\/covid-in-toscana-si-superano-i-300-contagi-giani-favorevole-al-green-pass-per-i-grandi-eventi\/#breadcrumb\"},\"inLanguage\":\"it-IT\",\"potentialAction\":[{\"@type\":\"ReadAction\",\"target\":[\"https:\/\/www.intoscana.it\/it\/covid-in-toscana-si-superano-i-300-contagi-giani-favorevole-al-green-pass-per-i-grandi-eventi\/\"]}]},{\"@type\":\"ImageObject\",\"inLanguage\":\"it-IT\",\"@id\":\"https:\/\/www.intoscana.it\/it\/covid-in-toscana-si-superano-i-300-contagi-giani-favorevole-al-green-pass-per-i-grandi-eventi\/#primaryimage\",\"url\":\"https:\/\/www.intoscana.it\/wp-content\/uploads\/bambina-con-mascherina-scaled.jpg\",\"contentUrl\":\"https:\/\/www.intoscana.it\/wp-content\/uploads\/bambina-con-mascherina-scaled.jpg\",\"width\":2048,\"height\":1366},{\"@type\":\"BreadcrumbList\",\"@id\":\"https:\/\/www.intoscana.it\/it\/covid-in-toscana-si-superano-i-300-contagi-giani-favorevole-al-green-pass-per-i-grandi-eventi\/#breadcrumb\",\"itemListElement\":[{\"@type\":\"ListItem\",\"position\":1,\"name\":\"Home\",\"item\":\"https:\/\/www.intoscana.it\/it\/\"},{\"@type\":\"ListItem\",\"position\":2,\"name\":\"Covid: in Toscana si superano i 300 contagi, Giani: &#8220;Favorevole al Green Pass per i grandi eventi&#8221;\"}]},{\"@type\":\"WebSite\",\"@id\":\"https:\/\/www.intoscana.it\/it\/#website\",\"url\":\"https:\/\/www.intoscana.it\/it\/\",\"name\":\"intoscana\",\"description\":\"\",\"potentialAction\":[{\"@type\":\"SearchAction\",\"target\":{\"@type\":\"EntryPoint\",\"urlTemplate\":\"https:\/\/www.intoscana.it\/it\/?s={search_term_string}\"},\"query-input\":{\"@type\":\"PropertyValueSpecification\",\"valueRequired\":true,\"valueName\":\"search_term_string\"}}],\"inLanguage\":\"it-IT\"},{\"@type\":\"Person\",\"@id\":\"https:\/\/www.intoscana.it\/it\/#\/schema\/person\/9223810753230f20bd670fdd322661f8\",\"name\":\"Redazione\",\"url\":\"https:\/\/www.intoscana.it\/it\/author\/redazione\/\"}]}<\/script>\n<!-- \/ Yoast SEO Premium plugin. -->","yoast_head_json":{"title":"Covid: in Toscana si superano i 300 contagi, Giani: \"Favorevole al Green Pass per i grandi eventi\" - intoscana","description":"In una settimana i casi sono triplicati,\u00a0i nuovi contagi registrati nelle ultime 24 ore sono 306 su 11.451 test","robots":{"index":"index","follow":"follow","max-snippet":"max-snippet:-1","max-image-preview":"max-image-preview:large","max-video-preview":"max-video-preview:-1"},"canonical":"https:\/\/www.intoscana.it\/it\/covid-in-toscana-si-superano-i-300-contagi-giani-favorevole-al-green-pass-per-i-grandi-eventi\/","og_locale":"it_IT","og_type":"article","og_title":"Covid: in Toscana si superano i 300 contagi, Giani: \"Favorevole al Green Pass per i grandi eventi\"","og_description":"In una settimana i casi sono triplicati,\u00a0i nuovi contagi registrati nelle ultime 24 ore sono 306 su 11.451 test","og_url":"https:\/\/www.intoscana.it\/it\/covid-in-toscana-si-superano-i-300-contagi-giani-favorevole-al-green-pass-per-i-grandi-eventi\/","og_site_name":"intoscana","article_publisher":"https:\/\/www.facebook.com\/intoscana.it","article_published_time":"2021-07-21T09:44:29+00:00","article_modified_time":"2021-07-22T07:39:13+00:00","og_image":[{"width":2048,"height":1366,"url":"https:\/\/www.intoscana.it\/wp-content\/uploads\/bambina-con-mascherina-scaled.jpg","type":"image\/jpeg"}],"author":"Redazione","twitter_card":"summary_large_image","twitter_creator":"@intoscana","twitter_site":"@intoscana","twitter_misc":{"Written by":"Redazione","Est. reading time":"3 minuti"},"schema":{"@context":"https:\/\/schema.org","@graph":[{"@type":"WebPage","@id":"https:\/\/www.intoscana.it\/it\/covid-in-toscana-si-superano-i-300-contagi-giani-favorevole-al-green-pass-per-i-grandi-eventi\/","url":"https:\/\/www.intoscana.it\/it\/covid-in-toscana-si-superano-i-300-contagi-giani-favorevole-al-green-pass-per-i-grandi-eventi\/","name":"Covid: in Toscana si superano i 300 contagi, Giani: \"Favorevole al Green Pass per i grandi eventi\" - intoscana","isPartOf":{"@id":"https:\/\/www.intoscana.it\/it\/#website"},"primaryImageOfPage":{"@id":"https:\/\/www.intoscana.it\/it\/covid-in-toscana-si-superano-i-300-contagi-giani-favorevole-al-green-pass-per-i-grandi-eventi\/#primaryimage"},"image":{"@id":"https:\/\/www.intoscana.it\/it\/covid-in-toscana-si-superano-i-300-contagi-giani-favorevole-al-green-pass-per-i-grandi-eventi\/#primaryimage"},"thumbnailUrl":"https:\/\/www.intoscana.it\/wp-content\/uploads\/bambina-con-mascherina-scaled.jpg","datePublished":"2021-07-21T09:44:29+00:00","dateModified":"2021-07-22T07:39:13+00:00","author":{"@id":"https:\/\/www.intoscana.it\/it\/#\/schema\/person\/9223810753230f20bd670fdd322661f8"},"description":"In una settimana i casi sono triplicati,\u00a0i nuovi contagi registrati nelle ultime 24 ore sono 306 su 11.451 test","breadcrumb":{"@id":"https:\/\/www.intoscana.it\/it\/covid-in-toscana-si-superano-i-300-contagi-giani-favorevole-al-green-pass-per-i-grandi-eventi\/#breadcrumb"},"inLanguage":"it-IT","potentialAction":[{"@type":"ReadAction","target":["https:\/\/www.intoscana.it\/it\/covid-in-toscana-si-superano-i-300-contagi-giani-favorevole-al-green-pass-per-i-grandi-eventi\/"]}]},{"@type":"ImageObject","inLanguage":"it-IT","@id":"https:\/\/www.intoscana.it\/it\/covid-in-toscana-si-superano-i-300-contagi-giani-favorevole-al-green-pass-per-i-grandi-eventi\/#primaryimage","url":"https:\/\/www.intoscana.it\/wp-content\/uploads\/bambina-con-mascherina-scaled.jpg","contentUrl":"https:\/\/www.intoscana.it\/wp-content\/uploads\/bambina-con-mascherina-scaled.jpg","width":2048,"height":1366},{"@type":"BreadcrumbList","@id":"https:\/\/www.intoscana.it\/it\/covid-in-toscana-si-superano-i-300-contagi-giani-favorevole-al-green-pass-per-i-grandi-eventi\/#breadcrumb","itemListElement":[{"@type":"ListItem","position":1,"name":"Home","item":"https:\/\/www.intoscana.it\/it\/"},{"@type":"ListItem","position":2,"name":"Covid: in Toscana si superano i 300 contagi, Giani: &#8220;Favorevole al Green Pass per i grandi eventi&#8221;"}]},{"@type":"WebSite","@id":"https:\/\/www.intoscana.it\/it\/#website","url":"https:\/\/www.intoscana.it\/it\/","name":"intoscana","description":"","potentialAction":[{"@type":"SearchAction","target":{"@type":"EntryPoint","urlTemplate":"https:\/\/www.intoscana.it\/it\/?s={search_term_string}"},"query-input":{"@type":"PropertyValueSpecification","valueRequired":true,"valueName":"search_term_string"}}],"inLanguage":"it-IT"},{"@type":"Person","@id":"https:\/\/www.intoscana.it\/it\/#\/schema\/person\/9223810753230f20bd670fdd322661f8","name":"Redazione","url":"https:\/\/www.intoscana.it\/it\/author\/redazione\/"}]}},"_links":{"self":[{"href":"https:\/\/www.intoscana.it\/it\/wp-json\/wp\/v2\/posts\/184214","targetHints":{"allow":["GET"]}}],"collection":[{"href":"https:\/\/www.intoscana.it\/it\/wp-json\/wp\/v2\/posts"}],"about":[{"href":"https:\/\/www.intoscana.it\/it\/wp-json\/wp\/v2\/types\/post"}],"author":[{"embeddable":true,"href":"https:\/\/www.intoscana.it\/it\/wp-json\/wp\/v2\/users\/525"}],"replies":[{"embeddable":true,"href":"https:\/\/www.intoscana.it\/it\/wp-json\/wp\/v2\/comments?post=184214"}],"version-history":[{"count":0,"href":"https:\/\/www.intoscana.it\/it\/wp-json\/wp\/v2\/posts\/184214\/revisions"}],"wp:featuredmedia":[{"embeddable":true,"href":"https:\/\/www.intoscana.it\/it\/wp-json\/wp\/v2\/media\/154746"}],"wp:attachment":[{"href":"https:\/\/www.intoscana.it\/it\/wp-json\/wp\/v2\/media?parent=184214"}],"wp:term":[{"taxonomy":"category","embeddable":true,"href":"https:\/\/www.intoscana.it\/it\/wp-json\/wp\/v2\/categories?post=184214"},{"taxonomy":"post_tag","embeddable":true,"href":"https:\/\/www.intoscana.it\/it\/wp-json\/wp\/v2\/tags?post=184214"}],"curies":[{"name":"wp","href":"https:\/\/api.w.org\/{rel}","templated":true}]}}