{"id":184381,"date":"2021-07-22T16:57:40","date_gmt":"2021-07-22T14:57:40","guid":{"rendered":"https:\/\/www.intoscana.it\/it\/?p=184381"},"modified":"2021-07-22T17:01:05","modified_gmt":"2021-07-22T15:01:05","slug":"ghivizzano-azzurro-notte-magica-giovanni-di-lorenzo","status":"publish","type":"post","link":"https:\/\/www.intoscana.it\/it\/ghivizzano-azzurro-notte-magica-giovanni-di-lorenzo\/","title":{"rendered":"Ghivizzano si tinge d&#8217;azzurro per la notte magica di Giovanni Di Lorenzo"},"content":{"rendered":"<p>Quando tutto il paese s&#8217;emozionava per l&#8217;ascolto di quell&#8217;<em>Estate italiana<\/em> del duo Bennato-Nanni, <strong>Giovanni Di Lorenzo<\/strong> ancora non era venuto al mondo. Sarebbe nato tre anni dopo a Castelnuovo Garfagnana. \u00c8 per questa ragione che anche sfogliando wikipedia c&#8217;\u00e8 scritto proprio il nome di quel paese, Castelnuovo, e non Ghivizzano, luogo in cui \u00e8 davvero vissuto e cresciuto. \u00c8 qui che ancora abitano i genitori e il fratello, \u00e8 qui che ha comprato casa, \u00e8 qui che ha la residenza. <mark>Ed \u00e8 sempre qui che sabato prossimo, 24 luglio, l&#8217;intero borgo lo accoglier\u00e0 per festeggiarlo, regalandogli cos\u00ec la sua seconda &#8220;notte magica&#8221; di questa pazza estate italiana<\/mark>. <div class=\"focuson\"><a href=\"https:\/\/www.intoscana.it\/it\/articolo\/italia-vince-gli-europei-abbraccio-vialli-mancini\/\"><img decoding=\"async\" class=\"lazy\" src=\"https:\/\/www.intoscana.it\/wp-content\/uploads\/Vialli-Mancini-abbraccio-vittoria-europei.png\" style=\"\">\n                <div class=\"cat\">Italia, la vittoria agli Europei tutta in un abbraccio d\u2019amicizia<\/div>\n                <h4>EMOZIONI AZZURE<\/h4><\/a>\n              <\/div><\/p>\n<p>Per Di Lorenzo, questa, \u00e8 una <strong>stagione d&#8217;oro<\/strong>. D&#8217;accordo, avr\u00e0 pur visto sfumare all&#8217;ultimo minuto la qualificazione del suo Napoli alla champions league. Un risultato sportivo che non incide certo sul suo rendimento, sulla crescita costante, sul successo che invece di l\u00ec a breve ha ottenuto indossando la maglia della nazionale. Il Napoli gli ha appena rinnovato il contratto fino al 2026, e gi\u00e0 si diffondo voci di corteggiamenti spagnoli. <em>&#8220;\u00c8 nel mirino dell&#8217;Atletico Madrid&#8221;<\/em>, si legge un po&#8217; ovunque. <em>&#8220;Niente di vero&#8221;<\/em>, assicura il suo procuratore. Ma non \u00e8 certo di calciomercato quello di cui vogliamo parlarvi.<\/p>\n<h3>Un paese in festa<\/h3>\n<p>A fine mese Di Lorenzo raggiunger\u00e0 i compagni di squadra a Castel di Sangro, sede del ritiro. Ma in anticipo su quella scadenza, sabato prossimo, c&#8217;\u00e8 un appuntamento che lo aspetta, che lo vede protagonista e a cui tiene tantissimo: <mark>il suo paese, Ghivizzano, si tinger\u00e0 d&#8217;azzurro per lui<\/mark>. Ci sar\u00e0 una gran festa, con tanto di riconoscimento formale da parte dell&#8217;amministrazione comunale di <strong>Coreglia Antelminelli<\/strong>. <em>&#8220;Si tratta di un atto ufficiale che abbiamo approvato a giugno, all&#8217;unanimit\u00e0, e che gli avremmo consegnato a prescindere dall&#8217;esito dell&#8217;Europeo. Certo, si tratta di un gesto simbolico. Ma quel che conta, per noi come per lui, \u00e8 il valore affettivo di questo piccolo riconoscimento&#8221;<\/em> ci spiega il sindaco <strong>Marco Remaschi<\/strong> che con Di Lorenzo, nel corso degli anni, ha sempre mantenuto un rapporto costante.<\/p>\n<figure id=\"post-184402 media-184402\" class=\"align-center\"><img decoding=\"async\" class=\"aligncenter\" src=\"https:\/\/www.intoscana.it\/wp-content\/uploads\/Maxi-schermo-in-piazza-IV-Novembre-a-Ghivizzano.jpeg\" alt=\"\" \/><\/figure>\n<div class=\"titleimg\" style=\"text-align: center;\">Maxi schermo in piazza IV Novembre a Ghivizzano<\/div>\n<p>A dirla tutta, per\u00f2, per vedere il borgo colorarsi coi toni della nazionale non \u00e8 necessario attendere l&#8217;inizio della festa. <strong>Ghivizzano \u00e8 gi\u00e0 azzurra da giorni<\/strong>. Nella parte alta del paese millenario fa bella mostra di s\u00e9 la trecentesca torre della Rocca dell&#8217;allora signore di Lucca, <strong>Castruccio Castracani<\/strong>. Ebbene, ogni giorno quella torre s&#8217;illumina d&#8217;azzurro mettendo in evidenza il <strong>numero 2<\/strong>, una sera dopo l&#8217;altra.<\/p>\n<h3>Questione di numeri<\/h3>\n<p><mark>Il 2 non \u00e8 solo il numero stampato sulla schiena di Giovanni Di Lorenzo nel corso nell&#8217;Europeo. Il 2 \u00e8 il suo numero, punto e basta<\/mark>. Dov&#8217;\u00e8 stato possibile ha sempre scelto quel 2 che, da che mondo e mondo, prima delle personalizzazioni e dei nomi stampati sulle magliette, nella classificazione pi\u00f9 tradizionale del calcio che fu ha sempre rappresentato il terzino. <mark>E la sua gente? Attende, acclama e coccola quel 2 cos\u00ec speciale<\/mark>. Da Roma alla finale di Wembley erano tutti l\u00ec. Non incollati al televisore, ma riuniti come una vera comunit\u00e0 in piazza IV Novembre di fronte al maxischermo. Cos\u00ec \u00e8 stato ogni volta, per ogni partita, fatta eccezione per il debutto contro la Turchia. Prima la Svizzera, poi Galles, Belgio, Spagna e, finalmente, l&#8217;Inghilterra. Un crescendo di presenze che si \u00e8 concluso col suono delle campane, i fuochi d&#8217;artificio e una diffusa e giustificata felicit\u00e0.<\/p>\n<figure id=\"post-184406 media-184406\" class=\"align-center\"><img decoding=\"async\" class=\"aligncenter\" src=\"https:\/\/www.intoscana.it\/wp-content\/uploads\/Giovanni-di-Lorenzo-nelle-giovanili-della-Lucchese-03.jpeg\" alt=\"\" \/><\/figure>\n<div class=\"titleimg\" style=\"text-align: center;\">Giovanni di Lorenzo nelle giovanili della Lucchese 03<\/div>\n<p>A differenza di <strong>Marco Tardelli<\/strong>, che pur essendo originario di un altro paesino delle Alpi Apuane (Careggine) ha sempre dichiarato di sentirsi &#8220;pisano&#8221; perch\u00e9 \u00e8 l\u00ec che \u00e8 cresciuto umanamente e sportivamente, <strong>Giovanni Di Lorenzo<\/strong> continua a identificare Ghivizzano come casa sua. \u00c8 la sua culla, il suo porto sicuro. <em>&#8220;Anche se il lavoro l&#8217;ha portato lontano, appena pu\u00f2 torna per rivedere la famiglia e gli amici, a cui \u00e8 molto legato&#8221;<\/em> assicura Remaschi. Dopo alcune esperienze nelle squadre della Media Valle, Giovanni \u00e8 approdato alla <strong>Lucchese<\/strong> (l&#8217;ultimo giocatore ad aver vestito sia la maglia rossonera sia quella della nazionale era stato <strong>Eusebio di Francesco<\/strong>). Per \u00e8 stata la volta di <strong>Reggio Calabria<\/strong>, <strong>Matera<\/strong>, <strong>Empoli<\/strong> e infine <strong>Napoli<\/strong> e la <strong>nazionale<\/strong>. Un crescendo rossiniano che non l&#8217;ha fatto sbandare e che non l&#8217;ha allontanato dal focolare da cui ha origine e a cui fa sempre ritorno, anche ora che ha una famiglia tutta sua.<\/p>\n<h3>Una famiglia modello<\/h3>\n<p><mark>Tutti in paese dipingono suo padre, sua madre, sua nonna e suo fratello come <em>&#8220;persone straordinarie&#8221;<\/em>. E lo straordinario, in questi caso, \u00e8 essere normali<\/mark>. <em>&#8220;\u00c8 gente per bene, umile, si fa ben volere da sempre. Proprio come Giovanni. Anche ora che ha tutti i riflettori puntati addosso, il legame col paese, con la famiglia e con la gente di qua \u00e8 davvero indissolubile&#8221;<\/em> confessa il sindaco. <em>&#8220;La famiglia Di Lorenzo \u00e8 gentile, sempre sorridente. Si fermano a parlare con chiunque. Del resto, qua, ci conosciamo tutti&#8230;&#8221;<\/em> ci racconta <strong>Francesca Romagnoli<\/strong>, che oltre a lavorare per l&#8217;Unione dei Comuni della Media Valle \u00e8 anche assessore a Barga e vicina di casa di Giovanni<em> &#8220;che, insieme al fratello, incarna i valori dei loro genitori&#8221;<\/em>. <mark>Valori che spesso si manifestano con l&#8217;assenza. Non dalla vita dei propri figli, sia chiaro<\/mark>. Anche perch\u00e9 sappiamo che Giovanni, dopo ogni partita e in qualsiasi posto del mondo si trovi, la prima cosa che fa dopo essere rientrato negli spogliatoi \u00e8 quella di <strong>chiamare a casa, a Ghivizzano<\/strong>. No, l&#8217;assenza a cui facciamo riferimento si riferisce alla dimensione pubblica. Spesso rifiutano le interviste non per pudore o imbarazzo, ma solo per rispettare il figlio e per evitare che le loro chiacchiere possano in qualche modo disturbarlo o distrarlo. <em>&#8220;Hanno sempre sostenuto Giovanni&#8221;<\/em>, chiosa il sindaco<em>. &#8220;Ma gli hanno anche permesso di tenere i piedi ben saldi a terra&#8221;.<\/em><\/p>\n<figure id=\"post-184398 media-184398\" class=\"align-center\"><img decoding=\"async\" class=\"aligncenter\" src=\"https:\/\/www.intoscana.it\/wp-content\/uploads\/La-famiglia-di-Giovanni-Di-Lorenzo-intervistata-da-Sky-durante-lEuropeo.jpeg\" alt=\"\" \/><\/figure>\n<div class=\"titleimg\" style=\"text-align: center;\">La famiglia di Giovanni Di Lorenzo intervistata da Sky durante l\u2019Europeo<\/div>\n<p>E allora <strong>che festa sia<\/strong>. Sabato prossimo, 24 luglio, dalle 21 in poi. Nella stessa piazza IV novembre che ha ospitato i compaesani in festa, che ora sono orgogliosi di lui pi\u00f9 che mai. <em>&#8220;La vittoria della nazionale e di Giovanni ha unito tutti, pi\u00f9 di quanto non lo fossero gi\u00e0&#8221;<\/em> ci spiega Francesca.<em> &#8220;Il Comune, il centro parrocchiale, i gruppi sportivi&#8230; Sono tutti ugualmente coinvolti. <mark>Il paese si \u00e8 sentito investito di un ruolo. E ora, sempre pi\u00f9 coesi, vivremo giustamente questo momento di festa organizzato per celebrare uno dei nostri ragazzi<\/mark>&#8220;<\/em>. Che, ne siamo convinti, si presenter\u00e0 con la <strong>medaglia d&#8217;<\/strong>oro attorno al collo. Com&#8217;\u00e8 giusto che sia. E chiss\u00e0 se qualcuno, sabato sera, parafrasando la frase simbolo di questa vittoria europea non grider\u00e0 in coro <strong><em>&#8220;It&#8217;s coming Ghivizzano&#8221;<\/em><\/strong>.<\/p>\n","protected":false},"excerpt":{"rendered":"<p>Sulla Torre di Castruccio \u00e8 impresso da giorni il numero 2 del terzino campione d&#8217;Europa. Ora Ghivizzano festegger\u00e0 il cittadino illustre che non ha mai pensato di rinnegare le sue origini. Merito della normalit\u00e0 di una famiglia straordinaria<\/p>\n","protected":false},"author":521,"featured_media":184435,"comment_status":"open","ping_status":"open","sticky":false,"template":"","format":"standard","meta":{"_acf_changed":false,"footnotes":""},"categories":[4],"tags":[290,4904,6085,4459,5827],"class_list":["post-184381","post","type-post","status-publish","format-standard","has-post-thumbnail","hentry","category-storie","tag-calcio","tag-empoli","tag-italia","tag-lucchese","tag-nazionale-calcio"],"acf":[],"yoast_head":"<!-- This site is optimized with the Yoast SEO Premium plugin v24.2 (Yoast SEO v25.6) - https:\/\/yoast.com\/wordpress\/plugins\/seo\/ -->\n<title>Ghivizzano si tinge d&#039;azzurro per la notte magica di Giovanni Di Lorenzo - intoscana<\/title>\n<meta name=\"description\" content=\"Sulla Torre di Castruccio \u00e8 impresso da giorni il numero 2 del terzino campione d&#039;Europa. Ora Ghivizzano festegger\u00e0 il cittadino illustre che non ha mai pensato di rinnegare le sue origini. Merito della normalit\u00e0 di una famiglia straordinaria\" \/>\n<meta name=\"robots\" content=\"index, follow, max-snippet:-1, max-image-preview:large, max-video-preview:-1\" \/>\n<link rel=\"canonical\" href=\"https:\/\/www.intoscana.it\/it\/ghivizzano-azzurro-notte-magica-giovanni-di-lorenzo\/\" \/>\n<meta property=\"og:locale\" content=\"it_IT\" \/>\n<meta property=\"og:type\" content=\"article\" \/>\n<meta property=\"og:title\" content=\"Ghivizzano si tinge d&#039;azzurro per la notte magica di Giovanni Di Lorenzo\" \/>\n<meta property=\"og:description\" content=\"Sulla Torre di Castruccio \u00e8 impresso da giorni il numero 2 del terzino campione d&#039;Europa. Ora Ghivizzano festegger\u00e0 il cittadino illustre che non ha mai pensato di rinnegare le sue origini. Merito della normalit\u00e0 di una famiglia straordinaria\" \/>\n<meta property=\"og:url\" content=\"https:\/\/www.intoscana.it\/it\/ghivizzano-azzurro-notte-magica-giovanni-di-lorenzo\/\" \/>\n<meta property=\"og:site_name\" content=\"intoscana\" \/>\n<meta property=\"article:publisher\" content=\"https:\/\/www.facebook.com\/intoscana.it\" \/>\n<meta property=\"article:published_time\" content=\"2021-07-22T14:57:40+00:00\" \/>\n<meta property=\"article:modified_time\" content=\"2021-07-22T15:01:05+00:00\" \/>\n<meta property=\"og:image\" content=\"https:\/\/www.intoscana.it\/wp-content\/uploads\/Giovanni-Di-Lorenzo-con-la-coppa-di-Euro-2020-1.jpeg\" \/>\n\t<meta property=\"og:image:width\" content=\"750\" \/>\n\t<meta property=\"og:image:height\" content=\"649\" \/>\n\t<meta property=\"og:image:type\" content=\"image\/jpeg\" \/>\n<meta name=\"author\" content=\"Gianluca Testa\" \/>\n<meta name=\"twitter:card\" content=\"summary_large_image\" \/>\n<meta name=\"twitter:creator\" content=\"@intoscana\" \/>\n<meta name=\"twitter:site\" content=\"@intoscana\" \/>\n<meta name=\"twitter:label1\" content=\"Written by\" \/>\n\t<meta name=\"twitter:data1\" content=\"Gianluca Testa\" \/>\n\t<meta name=\"twitter:label2\" content=\"Est. reading time\" \/>\n\t<meta name=\"twitter:data2\" content=\"5 minuti\" \/>\n<script type=\"application\/ld+json\" class=\"yoast-schema-graph\">{\"@context\":\"https:\/\/schema.org\",\"@graph\":[{\"@type\":\"WebPage\",\"@id\":\"https:\/\/www.intoscana.it\/it\/ghivizzano-azzurro-notte-magica-giovanni-di-lorenzo\/\",\"url\":\"https:\/\/www.intoscana.it\/it\/ghivizzano-azzurro-notte-magica-giovanni-di-lorenzo\/\",\"name\":\"Ghivizzano si tinge d'azzurro per la notte magica di Giovanni Di Lorenzo - intoscana\",\"isPartOf\":{\"@id\":\"https:\/\/www.intoscana.it\/it\/#website\"},\"primaryImageOfPage\":{\"@id\":\"https:\/\/www.intoscana.it\/it\/ghivizzano-azzurro-notte-magica-giovanni-di-lorenzo\/#primaryimage\"},\"image\":{\"@id\":\"https:\/\/www.intoscana.it\/it\/ghivizzano-azzurro-notte-magica-giovanni-di-lorenzo\/#primaryimage\"},\"thumbnailUrl\":\"https:\/\/www.intoscana.it\/wp-content\/uploads\/Giovanni-Di-Lorenzo-con-la-coppa-di-Euro-2020-1.jpeg\",\"datePublished\":\"2021-07-22T14:57:40+00:00\",\"dateModified\":\"2021-07-22T15:01:05+00:00\",\"author\":{\"@id\":\"https:\/\/www.intoscana.it\/it\/#\/schema\/person\/f437e015c68b2824ef01d2ed8cdb2923\"},\"description\":\"Sulla Torre di Castruccio \u00e8 impresso da giorni il numero 2 del terzino campione d'Europa. Ora Ghivizzano festegger\u00e0 il cittadino illustre che non ha mai pensato di rinnegare le sue origini. Merito della normalit\u00e0 di una famiglia straordinaria\",\"breadcrumb\":{\"@id\":\"https:\/\/www.intoscana.it\/it\/ghivizzano-azzurro-notte-magica-giovanni-di-lorenzo\/#breadcrumb\"},\"inLanguage\":\"it-IT\",\"potentialAction\":[{\"@type\":\"ReadAction\",\"target\":[\"https:\/\/www.intoscana.it\/it\/ghivizzano-azzurro-notte-magica-giovanni-di-lorenzo\/\"]}]},{\"@type\":\"ImageObject\",\"inLanguage\":\"it-IT\",\"@id\":\"https:\/\/www.intoscana.it\/it\/ghivizzano-azzurro-notte-magica-giovanni-di-lorenzo\/#primaryimage\",\"url\":\"https:\/\/www.intoscana.it\/wp-content\/uploads\/Giovanni-Di-Lorenzo-con-la-coppa-di-Euro-2020-1.jpeg\",\"contentUrl\":\"https:\/\/www.intoscana.it\/wp-content\/uploads\/Giovanni-Di-Lorenzo-con-la-coppa-di-Euro-2020-1.jpeg\",\"width\":750,\"height\":649},{\"@type\":\"BreadcrumbList\",\"@id\":\"https:\/\/www.intoscana.it\/it\/ghivizzano-azzurro-notte-magica-giovanni-di-lorenzo\/#breadcrumb\",\"itemListElement\":[{\"@type\":\"ListItem\",\"position\":1,\"name\":\"Home\",\"item\":\"https:\/\/www.intoscana.it\/it\/\"},{\"@type\":\"ListItem\",\"position\":2,\"name\":\"Ghivizzano si tinge d&#8217;azzurro per la notte magica di Giovanni Di Lorenzo\"}]},{\"@type\":\"WebSite\",\"@id\":\"https:\/\/www.intoscana.it\/it\/#website\",\"url\":\"https:\/\/www.intoscana.it\/it\/\",\"name\":\"intoscana\",\"description\":\"\",\"potentialAction\":[{\"@type\":\"SearchAction\",\"target\":{\"@type\":\"EntryPoint\",\"urlTemplate\":\"https:\/\/www.intoscana.it\/it\/?s={search_term_string}\"},\"query-input\":{\"@type\":\"PropertyValueSpecification\",\"valueRequired\":true,\"valueName\":\"search_term_string\"}}],\"inLanguage\":\"it-IT\"},{\"@type\":\"Person\",\"@id\":\"https:\/\/www.intoscana.it\/it\/#\/schema\/person\/f437e015c68b2824ef01d2ed8cdb2923\",\"name\":\"Gianluca Testa\",\"url\":\"https:\/\/www.intoscana.it\/it\/author\/gianluca-testa\/\"}]}<\/script>\n<!-- \/ Yoast SEO Premium plugin. -->","yoast_head_json":{"title":"Ghivizzano si tinge d'azzurro per la notte magica di Giovanni Di Lorenzo - intoscana","description":"Sulla Torre di Castruccio \u00e8 impresso da giorni il numero 2 del terzino campione d'Europa. Ora Ghivizzano festegger\u00e0 il cittadino illustre che non ha mai pensato di rinnegare le sue origini. Merito della normalit\u00e0 di una famiglia straordinaria","robots":{"index":"index","follow":"follow","max-snippet":"max-snippet:-1","max-image-preview":"max-image-preview:large","max-video-preview":"max-video-preview:-1"},"canonical":"https:\/\/www.intoscana.it\/it\/ghivizzano-azzurro-notte-magica-giovanni-di-lorenzo\/","og_locale":"it_IT","og_type":"article","og_title":"Ghivizzano si tinge d'azzurro per la notte magica di Giovanni Di Lorenzo","og_description":"Sulla Torre di Castruccio \u00e8 impresso da giorni il numero 2 del terzino campione d'Europa. Ora Ghivizzano festegger\u00e0 il cittadino illustre che non ha mai pensato di rinnegare le sue origini. Merito della normalit\u00e0 di una famiglia straordinaria","og_url":"https:\/\/www.intoscana.it\/it\/ghivizzano-azzurro-notte-magica-giovanni-di-lorenzo\/","og_site_name":"intoscana","article_publisher":"https:\/\/www.facebook.com\/intoscana.it","article_published_time":"2021-07-22T14:57:40+00:00","article_modified_time":"2021-07-22T15:01:05+00:00","og_image":[{"width":750,"height":649,"url":"https:\/\/www.intoscana.it\/wp-content\/uploads\/Giovanni-Di-Lorenzo-con-la-coppa-di-Euro-2020-1.jpeg","type":"image\/jpeg"}],"author":"Gianluca Testa","twitter_card":"summary_large_image","twitter_creator":"@intoscana","twitter_site":"@intoscana","twitter_misc":{"Written by":"Gianluca Testa","Est. reading time":"5 minuti"},"schema":{"@context":"https:\/\/schema.org","@graph":[{"@type":"WebPage","@id":"https:\/\/www.intoscana.it\/it\/ghivizzano-azzurro-notte-magica-giovanni-di-lorenzo\/","url":"https:\/\/www.intoscana.it\/it\/ghivizzano-azzurro-notte-magica-giovanni-di-lorenzo\/","name":"Ghivizzano si tinge d'azzurro per la notte magica di Giovanni Di Lorenzo - intoscana","isPartOf":{"@id":"https:\/\/www.intoscana.it\/it\/#website"},"primaryImageOfPage":{"@id":"https:\/\/www.intoscana.it\/it\/ghivizzano-azzurro-notte-magica-giovanni-di-lorenzo\/#primaryimage"},"image":{"@id":"https:\/\/www.intoscana.it\/it\/ghivizzano-azzurro-notte-magica-giovanni-di-lorenzo\/#primaryimage"},"thumbnailUrl":"https:\/\/www.intoscana.it\/wp-content\/uploads\/Giovanni-Di-Lorenzo-con-la-coppa-di-Euro-2020-1.jpeg","datePublished":"2021-07-22T14:57:40+00:00","dateModified":"2021-07-22T15:01:05+00:00","author":{"@id":"https:\/\/www.intoscana.it\/it\/#\/schema\/person\/f437e015c68b2824ef01d2ed8cdb2923"},"description":"Sulla Torre di Castruccio \u00e8 impresso da giorni il numero 2 del terzino campione d'Europa. Ora Ghivizzano festegger\u00e0 il cittadino illustre che non ha mai pensato di rinnegare le sue origini. Merito della normalit\u00e0 di una famiglia straordinaria","breadcrumb":{"@id":"https:\/\/www.intoscana.it\/it\/ghivizzano-azzurro-notte-magica-giovanni-di-lorenzo\/#breadcrumb"},"inLanguage":"it-IT","potentialAction":[{"@type":"ReadAction","target":["https:\/\/www.intoscana.it\/it\/ghivizzano-azzurro-notte-magica-giovanni-di-lorenzo\/"]}]},{"@type":"ImageObject","inLanguage":"it-IT","@id":"https:\/\/www.intoscana.it\/it\/ghivizzano-azzurro-notte-magica-giovanni-di-lorenzo\/#primaryimage","url":"https:\/\/www.intoscana.it\/wp-content\/uploads\/Giovanni-Di-Lorenzo-con-la-coppa-di-Euro-2020-1.jpeg","contentUrl":"https:\/\/www.intoscana.it\/wp-content\/uploads\/Giovanni-Di-Lorenzo-con-la-coppa-di-Euro-2020-1.jpeg","width":750,"height":649},{"@type":"BreadcrumbList","@id":"https:\/\/www.intoscana.it\/it\/ghivizzano-azzurro-notte-magica-giovanni-di-lorenzo\/#breadcrumb","itemListElement":[{"@type":"ListItem","position":1,"name":"Home","item":"https:\/\/www.intoscana.it\/it\/"},{"@type":"ListItem","position":2,"name":"Ghivizzano si tinge d&#8217;azzurro per la notte magica di Giovanni Di Lorenzo"}]},{"@type":"WebSite","@id":"https:\/\/www.intoscana.it\/it\/#website","url":"https:\/\/www.intoscana.it\/it\/","name":"intoscana","description":"","potentialAction":[{"@type":"SearchAction","target":{"@type":"EntryPoint","urlTemplate":"https:\/\/www.intoscana.it\/it\/?s={search_term_string}"},"query-input":{"@type":"PropertyValueSpecification","valueRequired":true,"valueName":"search_term_string"}}],"inLanguage":"it-IT"},{"@type":"Person","@id":"https:\/\/www.intoscana.it\/it\/#\/schema\/person\/f437e015c68b2824ef01d2ed8cdb2923","name":"Gianluca Testa","url":"https:\/\/www.intoscana.it\/it\/author\/gianluca-testa\/"}]}},"_links":{"self":[{"href":"https:\/\/www.intoscana.it\/it\/wp-json\/wp\/v2\/posts\/184381","targetHints":{"allow":["GET"]}}],"collection":[{"href":"https:\/\/www.intoscana.it\/it\/wp-json\/wp\/v2\/posts"}],"about":[{"href":"https:\/\/www.intoscana.it\/it\/wp-json\/wp\/v2\/types\/post"}],"author":[{"embeddable":true,"href":"https:\/\/www.intoscana.it\/it\/wp-json\/wp\/v2\/users\/521"}],"replies":[{"embeddable":true,"href":"https:\/\/www.intoscana.it\/it\/wp-json\/wp\/v2\/comments?post=184381"}],"version-history":[{"count":0,"href":"https:\/\/www.intoscana.it\/it\/wp-json\/wp\/v2\/posts\/184381\/revisions"}],"wp:featuredmedia":[{"embeddable":true,"href":"https:\/\/www.intoscana.it\/it\/wp-json\/wp\/v2\/media\/184435"}],"wp:attachment":[{"href":"https:\/\/www.intoscana.it\/it\/wp-json\/wp\/v2\/media?parent=184381"}],"wp:term":[{"taxonomy":"category","embeddable":true,"href":"https:\/\/www.intoscana.it\/it\/wp-json\/wp\/v2\/categories?post=184381"},{"taxonomy":"post_tag","embeddable":true,"href":"https:\/\/www.intoscana.it\/it\/wp-json\/wp\/v2\/tags?post=184381"}],"curies":[{"name":"wp","href":"https:\/\/api.w.org\/{rel}","templated":true}]}}