{"id":184529,"date":"2021-07-23T12:58:09","date_gmt":"2021-07-23T10:58:09","guid":{"rendered":"https:\/\/www.intoscana.it\/it\/?p=184529"},"modified":"2021-07-23T13:00:19","modified_gmt":"2021-07-23T11:00:19","slug":"majid-capovani-noi-persone-trans-vogliamo-essere-tutelate-prima-di-essere-picchiate-o-umiliate","status":"publish","type":"post","link":"https:\/\/www.intoscana.it\/it\/majid-capovani-noi-persone-trans-vogliamo-essere-tutelate-prima-di-essere-picchiate-o-umiliate\/","title":{"rendered":"Majid Capovani: &#8220;Noi persone trans vogliamo essere tutelate prima di essere picchiate o umiliate&#8221;"},"content":{"rendered":"<p><strong>Viviamo in un&#8217;epoca di grandi cambiamenti sociali,<\/strong> solo pochi anni fa sembrava impossibile il matrimonio tra persone dello sesso sesso. Per molti \u00e8 difficile accettare di vivere in <strong>un mondo che sta cambiando<\/strong>, in cui non \u00e8 pi\u00f9 possibile <strong>mettere le persone in &#8220;scatole&#8221;<\/strong> nel tentativo di definirle, o impedire di valicare dei confini che sono sempre pi\u00f9 inconsistenti.<\/p>\n<p>A chi si appella a un fantomatico\u00a0<em><strong>&#8220;politically correct&#8221;<\/strong><\/em> per cui <strong>&#8220;non si pu\u00f2 pi\u00f9 dire niente&#8221;<\/strong> rispondiamo che basta aprire facebook, un quotidiano qualsiasi o la televisione per vedere quanto <strong>la societ\u00e0 in cui viviamo sia omofoba, transfobica, maschilista, razzista, abilista e ageista<\/strong>. Ogni giorno la cronaca riporta<strong> casi di violenza nei confronti di extracomunitari, donne, anziani, omosessuali e trans<\/strong>. Perch\u00e8 dovremmo difendere chi odia?<\/p>\n<p>Quindi no, non viviamo nell&#8217;era del politically correct viviamo in un&#8217;epoca in cui <strong>odiare sembra\u00a0diventato\u00a0uno sport nazionale<\/strong>, ma noi abbiamo scelto da che parte stare quella del <strong>rispetto di tutti gli esseri umani<\/strong> che siano <strong>anziani, bambini, donne, disabili, transgender, omosessuali.<\/strong><\/p>\n<p><strong>La buona salute di una democrazia si misura dal modo in cui tratta le minoranze<\/strong>, quelle<strong> i cui diritti sono pi\u00f9 a rischio,<\/strong> diritti che il<strong> DDL Zan<\/strong> potrebbe aiutare a difendere.<\/p>\n<p>\u00c8 per questo che vogliamo raccontarvi la storia di <a href=\"https:\/\/www.instagram.com\/majid_capovani\/\" target=\"_blank\" rel=\"noopener\"><strong>Majid Capovani giovanissimo ragazzo trans di 22 anni<\/strong><\/a> che <strong>studia all&#8217;Universit\u00e0 di filosofia di Pisa ed \u00e8 un attivista LGBT+<\/strong>.<\/p>\n<p><strong>Ciao Majid! Ti va di raccontarmi quando hai capito che volevi affrontare un processo di transizione?<\/strong><\/p>\n<p>I miei primissimi ricordi risalgono a quando avevo circa quattro anni e gi\u00e0 in quel periodo avevo una percezione chiara di quello che era la mia identit\u00e0. Chiaramente<strong> non conoscevo la definizione di transgender<\/strong>. Preferivo giochi o vestiti associati al genere maschile, anche se ora sono dell&#8217;idea n\u00e8 vestiti n\u00e8 giochi abbiano un genere. <strong>Non mi facevo tanti problemi<\/strong> anche perch\u00e8 i bambini piccoli hanno un po&#8217; tutti la stessa fisicit\u00e0. <strong>Ho cominciato a risentire del rapporto con il mio corpo nel periodo della pubert\u00e0<\/strong> tra gli 11 e 15 anni. L\u00ec ho capito che c&#8217;era qualcosa che non andava, <strong>sentivo una discrepanza tra la mia identit\u00e0 di genere e il modo in cui si stava sviluppando il mio corpo<\/strong>. Mi guardavo allo specchio, vedevo un corpo femminile e pensavo che non volevo essere una ragazza, volevo essere un ragazzo.<\/p>\n<div dir=\"ltr\"><p><span class=\"citazione\">quando ho scoperto su Internet l&#8217;esistenza del termine transgender \u00e8 stata un&#8217;illuminazione, perch\u00e8 ho capito che quello che sentivo e che provavo aveva un nome, che non ero l&#8217;unico e non c&#8217;era niente di sbagliato<\/span><\/p><\/div>\n<p><strong>Poi cos&#8217;\u00e8 successo?<\/strong><\/p>\n<p><strong>Per tanto tempo ho pensato di essere sbagliato<\/strong> perch\u00e8 non avevo modelli di confronto, <strong>non avevo definizioni in cui riconoscermi<\/strong>.\u00a0\u00c8 per questo che sostengo che i termini o quelle che possono sembrare etichette siano cos\u00ec importanti perch\u00e8 danno un senso di appartenenza, permettono di dire a una persona: io sono questo.<strong> Verso i 15 anni quando ho scoperto su Internet l&#8217;esistenza del termine transgender \u00e8 stata un&#8217;illuminazione,<\/strong> perch\u00e8 leggendo la definizione<strong> ho capito che quello che sentivo e che provavo aveva un nome, che non ero l&#8217;unico e non c&#8217;era niente di sbagliato<\/strong>.<\/p>\n<p>Verso i 16 anni ho deciso di cominciare un percorso di transizione che \u00e8 partito a 17 anni. Nel mio caso <strong>sapevo che avevo bisogno di un percorso medicalizzato,<\/strong> anche se \u00e8 importante dire che non tutte le persone trans sentono questo bisogno. <strong>Ci sono persone che non vogliono intraprendere una terapia ormonale o che la vogliono intraprendere ma non vogliono sottoporsi a interventi,<\/strong> non per questo sono meno trans di altre. Io sentivo il bisogno di intraprendere la <strong>terapia ormonale<\/strong> e poi sottopormi all&#8217;intervento di<strong> mastectomia<\/strong> cosa che ho fatto lo scorso dicembre. <strong>Adesso mi sento completo e in pace.<\/strong><\/p>\n<p><strong>La cosa che mi ha colpito di pi\u00f9 <a href=\"https:\/\/www.instagram.com\/majid_capovani\/\" target=\"_blank\" rel=\"noopener\">nelle tue stories su Instagram<\/a> \u00e8 il fatto che c&#8217;\u00e8 stata una psichiatra che sembrava volerti obbligare a fare un processo di transizione completo, quando in realt\u00e0 ogni persona pu\u00f2 decidere di cambiare il proprio corpo come desidera e la legge tutela le sue scelte. Il fatto che nella sanit\u00e0 italiana ci sia questa &#8220;confusione&#8221; mi ha un po&#8217; scioccata<\/strong><\/p>\n<p>Purtroppo in generale<strong> le figure mediche non sono quasi mai preparate a interfacciarsi con persone trans<\/strong>. Io ho amici che studiano medicina all&#8217;Universit\u00e0 e mi dicono che di queste cose non si parla mai. <strong>Le persone trans sono ignorate<\/strong> nonostante molte di loro affrontino un percorso di transizione e abbiano bisogno di molte visite. <strong>Per il percorso di transizione in Italia \u00e8 obbligatorio fare prima un iter psicologico in cui viene rilasciata una diagnosi di incongruenza di genere<\/strong> che serve per accedere sia alla terapia ormonale che agli interventi chirurgici. Non basta vedere solo uno psicologo o una psicologa ma bisogna passare anche per uno psichiatra. Io ne ho visti due, quella dell&#8217;ospedale che lavora quotidianamente con persone trans nel reparto di incongruenza di genere <strong>mi ha fatto pressioni per effettuare l&#8217;intervento di isterectomia<\/strong> cio\u00e8 <strong>la rimozione dell&#8217;utero<\/strong> e lo ha fatto <strong>dandomi informazioni che si sono rivelate false.<\/strong> Come <strong>il rischio di andare incontro a tumori,<\/strong> una cosa che si credeva anni fa ma che ricerche mediche internazionali hanno smentito. Non c&#8217;\u00e8 infatti nessuna correlazione tra terapie ormonali e tumori all&#8217;utero. <strong>Mi ha fatto un vero e proprio terrorismo psicologico.<\/strong><\/p>\n<figure id=\"post-184535 media-184535\" class=\"align-center\"><img decoding=\"async\" src=\"https:\/\/www.intoscana.it\/wp-content\/uploads\/Majid-Capovani-2.jpg\" alt=\"\" \/><\/figure>\n<div class=\"titleimg\"><em>Majid Capovani<\/em><\/div>\n<p>Oltretutto io<strong> avevo chiesto la possibilit\u00e0 di poter fare la crioconservazione degli ovuli e lei mi ha detto che in Italia questa procedura non \u00e8 possibile,<\/strong> un&#8217;altra cosa che poi ho scoperto essere falsa. Non potevo ribattere o impuntarmi perch\u00e8 quella psichiatra doveva autorizzarmi o meno alla visita endocronologica e a iniziare la terapia ormonale quindi<strong> sono dovuto stare zitto<\/strong>. Psicologicamente \u00e8 molto pesante, perch\u00e8 <strong>ci troviamo nelle mani di persone che spesso non sono minimamente preparate<\/strong>. Il mio non \u00e8 un caso isolato,<strong> ho raccolto molte testimonianze simili alla mia<\/strong> che sono veramente agghiaccianti. Nessuno \u00e8 obbligato a un determinato trattamento sanitario contro la sua volont\u00e0, anche perch\u00e8 queste sono operazioni molto delicate.<\/p>\n<p><strong>Hai fatto un intervento molto interessante all&#8217;ultimo Pride a Pisa, hai detto &#8220;Noi non vogliamo essere tutelati quando siamo gi\u00e0 stati picchiati e insultati&#8221; questo mi ha fatto riflettere su quanto sia importante che sia approvato il DDL Zan, questa legge che si sta in questi giorni dibattendo con cos\u00ec tanta fatica<\/strong><\/p>\n<p><strong>\u00c8 una legge assolutamente necessaria<\/strong>\u00a0con tutti i suoi limiti e le sue lacune, perch\u00e8 potrebbe essere migliorata, ma <strong>\u00e8 comunque un passo avanti.<\/strong> <strong>L&#8217;Italia \u00e8 uno dei pochi paesi a livello europeo che non ha ancora leggi di questo tipo<\/strong> mentre tutti gli altri ce l&#8217;hanno. Bisogna tener conto che comunque sono tutte leggi che<strong> vanno ad agire quando determinati reati d&#8217;odio si sono gi\u00e0 verificati.<\/strong> C&#8217;\u00e8 anche una parte preventiva per\u00f2 il cuore \u00e8 molto pi\u00f9 punitivo. Una persona non vuole vedersi tutelata solo quando \u00e8 stata gi\u00e0 aggredita, che si tratti di un insulto o di un pestaggio. <strong>Casi di omofobia o transfobia ci sono quotidianamente anche se non sempre si leggono sui giornali.<\/strong> Oltre a una legge punitiva<strong> occorrono soprattutto delle strategie di prevenzione.<\/strong>\u00a0La cosa importante \u00e8 che ogni persona che sia LGBT+ o che faccia parte di altre categorie marginalizzate sia tutelata per evitare che vada incontro ad aggressioni. <strong>Occorre educare la societ\u00e0 alle differenze<\/strong> anche se questa parola non mi piace, diversi da chi? Da cosa? Diciamo educare alle caratteristiche di ogni persona.<\/p>\n<p><strong>Bisognerebbe far capire alle persone che il mondo \u00e8 una variet\u00e0 infinita di possibilit\u00e0 e questa \u00e8 sempre una ricchezza non sar\u00e0 mai un disvalore<\/strong><\/p>\n<p>Esatto spesso tendiamo a ragionare in termini di bianco e nero, buono e cattivo, in un&#8217;ottica di dualismo. <strong>Stiamo perdendo la capacit\u00e0 di pensare alla complessit\u00e0 delle cose, si cerca sempre di riportare tutto a schemi semplificati<\/strong> che vanno a snaturare la realt\u00e0 perch\u00e8<strong> il mondo \u00e8 complesso, pieno di sfumature<\/strong>, gli esseri umani non sono codici bianri di un computer. Ognuno di noi deve essere libero di vivvere la propria vita senza sentirsi minacciato solo per il fatto di esistere cos\u00ec com&#8217;\u00e8. <strong>I cambiamenti fanno sempre paura e si incontrano sempre resistenze, i &#8220;colpi di coda&#8221; del pensiero dominante che \u00e8 esistito fino ad oggi.<\/strong><\/p>\n<figure id=\"post-184533 media-184533\" class=\"align-center\"><img decoding=\"async\" src=\"https:\/\/www.intoscana.it\/wp-content\/uploads\/Majid-Capovani-3.jpg\" alt=\"\" \/><\/figure>\n<div class=\"titleimg\"><em>Majid Capovani<\/em><\/div>\n","protected":false},"excerpt":{"rendered":"<p>Intervista all&#8217;attivista LGBT+ che ci racconta la storia della sua transizione e perch\u00e8 \u00e8 importante il DDL Zan<\/p>\n","protected":false},"author":518,"featured_media":184531,"comment_status":"open","ping_status":"open","sticky":false,"template":"","format":"standard","meta":{"_acf_changed":false,"footnotes":""},"categories":[4],"tags":[5215,3136],"class_list":["post-184529","post","type-post","status-publish","format-standard","has-post-thumbnail","hentry","category-storie","tag-diritti-umani","tag-interviste"],"acf":[],"yoast_head":"<!-- This site is optimized with the Yoast SEO Premium plugin v24.2 (Yoast SEO v25.6) - https:\/\/yoast.com\/wordpress\/plugins\/seo\/ -->\n<title>Majid Capovani: &quot;Noi persone trans vogliamo essere tutelate prima di essere picchiate o umiliate&quot; - intoscana<\/title>\n<meta name=\"robots\" content=\"index, follow, max-snippet:-1, max-image-preview:large, max-video-preview:-1\" \/>\n<link rel=\"canonical\" href=\"https:\/\/www.intoscana.it\/it\/majid-capovani-noi-persone-trans-vogliamo-essere-tutelate-prima-di-essere-picchiate-o-umiliate\/\" \/>\n<meta property=\"og:locale\" content=\"it_IT\" \/>\n<meta property=\"og:type\" content=\"article\" \/>\n<meta property=\"og:title\" content=\"Majid Capovani: &quot;Noi persone trans vogliamo essere tutelate prima di essere picchiate o umiliate&quot;\" \/>\n<meta property=\"og:description\" content=\"Intervista all&#039;attivista LGBT+ che ci racconta la storia della sua transizione e perch\u00e8 \u00e8 importante il DDL Zan\" \/>\n<meta property=\"og:url\" content=\"https:\/\/www.intoscana.it\/it\/majid-capovani-noi-persone-trans-vogliamo-essere-tutelate-prima-di-essere-picchiate-o-umiliate\/\" \/>\n<meta property=\"og:site_name\" content=\"intoscana\" \/>\n<meta property=\"article:publisher\" content=\"https:\/\/www.facebook.com\/intoscana.it\" \/>\n<meta property=\"article:published_time\" content=\"2021-07-23T10:58:09+00:00\" \/>\n<meta property=\"article:modified_time\" content=\"2021-07-23T11:00:19+00:00\" \/>\n<meta property=\"og:image\" content=\"https:\/\/www.intoscana.it\/wp-content\/uploads\/Majid-Capovani.jpg\" \/>\n\t<meta property=\"og:image:width\" content=\"1170\" \/>\n\t<meta property=\"og:image:height\" content=\"1152\" \/>\n\t<meta property=\"og:image:type\" content=\"image\/jpeg\" \/>\n<meta name=\"author\" content=\"Costanza Baldini\" \/>\n<meta name=\"twitter:card\" content=\"summary_large_image\" \/>\n<meta name=\"twitter:creator\" content=\"@intoscana\" \/>\n<meta name=\"twitter:site\" content=\"@intoscana\" \/>\n<meta name=\"twitter:label1\" content=\"Written by\" \/>\n\t<meta name=\"twitter:data1\" content=\"Costanza Baldini\" \/>\n\t<meta name=\"twitter:label2\" content=\"Est. reading time\" \/>\n\t<meta name=\"twitter:data2\" content=\"7 minuti\" \/>\n<script type=\"application\/ld+json\" class=\"yoast-schema-graph\">{\"@context\":\"https:\/\/schema.org\",\"@graph\":[{\"@type\":\"WebPage\",\"@id\":\"https:\/\/www.intoscana.it\/it\/majid-capovani-noi-persone-trans-vogliamo-essere-tutelate-prima-di-essere-picchiate-o-umiliate\/\",\"url\":\"https:\/\/www.intoscana.it\/it\/majid-capovani-noi-persone-trans-vogliamo-essere-tutelate-prima-di-essere-picchiate-o-umiliate\/\",\"name\":\"Majid Capovani: \\\"Noi persone trans vogliamo essere tutelate prima di essere picchiate o umiliate\\\" - intoscana\",\"isPartOf\":{\"@id\":\"https:\/\/www.intoscana.it\/it\/#website\"},\"primaryImageOfPage\":{\"@id\":\"https:\/\/www.intoscana.it\/it\/majid-capovani-noi-persone-trans-vogliamo-essere-tutelate-prima-di-essere-picchiate-o-umiliate\/#primaryimage\"},\"image\":{\"@id\":\"https:\/\/www.intoscana.it\/it\/majid-capovani-noi-persone-trans-vogliamo-essere-tutelate-prima-di-essere-picchiate-o-umiliate\/#primaryimage\"},\"thumbnailUrl\":\"https:\/\/www.intoscana.it\/wp-content\/uploads\/Majid-Capovani.jpg\",\"datePublished\":\"2021-07-23T10:58:09+00:00\",\"dateModified\":\"2021-07-23T11:00:19+00:00\",\"author\":{\"@id\":\"https:\/\/www.intoscana.it\/it\/#\/schema\/person\/d469f35f09739bdf00bf5dd3f0647a82\"},\"breadcrumb\":{\"@id\":\"https:\/\/www.intoscana.it\/it\/majid-capovani-noi-persone-trans-vogliamo-essere-tutelate-prima-di-essere-picchiate-o-umiliate\/#breadcrumb\"},\"inLanguage\":\"it-IT\",\"potentialAction\":[{\"@type\":\"ReadAction\",\"target\":[\"https:\/\/www.intoscana.it\/it\/majid-capovani-noi-persone-trans-vogliamo-essere-tutelate-prima-di-essere-picchiate-o-umiliate\/\"]}]},{\"@type\":\"ImageObject\",\"inLanguage\":\"it-IT\",\"@id\":\"https:\/\/www.intoscana.it\/it\/majid-capovani-noi-persone-trans-vogliamo-essere-tutelate-prima-di-essere-picchiate-o-umiliate\/#primaryimage\",\"url\":\"https:\/\/www.intoscana.it\/wp-content\/uploads\/Majid-Capovani.jpg\",\"contentUrl\":\"https:\/\/www.intoscana.it\/wp-content\/uploads\/Majid-Capovani.jpg\",\"width\":1170,\"height\":1152},{\"@type\":\"BreadcrumbList\",\"@id\":\"https:\/\/www.intoscana.it\/it\/majid-capovani-noi-persone-trans-vogliamo-essere-tutelate-prima-di-essere-picchiate-o-umiliate\/#breadcrumb\",\"itemListElement\":[{\"@type\":\"ListItem\",\"position\":1,\"name\":\"Home\",\"item\":\"https:\/\/www.intoscana.it\/it\/\"},{\"@type\":\"ListItem\",\"position\":2,\"name\":\"Majid Capovani: &#8220;Noi persone trans vogliamo essere tutelate prima di essere picchiate o umiliate&#8221;\"}]},{\"@type\":\"WebSite\",\"@id\":\"https:\/\/www.intoscana.it\/it\/#website\",\"url\":\"https:\/\/www.intoscana.it\/it\/\",\"name\":\"intoscana\",\"description\":\"\",\"potentialAction\":[{\"@type\":\"SearchAction\",\"target\":{\"@type\":\"EntryPoint\",\"urlTemplate\":\"https:\/\/www.intoscana.it\/it\/?s={search_term_string}\"},\"query-input\":{\"@type\":\"PropertyValueSpecification\",\"valueRequired\":true,\"valueName\":\"search_term_string\"}}],\"inLanguage\":\"it-IT\"},{\"@type\":\"Person\",\"@id\":\"https:\/\/www.intoscana.it\/it\/#\/schema\/person\/d469f35f09739bdf00bf5dd3f0647a82\",\"name\":\"Costanza Baldini\",\"url\":\"https:\/\/www.intoscana.it\/it\/author\/costanza-baldini\/\"}]}<\/script>\n<!-- \/ Yoast SEO Premium plugin. -->","yoast_head_json":{"title":"Majid Capovani: \"Noi persone trans vogliamo essere tutelate prima di essere picchiate o umiliate\" - intoscana","robots":{"index":"index","follow":"follow","max-snippet":"max-snippet:-1","max-image-preview":"max-image-preview:large","max-video-preview":"max-video-preview:-1"},"canonical":"https:\/\/www.intoscana.it\/it\/majid-capovani-noi-persone-trans-vogliamo-essere-tutelate-prima-di-essere-picchiate-o-umiliate\/","og_locale":"it_IT","og_type":"article","og_title":"Majid Capovani: \"Noi persone trans vogliamo essere tutelate prima di essere picchiate o umiliate\"","og_description":"Intervista all'attivista LGBT+ che ci racconta la storia della sua transizione e perch\u00e8 \u00e8 importante il DDL Zan","og_url":"https:\/\/www.intoscana.it\/it\/majid-capovani-noi-persone-trans-vogliamo-essere-tutelate-prima-di-essere-picchiate-o-umiliate\/","og_site_name":"intoscana","article_publisher":"https:\/\/www.facebook.com\/intoscana.it","article_published_time":"2021-07-23T10:58:09+00:00","article_modified_time":"2021-07-23T11:00:19+00:00","og_image":[{"width":1170,"height":1152,"url":"https:\/\/www.intoscana.it\/wp-content\/uploads\/Majid-Capovani.jpg","type":"image\/jpeg"}],"author":"Costanza Baldini","twitter_card":"summary_large_image","twitter_creator":"@intoscana","twitter_site":"@intoscana","twitter_misc":{"Written by":"Costanza Baldini","Est. reading time":"7 minuti"},"schema":{"@context":"https:\/\/schema.org","@graph":[{"@type":"WebPage","@id":"https:\/\/www.intoscana.it\/it\/majid-capovani-noi-persone-trans-vogliamo-essere-tutelate-prima-di-essere-picchiate-o-umiliate\/","url":"https:\/\/www.intoscana.it\/it\/majid-capovani-noi-persone-trans-vogliamo-essere-tutelate-prima-di-essere-picchiate-o-umiliate\/","name":"Majid Capovani: \"Noi persone trans vogliamo essere tutelate prima di essere picchiate o umiliate\" - intoscana","isPartOf":{"@id":"https:\/\/www.intoscana.it\/it\/#website"},"primaryImageOfPage":{"@id":"https:\/\/www.intoscana.it\/it\/majid-capovani-noi-persone-trans-vogliamo-essere-tutelate-prima-di-essere-picchiate-o-umiliate\/#primaryimage"},"image":{"@id":"https:\/\/www.intoscana.it\/it\/majid-capovani-noi-persone-trans-vogliamo-essere-tutelate-prima-di-essere-picchiate-o-umiliate\/#primaryimage"},"thumbnailUrl":"https:\/\/www.intoscana.it\/wp-content\/uploads\/Majid-Capovani.jpg","datePublished":"2021-07-23T10:58:09+00:00","dateModified":"2021-07-23T11:00:19+00:00","author":{"@id":"https:\/\/www.intoscana.it\/it\/#\/schema\/person\/d469f35f09739bdf00bf5dd3f0647a82"},"breadcrumb":{"@id":"https:\/\/www.intoscana.it\/it\/majid-capovani-noi-persone-trans-vogliamo-essere-tutelate-prima-di-essere-picchiate-o-umiliate\/#breadcrumb"},"inLanguage":"it-IT","potentialAction":[{"@type":"ReadAction","target":["https:\/\/www.intoscana.it\/it\/majid-capovani-noi-persone-trans-vogliamo-essere-tutelate-prima-di-essere-picchiate-o-umiliate\/"]}]},{"@type":"ImageObject","inLanguage":"it-IT","@id":"https:\/\/www.intoscana.it\/it\/majid-capovani-noi-persone-trans-vogliamo-essere-tutelate-prima-di-essere-picchiate-o-umiliate\/#primaryimage","url":"https:\/\/www.intoscana.it\/wp-content\/uploads\/Majid-Capovani.jpg","contentUrl":"https:\/\/www.intoscana.it\/wp-content\/uploads\/Majid-Capovani.jpg","width":1170,"height":1152},{"@type":"BreadcrumbList","@id":"https:\/\/www.intoscana.it\/it\/majid-capovani-noi-persone-trans-vogliamo-essere-tutelate-prima-di-essere-picchiate-o-umiliate\/#breadcrumb","itemListElement":[{"@type":"ListItem","position":1,"name":"Home","item":"https:\/\/www.intoscana.it\/it\/"},{"@type":"ListItem","position":2,"name":"Majid Capovani: &#8220;Noi persone trans vogliamo essere tutelate prima di essere picchiate o umiliate&#8221;"}]},{"@type":"WebSite","@id":"https:\/\/www.intoscana.it\/it\/#website","url":"https:\/\/www.intoscana.it\/it\/","name":"intoscana","description":"","potentialAction":[{"@type":"SearchAction","target":{"@type":"EntryPoint","urlTemplate":"https:\/\/www.intoscana.it\/it\/?s={search_term_string}"},"query-input":{"@type":"PropertyValueSpecification","valueRequired":true,"valueName":"search_term_string"}}],"inLanguage":"it-IT"},{"@type":"Person","@id":"https:\/\/www.intoscana.it\/it\/#\/schema\/person\/d469f35f09739bdf00bf5dd3f0647a82","name":"Costanza Baldini","url":"https:\/\/www.intoscana.it\/it\/author\/costanza-baldini\/"}]}},"_links":{"self":[{"href":"https:\/\/www.intoscana.it\/it\/wp-json\/wp\/v2\/posts\/184529","targetHints":{"allow":["GET"]}}],"collection":[{"href":"https:\/\/www.intoscana.it\/it\/wp-json\/wp\/v2\/posts"}],"about":[{"href":"https:\/\/www.intoscana.it\/it\/wp-json\/wp\/v2\/types\/post"}],"author":[{"embeddable":true,"href":"https:\/\/www.intoscana.it\/it\/wp-json\/wp\/v2\/users\/518"}],"replies":[{"embeddable":true,"href":"https:\/\/www.intoscana.it\/it\/wp-json\/wp\/v2\/comments?post=184529"}],"version-history":[{"count":0,"href":"https:\/\/www.intoscana.it\/it\/wp-json\/wp\/v2\/posts\/184529\/revisions"}],"wp:featuredmedia":[{"embeddable":true,"href":"https:\/\/www.intoscana.it\/it\/wp-json\/wp\/v2\/media\/184531"}],"wp:attachment":[{"href":"https:\/\/www.intoscana.it\/it\/wp-json\/wp\/v2\/media?parent=184529"}],"wp:term":[{"taxonomy":"category","embeddable":true,"href":"https:\/\/www.intoscana.it\/it\/wp-json\/wp\/v2\/categories?post=184529"},{"taxonomy":"post_tag","embeddable":true,"href":"https:\/\/www.intoscana.it\/it\/wp-json\/wp\/v2\/tags?post=184529"}],"curies":[{"name":"wp","href":"https:\/\/api.w.org\/{rel}","templated":true}]}}