{"id":184622,"date":"2021-07-23T18:25:10","date_gmt":"2021-07-23T16:25:10","guid":{"rendered":"https:\/\/www.intoscana.it\/it\/?p=184622"},"modified":"2021-07-23T18:25:50","modified_gmt":"2021-07-23T16:25:50","slug":"carrara-alta-benemerenza-a-bernardeschi-questa-e-casa-mia","status":"publish","type":"post","link":"https:\/\/www.intoscana.it\/it\/carrara-alta-benemerenza-a-bernardeschi-questa-e-casa-mia\/","title":{"rendered":"Carrara, alta benemerenza a Bernardeschi. &#8220;Questa \u00e8 casa mia&#8221;"},"content":{"rendered":"<p><em>&#8220;Grazie casa&#8221;<\/em>. Pronunciando queste semplici parole, <strong>Federico Bernardeschi<\/strong>, attaccante della Juventus e della nazionale italiana, stamani si \u00e8 commosso stamattina quando, nella sala del consiglio comunale di Carrara, gli \u00e8 stata consegnata dal sindaco <strong>Francesco De Pasquale<\/strong> l&#8217;alta benemerenza civica. Un riconoscimento prestigioso da parte della citt\u00e0 che lo ha visto crescere e diventare un campione.<\/p>\n<figure id=\"post-184624 media-184624\" class=\"align-center\"><img decoding=\"async\" class=\"aligncenter\" src=\"https:\/\/www.intoscana.it\/wp-content\/uploads\/Lalta-benemerenza-consegnata-a-Bernardeschi-dal-Comune-di-Carrara.png\" alt=\"\" \/><\/figure>\n<div class=\"titleimg\" style=\"text-align: center;\">L\u2019alta benemerenza consegnata a Bernardeschi dal Comune di Carrara<\/div>\n<h3>A scuola di &#8220;valori&#8221; <div class=\"focuson\"><a href=\"https:\/\/www.intoscana.it\/it\/articolo\/ghivizzano-azzurro-notte-magica-giovanni-di-lorenzo\/\"><img decoding=\"async\" class=\"lazy\" src=\"https:\/\/www.intoscana.it\/wp-content\/uploads\/Giovanni-Di-Lorenzo-con-la-coppa-di-Euro-2020-1.jpeg\" style=\"\">\n                <div class=\"cat\">Ghivizzano si tinge d\u2019azzurro per la notte magica di Giovanni Di Lorenzo<\/div>\n                <h4>Notti magiche<\/h4><\/a>\n              <\/div><\/h3>\n<p>La proposta \u00e8 stata approvata all&#8217;unanimit\u00e0, con tutti i consiglieri comunali in piedi per applaudire il concittadino protagonista degli ultimi Europei di calcio. <em>&#8220;Sono orgoglioso di essere qui a Carrara, casa mia&#8221;<\/em> ha detto poi Bernardeschi. <em>&#8220;Questo riconoscimento riempie di gioia me e la mia famiglia, perch\u00e9 <mark>qui ho imparato i valoro della vita, che sono i pi\u00f9 importanti. So di essere un esempio per tanti giovani, \u00e8 una responsabilit\u00e0. Non sbagliare \u00e8 impossibile. Io cerco di fare del mio meglio per quei bambini che stanno crescendo con il sogno del pallone<\/mark>. E a loro vorrei dire di non arrendersi mai, perch\u00e9 nelle difficolt\u00e0 vengono fuori l&#8217;uomo, il sogno, il cuore e la passione. Qualsiasi cosa accada in futuro, non smettete mai di cercare la vostra strada&#8221;.<\/em><\/p>\n<h3>&#8220;Orgogliosi di te&#8221;<\/h3>\n<p><em>&#8220;Non \u00e8 solo un riconoscimento allo sportivo, ma all&#8217;uomo&#8221;<\/em> ha aggiunto il sindaco <strong>Federico De Pasquale<\/strong>. <em>&#8220;Qui \u00e8 diventato grande, qui si \u00e8 sposato, qui torna per stare con la sua famiglia e il suo attaccamento alla citt\u00e0 \u00e8 fortissimo. Poi ha <strong>fatto conoscere Carrara nel mondo<\/strong> e di questo, ovviamente, siamo orgogliosi. Grazie per quello che fai e per quello che sei&#8221;.<\/em><\/p>\n","protected":false},"excerpt":{"rendered":"<p>Pochi giorni dopo aver conquistato l&#8217;Europeo, Federico Bernardeschi si \u00e8 sposato nella sua citt\u00e0 natale, Carrara, che oggi ha conferito la benemerenza al suo cittadino illustre figlio<\/p>\n","protected":false},"author":525,"featured_media":184623,"comment_status":"open","ping_status":"open","sticky":false,"template":"","format":"standard","meta":{"_acf_changed":false,"footnotes":""},"categories":[494],"tags":[290,268,6085,5827,159],"class_list":["post-184622","post","type-post","status-publish","format-standard","has-post-thumbnail","hentry","category-attualita","tag-calcio","tag-carrara","tag-italia","tag-nazionale-calcio","tag-sport"],"acf":[],"yoast_head":"<!-- This site is optimized with the Yoast SEO Premium plugin v24.2 (Yoast SEO v25.6) - https:\/\/yoast.com\/wordpress\/plugins\/seo\/ -->\n<title>Carrara, alta benemerenza a Bernardeschi. &quot;Questa \u00e8 casa mia&quot; - intoscana<\/title>\n<meta name=\"description\" content=\"Pochi giorni dopo aver conquistato l&#039;Europeo, Federico Bernardeschi si \u00e8 sposato nella sua citt\u00e0 natale, Carrara, che oggi ha conferito la benemerenza al suo cittadino illustre figlio\" \/>\n<meta name=\"robots\" content=\"index, follow, max-snippet:-1, max-image-preview:large, max-video-preview:-1\" \/>\n<link rel=\"canonical\" href=\"https:\/\/www.intoscana.it\/it\/carrara-alta-benemerenza-a-bernardeschi-questa-e-casa-mia\/\" \/>\n<meta property=\"og:locale\" content=\"it_IT\" \/>\n<meta property=\"og:type\" content=\"article\" \/>\n<meta property=\"og:title\" content=\"Carrara, alta benemerenza a Bernardeschi. &quot;Questa \u00e8 casa mia&quot;\" \/>\n<meta property=\"og:description\" content=\"Pochi giorni dopo aver conquistato l&#039;Europeo, Federico Bernardeschi si \u00e8 sposato nella sua citt\u00e0 natale, Carrara, che oggi ha conferito la benemerenza al suo cittadino illustre figlio\" \/>\n<meta property=\"og:url\" content=\"https:\/\/www.intoscana.it\/it\/carrara-alta-benemerenza-a-bernardeschi-questa-e-casa-mia\/\" \/>\n<meta property=\"og:site_name\" content=\"intoscana\" \/>\n<meta property=\"article:publisher\" content=\"https:\/\/www.facebook.com\/intoscana.it\" \/>\n<meta property=\"article:published_time\" content=\"2021-07-23T16:25:10+00:00\" \/>\n<meta property=\"article:modified_time\" content=\"2021-07-23T16:25:50+00:00\" \/>\n<meta property=\"og:image\" content=\"https:\/\/www.intoscana.it\/wp-content\/uploads\/Federisco-Bernardeschi-con-la-coppa-di-Euro-2020.jpeg\" \/>\n\t<meta property=\"og:image:width\" content=\"1440\" \/>\n\t<meta property=\"og:image:height\" content=\"1039\" \/>\n\t<meta property=\"og:image:type\" content=\"image\/jpeg\" \/>\n<meta name=\"author\" content=\"Redazione\" \/>\n<meta name=\"twitter:card\" content=\"summary_large_image\" \/>\n<meta name=\"twitter:creator\" content=\"@intoscana\" \/>\n<meta name=\"twitter:site\" content=\"@intoscana\" \/>\n<meta name=\"twitter:label1\" content=\"Written by\" \/>\n\t<meta name=\"twitter:data1\" content=\"Redazione\" \/>\n\t<meta name=\"twitter:label2\" content=\"Est. reading time\" \/>\n\t<meta name=\"twitter:data2\" content=\"1 minuto\" \/>\n<script type=\"application\/ld+json\" class=\"yoast-schema-graph\">{\"@context\":\"https:\/\/schema.org\",\"@graph\":[{\"@type\":\"WebPage\",\"@id\":\"https:\/\/www.intoscana.it\/it\/carrara-alta-benemerenza-a-bernardeschi-questa-e-casa-mia\/\",\"url\":\"https:\/\/www.intoscana.it\/it\/carrara-alta-benemerenza-a-bernardeschi-questa-e-casa-mia\/\",\"name\":\"Carrara, alta benemerenza a Bernardeschi. \\\"Questa \u00e8 casa mia\\\" - intoscana\",\"isPartOf\":{\"@id\":\"https:\/\/www.intoscana.it\/it\/#website\"},\"primaryImageOfPage\":{\"@id\":\"https:\/\/www.intoscana.it\/it\/carrara-alta-benemerenza-a-bernardeschi-questa-e-casa-mia\/#primaryimage\"},\"image\":{\"@id\":\"https:\/\/www.intoscana.it\/it\/carrara-alta-benemerenza-a-bernardeschi-questa-e-casa-mia\/#primaryimage\"},\"thumbnailUrl\":\"https:\/\/www.intoscana.it\/wp-content\/uploads\/Federisco-Bernardeschi-con-la-coppa-di-Euro-2020.jpeg\",\"datePublished\":\"2021-07-23T16:25:10+00:00\",\"dateModified\":\"2021-07-23T16:25:50+00:00\",\"author\":{\"@id\":\"https:\/\/www.intoscana.it\/it\/#\/schema\/person\/9223810753230f20bd670fdd322661f8\"},\"description\":\"Pochi giorni dopo aver conquistato l'Europeo, Federico Bernardeschi si \u00e8 sposato nella sua citt\u00e0 natale, Carrara, che oggi ha conferito la benemerenza al suo cittadino illustre figlio\",\"breadcrumb\":{\"@id\":\"https:\/\/www.intoscana.it\/it\/carrara-alta-benemerenza-a-bernardeschi-questa-e-casa-mia\/#breadcrumb\"},\"inLanguage\":\"it-IT\",\"potentialAction\":[{\"@type\":\"ReadAction\",\"target\":[\"https:\/\/www.intoscana.it\/it\/carrara-alta-benemerenza-a-bernardeschi-questa-e-casa-mia\/\"]}]},{\"@type\":\"ImageObject\",\"inLanguage\":\"it-IT\",\"@id\":\"https:\/\/www.intoscana.it\/it\/carrara-alta-benemerenza-a-bernardeschi-questa-e-casa-mia\/#primaryimage\",\"url\":\"https:\/\/www.intoscana.it\/wp-content\/uploads\/Federisco-Bernardeschi-con-la-coppa-di-Euro-2020.jpeg\",\"contentUrl\":\"https:\/\/www.intoscana.it\/wp-content\/uploads\/Federisco-Bernardeschi-con-la-coppa-di-Euro-2020.jpeg\",\"width\":1440,\"height\":1039},{\"@type\":\"BreadcrumbList\",\"@id\":\"https:\/\/www.intoscana.it\/it\/carrara-alta-benemerenza-a-bernardeschi-questa-e-casa-mia\/#breadcrumb\",\"itemListElement\":[{\"@type\":\"ListItem\",\"position\":1,\"name\":\"Home\",\"item\":\"https:\/\/www.intoscana.it\/it\/\"},{\"@type\":\"ListItem\",\"position\":2,\"name\":\"Carrara, alta benemerenza a Bernardeschi. &#8220;Questa \u00e8 casa mia&#8221;\"}]},{\"@type\":\"WebSite\",\"@id\":\"https:\/\/www.intoscana.it\/it\/#website\",\"url\":\"https:\/\/www.intoscana.it\/it\/\",\"name\":\"intoscana\",\"description\":\"\",\"potentialAction\":[{\"@type\":\"SearchAction\",\"target\":{\"@type\":\"EntryPoint\",\"urlTemplate\":\"https:\/\/www.intoscana.it\/it\/?s={search_term_string}\"},\"query-input\":{\"@type\":\"PropertyValueSpecification\",\"valueRequired\":true,\"valueName\":\"search_term_string\"}}],\"inLanguage\":\"it-IT\"},{\"@type\":\"Person\",\"@id\":\"https:\/\/www.intoscana.it\/it\/#\/schema\/person\/9223810753230f20bd670fdd322661f8\",\"name\":\"Redazione\",\"url\":\"https:\/\/www.intoscana.it\/it\/author\/redazione\/\"}]}<\/script>\n<!-- \/ Yoast SEO Premium plugin. -->","yoast_head_json":{"title":"Carrara, alta benemerenza a Bernardeschi. \"Questa \u00e8 casa mia\" - intoscana","description":"Pochi giorni dopo aver conquistato l'Europeo, Federico Bernardeschi si \u00e8 sposato nella sua citt\u00e0 natale, Carrara, che oggi ha conferito la benemerenza al suo cittadino illustre figlio","robots":{"index":"index","follow":"follow","max-snippet":"max-snippet:-1","max-image-preview":"max-image-preview:large","max-video-preview":"max-video-preview:-1"},"canonical":"https:\/\/www.intoscana.it\/it\/carrara-alta-benemerenza-a-bernardeschi-questa-e-casa-mia\/","og_locale":"it_IT","og_type":"article","og_title":"Carrara, alta benemerenza a Bernardeschi. \"Questa \u00e8 casa mia\"","og_description":"Pochi giorni dopo aver conquistato l'Europeo, Federico Bernardeschi si \u00e8 sposato nella sua citt\u00e0 natale, Carrara, che oggi ha conferito la benemerenza al suo cittadino illustre figlio","og_url":"https:\/\/www.intoscana.it\/it\/carrara-alta-benemerenza-a-bernardeschi-questa-e-casa-mia\/","og_site_name":"intoscana","article_publisher":"https:\/\/www.facebook.com\/intoscana.it","article_published_time":"2021-07-23T16:25:10+00:00","article_modified_time":"2021-07-23T16:25:50+00:00","og_image":[{"width":1440,"height":1039,"url":"https:\/\/www.intoscana.it\/wp-content\/uploads\/Federisco-Bernardeschi-con-la-coppa-di-Euro-2020.jpeg","type":"image\/jpeg"}],"author":"Redazione","twitter_card":"summary_large_image","twitter_creator":"@intoscana","twitter_site":"@intoscana","twitter_misc":{"Written by":"Redazione","Est. reading time":"1 minuto"},"schema":{"@context":"https:\/\/schema.org","@graph":[{"@type":"WebPage","@id":"https:\/\/www.intoscana.it\/it\/carrara-alta-benemerenza-a-bernardeschi-questa-e-casa-mia\/","url":"https:\/\/www.intoscana.it\/it\/carrara-alta-benemerenza-a-bernardeschi-questa-e-casa-mia\/","name":"Carrara, alta benemerenza a Bernardeschi. \"Questa \u00e8 casa mia\" - intoscana","isPartOf":{"@id":"https:\/\/www.intoscana.it\/it\/#website"},"primaryImageOfPage":{"@id":"https:\/\/www.intoscana.it\/it\/carrara-alta-benemerenza-a-bernardeschi-questa-e-casa-mia\/#primaryimage"},"image":{"@id":"https:\/\/www.intoscana.it\/it\/carrara-alta-benemerenza-a-bernardeschi-questa-e-casa-mia\/#primaryimage"},"thumbnailUrl":"https:\/\/www.intoscana.it\/wp-content\/uploads\/Federisco-Bernardeschi-con-la-coppa-di-Euro-2020.jpeg","datePublished":"2021-07-23T16:25:10+00:00","dateModified":"2021-07-23T16:25:50+00:00","author":{"@id":"https:\/\/www.intoscana.it\/it\/#\/schema\/person\/9223810753230f20bd670fdd322661f8"},"description":"Pochi giorni dopo aver conquistato l'Europeo, Federico Bernardeschi si \u00e8 sposato nella sua citt\u00e0 natale, Carrara, che oggi ha conferito la benemerenza al suo cittadino illustre figlio","breadcrumb":{"@id":"https:\/\/www.intoscana.it\/it\/carrara-alta-benemerenza-a-bernardeschi-questa-e-casa-mia\/#breadcrumb"},"inLanguage":"it-IT","potentialAction":[{"@type":"ReadAction","target":["https:\/\/www.intoscana.it\/it\/carrara-alta-benemerenza-a-bernardeschi-questa-e-casa-mia\/"]}]},{"@type":"ImageObject","inLanguage":"it-IT","@id":"https:\/\/www.intoscana.it\/it\/carrara-alta-benemerenza-a-bernardeschi-questa-e-casa-mia\/#primaryimage","url":"https:\/\/www.intoscana.it\/wp-content\/uploads\/Federisco-Bernardeschi-con-la-coppa-di-Euro-2020.jpeg","contentUrl":"https:\/\/www.intoscana.it\/wp-content\/uploads\/Federisco-Bernardeschi-con-la-coppa-di-Euro-2020.jpeg","width":1440,"height":1039},{"@type":"BreadcrumbList","@id":"https:\/\/www.intoscana.it\/it\/carrara-alta-benemerenza-a-bernardeschi-questa-e-casa-mia\/#breadcrumb","itemListElement":[{"@type":"ListItem","position":1,"name":"Home","item":"https:\/\/www.intoscana.it\/it\/"},{"@type":"ListItem","position":2,"name":"Carrara, alta benemerenza a Bernardeschi. &#8220;Questa \u00e8 casa mia&#8221;"}]},{"@type":"WebSite","@id":"https:\/\/www.intoscana.it\/it\/#website","url":"https:\/\/www.intoscana.it\/it\/","name":"intoscana","description":"","potentialAction":[{"@type":"SearchAction","target":{"@type":"EntryPoint","urlTemplate":"https:\/\/www.intoscana.it\/it\/?s={search_term_string}"},"query-input":{"@type":"PropertyValueSpecification","valueRequired":true,"valueName":"search_term_string"}}],"inLanguage":"it-IT"},{"@type":"Person","@id":"https:\/\/www.intoscana.it\/it\/#\/schema\/person\/9223810753230f20bd670fdd322661f8","name":"Redazione","url":"https:\/\/www.intoscana.it\/it\/author\/redazione\/"}]}},"_links":{"self":[{"href":"https:\/\/www.intoscana.it\/it\/wp-json\/wp\/v2\/posts\/184622","targetHints":{"allow":["GET"]}}],"collection":[{"href":"https:\/\/www.intoscana.it\/it\/wp-json\/wp\/v2\/posts"}],"about":[{"href":"https:\/\/www.intoscana.it\/it\/wp-json\/wp\/v2\/types\/post"}],"author":[{"embeddable":true,"href":"https:\/\/www.intoscana.it\/it\/wp-json\/wp\/v2\/users\/525"}],"replies":[{"embeddable":true,"href":"https:\/\/www.intoscana.it\/it\/wp-json\/wp\/v2\/comments?post=184622"}],"version-history":[{"count":0,"href":"https:\/\/www.intoscana.it\/it\/wp-json\/wp\/v2\/posts\/184622\/revisions"}],"wp:featuredmedia":[{"embeddable":true,"href":"https:\/\/www.intoscana.it\/it\/wp-json\/wp\/v2\/media\/184623"}],"wp:attachment":[{"href":"https:\/\/www.intoscana.it\/it\/wp-json\/wp\/v2\/media?parent=184622"}],"wp:term":[{"taxonomy":"category","embeddable":true,"href":"https:\/\/www.intoscana.it\/it\/wp-json\/wp\/v2\/categories?post=184622"},{"taxonomy":"post_tag","embeddable":true,"href":"https:\/\/www.intoscana.it\/it\/wp-json\/wp\/v2\/tags?post=184622"}],"curies":[{"name":"wp","href":"https:\/\/api.w.org\/{rel}","templated":true}]}}