{"id":184954,"date":"2021-07-28T17:29:13","date_gmt":"2021-07-28T15:29:13","guid":{"rendered":"https:\/\/www.intoscana.it\/it\/?p=184954"},"modified":"2021-07-31T13:26:34","modified_gmt":"2021-07-31T11:26:34","slug":"rapporto-irpet-economia-toscana-giani","status":"publish","type":"post","link":"https:\/\/www.intoscana.it\/it\/rapporto-irpet-economia-toscana-giani\/","title":{"rendered":"L&#8217;export spinge l&#8217;economia toscana. Giani: &#8220;Segnali incoraggianti. Per l&#8217;occupazione serve pi\u00f9 tempo&#8221;"},"content":{"rendered":"<p><span style=\"font-weight: 400;\">Ci vorranno ancora alcuni mesi prima che tornino a salire con costanza i dati sull\u2019andamento dell\u2019economia in Toscana. Ma gi\u00e0 nella prima fase di quest\u2019anno i segnali di una sua ripresa ci sono tutti.<\/span><\/p>\n<p><span style=\"font-weight: 400;\"> <em>\u201cSe si risolvesse del tutto il problema sanitario, che \u00e8 la variabile pi\u00f9 difficilmente controllabile, secondo le nostre previsioni nell\u2019ultima parte del 2023 potremmo tornare ai livelli del 2019\u201d<\/em> commenta <strong>Nicola Sciclone<\/strong>, da poco nominato direttore dell\u2019<strong>Irpet<\/strong>, l\u2019Istituto regionale di programmazione economica. La strada per\u00f2 sembra in discesa, l\u2019export toscano decolla a +14% come Lombardia, Emilia Romagna e Veneto. <\/span><\/p>\n<p><span style=\"font-weight: 400;\">Un ottimo risultato, secondo gli analisti dell\u2019Irpet, se si pensa che a causa della pandemia le ferite sul fronte della produzione sono ancora aperte. Basta osservare i numeri: la Toscana, nel corso del 2020, ha perso per strada 10\/11 punti percentuali di Prodotto interno lordo. <em>\u201cSono molto contento dei \u00a0dati che arrivano dall\u2019analisi economica e che riguardano gi\u00e0 il primo trimestre<\/em> &#8211; commenta il presidente della Toscana, <strong>Eugenio Giani<\/strong> -. <em>Sul piano della produzione ci sono segnali molto forti di ripresa, superiori in alcuni casi (e di parecchio) anche al resto d\u2019Italia. Sono segnali incoraggianti. Certo non valgono per tutti: ci sono settori ancora in ritardo ed altri, come la moda, che hanno potenzialit\u00e0 di ripresa al momento inespresse. Ma se il trend si dimostrer\u00e0 stabile, alla fine si rifletter\u00e0 anche sul fronte dell\u2019occupazione\u201d.<\/em> <\/span><\/p>\n<p><span style=\"font-weight: 400;\">In sintesi\u00a0 &#8211; come sottolinea l<strong>\u2019Irpet<\/strong> nella sua ultima nota congiunturale di luglio 2021 &#8211; cresce la domanda internazionale ma appare ancora debole quella interna. Ci sono dei comparti, come quello della moda &#8211; da sempre uno dei pezzi forti della produzione toscana &#8211; che continuano a soffrire, come il settore dei tessuti e dei filati manca ancora un quarto della produzione che aveva prima della crisi innescata dall\u2019emergenza sanitaria e dalle restrizioni che ne sono conseguite. <\/span><\/p>\n<p><span style=\"font-weight: 400;\">Il segno meno accompagna anche il <strong>settore del cuoio<\/strong> e della <strong>pelletteria<\/strong> (rispetto almeno al 2019, &#8211; 11 per cento) e, tra i pi\u00f9 rilevanti, i<strong> prodotti in legno<\/strong> (- 15%), la<strong> carta e stampa<\/strong> (-9.9%) e i minerali non energetici (-22 per cento). Anche per questo ad aprile, rispetto allo stesso mese del 2019 (prima dell\u2019arrivo del Covid19), la Toscana sconta ancora un ritardo del 4,8 per cento sulla produzione industriale. Quindi, se la moda deve in parte recuperare, per fortuna tutti gli altri hanno recuperato i dati ante pandemia. Anzi, la produzione di <strong>apparecchi elettronici<\/strong>, <strong>elettrici, ottici e computer<\/strong>\u00a0ha fatto un balzo in avanti del 14%. <\/span><\/p>\n<p><span style=\"font-weight: 400;\">Molto incoraggiante l\u2019export nel suo complesso: le vendite toscane nel primo trimestre 2021, rispetto agli stessi tre mesi del 2020, sono cresciute di pi\u00f9 della media italiana (del 14,2 per cento contro il 6,1). La Toscana \u00e8 la regione con la performance migliore da questo punto di vista. Ma cresce \u2013 del 5,87 per cento \u2013 anche rispetto ai valori pre-crisi del primo trimestre 2019. <\/span><\/p>\n<p><span style=\"font-weight: 400;\">Incoraggiato dai dati Irpet anche l\u2019assessore all\u2019economia della Toscana, <strong>Leonardo Marras<\/strong> &#8211; <em>\u201cC\u2019\u00e8 sollievo nel constatare un trend migliore dello scenario che era stato previsto, sebbene<\/em> \u2013 commenta &#8211; <em>ancora sia presto per trarre conclusioni e la preoccupazione di uno strappo sociale sul fronte del lavoro \u00e8 ancora presente\u201d<\/em>. <em>\u201c\u00c8 importante<\/em> &#8211; \u00a0aggiunge &#8211; <em>da subito sostenere la propensione all\u2019export, per recuperare terreno proprio nei settori della produzione maggiormente colpiti. Pensiero a parte vale per il turismo, dove dobbiamo attendere che riaprano i flussi dalle provenienze pi\u00f9 lontane\u201d.<\/em> <\/span><\/p>\n<p><span style=\"font-weight: 400;\">Come detto, i dati macroeconomici lasciano ben sperare. In questo quadro la <strong>crescita dell\u2019occupazione<\/strong> \u00e8 meno veloce. Anche in questo caso sono i numeri dello studio Irpet a sottolinearlo: a marzo 2021 mancano\u00a0 -rispetto al 2019 &#8211; 67mila avviamenti (-26%) e 11mila addetti alle dipendenze (-1%). In particolare la flessione \u00e8 forte nei servizi turistici (-14,8 per cento sul 2019 e -7,4 per cento sul 2020), nei settori finanziari, il commercio al dettaglio e l\u2019insieme del made in Italy.<\/span><\/p>\n<p><span style=\"font-weight: 400;\">Da aprile 2020 a maggio 2021 le ore di cassa integrazione guadagni autorizzate in Toscana (solo quelle per l\u2019emergenza sanitaria), ammontano a <strong>356 milioni<\/strong>. Una crescita senza precedenti. Se si pensa che dal 2009, primo anno della grande crisi economico-finanziaria arrivata dall\u2019America, al 2014 ne erano state autorizzate \u2018solo\u2019 308 milioni. Una <strong>luce<\/strong> in fondo al <strong>tunnel<\/strong> per\u00f2 si vede: il monte ore di aprile e maggio di tutti i settori \u00e8 inferiore, con la sola eccezione dei settori di alloggio, ristorazione e commercio: si tratta complessivamente di 18 milioni di ore in meno di ricorso alla cassa integrazione, pari ad una flessione del 16 per cento.<\/span><\/p>\n<p><span style=\"font-weight: 400;\">Il problema dell&#8217;occupazione non \u00e8 solo toscano, se si pensa ai tanti tavoli di crisi aperti al Ministero dello Sviluppo Economico. Nella nostra regione ora a tenere banco \u00e8 la crisi della Gkn, di propriet\u00e0 di un fondo inglese, il quale con una semplice mail ha mandato a casa 422 dipendenti. La Regione \u00e8 impegnata in prima fila per scongiurare questo esito, che per la multinazionale Melrose &#8211; proprietaria dello stabilimento di Campi Bisenzio . \u00e8 gi\u00e0 scritto.\u00a0 <\/span><span style=\"font-weight: 400;\">Chi non la pensa cos\u00ec \u00e8 il presidente <strong>Giani<\/strong> e il suo consigliere delegato alla gestione delle crisi aziendali, <strong>Valerio Fabiani<\/strong>. \u201c<em>Sono una quindicina<\/em> \u2013 precisa Giani &#8211; <em>come Regione le stiamo tutte seguendo nella loro evoluzione\u201d.<\/em> \u00a0Poi l\u2019annuncio che riguarda un segmento dell\u2019universo della formazione e istruzione: \u201c<em>Amplieremo gli Its<\/em> (gli istituti tecnici superiori, che si possono frequentare dopo le scuole superiori in alternativa all\u2019universit\u00e0 ndr). <em>Hanno dati ottimi risultati sul fronte della veloce occupazione degli studenti e ci investiremo\u201d.<\/em> <\/span><\/p>\n<p><span style=\"font-weight: 400;\">In conclusione, generalmente a farne le spese di questa crisi sono, in particolare, le donne, le giovani generazioni e gli stranieri. I nuovi posti di lavoro che si creano sono in buona parte con contratti non strutturati e atipici. <\/span><\/p>\n","protected":false},"excerpt":{"rendered":"<p>Anche l&#8217;assessore regionale Leonardo Marras ha commentato il rapporto. &#8220;D<span style=\"font-weight: 400;\">a subito sostenere la propensione all\u2019export, per recuperare terreno proprio nei settori della produzione maggiormente colpiti&#8221;<\/p>\n","protected":false},"author":552,"featured_media":143485,"comment_status":"open","ping_status":"open","sticky":false,"template":"","format":"standard","meta":{"_acf_changed":false,"footnotes":""},"categories":[9],"tags":[211,158,267,260,151],"class_list":["post-184954","post","type-post","status-publish","format-standard","has-post-thumbnail","hentry","category-made-in-toscana","tag-economia","tag-eugenio-giani","tag-imprese","tag-lavoro","tag-regione-toscana"],"acf":[],"yoast_head":"<!-- This site is optimized with the Yoast SEO Premium plugin v24.2 (Yoast SEO v25.6) - https:\/\/yoast.com\/wordpress\/plugins\/seo\/ -->\n<title>L&#039;export spinge l&#039;economia toscana. Giani: &quot;Segnali incoraggianti. Per l&#039;occupazione serve pi\u00f9 tempo&quot; - intoscana<\/title>\n<meta name=\"description\" content=\"Presentato il rapporto Irpet, l&#039;Istituto di Programmazione economica della Toscana. Ripresa in atto nel primo trimestre.\" \/>\n<meta name=\"robots\" content=\"index, follow, max-snippet:-1, max-image-preview:large, max-video-preview:-1\" \/>\n<link rel=\"canonical\" href=\"https:\/\/www.intoscana.it\/it\/rapporto-irpet-economia-toscana-giani\/\" \/>\n<meta property=\"og:locale\" content=\"it_IT\" \/>\n<meta property=\"og:type\" content=\"article\" \/>\n<meta property=\"og:title\" content=\"L&#039;export spinge l&#039;economia toscana. Giani: &quot;Segnali incoraggianti. Per l&#039;occupazione serve pi\u00f9 tempo&quot;\" \/>\n<meta property=\"og:description\" content=\"Presentato il rapporto Irpet, l&#039;Istituto di Programmazione economica della Toscana. Ripresa in atto nel primo trimestre.\" \/>\n<meta property=\"og:url\" content=\"https:\/\/www.intoscana.it\/it\/rapporto-irpet-economia-toscana-giani\/\" \/>\n<meta property=\"og:site_name\" content=\"intoscana\" \/>\n<meta property=\"article:publisher\" content=\"https:\/\/www.facebook.com\/intoscana.it\" \/>\n<meta property=\"article:published_time\" content=\"2021-07-28T15:29:13+00:00\" \/>\n<meta property=\"article:modified_time\" content=\"2021-07-31T11:26:34+00:00\" \/>\n<meta property=\"og:image\" content=\"https:\/\/www.intoscana.it\/wp-content\/uploads\/industria-4.0-tecnologia-innovazione-8.jpg\" \/>\n\t<meta property=\"og:image:width\" content=\"2000\" \/>\n\t<meta property=\"og:image:height\" content=\"1500\" \/>\n\t<meta property=\"og:image:type\" content=\"image\/jpeg\" \/>\n<meta name=\"author\" content=\"Osvaldo Sabato\" \/>\n<meta name=\"twitter:card\" content=\"summary_large_image\" \/>\n<meta name=\"twitter:creator\" content=\"@intoscana\" \/>\n<meta name=\"twitter:site\" content=\"@intoscana\" \/>\n<meta name=\"twitter:label1\" content=\"Written by\" \/>\n\t<meta name=\"twitter:data1\" content=\"Osvaldo Sabato\" \/>\n\t<meta name=\"twitter:label2\" content=\"Est. reading time\" \/>\n\t<meta name=\"twitter:data2\" content=\"5 minuti\" \/>\n<script type=\"application\/ld+json\" class=\"yoast-schema-graph\">{\"@context\":\"https:\/\/schema.org\",\"@graph\":[{\"@type\":\"WebPage\",\"@id\":\"https:\/\/www.intoscana.it\/it\/rapporto-irpet-economia-toscana-giani\/\",\"url\":\"https:\/\/www.intoscana.it\/it\/rapporto-irpet-economia-toscana-giani\/\",\"name\":\"L'export spinge l'economia toscana. Giani: \\\"Segnali incoraggianti. Per l'occupazione serve pi\u00f9 tempo\\\" - intoscana\",\"isPartOf\":{\"@id\":\"https:\/\/www.intoscana.it\/it\/#website\"},\"primaryImageOfPage\":{\"@id\":\"https:\/\/www.intoscana.it\/it\/rapporto-irpet-economia-toscana-giani\/#primaryimage\"},\"image\":{\"@id\":\"https:\/\/www.intoscana.it\/it\/rapporto-irpet-economia-toscana-giani\/#primaryimage\"},\"thumbnailUrl\":\"https:\/\/www.intoscana.it\/wp-content\/uploads\/industria-4.0-tecnologia-innovazione-8.jpg\",\"datePublished\":\"2021-07-28T15:29:13+00:00\",\"dateModified\":\"2021-07-31T11:26:34+00:00\",\"author\":{\"@id\":\"https:\/\/www.intoscana.it\/it\/#\/schema\/person\/91cfe5f2eb242086e2d4a3d8d6948024\"},\"description\":\"Presentato il rapporto Irpet, l'Istituto di Programmazione economica della Toscana. Ripresa in atto nel primo trimestre.\",\"breadcrumb\":{\"@id\":\"https:\/\/www.intoscana.it\/it\/rapporto-irpet-economia-toscana-giani\/#breadcrumb\"},\"inLanguage\":\"it-IT\",\"potentialAction\":[{\"@type\":\"ReadAction\",\"target\":[\"https:\/\/www.intoscana.it\/it\/rapporto-irpet-economia-toscana-giani\/\"]}]},{\"@type\":\"ImageObject\",\"inLanguage\":\"it-IT\",\"@id\":\"https:\/\/www.intoscana.it\/it\/rapporto-irpet-economia-toscana-giani\/#primaryimage\",\"url\":\"https:\/\/www.intoscana.it\/wp-content\/uploads\/industria-4.0-tecnologia-innovazione-8.jpg\",\"contentUrl\":\"https:\/\/www.intoscana.it\/wp-content\/uploads\/industria-4.0-tecnologia-innovazione-8.jpg\",\"width\":2000,\"height\":1500,\"caption\":\"La Regione Toscana sostiene l'innovazione delle imprese, in arrivo un nuovo bando.\"},{\"@type\":\"BreadcrumbList\",\"@id\":\"https:\/\/www.intoscana.it\/it\/rapporto-irpet-economia-toscana-giani\/#breadcrumb\",\"itemListElement\":[{\"@type\":\"ListItem\",\"position\":1,\"name\":\"Home\",\"item\":\"https:\/\/www.intoscana.it\/it\/\"},{\"@type\":\"ListItem\",\"position\":2,\"name\":\"L&#8217;export spinge l&#8217;economia toscana. Giani: &#8220;Segnali incoraggianti. Per l&#8217;occupazione serve pi\u00f9 tempo&#8221;\"}]},{\"@type\":\"WebSite\",\"@id\":\"https:\/\/www.intoscana.it\/it\/#website\",\"url\":\"https:\/\/www.intoscana.it\/it\/\",\"name\":\"intoscana\",\"description\":\"\",\"potentialAction\":[{\"@type\":\"SearchAction\",\"target\":{\"@type\":\"EntryPoint\",\"urlTemplate\":\"https:\/\/www.intoscana.it\/it\/?s={search_term_string}\"},\"query-input\":{\"@type\":\"PropertyValueSpecification\",\"valueRequired\":true,\"valueName\":\"search_term_string\"}}],\"inLanguage\":\"it-IT\"},{\"@type\":\"Person\",\"@id\":\"https:\/\/www.intoscana.it\/it\/#\/schema\/person\/91cfe5f2eb242086e2d4a3d8d6948024\",\"name\":\"Osvaldo Sabato\",\"description\":\"Giornalista professionista, ho iniziato la mia avventura professionale in radio, Controradio e Popolare Network, poi sono passato alla carta stampata: Manifesto, Corriere di Firenze, l'Unit\u00e0, la Nazione. Capo della redazione di Lady Radio, autore di format radiofonici e documentari, commentatore televisivo. Mi confronto con tutti senza distinzione di sesso, razza e religione.\",\"sameAs\":[\"o.sabato@fst.it\"],\"url\":\"https:\/\/www.intoscana.it\/it\/author\/osvaldo-sabato\/\"}]}<\/script>\n<!-- \/ Yoast SEO Premium plugin. -->","yoast_head_json":{"title":"L'export spinge l'economia toscana. Giani: \"Segnali incoraggianti. Per l'occupazione serve pi\u00f9 tempo\" - intoscana","description":"Presentato il rapporto Irpet, l'Istituto di Programmazione economica della Toscana. Ripresa in atto nel primo trimestre.","robots":{"index":"index","follow":"follow","max-snippet":"max-snippet:-1","max-image-preview":"max-image-preview:large","max-video-preview":"max-video-preview:-1"},"canonical":"https:\/\/www.intoscana.it\/it\/rapporto-irpet-economia-toscana-giani\/","og_locale":"it_IT","og_type":"article","og_title":"L'export spinge l'economia toscana. Giani: \"Segnali incoraggianti. Per l'occupazione serve pi\u00f9 tempo\"","og_description":"Presentato il rapporto Irpet, l'Istituto di Programmazione economica della Toscana. Ripresa in atto nel primo trimestre.","og_url":"https:\/\/www.intoscana.it\/it\/rapporto-irpet-economia-toscana-giani\/","og_site_name":"intoscana","article_publisher":"https:\/\/www.facebook.com\/intoscana.it","article_published_time":"2021-07-28T15:29:13+00:00","article_modified_time":"2021-07-31T11:26:34+00:00","og_image":[{"width":2000,"height":1500,"url":"https:\/\/www.intoscana.it\/wp-content\/uploads\/industria-4.0-tecnologia-innovazione-8.jpg","type":"image\/jpeg"}],"author":"Osvaldo Sabato","twitter_card":"summary_large_image","twitter_creator":"@intoscana","twitter_site":"@intoscana","twitter_misc":{"Written by":"Osvaldo Sabato","Est. reading time":"5 minuti"},"schema":{"@context":"https:\/\/schema.org","@graph":[{"@type":"WebPage","@id":"https:\/\/www.intoscana.it\/it\/rapporto-irpet-economia-toscana-giani\/","url":"https:\/\/www.intoscana.it\/it\/rapporto-irpet-economia-toscana-giani\/","name":"L'export spinge l'economia toscana. Giani: \"Segnali incoraggianti. Per l'occupazione serve pi\u00f9 tempo\" - intoscana","isPartOf":{"@id":"https:\/\/www.intoscana.it\/it\/#website"},"primaryImageOfPage":{"@id":"https:\/\/www.intoscana.it\/it\/rapporto-irpet-economia-toscana-giani\/#primaryimage"},"image":{"@id":"https:\/\/www.intoscana.it\/it\/rapporto-irpet-economia-toscana-giani\/#primaryimage"},"thumbnailUrl":"https:\/\/www.intoscana.it\/wp-content\/uploads\/industria-4.0-tecnologia-innovazione-8.jpg","datePublished":"2021-07-28T15:29:13+00:00","dateModified":"2021-07-31T11:26:34+00:00","author":{"@id":"https:\/\/www.intoscana.it\/it\/#\/schema\/person\/91cfe5f2eb242086e2d4a3d8d6948024"},"description":"Presentato il rapporto Irpet, l'Istituto di Programmazione economica della Toscana. Ripresa in atto nel primo trimestre.","breadcrumb":{"@id":"https:\/\/www.intoscana.it\/it\/rapporto-irpet-economia-toscana-giani\/#breadcrumb"},"inLanguage":"it-IT","potentialAction":[{"@type":"ReadAction","target":["https:\/\/www.intoscana.it\/it\/rapporto-irpet-economia-toscana-giani\/"]}]},{"@type":"ImageObject","inLanguage":"it-IT","@id":"https:\/\/www.intoscana.it\/it\/rapporto-irpet-economia-toscana-giani\/#primaryimage","url":"https:\/\/www.intoscana.it\/wp-content\/uploads\/industria-4.0-tecnologia-innovazione-8.jpg","contentUrl":"https:\/\/www.intoscana.it\/wp-content\/uploads\/industria-4.0-tecnologia-innovazione-8.jpg","width":2000,"height":1500,"caption":"La Regione Toscana sostiene l'innovazione delle imprese, in arrivo un nuovo bando."},{"@type":"BreadcrumbList","@id":"https:\/\/www.intoscana.it\/it\/rapporto-irpet-economia-toscana-giani\/#breadcrumb","itemListElement":[{"@type":"ListItem","position":1,"name":"Home","item":"https:\/\/www.intoscana.it\/it\/"},{"@type":"ListItem","position":2,"name":"L&#8217;export spinge l&#8217;economia toscana. Giani: &#8220;Segnali incoraggianti. Per l&#8217;occupazione serve pi\u00f9 tempo&#8221;"}]},{"@type":"WebSite","@id":"https:\/\/www.intoscana.it\/it\/#website","url":"https:\/\/www.intoscana.it\/it\/","name":"intoscana","description":"","potentialAction":[{"@type":"SearchAction","target":{"@type":"EntryPoint","urlTemplate":"https:\/\/www.intoscana.it\/it\/?s={search_term_string}"},"query-input":{"@type":"PropertyValueSpecification","valueRequired":true,"valueName":"search_term_string"}}],"inLanguage":"it-IT"},{"@type":"Person","@id":"https:\/\/www.intoscana.it\/it\/#\/schema\/person\/91cfe5f2eb242086e2d4a3d8d6948024","name":"Osvaldo Sabato","description":"Giornalista professionista, ho iniziato la mia avventura professionale in radio, Controradio e Popolare Network, poi sono passato alla carta stampata: Manifesto, Corriere di Firenze, l'Unit\u00e0, la Nazione. Capo della redazione di Lady Radio, autore di format radiofonici e documentari, commentatore televisivo. Mi confronto con tutti senza distinzione di sesso, razza e religione.","sameAs":["o.sabato@fst.it"],"url":"https:\/\/www.intoscana.it\/it\/author\/osvaldo-sabato\/"}]}},"_links":{"self":[{"href":"https:\/\/www.intoscana.it\/it\/wp-json\/wp\/v2\/posts\/184954","targetHints":{"allow":["GET"]}}],"collection":[{"href":"https:\/\/www.intoscana.it\/it\/wp-json\/wp\/v2\/posts"}],"about":[{"href":"https:\/\/www.intoscana.it\/it\/wp-json\/wp\/v2\/types\/post"}],"author":[{"embeddable":true,"href":"https:\/\/www.intoscana.it\/it\/wp-json\/wp\/v2\/users\/552"}],"replies":[{"embeddable":true,"href":"https:\/\/www.intoscana.it\/it\/wp-json\/wp\/v2\/comments?post=184954"}],"version-history":[{"count":0,"href":"https:\/\/www.intoscana.it\/it\/wp-json\/wp\/v2\/posts\/184954\/revisions"}],"wp:featuredmedia":[{"embeddable":true,"href":"https:\/\/www.intoscana.it\/it\/wp-json\/wp\/v2\/media\/143485"}],"wp:attachment":[{"href":"https:\/\/www.intoscana.it\/it\/wp-json\/wp\/v2\/media?parent=184954"}],"wp:term":[{"taxonomy":"category","embeddable":true,"href":"https:\/\/www.intoscana.it\/it\/wp-json\/wp\/v2\/categories?post=184954"},{"taxonomy":"post_tag","embeddable":true,"href":"https:\/\/www.intoscana.it\/it\/wp-json\/wp\/v2\/tags?post=184954"}],"curies":[{"name":"wp","href":"https:\/\/api.w.org\/{rel}","templated":true}]}}