{"id":185075,"date":"2021-07-29T14:45:39","date_gmt":"2021-07-29T12:45:39","guid":{"rendered":"https:\/\/www.intoscana.it\/it\/?p=185075"},"modified":"2021-07-30T15:52:55","modified_gmt":"2021-07-30T13:52:55","slug":"covid-toscana-casi-29-luglio-2021","status":"publish","type":"post","link":"https:\/\/www.intoscana.it\/it\/covid-toscana-casi-29-luglio-2021\/","title":{"rendered":"Covid-19, casi in crescita in Toscana: sono 748 i nuovi positivi"},"content":{"rendered":"<p>In Toscana sono 250.612 i casi di positivit\u00e0 al Coronavirus,<strong> 748 in pi\u00f9 rispetto a ieri<\/strong> (731 confermati con tampone molecolare e 17 da test rapido antigenico). I nuovi casi sono lo 0,3% in pi\u00f9 rispetto al totale del giorno precedente.<\/p>\n<p>I guariti crescono dello 0,04% e raggiungono quota 237.924 (94,9% dei casi totali). Oggi sono stati eseguiti 8.656 tamponi molecolari e 4.862 tamponi antigenici rapidi, di questi il 5,5% \u00e8 risultato positivo. Sono invece 6.866 i soggetti testati oggi (con tampone antigenico e\/o molecolare, escludendo i tamponi di controllo), di cui il 10,9% \u00e8 risultato positivo. Gli attualmente positivi sono oggi 5.777, +12,9% rispetto a ieri. I ricoverati sono 125 (4 in pi\u00f9 rispetto a ieri), di cui 13 in terapia intensiva (3 in meno). Oggi si registra <strong>1 nuovo decesso<\/strong>: un uomo di 57 anni.<\/p>\n<p>Questi i dati &#8211; accertati alle ore 12 di oggi sulla base delle richieste della <strong>Protezione Civile Nazionale<\/strong> &#8211; relativi all&#8217;andamento dell&#8217;epidemia in regione.<\/p>\n<p>L&#8217;et\u00e0 media dei <strong>748 nuovi positivi odierni \u00e8<\/strong> di 31 anni circa (33% ha meno di 20 anni, 36% tra 20 e 39 anni, 23% tra 40 e 59 anni, 7% tra 60 e 79 anni, 1% ha 80 anni o pi\u00f9).<\/p>\n<p>Di seguito i casi di positivit\u00e0 sul territorio con la variazione rispetto a ieri (731 confermati con tampone molecolare e 17 da test rapido antigenico). Sono 69.491 i casi complessivi ad oggi a Firenze (254 in pi\u00f9 rispetto a ieri), 23.101 a Prato (63 in pi\u00f9), 23.419 a Pistoia (46 in pi\u00f9), 13.580 a Massa Carrara (21 in pi\u00f9), 25.641 a Lucca (107 in pi\u00f9), 29.821 a Pisa (80 in pi\u00f9), 17.951 a Livorno (44 in pi\u00f9), 23.288 ad Arezzo (59 in pi\u00f9), 14.249 a Siena (49 in pi\u00f9), 9.516 a Grosseto (25 in pi\u00f9).<\/p>\n<p>Sono <strong>555 i casi positivi notificati in Toscana,<\/strong> ma residenti in altre regioni.<\/p>\n<p>Sono 380 i casi riscontrati oggi nell&#8217;Asl Centro, 235 nella Nord Ovest, 133 nella Sud est.<\/p>\n<p>La Toscana si trova al 12\u00b0 posto in Italia come numerosit\u00e0 di casi (comprensivi di residenti e non residenti), con circa 6.832 casi per 100.000 abitanti (media italiana circa 7.308 per 100.000, dato di ieri). Le province di notifica con il tasso pi\u00f9 alto sono Prato con 9.022 casi per 100.000 abitanti, Pistoia con 8.053, Pisa con 7.161, la pi\u00f9 bassa Grosseto con 4.354.<\/p>\n<p>Complessivamente, <strong>5.652 persone sono in isolamento a casa<\/strong>, poich\u00e9 presentano sintomi lievi che non richiedono cure ospedaliere, o risultano prive di sintomi (655 in pi\u00f9 rispetto a ieri, pi\u00f9 13,1%).<\/p>\n<p>Sono 11.416 (97 in pi\u00f9 rispetto a ieri, pi\u00f9 0,9%) le persone, anch&#8217;esse isolate, in sorveglianza attiva perch\u00e9 hanno avuto contatti con persone contagiate (ASL Centro 4.341, Nord Ovest 5.661, Sud Est 1.414).<\/p>\n<p>Le persone ricoverate nei posti letto dedicati ai <strong>pazienti Covid\u00a0<\/strong>oggi sono complessivamente 125 (4 in pi\u00f9 rispetto a ieri, pi\u00f9 3,3%), 13 in terapia intensiva (3 in meno rispetto a ieri, meno 18,8%).<\/p>\n<p>Le persone complessivamente guarite sono 237.924 (88 in pi\u00f9 rispetto a ieri, pi\u00f9 0,04%): 0 persone clinicamente guarite (stabili rispetto a ieri), divenute cio\u00e8 asintomatiche dopo aver presentato manifestazioni cliniche associate all&#8217;infezione e 237.924 (88 in pi\u00f9 rispetto a ieri, pi\u00f9 0,04%) dichiarate guarite a tutti gli effetti, le cosiddette guarigioni virali, con tampone negativo.<\/p>\n<p>Relativamente alla provincia di residenza, la persona deceduta \u00e8 a Arezzo.<\/p>\n<p>Sono<strong> 6.911 i deceduti<\/strong> dall&#8217;<strong>inizio dell&#8217;epidemia<\/strong> cosi ripartiti: 2.229 a Firenze, 602 a Prato, 633 a Pistoia, 527 a Massa Carrara, 668 a Lucca, 702 a Pisa, 417 a Livorno, 513 ad Arezzo, 340 a Siena, 189 a Grosseto, 91 persone sono decedute sul suolo toscano ma erano residenti fuori regione.<\/p>\n<p>Il tasso grezzo di mortalit\u00e0 toscano (numero di deceduti\/popolazione residente) per Covid-19 \u00e8 di 188,4 per 100.000 residenti contro il 216 per\u00a0100.000 della media italiana (12\u00b0 regione). Per quanto riguarda le province, il tasso di mortalit\u00e0 pi\u00f9 alto si riscontra a Massa Carrara (277,6 per 100.000), Prato (235,1) e Firenze (226,1), il pi\u00f9 basso a Grosseto (86,5).<\/p>\n","protected":false},"excerpt":{"rendered":"<p>13.518 i test effettuati, il tasso di positivit\u00e0 \u00e8\u00a0 al 5,53%. Toscana si trova al 12\u00b0 posto in Italia come numerosit\u00e0 di casi<\/p>\n","protected":false},"author":525,"featured_media":145725,"comment_status":"open","ping_status":"open","sticky":false,"template":"","format":"standard","meta":{"_acf_changed":false,"footnotes":""},"categories":[494],"tags":[4868,4809],"class_list":["post-185075","post","type-post","status-publish","format-standard","has-post-thumbnail","hentry","category-attualita","tag-bollettino-covid-toscana","tag-covid"],"acf":[],"yoast_head":"<!-- This site is optimized with the Yoast SEO Premium plugin v24.2 (Yoast SEO v25.6) - https:\/\/yoast.com\/wordpress\/plugins\/seo\/ -->\n<title>Covid-19, casi in crescita in Toscana: sono 748 i nuovi positivi - intoscana<\/title>\n<meta name=\"description\" content=\"13.518 i test effettuati, il tasso di positivit\u00e0 \u00e8\u00a0 al 5,53%. Toscana si trova al 12\u00b0 posto in Italia come numerosit\u00e0 di casi.\" \/>\n<meta name=\"robots\" content=\"index, follow, max-snippet:-1, max-image-preview:large, max-video-preview:-1\" \/>\n<link rel=\"canonical\" href=\"https:\/\/www.intoscana.it\/it\/covid-toscana-casi-29-luglio-2021\/\" \/>\n<meta property=\"og:locale\" content=\"it_IT\" \/>\n<meta property=\"og:type\" content=\"article\" \/>\n<meta property=\"og:title\" content=\"Covid-19, casi in crescita in Toscana: sono 748 i nuovi positivi\" \/>\n<meta property=\"og:description\" content=\"13.518 i test effettuati, il tasso di positivit\u00e0 \u00e8\u00a0 al 5,53%. Toscana si trova al 12\u00b0 posto in Italia come numerosit\u00e0 di casi.\" \/>\n<meta property=\"og:url\" content=\"https:\/\/www.intoscana.it\/it\/covid-toscana-casi-29-luglio-2021\/\" \/>\n<meta property=\"og:site_name\" content=\"intoscana\" \/>\n<meta property=\"article:publisher\" content=\"https:\/\/www.facebook.com\/intoscana.it\" \/>\n<meta property=\"article:published_time\" content=\"2021-07-29T12:45:39+00:00\" \/>\n<meta property=\"article:modified_time\" content=\"2021-07-30T13:52:55+00:00\" \/>\n<meta property=\"og:image\" content=\"https:\/\/www.intoscana.it\/wp-content\/uploads\/29-luglio-bollettino-covid-toscana.jpeg\" \/>\n\t<meta property=\"og:image:width\" content=\"1200\" \/>\n\t<meta property=\"og:image:height\" content=\"630\" \/>\n\t<meta property=\"og:image:type\" content=\"image\/jpeg\" \/>\n<meta name=\"author\" content=\"Redazione\" \/>\n<meta name=\"twitter:card\" content=\"summary_large_image\" \/>\n<meta name=\"twitter:creator\" content=\"@intoscana\" \/>\n<meta name=\"twitter:site\" content=\"@intoscana\" \/>\n<meta name=\"twitter:label1\" content=\"Written by\" \/>\n\t<meta name=\"twitter:data1\" content=\"Redazione\" \/>\n\t<meta name=\"twitter:label2\" content=\"Est. reading time\" \/>\n\t<meta name=\"twitter:data2\" content=\"3 minuti\" \/>\n<script type=\"application\/ld+json\" class=\"yoast-schema-graph\">{\"@context\":\"https:\/\/schema.org\",\"@graph\":[{\"@type\":\"WebPage\",\"@id\":\"https:\/\/www.intoscana.it\/it\/covid-toscana-casi-29-luglio-2021\/\",\"url\":\"https:\/\/www.intoscana.it\/it\/covid-toscana-casi-29-luglio-2021\/\",\"name\":\"Covid-19, casi in crescita in Toscana: sono 748 i nuovi positivi - intoscana\",\"isPartOf\":{\"@id\":\"https:\/\/www.intoscana.it\/it\/#website\"},\"primaryImageOfPage\":{\"@id\":\"https:\/\/www.intoscana.it\/it\/covid-toscana-casi-29-luglio-2021\/#primaryimage\"},\"image\":{\"@id\":\"https:\/\/www.intoscana.it\/it\/covid-toscana-casi-29-luglio-2021\/#primaryimage\"},\"thumbnailUrl\":\"https:\/\/www.intoscana.it\/wp-content\/uploads\/shutterstock_1664361598-2.jpg\",\"datePublished\":\"2021-07-29T12:45:39+00:00\",\"dateModified\":\"2021-07-30T13:52:55+00:00\",\"author\":{\"@id\":\"https:\/\/www.intoscana.it\/it\/#\/schema\/person\/9223810753230f20bd670fdd322661f8\"},\"description\":\"13.518 i test effettuati, il tasso di positivit\u00e0 \u00e8\u00a0 al 5,53%. Toscana si trova al 12\u00b0 posto in Italia come numerosit\u00e0 di casi.\",\"breadcrumb\":{\"@id\":\"https:\/\/www.intoscana.it\/it\/covid-toscana-casi-29-luglio-2021\/#breadcrumb\"},\"inLanguage\":\"it-IT\",\"potentialAction\":[{\"@type\":\"ReadAction\",\"target\":[\"https:\/\/www.intoscana.it\/it\/covid-toscana-casi-29-luglio-2021\/\"]}]},{\"@type\":\"ImageObject\",\"inLanguage\":\"it-IT\",\"@id\":\"https:\/\/www.intoscana.it\/it\/covid-toscana-casi-29-luglio-2021\/#primaryimage\",\"url\":\"https:\/\/www.intoscana.it\/wp-content\/uploads\/shutterstock_1664361598-2.jpg\",\"contentUrl\":\"https:\/\/www.intoscana.it\/wp-content\/uploads\/shutterstock_1664361598-2.jpg\",\"width\":2000,\"height\":1367,\"caption\":\"Coronavirus in Toscana\"},{\"@type\":\"BreadcrumbList\",\"@id\":\"https:\/\/www.intoscana.it\/it\/covid-toscana-casi-29-luglio-2021\/#breadcrumb\",\"itemListElement\":[{\"@type\":\"ListItem\",\"position\":1,\"name\":\"Home\",\"item\":\"https:\/\/www.intoscana.it\/it\/\"},{\"@type\":\"ListItem\",\"position\":2,\"name\":\"Covid-19, casi in crescita in Toscana: sono 748 i nuovi positivi\"}]},{\"@type\":\"WebSite\",\"@id\":\"https:\/\/www.intoscana.it\/it\/#website\",\"url\":\"https:\/\/www.intoscana.it\/it\/\",\"name\":\"intoscana\",\"description\":\"\",\"potentialAction\":[{\"@type\":\"SearchAction\",\"target\":{\"@type\":\"EntryPoint\",\"urlTemplate\":\"https:\/\/www.intoscana.it\/it\/?s={search_term_string}\"},\"query-input\":{\"@type\":\"PropertyValueSpecification\",\"valueRequired\":true,\"valueName\":\"search_term_string\"}}],\"inLanguage\":\"it-IT\"},{\"@type\":\"Person\",\"@id\":\"https:\/\/www.intoscana.it\/it\/#\/schema\/person\/9223810753230f20bd670fdd322661f8\",\"name\":\"Redazione\",\"url\":\"https:\/\/www.intoscana.it\/it\/author\/redazione\/\"}]}<\/script>\n<!-- \/ Yoast SEO Premium plugin. -->","yoast_head_json":{"title":"Covid-19, casi in crescita in Toscana: sono 748 i nuovi positivi - intoscana","description":"13.518 i test effettuati, il tasso di positivit\u00e0 \u00e8\u00a0 al 5,53%. Toscana si trova al 12\u00b0 posto in Italia come numerosit\u00e0 di casi.","robots":{"index":"index","follow":"follow","max-snippet":"max-snippet:-1","max-image-preview":"max-image-preview:large","max-video-preview":"max-video-preview:-1"},"canonical":"https:\/\/www.intoscana.it\/it\/covid-toscana-casi-29-luglio-2021\/","og_locale":"it_IT","og_type":"article","og_title":"Covid-19, casi in crescita in Toscana: sono 748 i nuovi positivi","og_description":"13.518 i test effettuati, il tasso di positivit\u00e0 \u00e8\u00a0 al 5,53%. Toscana si trova al 12\u00b0 posto in Italia come numerosit\u00e0 di casi.","og_url":"https:\/\/www.intoscana.it\/it\/covid-toscana-casi-29-luglio-2021\/","og_site_name":"intoscana","article_publisher":"https:\/\/www.facebook.com\/intoscana.it","article_published_time":"2021-07-29T12:45:39+00:00","article_modified_time":"2021-07-30T13:52:55+00:00","og_image":[{"width":1200,"height":630,"url":"https:\/\/www.intoscana.it\/wp-content\/uploads\/29-luglio-bollettino-covid-toscana.jpeg","type":"image\/jpeg"}],"author":"Redazione","twitter_card":"summary_large_image","twitter_creator":"@intoscana","twitter_site":"@intoscana","twitter_misc":{"Written by":"Redazione","Est. reading time":"3 minuti"},"schema":{"@context":"https:\/\/schema.org","@graph":[{"@type":"WebPage","@id":"https:\/\/www.intoscana.it\/it\/covid-toscana-casi-29-luglio-2021\/","url":"https:\/\/www.intoscana.it\/it\/covid-toscana-casi-29-luglio-2021\/","name":"Covid-19, casi in crescita in Toscana: sono 748 i nuovi positivi - intoscana","isPartOf":{"@id":"https:\/\/www.intoscana.it\/it\/#website"},"primaryImageOfPage":{"@id":"https:\/\/www.intoscana.it\/it\/covid-toscana-casi-29-luglio-2021\/#primaryimage"},"image":{"@id":"https:\/\/www.intoscana.it\/it\/covid-toscana-casi-29-luglio-2021\/#primaryimage"},"thumbnailUrl":"https:\/\/www.intoscana.it\/wp-content\/uploads\/shutterstock_1664361598-2.jpg","datePublished":"2021-07-29T12:45:39+00:00","dateModified":"2021-07-30T13:52:55+00:00","author":{"@id":"https:\/\/www.intoscana.it\/it\/#\/schema\/person\/9223810753230f20bd670fdd322661f8"},"description":"13.518 i test effettuati, il tasso di positivit\u00e0 \u00e8\u00a0 al 5,53%. Toscana si trova al 12\u00b0 posto in Italia come numerosit\u00e0 di casi.","breadcrumb":{"@id":"https:\/\/www.intoscana.it\/it\/covid-toscana-casi-29-luglio-2021\/#breadcrumb"},"inLanguage":"it-IT","potentialAction":[{"@type":"ReadAction","target":["https:\/\/www.intoscana.it\/it\/covid-toscana-casi-29-luglio-2021\/"]}]},{"@type":"ImageObject","inLanguage":"it-IT","@id":"https:\/\/www.intoscana.it\/it\/covid-toscana-casi-29-luglio-2021\/#primaryimage","url":"https:\/\/www.intoscana.it\/wp-content\/uploads\/shutterstock_1664361598-2.jpg","contentUrl":"https:\/\/www.intoscana.it\/wp-content\/uploads\/shutterstock_1664361598-2.jpg","width":2000,"height":1367,"caption":"Coronavirus in Toscana"},{"@type":"BreadcrumbList","@id":"https:\/\/www.intoscana.it\/it\/covid-toscana-casi-29-luglio-2021\/#breadcrumb","itemListElement":[{"@type":"ListItem","position":1,"name":"Home","item":"https:\/\/www.intoscana.it\/it\/"},{"@type":"ListItem","position":2,"name":"Covid-19, casi in crescita in Toscana: sono 748 i nuovi positivi"}]},{"@type":"WebSite","@id":"https:\/\/www.intoscana.it\/it\/#website","url":"https:\/\/www.intoscana.it\/it\/","name":"intoscana","description":"","potentialAction":[{"@type":"SearchAction","target":{"@type":"EntryPoint","urlTemplate":"https:\/\/www.intoscana.it\/it\/?s={search_term_string}"},"query-input":{"@type":"PropertyValueSpecification","valueRequired":true,"valueName":"search_term_string"}}],"inLanguage":"it-IT"},{"@type":"Person","@id":"https:\/\/www.intoscana.it\/it\/#\/schema\/person\/9223810753230f20bd670fdd322661f8","name":"Redazione","url":"https:\/\/www.intoscana.it\/it\/author\/redazione\/"}]}},"_links":{"self":[{"href":"https:\/\/www.intoscana.it\/it\/wp-json\/wp\/v2\/posts\/185075","targetHints":{"allow":["GET"]}}],"collection":[{"href":"https:\/\/www.intoscana.it\/it\/wp-json\/wp\/v2\/posts"}],"about":[{"href":"https:\/\/www.intoscana.it\/it\/wp-json\/wp\/v2\/types\/post"}],"author":[{"embeddable":true,"href":"https:\/\/www.intoscana.it\/it\/wp-json\/wp\/v2\/users\/525"}],"replies":[{"embeddable":true,"href":"https:\/\/www.intoscana.it\/it\/wp-json\/wp\/v2\/comments?post=185075"}],"version-history":[{"count":0,"href":"https:\/\/www.intoscana.it\/it\/wp-json\/wp\/v2\/posts\/185075\/revisions"}],"wp:featuredmedia":[{"embeddable":true,"href":"https:\/\/www.intoscana.it\/it\/wp-json\/wp\/v2\/media\/145725"}],"wp:attachment":[{"href":"https:\/\/www.intoscana.it\/it\/wp-json\/wp\/v2\/media?parent=185075"}],"wp:term":[{"taxonomy":"category","embeddable":true,"href":"https:\/\/www.intoscana.it\/it\/wp-json\/wp\/v2\/categories?post=185075"},{"taxonomy":"post_tag","embeddable":true,"href":"https:\/\/www.intoscana.it\/it\/wp-json\/wp\/v2\/tags?post=185075"}],"curies":[{"name":"wp","href":"https:\/\/api.w.org\/{rel}","templated":true}]}}