{"id":185205,"date":"2021-07-30T14:34:45","date_gmt":"2021-07-30T12:34:45","guid":{"rendered":"https:\/\/www.intoscana.it\/it\/?p=185205"},"modified":"2021-07-31T17:39:18","modified_gmt":"2021-07-31T15:39:18","slug":"covid-contagi-ancora-sopra-quota-700-in-lieve-aumento-anche-i-ricoveri","status":"publish","type":"post","link":"https:\/\/www.intoscana.it\/it\/covid-contagi-ancora-sopra-quota-700-in-lieve-aumento-anche-i-ricoveri\/","title":{"rendered":"Covid, contagi ancora sopra quota 700. In lieve aumento anche i ricoveri"},"content":{"rendered":"<p>Restano sopra settecento i nuovi casi di Covid in Toscana. Per l&#8217;esattezza oggi sono <strong>720 in pi\u00f9 rispetto a ieri<\/strong> (698 confermati con tampone molecolare e 22 da test rapido antigenico). <strong>I nuovi casi sono lo 0,3% in pi\u00f9 rispetto al totale del giorno precedente.<\/strong><\/p>\n<p><strong>Oggi sono stati eseguiti 8.351 tamponi molecolari e 5.155 tamponi antigenici rapidi,<\/strong> di questi il <strong>5,3% \u00e8 risultato positivo<\/strong>. Sono invece 7.158 i soggetti testati oggi (con tampone antigenico e\/o molecolare, escludendo i tamponi di controllo), di cui il 10,1% \u00e8 risultato positivo. Gli attualmente positivi sono oggi 6.441, +11,5% rispetto a ieri. I ricoverati sono 141 (16 in pi\u00f9 rispetto a ieri), di cui 14 in terapia intensiva (1 in pi\u00f9). Oggi si registra un nuovo decesso: un uomo di 90 anni.<\/p>\n<p><strong>L&#8217;et\u00e0 media dei 720 nuovi positivi odierni \u00e8 di 31 anni circa<\/strong> (31% ha meno di 20 anni, 40% tra 20 e 39 anni, 22% tra 40 e 59 anni, 6% tra 60 e 79 anni, 1% ha 80 anni o pi\u00f9).<\/p>\n<h3>I casi di positivit\u00e0 sul territorio<\/h3>\n<p>Di seguito i casi di positivit\u00e0 sul territorio con la variazione rispetto a ieri (698 confermati con tampone molecolare e 22 da test rapido antigenico). Sono 69.711 i casi complessivi ad oggi a Firenze (220 in pi\u00f9 rispetto a ieri), 23.156 a Prato (55 in pi\u00f9), 23.481 a Pistoia (62 in pi\u00f9), 13.600 a Massa-Carrara (20 in pi\u00f9), 25.752 a Lucca (111 in pi\u00f9), 29.898 a Pisa (77 in pi\u00f9), 18.008 a Livorno (57 in pi\u00f9), 23.332 ad Arezzo (44 in pi\u00f9), 14.292 a Siena (43 in pi\u00f9), 9.547 a Grosseto (31 in pi\u00f9). Sono 555 i casi positivi notificati in Toscana, ma residenti in altre regioni.<\/p>\n<p>Sono 351 i casi riscontrati oggi nell&#8217;Asl Centro, 251 nella Nord Ovest, 118 nella Sud est.<\/p>\n<p>La Toscana si trova al 12\u00b0 posto in Italia come numerosit\u00e0 di casi (comprensivi di residenti e non residenti), con circa 6.851 casi per 100.000 abitanti (media italiana circa 7.319\u00a0 per 100.000, dato di ieri). Le province di notifica con il tasso pi\u00f9 alto sono Prato con 9.044 casi\u00a0 per 100.000 abitanti, Pistoia con 8.074, Pisa con 7.180, la pi\u00f9 bassa Grosseto con 4.369.<\/p>\n<p>Complessivamente, 6.300 persone sono in isolamento a casa, poich\u00e9 presentano sintomi lievi che non richiedono cure ospedaliere, o risultano prive di sintomi (648 in pi\u00f9 rispetto a ieri, pi\u00f9 11,5%).<br \/>\nSono 12.027 (611 in pi\u00f9 rispetto a ieri, pi\u00f9 5,4%) le persone, anch&#8217;esse isolate, in sorveglianza attiva perch\u00e9 hanno avuto contatti con persone contagiate (ASL Centro 4.633, Nord Ovest 5.826, Sud Est 1.568).<\/p>\n<h3>I dati dei ricoveri<\/h3>\n<p><strong>Le persone ricoverate nei posti letto dedicati ai pazienti COVID oggi sono complessivamente 141<\/strong> (16 in pi\u00f9 rispetto a ieri, pi\u00f9 12,8%), 14 in terapia intensiva (1 in pi\u00f9 rispetto a ieri, pi\u00f9 7,7%).<\/p>\n<p><strong>Le persone complessivamente guarite sono 237.979<\/strong> (55 in pi\u00f9 rispetto a ieri, pi\u00f9 0,02%): 0 persone clinicamente guarite (stabili rispetto a ieri), divenute cio\u00e8 asintomatiche dopo aver presentato manifestazioni cliniche associate all&#8217;infezione e 237.979 (55 in pi\u00f9 rispetto a ieri, pi\u00f9 0,02%) dichiarate guarite a tutti gli effetti, le cosiddette guarigioni virali, con tampone negativo.<\/p>\n<p><strong>Relativamente alla provincia di residenza, la persona deceduta \u00e8 a Arezzo.<\/strong><\/p>\n<p>Sono 6.912 i deceduti dall&#8217;inizio dell&#8217;epidemia cosi ripartiti: 2.229 a Firenze, 602 a Prato, 633 a Pistoia, 527 a Massa-Carrara, 668 a Lucca, 702 a Pisa, 417 a Livorno, 514 ad Arezzo, 340 a Siena, 189 a Grosseto, 91 persone sono decedute sul suolo toscano ma erano residenti fuori regione.<\/p>\n<p>Il tasso grezzo di mortalit\u00e0 toscano (numero di deceduti\/popolazione residente) per Covid-19 \u00e8 di 188,4\u00a0 per 100.000 residenti contro il 216,1 per 100.000 della media italiana (12\u00b0 regione). Per quanto riguarda le province, il tasso di mortalit\u00e0 pi\u00f9 alto si riscontra a Massa-Carrara (277,6 per 100.000), Prato (235,1 x100.000) e Firenze (226,1 x100.000), il pi\u00f9 basso a Grosseto (86,5 per 100.000).<\/p>\n","protected":false},"excerpt":{"rendered":"<p>L&#8217;et\u00e0 media dei 720 nuovi positivi odierni \u00e8 di 31 anni: 31% ha meno di 20 anni, 40% tra 20 e 39 anni, 22% tra 40 e 59 anni, 6% tra 60 e 79 anni, 1% ha 80 anni o pi\u00f9.<\/p>\n","protected":false},"author":525,"featured_media":174319,"comment_status":"open","ping_status":"open","sticky":false,"template":"","format":"standard","meta":{"_acf_changed":false,"footnotes":""},"categories":[494],"tags":[4868,4809],"class_list":["post-185205","post","type-post","status-publish","format-standard","has-post-thumbnail","hentry","category-attualita","tag-bollettino-covid-toscana","tag-covid"],"acf":[],"yoast_head":"<!-- This site is optimized with the Yoast SEO Premium plugin v24.2 (Yoast SEO v25.6) - https:\/\/yoast.com\/wordpress\/plugins\/seo\/ -->\n<title>Covid, contagi ancora sopra quota 700. In lieve aumento anche i ricoveri - intoscana<\/title>\n<meta name=\"description\" content=\"L&#039;et\u00e0 media dei 720 nuovi casi \u00e8 di 31 anni: 31% ha meno di 20 anni, 40% tra 20 e 39, 22% tra 40 e 59, 6% tra 60 e 79, 1% ha 80 anni o pi\u00f9\" \/>\n<meta name=\"robots\" content=\"index, follow, max-snippet:-1, max-image-preview:large, max-video-preview:-1\" \/>\n<link rel=\"canonical\" href=\"https:\/\/www.intoscana.it\/it\/covid-contagi-ancora-sopra-quota-700-in-lieve-aumento-anche-i-ricoveri\/\" \/>\n<meta property=\"og:locale\" content=\"it_IT\" \/>\n<meta property=\"og:type\" content=\"article\" \/>\n<meta property=\"og:title\" content=\"Covid, contagi ancora sopra quota 700. In lieve aumento anche i ricoveri\" \/>\n<meta property=\"og:description\" content=\"L&#039;et\u00e0 media dei 720 nuovi casi \u00e8 di 31 anni: 31% ha meno di 20 anni, 40% tra 20 e 39, 22% tra 40 e 59, 6% tra 60 e 79, 1% ha 80 anni o pi\u00f9\" \/>\n<meta property=\"og:url\" content=\"https:\/\/www.intoscana.it\/it\/covid-contagi-ancora-sopra-quota-700-in-lieve-aumento-anche-i-ricoveri\/\" \/>\n<meta property=\"og:site_name\" content=\"intoscana\" \/>\n<meta property=\"article:publisher\" content=\"https:\/\/www.facebook.com\/intoscana.it\" \/>\n<meta property=\"article:published_time\" content=\"2021-07-30T12:34:45+00:00\" \/>\n<meta property=\"article:modified_time\" content=\"2021-07-31T15:39:18+00:00\" \/>\n<meta property=\"og:image\" content=\"https:\/\/www.intoscana.it\/wp-content\/uploads\/Asl-Covid.jpeg\" \/>\n\t<meta property=\"og:image:width\" content=\"1600\" \/>\n\t<meta property=\"og:image:height\" content=\"1163\" \/>\n\t<meta property=\"og:image:type\" content=\"image\/jpeg\" \/>\n<meta name=\"author\" content=\"Redazione\" \/>\n<meta name=\"twitter:card\" content=\"summary_large_image\" \/>\n<meta name=\"twitter:creator\" content=\"@intoscana\" \/>\n<meta name=\"twitter:site\" content=\"@intoscana\" \/>\n<meta name=\"twitter:label1\" content=\"Written by\" \/>\n\t<meta name=\"twitter:data1\" content=\"Redazione\" \/>\n\t<meta name=\"twitter:label2\" content=\"Est. reading time\" \/>\n\t<meta name=\"twitter:data2\" content=\"3 minuti\" \/>\n<script type=\"application\/ld+json\" class=\"yoast-schema-graph\">{\"@context\":\"https:\/\/schema.org\",\"@graph\":[{\"@type\":\"WebPage\",\"@id\":\"https:\/\/www.intoscana.it\/it\/covid-contagi-ancora-sopra-quota-700-in-lieve-aumento-anche-i-ricoveri\/\",\"url\":\"https:\/\/www.intoscana.it\/it\/covid-contagi-ancora-sopra-quota-700-in-lieve-aumento-anche-i-ricoveri\/\",\"name\":\"Covid, contagi ancora sopra quota 700. In lieve aumento anche i ricoveri - intoscana\",\"isPartOf\":{\"@id\":\"https:\/\/www.intoscana.it\/it\/#website\"},\"primaryImageOfPage\":{\"@id\":\"https:\/\/www.intoscana.it\/it\/covid-contagi-ancora-sopra-quota-700-in-lieve-aumento-anche-i-ricoveri\/#primaryimage\"},\"image\":{\"@id\":\"https:\/\/www.intoscana.it\/it\/covid-contagi-ancora-sopra-quota-700-in-lieve-aumento-anche-i-ricoveri\/#primaryimage\"},\"thumbnailUrl\":\"https:\/\/www.intoscana.it\/wp-content\/uploads\/Asl-Covid.jpeg\",\"datePublished\":\"2021-07-30T12:34:45+00:00\",\"dateModified\":\"2021-07-31T15:39:18+00:00\",\"author\":{\"@id\":\"https:\/\/www.intoscana.it\/it\/#\/schema\/person\/9223810753230f20bd670fdd322661f8\"},\"description\":\"L'et\u00e0 media dei 720 nuovi casi \u00e8 di 31 anni: 31% ha meno di 20 anni, 40% tra 20 e 39, 22% tra 40 e 59, 6% tra 60 e 79, 1% ha 80 anni o pi\u00f9\",\"breadcrumb\":{\"@id\":\"https:\/\/www.intoscana.it\/it\/covid-contagi-ancora-sopra-quota-700-in-lieve-aumento-anche-i-ricoveri\/#breadcrumb\"},\"inLanguage\":\"it-IT\",\"potentialAction\":[{\"@type\":\"ReadAction\",\"target\":[\"https:\/\/www.intoscana.it\/it\/covid-contagi-ancora-sopra-quota-700-in-lieve-aumento-anche-i-ricoveri\/\"]}]},{\"@type\":\"ImageObject\",\"inLanguage\":\"it-IT\",\"@id\":\"https:\/\/www.intoscana.it\/it\/covid-contagi-ancora-sopra-quota-700-in-lieve-aumento-anche-i-ricoveri\/#primaryimage\",\"url\":\"https:\/\/www.intoscana.it\/wp-content\/uploads\/Asl-Covid.jpeg\",\"contentUrl\":\"https:\/\/www.intoscana.it\/wp-content\/uploads\/Asl-Covid.jpeg\",\"width\":1600,\"height\":1163,\"caption\":\"Personale sanitario impegnato nella campagna vaccinale\"},{\"@type\":\"BreadcrumbList\",\"@id\":\"https:\/\/www.intoscana.it\/it\/covid-contagi-ancora-sopra-quota-700-in-lieve-aumento-anche-i-ricoveri\/#breadcrumb\",\"itemListElement\":[{\"@type\":\"ListItem\",\"position\":1,\"name\":\"Home\",\"item\":\"https:\/\/www.intoscana.it\/it\/\"},{\"@type\":\"ListItem\",\"position\":2,\"name\":\"Covid, contagi ancora sopra quota 700. In lieve aumento anche i ricoveri\"}]},{\"@type\":\"WebSite\",\"@id\":\"https:\/\/www.intoscana.it\/it\/#website\",\"url\":\"https:\/\/www.intoscana.it\/it\/\",\"name\":\"intoscana\",\"description\":\"\",\"potentialAction\":[{\"@type\":\"SearchAction\",\"target\":{\"@type\":\"EntryPoint\",\"urlTemplate\":\"https:\/\/www.intoscana.it\/it\/?s={search_term_string}\"},\"query-input\":{\"@type\":\"PropertyValueSpecification\",\"valueRequired\":true,\"valueName\":\"search_term_string\"}}],\"inLanguage\":\"it-IT\"},{\"@type\":\"Person\",\"@id\":\"https:\/\/www.intoscana.it\/it\/#\/schema\/person\/9223810753230f20bd670fdd322661f8\",\"name\":\"Redazione\",\"url\":\"https:\/\/www.intoscana.it\/it\/author\/redazione\/\"}]}<\/script>\n<!-- \/ Yoast SEO Premium plugin. -->","yoast_head_json":{"title":"Covid, contagi ancora sopra quota 700. In lieve aumento anche i ricoveri - intoscana","description":"L'et\u00e0 media dei 720 nuovi casi \u00e8 di 31 anni: 31% ha meno di 20 anni, 40% tra 20 e 39, 22% tra 40 e 59, 6% tra 60 e 79, 1% ha 80 anni o pi\u00f9","robots":{"index":"index","follow":"follow","max-snippet":"max-snippet:-1","max-image-preview":"max-image-preview:large","max-video-preview":"max-video-preview:-1"},"canonical":"https:\/\/www.intoscana.it\/it\/covid-contagi-ancora-sopra-quota-700-in-lieve-aumento-anche-i-ricoveri\/","og_locale":"it_IT","og_type":"article","og_title":"Covid, contagi ancora sopra quota 700. In lieve aumento anche i ricoveri","og_description":"L'et\u00e0 media dei 720 nuovi casi \u00e8 di 31 anni: 31% ha meno di 20 anni, 40% tra 20 e 39, 22% tra 40 e 59, 6% tra 60 e 79, 1% ha 80 anni o pi\u00f9","og_url":"https:\/\/www.intoscana.it\/it\/covid-contagi-ancora-sopra-quota-700-in-lieve-aumento-anche-i-ricoveri\/","og_site_name":"intoscana","article_publisher":"https:\/\/www.facebook.com\/intoscana.it","article_published_time":"2021-07-30T12:34:45+00:00","article_modified_time":"2021-07-31T15:39:18+00:00","og_image":[{"width":1600,"height":1163,"url":"https:\/\/www.intoscana.it\/wp-content\/uploads\/Asl-Covid.jpeg","type":"image\/jpeg"}],"author":"Redazione","twitter_card":"summary_large_image","twitter_creator":"@intoscana","twitter_site":"@intoscana","twitter_misc":{"Written by":"Redazione","Est. reading time":"3 minuti"},"schema":{"@context":"https:\/\/schema.org","@graph":[{"@type":"WebPage","@id":"https:\/\/www.intoscana.it\/it\/covid-contagi-ancora-sopra-quota-700-in-lieve-aumento-anche-i-ricoveri\/","url":"https:\/\/www.intoscana.it\/it\/covid-contagi-ancora-sopra-quota-700-in-lieve-aumento-anche-i-ricoveri\/","name":"Covid, contagi ancora sopra quota 700. In lieve aumento anche i ricoveri - intoscana","isPartOf":{"@id":"https:\/\/www.intoscana.it\/it\/#website"},"primaryImageOfPage":{"@id":"https:\/\/www.intoscana.it\/it\/covid-contagi-ancora-sopra-quota-700-in-lieve-aumento-anche-i-ricoveri\/#primaryimage"},"image":{"@id":"https:\/\/www.intoscana.it\/it\/covid-contagi-ancora-sopra-quota-700-in-lieve-aumento-anche-i-ricoveri\/#primaryimage"},"thumbnailUrl":"https:\/\/www.intoscana.it\/wp-content\/uploads\/Asl-Covid.jpeg","datePublished":"2021-07-30T12:34:45+00:00","dateModified":"2021-07-31T15:39:18+00:00","author":{"@id":"https:\/\/www.intoscana.it\/it\/#\/schema\/person\/9223810753230f20bd670fdd322661f8"},"description":"L'et\u00e0 media dei 720 nuovi casi \u00e8 di 31 anni: 31% ha meno di 20 anni, 40% tra 20 e 39, 22% tra 40 e 59, 6% tra 60 e 79, 1% ha 80 anni o pi\u00f9","breadcrumb":{"@id":"https:\/\/www.intoscana.it\/it\/covid-contagi-ancora-sopra-quota-700-in-lieve-aumento-anche-i-ricoveri\/#breadcrumb"},"inLanguage":"it-IT","potentialAction":[{"@type":"ReadAction","target":["https:\/\/www.intoscana.it\/it\/covid-contagi-ancora-sopra-quota-700-in-lieve-aumento-anche-i-ricoveri\/"]}]},{"@type":"ImageObject","inLanguage":"it-IT","@id":"https:\/\/www.intoscana.it\/it\/covid-contagi-ancora-sopra-quota-700-in-lieve-aumento-anche-i-ricoveri\/#primaryimage","url":"https:\/\/www.intoscana.it\/wp-content\/uploads\/Asl-Covid.jpeg","contentUrl":"https:\/\/www.intoscana.it\/wp-content\/uploads\/Asl-Covid.jpeg","width":1600,"height":1163,"caption":"Personale sanitario impegnato nella campagna vaccinale"},{"@type":"BreadcrumbList","@id":"https:\/\/www.intoscana.it\/it\/covid-contagi-ancora-sopra-quota-700-in-lieve-aumento-anche-i-ricoveri\/#breadcrumb","itemListElement":[{"@type":"ListItem","position":1,"name":"Home","item":"https:\/\/www.intoscana.it\/it\/"},{"@type":"ListItem","position":2,"name":"Covid, contagi ancora sopra quota 700. In lieve aumento anche i ricoveri"}]},{"@type":"WebSite","@id":"https:\/\/www.intoscana.it\/it\/#website","url":"https:\/\/www.intoscana.it\/it\/","name":"intoscana","description":"","potentialAction":[{"@type":"SearchAction","target":{"@type":"EntryPoint","urlTemplate":"https:\/\/www.intoscana.it\/it\/?s={search_term_string}"},"query-input":{"@type":"PropertyValueSpecification","valueRequired":true,"valueName":"search_term_string"}}],"inLanguage":"it-IT"},{"@type":"Person","@id":"https:\/\/www.intoscana.it\/it\/#\/schema\/person\/9223810753230f20bd670fdd322661f8","name":"Redazione","url":"https:\/\/www.intoscana.it\/it\/author\/redazione\/"}]}},"_links":{"self":[{"href":"https:\/\/www.intoscana.it\/it\/wp-json\/wp\/v2\/posts\/185205","targetHints":{"allow":["GET"]}}],"collection":[{"href":"https:\/\/www.intoscana.it\/it\/wp-json\/wp\/v2\/posts"}],"about":[{"href":"https:\/\/www.intoscana.it\/it\/wp-json\/wp\/v2\/types\/post"}],"author":[{"embeddable":true,"href":"https:\/\/www.intoscana.it\/it\/wp-json\/wp\/v2\/users\/525"}],"replies":[{"embeddable":true,"href":"https:\/\/www.intoscana.it\/it\/wp-json\/wp\/v2\/comments?post=185205"}],"version-history":[{"count":0,"href":"https:\/\/www.intoscana.it\/it\/wp-json\/wp\/v2\/posts\/185205\/revisions"}],"wp:featuredmedia":[{"embeddable":true,"href":"https:\/\/www.intoscana.it\/it\/wp-json\/wp\/v2\/media\/174319"}],"wp:attachment":[{"href":"https:\/\/www.intoscana.it\/it\/wp-json\/wp\/v2\/media?parent=185205"}],"wp:term":[{"taxonomy":"category","embeddable":true,"href":"https:\/\/www.intoscana.it\/it\/wp-json\/wp\/v2\/categories?post=185205"},{"taxonomy":"post_tag","embeddable":true,"href":"https:\/\/www.intoscana.it\/it\/wp-json\/wp\/v2\/tags?post=185205"}],"curies":[{"name":"wp","href":"https:\/\/api.w.org\/{rel}","templated":true}]}}