{"id":185287,"date":"2021-07-31T14:44:59","date_gmt":"2021-07-31T12:44:59","guid":{"rendered":"https:\/\/www.intoscana.it\/it\/?p=185287"},"modified":"2021-08-02T11:03:07","modified_gmt":"2021-08-02T09:03:07","slug":"nave-arno-empoli-limite","status":"publish","type":"post","link":"https:\/\/www.intoscana.it\/it\/nave-arno-empoli-limite\/","title":{"rendered":"Torna in funzione la zattera-battello che attraversa l\u2019Arno tra Limite e Tinaia"},"content":{"rendered":"<p>Lo sapevate che \u00e8 attiva una <strong>zattera che attraverso l\u2019Arno<\/strong> collega <strong>Limite e la localit\u00e0 di Tinaia<\/strong>? La \u201cNave\u201d \u00e8 tornata in funzione, tra i <strong>Comuni di Empoli e Capraia e Limite<\/strong>, dopo lo stop forzato causato dalla pandemia e ora festeggia i primi <strong>20 anni di attivit\u00e0<\/strong> diventando uno dei <strong>simboli del \u201cPatto per l\u2019Arno<\/strong>\u201d.<\/p>\n<p>Si tratta di una <strong>esperienza veramente unica lungo il corso dell\u2019Arno<\/strong> e che permette di vivere il fiume in maniera inusuale. Questa iniziativa va poi ad inserirsi in un <strong>percorso di riflessione intorno ai corsi d\u2019acqua<\/strong> e l\u2019Arno che sono al centro di un rinnovato interesse sia in ottica di tutela ma anche per <strong>progetti di mobilit\u00e0 alternativa e sostenibile<\/strong>. Per il <strong>sindaco di Capraia e Limite, Alessandro<\/strong> <strong>Giunti<\/strong> \u00e8 infatti <em>\u201cUn\u2019iniziativa che mette in risalto il legame e l\u2019attenzione che abbiamo con il fiume e che valorizza una eccellenza del nostro territorio come la societ\u00e0 Canottieri Limite<\/em>\u201d.<\/p>\n<p>\u201c<em>L\u2019Arno \u00e8 il fiume che unisce i territori <\/em>dell\u2019empolese \u2013 ha commentato <strong>Fabio Barsottini, vicesindaco del Comune di Empoli<\/strong> &#8211;<em>. <mark>Una risorsa che in passato ha garantito lo sviluppo del nostro territorio e che oggi vogliamo continui ad avere un ruolo centrale nelle nostre vite. Cura, attenzione e vivibilit\u00e0 dell\u2019Arno sono gli ingredienti fondamentali per il futuro sostenibile della nostra citt\u00e0. <\/mark>Ci stiamo investendo tanto, a iniziare dalla ciclopista lungo l\u2019Arno, e siamo felici che il servizio della Nave sia diventato un simbolo per il Patto per l\u2019Arno<\/em>\u201d.<\/p>\n<h3>Il servizio di trasporto pubblico<\/h3>\n<p>Per tutta l\u2019estate, la zattera manovrata dai Canottieri Limite effettua <strong>regolare servizio pubblico muovendosi lungo una fune fissata tra le due sponde<\/strong>. Il servizio traghetto, su cui si pu\u00f2 salire dal lungarno Trento e Trieste lato Limite sull\u2019Arno e da via della Tinaia lato Empoli, \u00e8 disponibile fino alla fine di settembre <strong>tre volte la settimana<\/strong>: il gioved\u00ec mattina dalle 8,30 alle 12,30, cos\u00ec da consentire agli abitanti della riva destra dell&#8217;Arno di raggiungere a piedi o in bicicletta il mercato settimanale di Empoli in zona Serravalle-Stadio; il sabato pomeriggio dalle 17,00 alle 20,00 e la domenica dalle 9,00 alle 12,00 e dalle 17,00 alle 20,00.<\/p>\n<p>Questo particolare servizio di trasporto <strong>\u00e8 svolto nel totale rispetto delle norme anticontagio<\/strong>. Sul traghetto possono infatti salire 4 persone al massimo ed \u00e8 obbligatorio indossare la mascherina in quanto lo spazio ristretto non garantisce il rispetto del distanziamento. Sulle due sponde sono poi disponibili disinfettante per l\u2019igienizzazione delle mani in entrata e in uscita.<\/p>\n<h3>Patto per l&#8217;Arno<\/h3>\n<p><strong>La \u201cNave\u201d rappresenta anche uno dei simboli del \u201cPatto per l\u2019Arno\u201d,<\/strong> il progetto dei Consorzi di Bonifica, Autorit\u00e0 di Bacino Distrettuale e Anci Toscana che vuole favorire e riunire processi partecipativi territoriali per la stipula di diversi <strong>Contratti di Fiume<\/strong> lungo tutto il corso del fiume Arno, dalla sorgente in Casentino fino allo sbocco in mare. Ed \u00e8 proprio in merito ai lavori dei contratti di fiume del Medio e Basso Valdarno, nel vivo a partire dal prossimo settembre, che ci sar\u00e0 l\u2019occasione per approfondire e rilanciare l\u2019idea della <strong>navigabilit\u00e0 dell\u2019Arno<\/strong> lungo tutto il suo corso. Attivit\u00e0 che porter\u00e0 valore al territorio sia in termini turistici che per la comunit\u00e0.<\/p>\n<p>\u201c<em>L\u2019iniziativa che abbiamo valorizzato non \u00e8 solo importante in s\u00e9 \u2013 <\/em>spiega <strong>Maurizio Ventavoli, presidente del Consorzio di Bonifica 4 Basso Valdarn<em>o<\/em><\/strong><em> \u2013 ma anche per il suo valore simbolico. La zattera fra Limite e Tinaia unisce infatti due sponde del fiume e lo fa in un punte che segna il margine settentrionale del bacino del nostro Consorzio e l\u2019inizio del comprensorio del Consorzio 3 Medio Valdarno.<mark> Unire e mettere in relazione realt\u00e0 diverse, facendole lavorare insieme nella valorizzazione e nella tutela del fiume, \u00e8 l\u2019obbiettivo principale del Patto per l\u2019Arno<\/em>\u201d.<\/mark><\/p>\n","protected":false},"excerpt":{"rendered":"<p>Questa particolare imbarcazione collega le due sponde tra i Comuni di Empoli e Capraia e Limite e diventa uno dei simboli del Patto per l\u2019Arno promosso dai Consorzi di Bonifica, Autorit\u00e0 di Bacino Distrettuale e Anci Toscana per valorizzare e tutelare il fiume<\/p>\n","protected":false},"author":507,"featured_media":185288,"comment_status":"open","ping_status":"open","sticky":false,"template":"","format":"standard","meta":{"_acf_changed":false,"footnotes":""},"categories":[19],"tags":[245,4904,1577],"class_list":["post-185287","post","type-post","status-publish","format-standard","has-post-thumbnail","hentry","category-ambiente","tag-arno","tag-empoli","tag-muoversi-in-toscana"],"acf":[],"yoast_head":"<!-- This site is optimized with the Yoast SEO Premium plugin v24.2 (Yoast SEO v25.6) - https:\/\/yoast.com\/wordpress\/plugins\/seo\/ -->\n<title>Torna in funzione la zattera-battello che attraversa l\u2019Arno tra Limite e Tinaia - intoscana<\/title>\n<meta name=\"description\" content=\"Questa particolare imbarcazione collega le due sponde del fiume tra Empoli e Limite e diventa simbolo del Patto per l\u2019Arno\" \/>\n<meta name=\"robots\" content=\"index, follow, max-snippet:-1, max-image-preview:large, max-video-preview:-1\" \/>\n<link rel=\"canonical\" href=\"https:\/\/www.intoscana.it\/it\/nave-arno-empoli-limite\/\" \/>\n<meta property=\"og:locale\" content=\"it_IT\" \/>\n<meta property=\"og:type\" content=\"article\" \/>\n<meta property=\"og:title\" content=\"Torna in funzione la zattera-battello che attraversa l\u2019Arno tra Limite e Tinaia\" \/>\n<meta property=\"og:description\" content=\"Questa particolare imbarcazione collega le due sponde del fiume tra Empoli e Limite e diventa simbolo del Patto per l\u2019Arno\" \/>\n<meta property=\"og:url\" content=\"https:\/\/www.intoscana.it\/it\/nave-arno-empoli-limite\/\" \/>\n<meta property=\"og:site_name\" content=\"intoscana\" \/>\n<meta property=\"article:publisher\" content=\"https:\/\/www.facebook.com\/intoscana.it\" \/>\n<meta property=\"article:published_time\" content=\"2021-07-31T12:44:59+00:00\" \/>\n<meta property=\"article:modified_time\" content=\"2021-08-02T09:03:07+00:00\" \/>\n<meta property=\"og:image\" content=\"https:\/\/www.intoscana.it\/wp-content\/uploads\/zattera-arno.jpg\" \/>\n\t<meta property=\"og:image:width\" content=\"1032\" \/>\n\t<meta property=\"og:image:height\" content=\"774\" \/>\n\t<meta property=\"og:image:type\" content=\"image\/jpeg\" \/>\n<meta name=\"author\" content=\"Chiara Bianchini\" \/>\n<meta name=\"twitter:card\" content=\"summary_large_image\" \/>\n<meta name=\"twitter:creator\" content=\"@intoscana\" \/>\n<meta name=\"twitter:site\" content=\"@intoscana\" \/>\n<meta name=\"twitter:label1\" content=\"Written by\" \/>\n\t<meta name=\"twitter:data1\" content=\"Chiara Bianchini\" \/>\n\t<meta name=\"twitter:label2\" content=\"Est. reading time\" \/>\n\t<meta name=\"twitter:data2\" content=\"3 minuti\" \/>\n<script type=\"application\/ld+json\" class=\"yoast-schema-graph\">{\"@context\":\"https:\/\/schema.org\",\"@graph\":[{\"@type\":\"WebPage\",\"@id\":\"https:\/\/www.intoscana.it\/it\/nave-arno-empoli-limite\/\",\"url\":\"https:\/\/www.intoscana.it\/it\/nave-arno-empoli-limite\/\",\"name\":\"Torna in funzione la zattera-battello che attraversa l\u2019Arno tra Limite e Tinaia - intoscana\",\"isPartOf\":{\"@id\":\"https:\/\/www.intoscana.it\/it\/#website\"},\"primaryImageOfPage\":{\"@id\":\"https:\/\/www.intoscana.it\/it\/nave-arno-empoli-limite\/#primaryimage\"},\"image\":{\"@id\":\"https:\/\/www.intoscana.it\/it\/nave-arno-empoli-limite\/#primaryimage\"},\"thumbnailUrl\":\"https:\/\/www.intoscana.it\/wp-content\/uploads\/zattera-arno.jpg\",\"datePublished\":\"2021-07-31T12:44:59+00:00\",\"dateModified\":\"2021-08-02T09:03:07+00:00\",\"author\":{\"@id\":\"https:\/\/www.intoscana.it\/it\/#\/schema\/person\/010af92117f50561886339ad5b873a41\"},\"description\":\"Questa particolare imbarcazione collega le due sponde del fiume tra Empoli e Limite e diventa simbolo del Patto per l\u2019Arno\",\"breadcrumb\":{\"@id\":\"https:\/\/www.intoscana.it\/it\/nave-arno-empoli-limite\/#breadcrumb\"},\"inLanguage\":\"it-IT\",\"potentialAction\":[{\"@type\":\"ReadAction\",\"target\":[\"https:\/\/www.intoscana.it\/it\/nave-arno-empoli-limite\/\"]}]},{\"@type\":\"ImageObject\",\"inLanguage\":\"it-IT\",\"@id\":\"https:\/\/www.intoscana.it\/it\/nave-arno-empoli-limite\/#primaryimage\",\"url\":\"https:\/\/www.intoscana.it\/wp-content\/uploads\/zattera-arno.jpg\",\"contentUrl\":\"https:\/\/www.intoscana.it\/wp-content\/uploads\/zattera-arno.jpg\",\"width\":1032,\"height\":774,\"caption\":\"La zattera-battello che unisce Limite e Tinaia\"},{\"@type\":\"BreadcrumbList\",\"@id\":\"https:\/\/www.intoscana.it\/it\/nave-arno-empoli-limite\/#breadcrumb\",\"itemListElement\":[{\"@type\":\"ListItem\",\"position\":1,\"name\":\"Home\",\"item\":\"https:\/\/www.intoscana.it\/it\/\"},{\"@type\":\"ListItem\",\"position\":2,\"name\":\"Torna in funzione la zattera-battello che attraversa l\u2019Arno tra Limite e Tinaia\"}]},{\"@type\":\"WebSite\",\"@id\":\"https:\/\/www.intoscana.it\/it\/#website\",\"url\":\"https:\/\/www.intoscana.it\/it\/\",\"name\":\"intoscana\",\"description\":\"\",\"potentialAction\":[{\"@type\":\"SearchAction\",\"target\":{\"@type\":\"EntryPoint\",\"urlTemplate\":\"https:\/\/www.intoscana.it\/it\/?s={search_term_string}\"},\"query-input\":{\"@type\":\"PropertyValueSpecification\",\"valueRequired\":true,\"valueName\":\"search_term_string\"}}],\"inLanguage\":\"it-IT\"},{\"@type\":\"Person\",\"@id\":\"https:\/\/www.intoscana.it\/it\/#\/schema\/person\/010af92117f50561886339ad5b873a41\",\"name\":\"Chiara Bianchini\",\"sameAs\":[\"c.bianchini@fst.it\"],\"url\":\"https:\/\/www.intoscana.it\/it\/author\/chiara-bianchini\/\"}]}<\/script>\n<!-- \/ Yoast SEO Premium plugin. -->","yoast_head_json":{"title":"Torna in funzione la zattera-battello che attraversa l\u2019Arno tra Limite e Tinaia - intoscana","description":"Questa particolare imbarcazione collega le due sponde del fiume tra Empoli e Limite e diventa simbolo del Patto per l\u2019Arno","robots":{"index":"index","follow":"follow","max-snippet":"max-snippet:-1","max-image-preview":"max-image-preview:large","max-video-preview":"max-video-preview:-1"},"canonical":"https:\/\/www.intoscana.it\/it\/nave-arno-empoli-limite\/","og_locale":"it_IT","og_type":"article","og_title":"Torna in funzione la zattera-battello che attraversa l\u2019Arno tra Limite e Tinaia","og_description":"Questa particolare imbarcazione collega le due sponde del fiume tra Empoli e Limite e diventa simbolo del Patto per l\u2019Arno","og_url":"https:\/\/www.intoscana.it\/it\/nave-arno-empoli-limite\/","og_site_name":"intoscana","article_publisher":"https:\/\/www.facebook.com\/intoscana.it","article_published_time":"2021-07-31T12:44:59+00:00","article_modified_time":"2021-08-02T09:03:07+00:00","og_image":[{"width":1032,"height":774,"url":"https:\/\/www.intoscana.it\/wp-content\/uploads\/zattera-arno.jpg","type":"image\/jpeg"}],"author":"Chiara Bianchini","twitter_card":"summary_large_image","twitter_creator":"@intoscana","twitter_site":"@intoscana","twitter_misc":{"Written by":"Chiara Bianchini","Est. reading time":"3 minuti"},"schema":{"@context":"https:\/\/schema.org","@graph":[{"@type":"WebPage","@id":"https:\/\/www.intoscana.it\/it\/nave-arno-empoli-limite\/","url":"https:\/\/www.intoscana.it\/it\/nave-arno-empoli-limite\/","name":"Torna in funzione la zattera-battello che attraversa l\u2019Arno tra Limite e Tinaia - intoscana","isPartOf":{"@id":"https:\/\/www.intoscana.it\/it\/#website"},"primaryImageOfPage":{"@id":"https:\/\/www.intoscana.it\/it\/nave-arno-empoli-limite\/#primaryimage"},"image":{"@id":"https:\/\/www.intoscana.it\/it\/nave-arno-empoli-limite\/#primaryimage"},"thumbnailUrl":"https:\/\/www.intoscana.it\/wp-content\/uploads\/zattera-arno.jpg","datePublished":"2021-07-31T12:44:59+00:00","dateModified":"2021-08-02T09:03:07+00:00","author":{"@id":"https:\/\/www.intoscana.it\/it\/#\/schema\/person\/010af92117f50561886339ad5b873a41"},"description":"Questa particolare imbarcazione collega le due sponde del fiume tra Empoli e Limite e diventa simbolo del Patto per l\u2019Arno","breadcrumb":{"@id":"https:\/\/www.intoscana.it\/it\/nave-arno-empoli-limite\/#breadcrumb"},"inLanguage":"it-IT","potentialAction":[{"@type":"ReadAction","target":["https:\/\/www.intoscana.it\/it\/nave-arno-empoli-limite\/"]}]},{"@type":"ImageObject","inLanguage":"it-IT","@id":"https:\/\/www.intoscana.it\/it\/nave-arno-empoli-limite\/#primaryimage","url":"https:\/\/www.intoscana.it\/wp-content\/uploads\/zattera-arno.jpg","contentUrl":"https:\/\/www.intoscana.it\/wp-content\/uploads\/zattera-arno.jpg","width":1032,"height":774,"caption":"La zattera-battello che unisce Limite e Tinaia"},{"@type":"BreadcrumbList","@id":"https:\/\/www.intoscana.it\/it\/nave-arno-empoli-limite\/#breadcrumb","itemListElement":[{"@type":"ListItem","position":1,"name":"Home","item":"https:\/\/www.intoscana.it\/it\/"},{"@type":"ListItem","position":2,"name":"Torna in funzione la zattera-battello che attraversa l\u2019Arno tra Limite e Tinaia"}]},{"@type":"WebSite","@id":"https:\/\/www.intoscana.it\/it\/#website","url":"https:\/\/www.intoscana.it\/it\/","name":"intoscana","description":"","potentialAction":[{"@type":"SearchAction","target":{"@type":"EntryPoint","urlTemplate":"https:\/\/www.intoscana.it\/it\/?s={search_term_string}"},"query-input":{"@type":"PropertyValueSpecification","valueRequired":true,"valueName":"search_term_string"}}],"inLanguage":"it-IT"},{"@type":"Person","@id":"https:\/\/www.intoscana.it\/it\/#\/schema\/person\/010af92117f50561886339ad5b873a41","name":"Chiara Bianchini","sameAs":["c.bianchini@fst.it"],"url":"https:\/\/www.intoscana.it\/it\/author\/chiara-bianchini\/"}]}},"_links":{"self":[{"href":"https:\/\/www.intoscana.it\/it\/wp-json\/wp\/v2\/posts\/185287","targetHints":{"allow":["GET"]}}],"collection":[{"href":"https:\/\/www.intoscana.it\/it\/wp-json\/wp\/v2\/posts"}],"about":[{"href":"https:\/\/www.intoscana.it\/it\/wp-json\/wp\/v2\/types\/post"}],"author":[{"embeddable":true,"href":"https:\/\/www.intoscana.it\/it\/wp-json\/wp\/v2\/users\/507"}],"replies":[{"embeddable":true,"href":"https:\/\/www.intoscana.it\/it\/wp-json\/wp\/v2\/comments?post=185287"}],"version-history":[{"count":0,"href":"https:\/\/www.intoscana.it\/it\/wp-json\/wp\/v2\/posts\/185287\/revisions"}],"wp:featuredmedia":[{"embeddable":true,"href":"https:\/\/www.intoscana.it\/it\/wp-json\/wp\/v2\/media\/185288"}],"wp:attachment":[{"href":"https:\/\/www.intoscana.it\/it\/wp-json\/wp\/v2\/media?parent=185287"}],"wp:term":[{"taxonomy":"category","embeddable":true,"href":"https:\/\/www.intoscana.it\/it\/wp-json\/wp\/v2\/categories?post=185287"},{"taxonomy":"post_tag","embeddable":true,"href":"https:\/\/www.intoscana.it\/it\/wp-json\/wp\/v2\/tags?post=185287"}],"curies":[{"name":"wp","href":"https:\/\/api.w.org\/{rel}","templated":true}]}}