{"id":185291,"date":"2021-07-31T18:03:36","date_gmt":"2021-07-31T16:03:36","guid":{"rendered":"https:\/\/www.intoscana.it\/it\/?p=185291"},"modified":"2021-08-03T16:25:07","modified_gmt":"2021-08-03T14:25:07","slug":"tutele-e-risorse-per-le-rievocazioni-storiche-approvata-la-nuova-legge-regionale","status":"publish","type":"post","link":"https:\/\/www.intoscana.it\/it\/tutele-e-risorse-per-le-rievocazioni-storiche-approvata-la-nuova-legge-regionale\/","title":{"rendered":"Tutele e risorse per le rievocazioni storiche. Approvata la nuova legge regionale"},"content":{"rendered":"<p>Dopo quella del 2012, il <strong>Consiglio regionale ha approvato la legge sulle rievocazioni storiche<\/strong> che ha l\u2019obiettivo di <strong>valorizzare, promuovere, tutelare il patrimonio identitario della Toscana<\/strong>. Grazie a questa normativa sar\u00e0 possibile <strong>dare stabilit\u00e0 a questo settore e dare vita ad una pianificazione<\/strong> di ampio respiro grazie anche allo stanziamento <strong>di 500mila euro l\u2019anno fino al 2023<\/strong>. Le risorse potranno essere destinate alle amministrazioni comunali e alle associazioni che organizzano queste manifestazioni su tutto il territorio regionale.<\/p>\n<p>\u201c<em>E\u2019 una legge non solo nuova, ma fortemente innovativa e con un obiettivo prioritario: <mark>irrobustire ancora di pi\u00f9 il radicamento sociale e territoriale del ricco e complesso mondo delle rievocazioni storiche toscane legando istituzioni locali, associazionismo, scuola, universit\u00e0. <\/mark>Perch\u00e9 \u00e8 cos\u00ec che un patrimonio storico e artistico, anche nelle forme \u2018intangibili\u2019 della cultura popolare, potr\u00e0 essere strumento efficace e vitale, soprattutto tra le nuove generazioni, di conoscenza e di identit\u00e0 aperta e inclusiva delle comunit\u00e0<\/em>\u201d. Cos\u00ec \u00e8 intervenuto il <strong>presidente della Regione Toscana, Eugenio Giani<\/strong>, nel corso della conferenza stampa per presentare le norme per la disciplina delle rievocazioni storiche regionali, proposta dalla Giunta e <strong>approvata lo scorso 28 luglio dal Consiglio regionale<\/strong>.<\/p>\n<p>Dal <strong>Calcio Storico, al Gioco del Ponte, passando per la Giostra del Saracino, al Palio di Siena, fino a tutti i giochi, rievocazioni e sagre diffuse in Toscana<\/strong>: questa legge riconosce l\u2019importanza che queste iniziative hanno per il tessuto sociale e mira a dare un <strong>sostegno e stabilit\u00e0, anche economico, alle diverse realt\u00e0<\/strong> nel territorio.<\/p>\n<p>Molte le novit\u00e0 introdotto dalla nuova legge. Viene intanto istituito u<strong>n unico albo, che supera la distinzione tra ricostruzione e rievocazione storica<\/strong>, al quale potranno iscriversi le associazioni. Ma la vera \u201crivoluzione\u201d \u00e8 rappresentata dal <strong>rapporto pi\u00f9 stretto tra associazionismo e enti locali<\/strong> che potranno avvalersi degli strumenti della co-progettazione per promuovere e valorizzare gli eventi<\/p>\n<p>Al Comitato regionale per le rievocazioni storiche va ad aggiungersi e ad operare, in rapporto sinergico con la Regione e il Comitato stesso, <strong>l\u2019Osservatorio regionale delle rievocazioni storiche<\/strong>. Questo sar\u00e0 un <strong>organismo di consulenza scientifica<\/strong>, con la collaborazione delle Universit\u00e0 di Pisa, Siena e Firenze, ma anche del mondo della scuola ed esperti di promozione turistica, che andr\u00e0 a supportare l\u2019azione pubblica con <strong>ricerche, convegni e formazione<\/strong> per le associazioni operanti nel campo della rievocazione storica.<\/p>\n<p>Restando sempre nell\u2019ambito della formazione, le manifestazioni di rievocazione storica entreranno a far parte, grazie alla collaborazione con l\u2019Ufficio scolastico regionale, <strong>dei piani di studio degli studenti toscani<\/strong>, perch\u00e9, ha sottolineato il <strong>presidente Gian<\/strong>i durante la presentazione della legge: \u201c<em>\u00e8 importante che gli studenti conoscano la storia della Toscana e le tradizioni e manifestazioni culturali dei territori in cui vivono<\/em>\u201d. In questo modo viene sancito ulteriormente il valore culturale che queste iniziative hanno per la Toscana.<\/p>\n<p>\u201c<em>Questa normativa<\/em> \u2013 ha dichiarato <strong>Cristina Giachi, presidente della commissione cultura del Consiglio regionale<\/strong> \u2013 <em>nasce anche dalle novit\u00e0 introdotte dalla <strong>riforma del Terzo settore<\/strong> e rappresenta la prima applicazione della legge regionale su questa materia approvata nel luglio del 2020 da Consiglio regionale: <strong>render\u00e0 pi\u00f9 facile l\u2019azione di amministrazioni locali e delle associazioni, un mondo che vive di volontariato a passione.<\/strong> E l\u2019istituzione dell\u2019Osservatorio \u2013 <\/em>ha ricordato<em> &#8211; potr\u00e0 valorizzare tutto ci\u00f2 che si muove intorno alle rievocazioni storiche, sottolineandone il valore di espressione identitaria dei territori e di fattore di promozione turistica e culturale<\/em>\u201d.<\/p>\n<p>Il consigliere speciale del presidente, <strong>Federico Eligi<\/strong>, che ha coordinato il lavoro di preparazione della legge, ha poi illustrato la novit\u00e0 pi\u00f9 forte della legge<strong>, l\u2019aver cio\u00e8 inscritto il campo di azione della norma nella disciplina Terzo settore<\/strong>: \u201c<em>Questa scelta permetter\u00e0 una vera e <strong>profonda valorizzazione del tessuto associativo<\/strong> che sta alla base di questo mondo delle rievocazioni storiche della Toscana. Comuni e associazioni siederanno insieme allo stesso tavolo per programmare e progettare tutte le manifestazioni storiche del loro territorio di competenza. Le amministrazioni locali potranno mettere a disposizione oltre che risorse economiche, anche beni immobili da destinare alle sedi delle varie realt\u00e0 associative oltre che a spazi museali. Le associazioni, da parte loro, parteciperanno offrendo competenze, capacit\u00e0 organizzative, risorse umane e strumentali a loro disposizione. La Regione potr\u00e0 finanziare direttamente la co-progettazione realizzata dai Comuni insieme alle associazioni del terzo settore iscritte all\u2019albo regionale. In questo modo <strong>supereremo definitivamente la logica di mercato e il conseguente codice degli appalti<\/strong>, che tanti problemi ha creato negli anni al corretto rapporto tra enti locali a associazioni<\/em>\u201d.<\/p>\n<p>Alla conferenza stampa \u00e8 giunto anche il saluto del <strong>presidente del Consiglio regionale Antonio Mazzeo<\/strong> che ha ribadito come \u201c<em>con questa legge il protagonismo di chi da anni custodisce e attualizza le nostre tradizioni si integra virtuosamente con il livello istituzionale dei nostri comuni. Con questo strumento la Regione Toscana dimostra concretamente ci\u00f2 che noi intendiamo per <strong>Toscana Diffusa<\/strong>. E cio\u00e8<mark> una realt\u00e0 regionale la cui principale forza consiste nelle peculiarit\u00e0 e differenze nei diversi territori che la compongono, anche nei borghi e nei comuni pi\u00f9 piccoli e nelle zone periferiche e montane<\/em>&#8220;.<\/mark><\/p>\n","protected":false},"excerpt":{"rendered":"<p>La norma dar\u00e0 stabilit\u00e0 a questo settore e favorir\u00e0 una pianificazione di ampio respiro grazie anche allo stanziamento di 500mila euro l\u2019anno fino al 2023<\/p>\n","protected":false},"author":507,"featured_media":185295,"comment_status":"open","ping_status":"open","sticky":false,"template":"","format":"standard","meta":{"_acf_changed":false,"footnotes":""},"categories":[494],"tags":[4891,158,4432,6130],"class_list":["post-185291","post","type-post","status-publish","format-standard","has-post-thumbnail","hentry","category-attualita","tag-calcio-storico","tag-eugenio-giani","tag-palio-di-siena","tag-rievocazioni-storiche"],"acf":[],"yoast_head":"<!-- This site is optimized with the Yoast SEO Premium plugin v24.2 (Yoast SEO v25.6) - https:\/\/yoast.com\/wordpress\/plugins\/seo\/ -->\n<title>Tutele e risorse per le rievocazioni storiche. Approvata la nuova legge regionale - intoscana<\/title>\n<meta name=\"description\" content=\"La norma dar\u00e0 stabilit\u00e0 a questo settore e dna pianificazione di ampio respiro grazie anche allo stanziamento di 500mila euro l\u2019anno\" \/>\n<meta name=\"robots\" content=\"index, follow, max-snippet:-1, max-image-preview:large, max-video-preview:-1\" \/>\n<link rel=\"canonical\" href=\"https:\/\/www.intoscana.it\/it\/tutele-e-risorse-per-le-rievocazioni-storiche-approvata-la-nuova-legge-regionale\/\" \/>\n<meta property=\"og:locale\" content=\"it_IT\" \/>\n<meta property=\"og:type\" content=\"article\" \/>\n<meta property=\"og:title\" content=\"Tutele e risorse per le rievocazioni storiche. Approvata la nuova legge regionale\" \/>\n<meta property=\"og:description\" content=\"La norma dar\u00e0 stabilit\u00e0 a questo settore e dna pianificazione di ampio respiro grazie anche allo stanziamento di 500mila euro l\u2019anno\" \/>\n<meta property=\"og:url\" content=\"https:\/\/www.intoscana.it\/it\/tutele-e-risorse-per-le-rievocazioni-storiche-approvata-la-nuova-legge-regionale\/\" \/>\n<meta property=\"og:site_name\" content=\"intoscana\" \/>\n<meta property=\"article:publisher\" content=\"https:\/\/www.facebook.com\/intoscana.it\" \/>\n<meta property=\"article:published_time\" content=\"2021-07-31T16:03:36+00:00\" \/>\n<meta property=\"article:modified_time\" content=\"2021-08-03T14:25:07+00:00\" \/>\n<meta property=\"og:image\" content=\"https:\/\/www.intoscana.it\/wp-content\/uploads\/calcio-storico-fiorentino.jpg\" \/>\n\t<meta property=\"og:image:width\" content=\"1620\" \/>\n\t<meta property=\"og:image:height\" content=\"1080\" \/>\n\t<meta property=\"og:image:type\" content=\"image\/jpeg\" \/>\n<meta name=\"author\" content=\"Chiara Bianchini\" \/>\n<meta name=\"twitter:card\" content=\"summary_large_image\" \/>\n<meta name=\"twitter:creator\" content=\"@intoscana\" \/>\n<meta name=\"twitter:site\" content=\"@intoscana\" \/>\n<meta name=\"twitter:label1\" content=\"Written by\" \/>\n\t<meta name=\"twitter:data1\" content=\"Chiara Bianchini\" \/>\n\t<meta name=\"twitter:label2\" content=\"Est. reading time\" \/>\n\t<meta name=\"twitter:data2\" content=\"4 minuti\" \/>\n<script type=\"application\/ld+json\" class=\"yoast-schema-graph\">{\"@context\":\"https:\/\/schema.org\",\"@graph\":[{\"@type\":\"WebPage\",\"@id\":\"https:\/\/www.intoscana.it\/it\/tutele-e-risorse-per-le-rievocazioni-storiche-approvata-la-nuova-legge-regionale\/\",\"url\":\"https:\/\/www.intoscana.it\/it\/tutele-e-risorse-per-le-rievocazioni-storiche-approvata-la-nuova-legge-regionale\/\",\"name\":\"Tutele e risorse per le rievocazioni storiche. Approvata la nuova legge regionale - intoscana\",\"isPartOf\":{\"@id\":\"https:\/\/www.intoscana.it\/it\/#website\"},\"primaryImageOfPage\":{\"@id\":\"https:\/\/www.intoscana.it\/it\/tutele-e-risorse-per-le-rievocazioni-storiche-approvata-la-nuova-legge-regionale\/#primaryimage\"},\"image\":{\"@id\":\"https:\/\/www.intoscana.it\/it\/tutele-e-risorse-per-le-rievocazioni-storiche-approvata-la-nuova-legge-regionale\/#primaryimage\"},\"thumbnailUrl\":\"https:\/\/www.intoscana.it\/wp-content\/uploads\/calcio-storico-fiorentino.jpg\",\"datePublished\":\"2021-07-31T16:03:36+00:00\",\"dateModified\":\"2021-08-03T14:25:07+00:00\",\"author\":{\"@id\":\"https:\/\/www.intoscana.it\/it\/#\/schema\/person\/010af92117f50561886339ad5b873a41\"},\"description\":\"La norma dar\u00e0 stabilit\u00e0 a questo settore e dna pianificazione di ampio respiro grazie anche allo stanziamento di 500mila euro l\u2019anno\",\"breadcrumb\":{\"@id\":\"https:\/\/www.intoscana.it\/it\/tutele-e-risorse-per-le-rievocazioni-storiche-approvata-la-nuova-legge-regionale\/#breadcrumb\"},\"inLanguage\":\"it-IT\",\"potentialAction\":[{\"@type\":\"ReadAction\",\"target\":[\"https:\/\/www.intoscana.it\/it\/tutele-e-risorse-per-le-rievocazioni-storiche-approvata-la-nuova-legge-regionale\/\"]}]},{\"@type\":\"ImageObject\",\"inLanguage\":\"it-IT\",\"@id\":\"https:\/\/www.intoscana.it\/it\/tutele-e-risorse-per-le-rievocazioni-storiche-approvata-la-nuova-legge-regionale\/#primaryimage\",\"url\":\"https:\/\/www.intoscana.it\/wp-content\/uploads\/calcio-storico-fiorentino.jpg\",\"contentUrl\":\"https:\/\/www.intoscana.it\/wp-content\/uploads\/calcio-storico-fiorentino.jpg\",\"width\":1620,\"height\":1080,\"caption\":\"Il corteo del Calcio Storico Fiorentino\"},{\"@type\":\"BreadcrumbList\",\"@id\":\"https:\/\/www.intoscana.it\/it\/tutele-e-risorse-per-le-rievocazioni-storiche-approvata-la-nuova-legge-regionale\/#breadcrumb\",\"itemListElement\":[{\"@type\":\"ListItem\",\"position\":1,\"name\":\"Home\",\"item\":\"https:\/\/www.intoscana.it\/it\/\"},{\"@type\":\"ListItem\",\"position\":2,\"name\":\"Tutele e risorse per le rievocazioni storiche. Approvata la nuova legge regionale\"}]},{\"@type\":\"WebSite\",\"@id\":\"https:\/\/www.intoscana.it\/it\/#website\",\"url\":\"https:\/\/www.intoscana.it\/it\/\",\"name\":\"intoscana\",\"description\":\"\",\"potentialAction\":[{\"@type\":\"SearchAction\",\"target\":{\"@type\":\"EntryPoint\",\"urlTemplate\":\"https:\/\/www.intoscana.it\/it\/?s={search_term_string}\"},\"query-input\":{\"@type\":\"PropertyValueSpecification\",\"valueRequired\":true,\"valueName\":\"search_term_string\"}}],\"inLanguage\":\"it-IT\"},{\"@type\":\"Person\",\"@id\":\"https:\/\/www.intoscana.it\/it\/#\/schema\/person\/010af92117f50561886339ad5b873a41\",\"name\":\"Chiara Bianchini\",\"sameAs\":[\"c.bianchini@fst.it\"],\"url\":\"https:\/\/www.intoscana.it\/it\/author\/chiara-bianchini\/\"}]}<\/script>\n<!-- \/ Yoast SEO Premium plugin. -->","yoast_head_json":{"title":"Tutele e risorse per le rievocazioni storiche. Approvata la nuova legge regionale - intoscana","description":"La norma dar\u00e0 stabilit\u00e0 a questo settore e dna pianificazione di ampio respiro grazie anche allo stanziamento di 500mila euro l\u2019anno","robots":{"index":"index","follow":"follow","max-snippet":"max-snippet:-1","max-image-preview":"max-image-preview:large","max-video-preview":"max-video-preview:-1"},"canonical":"https:\/\/www.intoscana.it\/it\/tutele-e-risorse-per-le-rievocazioni-storiche-approvata-la-nuova-legge-regionale\/","og_locale":"it_IT","og_type":"article","og_title":"Tutele e risorse per le rievocazioni storiche. Approvata la nuova legge regionale","og_description":"La norma dar\u00e0 stabilit\u00e0 a questo settore e dna pianificazione di ampio respiro grazie anche allo stanziamento di 500mila euro l\u2019anno","og_url":"https:\/\/www.intoscana.it\/it\/tutele-e-risorse-per-le-rievocazioni-storiche-approvata-la-nuova-legge-regionale\/","og_site_name":"intoscana","article_publisher":"https:\/\/www.facebook.com\/intoscana.it","article_published_time":"2021-07-31T16:03:36+00:00","article_modified_time":"2021-08-03T14:25:07+00:00","og_image":[{"width":1620,"height":1080,"url":"https:\/\/www.intoscana.it\/wp-content\/uploads\/calcio-storico-fiorentino.jpg","type":"image\/jpeg"}],"author":"Chiara Bianchini","twitter_card":"summary_large_image","twitter_creator":"@intoscana","twitter_site":"@intoscana","twitter_misc":{"Written by":"Chiara Bianchini","Est. reading time":"4 minuti"},"schema":{"@context":"https:\/\/schema.org","@graph":[{"@type":"WebPage","@id":"https:\/\/www.intoscana.it\/it\/tutele-e-risorse-per-le-rievocazioni-storiche-approvata-la-nuova-legge-regionale\/","url":"https:\/\/www.intoscana.it\/it\/tutele-e-risorse-per-le-rievocazioni-storiche-approvata-la-nuova-legge-regionale\/","name":"Tutele e risorse per le rievocazioni storiche. Approvata la nuova legge regionale - intoscana","isPartOf":{"@id":"https:\/\/www.intoscana.it\/it\/#website"},"primaryImageOfPage":{"@id":"https:\/\/www.intoscana.it\/it\/tutele-e-risorse-per-le-rievocazioni-storiche-approvata-la-nuova-legge-regionale\/#primaryimage"},"image":{"@id":"https:\/\/www.intoscana.it\/it\/tutele-e-risorse-per-le-rievocazioni-storiche-approvata-la-nuova-legge-regionale\/#primaryimage"},"thumbnailUrl":"https:\/\/www.intoscana.it\/wp-content\/uploads\/calcio-storico-fiorentino.jpg","datePublished":"2021-07-31T16:03:36+00:00","dateModified":"2021-08-03T14:25:07+00:00","author":{"@id":"https:\/\/www.intoscana.it\/it\/#\/schema\/person\/010af92117f50561886339ad5b873a41"},"description":"La norma dar\u00e0 stabilit\u00e0 a questo settore e dna pianificazione di ampio respiro grazie anche allo stanziamento di 500mila euro l\u2019anno","breadcrumb":{"@id":"https:\/\/www.intoscana.it\/it\/tutele-e-risorse-per-le-rievocazioni-storiche-approvata-la-nuova-legge-regionale\/#breadcrumb"},"inLanguage":"it-IT","potentialAction":[{"@type":"ReadAction","target":["https:\/\/www.intoscana.it\/it\/tutele-e-risorse-per-le-rievocazioni-storiche-approvata-la-nuova-legge-regionale\/"]}]},{"@type":"ImageObject","inLanguage":"it-IT","@id":"https:\/\/www.intoscana.it\/it\/tutele-e-risorse-per-le-rievocazioni-storiche-approvata-la-nuova-legge-regionale\/#primaryimage","url":"https:\/\/www.intoscana.it\/wp-content\/uploads\/calcio-storico-fiorentino.jpg","contentUrl":"https:\/\/www.intoscana.it\/wp-content\/uploads\/calcio-storico-fiorentino.jpg","width":1620,"height":1080,"caption":"Il corteo del Calcio Storico Fiorentino"},{"@type":"BreadcrumbList","@id":"https:\/\/www.intoscana.it\/it\/tutele-e-risorse-per-le-rievocazioni-storiche-approvata-la-nuova-legge-regionale\/#breadcrumb","itemListElement":[{"@type":"ListItem","position":1,"name":"Home","item":"https:\/\/www.intoscana.it\/it\/"},{"@type":"ListItem","position":2,"name":"Tutele e risorse per le rievocazioni storiche. Approvata la nuova legge regionale"}]},{"@type":"WebSite","@id":"https:\/\/www.intoscana.it\/it\/#website","url":"https:\/\/www.intoscana.it\/it\/","name":"intoscana","description":"","potentialAction":[{"@type":"SearchAction","target":{"@type":"EntryPoint","urlTemplate":"https:\/\/www.intoscana.it\/it\/?s={search_term_string}"},"query-input":{"@type":"PropertyValueSpecification","valueRequired":true,"valueName":"search_term_string"}}],"inLanguage":"it-IT"},{"@type":"Person","@id":"https:\/\/www.intoscana.it\/it\/#\/schema\/person\/010af92117f50561886339ad5b873a41","name":"Chiara Bianchini","sameAs":["c.bianchini@fst.it"],"url":"https:\/\/www.intoscana.it\/it\/author\/chiara-bianchini\/"}]}},"_links":{"self":[{"href":"https:\/\/www.intoscana.it\/it\/wp-json\/wp\/v2\/posts\/185291","targetHints":{"allow":["GET"]}}],"collection":[{"href":"https:\/\/www.intoscana.it\/it\/wp-json\/wp\/v2\/posts"}],"about":[{"href":"https:\/\/www.intoscana.it\/it\/wp-json\/wp\/v2\/types\/post"}],"author":[{"embeddable":true,"href":"https:\/\/www.intoscana.it\/it\/wp-json\/wp\/v2\/users\/507"}],"replies":[{"embeddable":true,"href":"https:\/\/www.intoscana.it\/it\/wp-json\/wp\/v2\/comments?post=185291"}],"version-history":[{"count":0,"href":"https:\/\/www.intoscana.it\/it\/wp-json\/wp\/v2\/posts\/185291\/revisions"}],"wp:featuredmedia":[{"embeddable":true,"href":"https:\/\/www.intoscana.it\/it\/wp-json\/wp\/v2\/media\/185295"}],"wp:attachment":[{"href":"https:\/\/www.intoscana.it\/it\/wp-json\/wp\/v2\/media?parent=185291"}],"wp:term":[{"taxonomy":"category","embeddable":true,"href":"https:\/\/www.intoscana.it\/it\/wp-json\/wp\/v2\/categories?post=185291"},{"taxonomy":"post_tag","embeddable":true,"href":"https:\/\/www.intoscana.it\/it\/wp-json\/wp\/v2\/tags?post=185291"}],"curies":[{"name":"wp","href":"https:\/\/api.w.org\/{rel}","templated":true}]}}