{"id":185383,"date":"2021-08-02T12:47:22","date_gmt":"2021-08-02T10:47:22","guid":{"rendered":"https:\/\/www.intoscana.it\/it\/?p=185383"},"modified":"2021-08-03T17:01:14","modified_gmt":"2021-08-03T15:01:14","slug":"coronavirus-in-toscana-452-nuovi-casi-e-6-decessi-al-meyer-bambina-col-covid-in-rianimazione","status":"publish","type":"post","link":"https:\/\/www.intoscana.it\/it\/coronavirus-in-toscana-452-nuovi-casi-e-6-decessi-al-meyer-bambina-col-covid-in-rianimazione\/","title":{"rendered":"Coronavirus: in Toscana 452 nuovi casi e 6 decessi. Al Meyer bambina col Covid in rianimazione"},"content":{"rendered":"<p><strong>In Toscana sono 253.127 i casi di positivit\u00e0 al Coronavirus,<\/strong> 452 in pi\u00f9 rispetto a ieri (437 confermati con tampone molecolare e 15 da test rapido antigenico). I nuovi casi sono lo 0,2% in pi\u00f9 rispetto al totale del giorno precedente. I guariti crescono dello 0,1% e raggiungono quota 238.354 (94,2% dei casi totali).<\/p>\n<p><strong>Oggi sono stati eseguiti 4.903 tamponi molecolari e 1.111 tamponi antigenici rapidi,<\/strong> di questi il 7,5% \u00e8 risultato positivo. Sono invece 3.000 i soggetti testati oggi (con tampone antigenico e\/o molecolare, escludendo i tamponi di controllo), di cui il 15,1% \u00e8 risultato positivo. <strong>Gli attualmente positivi sono oggi 7.854,<\/strong> +3,8% rispetto a ieri. I ricoverati sono 179 (12 in pi\u00f9 rispetto a ieri), di cui 20 in terapia intensiva (2 in pi\u00f9). Purtroppo, oggi <strong>si registrano 6 nuovi decessi: 2 uomini e 4 donne con un&#8217;et\u00e0 media di 69,8 anni.<\/strong><\/p>\n<p><strong>L&#8217;et\u00e0 media dei 452 nuovi positivi odierni \u00e8 di 34 anni circa<\/strong> (26% ha meno di 20 anni, 40% tra 20 e 39 anni, 25% tra 40 e 59 anni, 6% tra 60 e 79 anni, 3% ha 80 anni o pi\u00f9).<\/p>\n<h3>Neonata col Covid ricoverata al Meyer<\/h3>\n<div>\n<p><strong>Una neonata risultata positiva al Covid,<\/strong> trasmesso dai genitori che stavano aspettando ancora di ricevere la prima dose di vaccino \u00e8 ricoverata all&#8217;<strong>ospedale pediatrico Meyer di Firenze<\/strong>. La bambina <strong>si trova nel reparto di rianimazione con un casco che le permette di respirare<\/strong>.<\/p>\n<p>Dall&#8217;ospedale Meyer affermano che<strong> la piccola si trova in rianimazione ma solo in via precauzionale<\/strong> e che le sue <strong>condizioni sono stazionarie.<\/strong> A contrarre il virus, \u00e8 stato ricostruito, sono stati per primi i genitori che stavano attendendo il proprio turno per ricevere la prima dose di vaccino. Nei giorni scorsi per\u00f2<strong> la coppia ha avuto la febbre alta e ha deciso di effettuare un tampone che \u00e8 risultato positivo.<\/strong><\/p>\n<p><strong>La febbre ha colpito subito anche la piccola<\/strong> che \u00e8 stata trasportata al pronto soccorso di Massa dove i medici hanno confermato il contagio,<strong> la presenza di problemi respiratori ma non di polmonite<\/strong>. <strong>La bambina era nata prematura all&#8217;ospedale Noa di Massa<\/strong> e anche per questo i medici hanno deciso per il ricovero al Meyer, nonostante<strong> le sue condizioni non apparissero gravi.\u00a0<\/strong><\/p>\n<\/div>\n<h3>A Empoli riapre il reparto Covid<\/h3>\n<p><strong>L&#8217;ospedale di Empoli \u00e8 costretto a riaprire il reparto Covid<\/strong> a causa dell&#8217;aumento di casi di infezione da Coronavirus. Lo rende noto con una nota <strong>Alessio Spinelli, sindaco di Fucecchio<\/strong>\u00a0e presidente della Societ\u00e0 della Salute Empolese Valdelsa Valdarno. Il nosocomio empolese, che normalmente <strong>non ha un reparto di malattie infettive<\/strong> e viene coinvolto dall&#8217;Asl Toscana Centro quando gli altri ospedali non riescono da soli a far fronte ai ricoveri, <strong>aveva chiuso la propria area Covid il 15 giugno scorso<\/strong> e la terapia intensiva il 24 giugno.<\/p>\n<p><em>&#8220;Non avremmo mai voluto che accadesse di nuovo &#8211; <\/em><strong>ha detto il sindaco Spinelli <\/strong><em>&#8211; ma con tutte queste persone che non si vaccinano era inevitabile arrivare a questo punto. I numeri che ci arrivano dagli ospedali sui ricoveri sono chiarissimi: <strong>la quasi totalit\u00e0 della persone ricoverate non sono vaccinate. E per quanto riguarda coloro che sono sotto i 60 anni, addirittura la totalit\u00e0&#8221;.<\/strong><\/em><\/p>\n<h3>I casi di positivit\u00e0 sul territorio<\/h3>\n<p>Di seguito i casi di positivit\u00e0 sul territorio con la variazione rispetto a ieri (437 confermati con tampone molecolare e 15 da test rapido antigenico). Sono <strong>70.254 i casi complessivi ad oggi a Firenze<\/strong> (132 in pi\u00f9 rispetto a ieri), 23.316 a Prato (45 in pi\u00f9), 23.635 a Pistoia (37 in pi\u00f9), 13.654 a Massa (12 in pi\u00f9), 26.006 a Lucca (59 in pi\u00f9), 30.110 a Pisa (39 in pi\u00f9), 18.185 a Livorno (69 in pi\u00f9), 23.434 ad Arezzo (25 in pi\u00f9), 14.377 a Siena (28 in pi\u00f9), 9.601 a Grosseto (6 in pi\u00f9). Sono 555 i casi positivi notificati in Toscana, ma residenti in altre regioni.<\/p>\n<p>Sono 223 i casi riscontrati oggi nell&#8217;Asl Centro, 170 nella Nord Ovest, 59 nella Sud est.<\/p>\n<p><strong>La Toscana si trova al 12\u00b0 posto in Italia come numerosit\u00e0 di casi<\/strong> (comprensivi di residenti e non residenti), con circa 6.900 casi per 100.000 abitanti (media italiana circa 7.350 x100.000, dato di ieri). Le province di notifica con il tasso pi\u00f9 alto sono Prato con 9.106 casi x100.000 abitanti, Pistoia con 8.127, Pisa con 7.231, la pi\u00f9 bassa Grosseto con 4.393.<\/p>\n<p>Complessivamente, <strong>7.675 persone sono in isolamento a casa,<\/strong> poich\u00e9 presentano sintomi lievi che non richiedono cure ospedaliere, o risultano prive di sintomi (274 in pi\u00f9 rispetto a ieri, pi\u00f9 3,7%).\u00a0Sono 12.342 (27 in pi\u00f9 rispetto a ieri, pi\u00f9 0,2%) le persone, anch&#8217;esse isolate, in sorveglianza attiva perch\u00e9 hanno avuto contatti con persone contagiate (ASL Centro 4.958, Nord Ovest 5.865, Sud Est 1.519).<\/p>\n<p>Le persone ricoverate nei posti letto dedicati ai pazienti COVID oggi sono complessivamente 179 (12 in pi\u00f9 rispetto a ieri, pi\u00f9 7,2%), 20 in terapia intensiva (2 in pi\u00f9 rispetto a ieri, pi\u00f9 11,1%).<\/p>\n<p><strong>Le persone complessivamente guarite sono 238.354<\/strong> (160 in pi\u00f9 rispetto a ieri, pi\u00f9 0,1%): 0 persone clinicamente guarite (stabili rispetto a ieri), divenute cio\u00e8 asintomatiche dopo aver presentato manifestazioni cliniche associate all&#8217;infezione e 238.354 (160 in pi\u00f9 rispetto a ieri, pi\u00f9 0,1%) dichiarate guarite a tutti gli effetti, le cosiddette guarigioni virali, con tampone negativo.<\/p>\n<h3>I nuovi decessi<\/h3>\n<p>Purtroppo, oggi si registrano 6 nuovi decessi: <strong>2 uomini e 4 donne con un&#8217;et\u00e0 media di 69,8 anni.<\/strong>\u00a0Relativamente alla provincia di residenza, le persone decedute sono: 1 a Firenze, 2 a Prato, 2 a Lucca, 1 a Arezzo.<\/p>\n<p><strong>Sono 6.919 i deceduti dall&#8217;inizio dell&#8217;epidemia<\/strong> cosi ripartiti: 2.230 a Firenze, 604 a Prato, 633 a Pistoia, 528 a Massa Carrara, 670 a Lucca, 702 a Pisa, 417 a Livorno, 515 ad Arezzo, 340 a Siena, 189 a Grosseto, 91 persone sono decedute sul suolo toscano ma erano residenti fuori regione.<\/p>\n<p>Il tasso grezzo di mortalit\u00e0 toscano (numero di deceduti\/popolazione residente) per Covid-19 \u00e8 di 188,6 x100.000 residenti contro il 216,1 x100.000 della media italiana (12\u00b0 regione). Per quanto riguarda le province, il tasso di mortalit\u00e0 pi\u00f9 alto si riscontra a Massa Carrara (278,1 x100.000), Prato (235,9 x100.000) e Firenze (226,2 x100.000), il pi\u00f9 basso a Grosseto (86,5 x100.000).<\/p>\n","protected":false},"excerpt":{"rendered":"<p>Salgono i contagi e i ricoveri di persone per la maggior parte non vaccinate. A Empoli \u00e8 stato riaperto il reparto Covid chiuso il 15 giugno scorso<\/p>\n","protected":false},"author":525,"featured_media":169812,"comment_status":"open","ping_status":"open","sticky":false,"template":"","format":"standard","meta":{"_acf_changed":false,"footnotes":""},"categories":[494],"tags":[418],"class_list":["post-185383","post","type-post","status-publish","format-standard","has-post-thumbnail","hentry","category-attualita","tag-covid-19"],"acf":[],"yoast_head":"<!-- This site is optimized with the Yoast SEO Premium plugin v24.2 (Yoast SEO v25.6) - https:\/\/yoast.com\/wordpress\/plugins\/seo\/ -->\n<title>Coronavirus: in Toscana 452 nuovi casi e 6 decessi. Al Meyer bambina col Covid in rianimazione - intoscana<\/title>\n<meta name=\"description\" content=\"Salgono i contagi e i ricoveri di persone non vaccinate. A Empoli \u00e8 stato riaperto il reparto Covid chiuso il 15 giugno scorso\" \/>\n<meta name=\"robots\" content=\"index, follow, max-snippet:-1, max-image-preview:large, max-video-preview:-1\" \/>\n<link rel=\"canonical\" href=\"https:\/\/www.intoscana.it\/it\/coronavirus-in-toscana-452-nuovi-casi-e-6-decessi-al-meyer-bambina-col-covid-in-rianimazione\/\" \/>\n<meta property=\"og:locale\" content=\"it_IT\" \/>\n<meta property=\"og:type\" content=\"article\" \/>\n<meta property=\"og:title\" content=\"Coronavirus: in Toscana 452 nuovi casi e 6 decessi. Al Meyer bambina col Covid in rianimazione\" \/>\n<meta property=\"og:description\" content=\"Salgono i contagi e i ricoveri di persone non vaccinate. A Empoli \u00e8 stato riaperto il reparto Covid chiuso il 15 giugno scorso\" \/>\n<meta property=\"og:url\" content=\"https:\/\/www.intoscana.it\/it\/coronavirus-in-toscana-452-nuovi-casi-e-6-decessi-al-meyer-bambina-col-covid-in-rianimazione\/\" \/>\n<meta property=\"og:site_name\" content=\"intoscana\" \/>\n<meta property=\"article:publisher\" content=\"https:\/\/www.facebook.com\/intoscana.it\" \/>\n<meta property=\"article:published_time\" content=\"2021-08-02T10:47:22+00:00\" \/>\n<meta property=\"article:modified_time\" content=\"2021-08-03T15:01:14+00:00\" \/>\n<meta property=\"og:image\" content=\"https:\/\/www.intoscana.it\/wp-content\/uploads\/dati-covid-lunedi\u0300-2-agosto-toscana.007.jpeg\" \/>\n\t<meta property=\"og:image:width\" content=\"1200\" \/>\n\t<meta property=\"og:image:height\" content=\"630\" \/>\n\t<meta property=\"og:image:type\" content=\"image\/jpeg\" \/>\n<meta name=\"author\" content=\"Redazione\" \/>\n<meta name=\"twitter:card\" content=\"summary_large_image\" \/>\n<meta name=\"twitter:creator\" content=\"@intoscana\" \/>\n<meta name=\"twitter:site\" content=\"@intoscana\" \/>\n<meta name=\"twitter:label1\" content=\"Written by\" \/>\n\t<meta name=\"twitter:data1\" content=\"Redazione\" \/>\n\t<meta name=\"twitter:label2\" content=\"Est. reading time\" \/>\n\t<meta name=\"twitter:data2\" content=\"4 minuti\" \/>\n<script type=\"application\/ld+json\" class=\"yoast-schema-graph\">{\"@context\":\"https:\/\/schema.org\",\"@graph\":[{\"@type\":\"WebPage\",\"@id\":\"https:\/\/www.intoscana.it\/it\/coronavirus-in-toscana-452-nuovi-casi-e-6-decessi-al-meyer-bambina-col-covid-in-rianimazione\/\",\"url\":\"https:\/\/www.intoscana.it\/it\/coronavirus-in-toscana-452-nuovi-casi-e-6-decessi-al-meyer-bambina-col-covid-in-rianimazione\/\",\"name\":\"Coronavirus: in Toscana 452 nuovi casi e 6 decessi. Al Meyer bambina col Covid in rianimazione - intoscana\",\"isPartOf\":{\"@id\":\"https:\/\/www.intoscana.it\/it\/#website\"},\"primaryImageOfPage\":{\"@id\":\"https:\/\/www.intoscana.it\/it\/coronavirus-in-toscana-452-nuovi-casi-e-6-decessi-al-meyer-bambina-col-covid-in-rianimazione\/#primaryimage\"},\"image\":{\"@id\":\"https:\/\/www.intoscana.it\/it\/coronavirus-in-toscana-452-nuovi-casi-e-6-decessi-al-meyer-bambina-col-covid-in-rianimazione\/#primaryimage\"},\"thumbnailUrl\":\"https:\/\/www.intoscana.it\/wp-content\/uploads\/abbraccio-covid-mamma-e-figlia-mascherina-scaled.jpg\",\"datePublished\":\"2021-08-02T10:47:22+00:00\",\"dateModified\":\"2021-08-03T15:01:14+00:00\",\"author\":{\"@id\":\"https:\/\/www.intoscana.it\/it\/#\/schema\/person\/9223810753230f20bd670fdd322661f8\"},\"description\":\"Salgono i contagi e i ricoveri di persone non vaccinate. A Empoli \u00e8 stato riaperto il reparto Covid chiuso il 15 giugno scorso\",\"breadcrumb\":{\"@id\":\"https:\/\/www.intoscana.it\/it\/coronavirus-in-toscana-452-nuovi-casi-e-6-decessi-al-meyer-bambina-col-covid-in-rianimazione\/#breadcrumb\"},\"inLanguage\":\"it-IT\",\"potentialAction\":[{\"@type\":\"ReadAction\",\"target\":[\"https:\/\/www.intoscana.it\/it\/coronavirus-in-toscana-452-nuovi-casi-e-6-decessi-al-meyer-bambina-col-covid-in-rianimazione\/\"]}]},{\"@type\":\"ImageObject\",\"inLanguage\":\"it-IT\",\"@id\":\"https:\/\/www.intoscana.it\/it\/coronavirus-in-toscana-452-nuovi-casi-e-6-decessi-al-meyer-bambina-col-covid-in-rianimazione\/#primaryimage\",\"url\":\"https:\/\/www.intoscana.it\/wp-content\/uploads\/abbraccio-covid-mamma-e-figlia-mascherina-scaled.jpg\",\"contentUrl\":\"https:\/\/www.intoscana.it\/wp-content\/uploads\/abbraccio-covid-mamma-e-figlia-mascherina-scaled.jpg\",\"width\":2048,\"height\":1152},{\"@type\":\"BreadcrumbList\",\"@id\":\"https:\/\/www.intoscana.it\/it\/coronavirus-in-toscana-452-nuovi-casi-e-6-decessi-al-meyer-bambina-col-covid-in-rianimazione\/#breadcrumb\",\"itemListElement\":[{\"@type\":\"ListItem\",\"position\":1,\"name\":\"Home\",\"item\":\"https:\/\/www.intoscana.it\/it\/\"},{\"@type\":\"ListItem\",\"position\":2,\"name\":\"Coronavirus: in Toscana 452 nuovi casi e 6 decessi. Al Meyer bambina col Covid in rianimazione\"}]},{\"@type\":\"WebSite\",\"@id\":\"https:\/\/www.intoscana.it\/it\/#website\",\"url\":\"https:\/\/www.intoscana.it\/it\/\",\"name\":\"intoscana\",\"description\":\"\",\"potentialAction\":[{\"@type\":\"SearchAction\",\"target\":{\"@type\":\"EntryPoint\",\"urlTemplate\":\"https:\/\/www.intoscana.it\/it\/?s={search_term_string}\"},\"query-input\":{\"@type\":\"PropertyValueSpecification\",\"valueRequired\":true,\"valueName\":\"search_term_string\"}}],\"inLanguage\":\"it-IT\"},{\"@type\":\"Person\",\"@id\":\"https:\/\/www.intoscana.it\/it\/#\/schema\/person\/9223810753230f20bd670fdd322661f8\",\"name\":\"Redazione\",\"url\":\"https:\/\/www.intoscana.it\/it\/author\/redazione\/\"}]}<\/script>\n<!-- \/ Yoast SEO Premium plugin. -->","yoast_head_json":{"title":"Coronavirus: in Toscana 452 nuovi casi e 6 decessi. Al Meyer bambina col Covid in rianimazione - intoscana","description":"Salgono i contagi e i ricoveri di persone non vaccinate. A Empoli \u00e8 stato riaperto il reparto Covid chiuso il 15 giugno scorso","robots":{"index":"index","follow":"follow","max-snippet":"max-snippet:-1","max-image-preview":"max-image-preview:large","max-video-preview":"max-video-preview:-1"},"canonical":"https:\/\/www.intoscana.it\/it\/coronavirus-in-toscana-452-nuovi-casi-e-6-decessi-al-meyer-bambina-col-covid-in-rianimazione\/","og_locale":"it_IT","og_type":"article","og_title":"Coronavirus: in Toscana 452 nuovi casi e 6 decessi. Al Meyer bambina col Covid in rianimazione","og_description":"Salgono i contagi e i ricoveri di persone non vaccinate. A Empoli \u00e8 stato riaperto il reparto Covid chiuso il 15 giugno scorso","og_url":"https:\/\/www.intoscana.it\/it\/coronavirus-in-toscana-452-nuovi-casi-e-6-decessi-al-meyer-bambina-col-covid-in-rianimazione\/","og_site_name":"intoscana","article_publisher":"https:\/\/www.facebook.com\/intoscana.it","article_published_time":"2021-08-02T10:47:22+00:00","article_modified_time":"2021-08-03T15:01:14+00:00","og_image":[{"width":1200,"height":630,"url":"https:\/\/www.intoscana.it\/wp-content\/uploads\/dati-covid-lunedi\u0300-2-agosto-toscana.007.jpeg","type":"image\/jpeg"}],"author":"Redazione","twitter_card":"summary_large_image","twitter_creator":"@intoscana","twitter_site":"@intoscana","twitter_misc":{"Written by":"Redazione","Est. reading time":"4 minuti"},"schema":{"@context":"https:\/\/schema.org","@graph":[{"@type":"WebPage","@id":"https:\/\/www.intoscana.it\/it\/coronavirus-in-toscana-452-nuovi-casi-e-6-decessi-al-meyer-bambina-col-covid-in-rianimazione\/","url":"https:\/\/www.intoscana.it\/it\/coronavirus-in-toscana-452-nuovi-casi-e-6-decessi-al-meyer-bambina-col-covid-in-rianimazione\/","name":"Coronavirus: in Toscana 452 nuovi casi e 6 decessi. Al Meyer bambina col Covid in rianimazione - intoscana","isPartOf":{"@id":"https:\/\/www.intoscana.it\/it\/#website"},"primaryImageOfPage":{"@id":"https:\/\/www.intoscana.it\/it\/coronavirus-in-toscana-452-nuovi-casi-e-6-decessi-al-meyer-bambina-col-covid-in-rianimazione\/#primaryimage"},"image":{"@id":"https:\/\/www.intoscana.it\/it\/coronavirus-in-toscana-452-nuovi-casi-e-6-decessi-al-meyer-bambina-col-covid-in-rianimazione\/#primaryimage"},"thumbnailUrl":"https:\/\/www.intoscana.it\/wp-content\/uploads\/abbraccio-covid-mamma-e-figlia-mascherina-scaled.jpg","datePublished":"2021-08-02T10:47:22+00:00","dateModified":"2021-08-03T15:01:14+00:00","author":{"@id":"https:\/\/www.intoscana.it\/it\/#\/schema\/person\/9223810753230f20bd670fdd322661f8"},"description":"Salgono i contagi e i ricoveri di persone non vaccinate. A Empoli \u00e8 stato riaperto il reparto Covid chiuso il 15 giugno scorso","breadcrumb":{"@id":"https:\/\/www.intoscana.it\/it\/coronavirus-in-toscana-452-nuovi-casi-e-6-decessi-al-meyer-bambina-col-covid-in-rianimazione\/#breadcrumb"},"inLanguage":"it-IT","potentialAction":[{"@type":"ReadAction","target":["https:\/\/www.intoscana.it\/it\/coronavirus-in-toscana-452-nuovi-casi-e-6-decessi-al-meyer-bambina-col-covid-in-rianimazione\/"]}]},{"@type":"ImageObject","inLanguage":"it-IT","@id":"https:\/\/www.intoscana.it\/it\/coronavirus-in-toscana-452-nuovi-casi-e-6-decessi-al-meyer-bambina-col-covid-in-rianimazione\/#primaryimage","url":"https:\/\/www.intoscana.it\/wp-content\/uploads\/abbraccio-covid-mamma-e-figlia-mascherina-scaled.jpg","contentUrl":"https:\/\/www.intoscana.it\/wp-content\/uploads\/abbraccio-covid-mamma-e-figlia-mascherina-scaled.jpg","width":2048,"height":1152},{"@type":"BreadcrumbList","@id":"https:\/\/www.intoscana.it\/it\/coronavirus-in-toscana-452-nuovi-casi-e-6-decessi-al-meyer-bambina-col-covid-in-rianimazione\/#breadcrumb","itemListElement":[{"@type":"ListItem","position":1,"name":"Home","item":"https:\/\/www.intoscana.it\/it\/"},{"@type":"ListItem","position":2,"name":"Coronavirus: in Toscana 452 nuovi casi e 6 decessi. Al Meyer bambina col Covid in rianimazione"}]},{"@type":"WebSite","@id":"https:\/\/www.intoscana.it\/it\/#website","url":"https:\/\/www.intoscana.it\/it\/","name":"intoscana","description":"","potentialAction":[{"@type":"SearchAction","target":{"@type":"EntryPoint","urlTemplate":"https:\/\/www.intoscana.it\/it\/?s={search_term_string}"},"query-input":{"@type":"PropertyValueSpecification","valueRequired":true,"valueName":"search_term_string"}}],"inLanguage":"it-IT"},{"@type":"Person","@id":"https:\/\/www.intoscana.it\/it\/#\/schema\/person\/9223810753230f20bd670fdd322661f8","name":"Redazione","url":"https:\/\/www.intoscana.it\/it\/author\/redazione\/"}]}},"_links":{"self":[{"href":"https:\/\/www.intoscana.it\/it\/wp-json\/wp\/v2\/posts\/185383","targetHints":{"allow":["GET"]}}],"collection":[{"href":"https:\/\/www.intoscana.it\/it\/wp-json\/wp\/v2\/posts"}],"about":[{"href":"https:\/\/www.intoscana.it\/it\/wp-json\/wp\/v2\/types\/post"}],"author":[{"embeddable":true,"href":"https:\/\/www.intoscana.it\/it\/wp-json\/wp\/v2\/users\/525"}],"replies":[{"embeddable":true,"href":"https:\/\/www.intoscana.it\/it\/wp-json\/wp\/v2\/comments?post=185383"}],"version-history":[{"count":0,"href":"https:\/\/www.intoscana.it\/it\/wp-json\/wp\/v2\/posts\/185383\/revisions"}],"wp:featuredmedia":[{"embeddable":true,"href":"https:\/\/www.intoscana.it\/it\/wp-json\/wp\/v2\/media\/169812"}],"wp:attachment":[{"href":"https:\/\/www.intoscana.it\/it\/wp-json\/wp\/v2\/media?parent=185383"}],"wp:term":[{"taxonomy":"category","embeddable":true,"href":"https:\/\/www.intoscana.it\/it\/wp-json\/wp\/v2\/categories?post=185383"},{"taxonomy":"post_tag","embeddable":true,"href":"https:\/\/www.intoscana.it\/it\/wp-json\/wp\/v2\/tags?post=185383"}],"curies":[{"name":"wp","href":"https:\/\/api.w.org\/{rel}","templated":true}]}}