{"id":185399,"date":"2021-08-02T14:46:10","date_gmt":"2021-08-02T12:46:10","guid":{"rendered":"https:\/\/www.intoscana.it\/it\/?p=185399"},"modified":"2021-08-02T14:46:10","modified_gmt":"2021-08-02T12:46:10","slug":"le-statue-della-loggia-dei-lanzi-si-rifanno-il-look-squadra-di-specialisti-al-lavoro","status":"publish","type":"post","link":"https:\/\/www.intoscana.it\/it\/le-statue-della-loggia-dei-lanzi-si-rifanno-il-look-squadra-di-specialisti-al-lavoro\/","title":{"rendered":"Le statue della Loggia dei Lanzi &#8220;si rifanno il look&#8221;: squadra di specialisti al lavoro"},"content":{"rendered":"<p><strong>Tre giorni di cure<\/strong> e pulizia hanno riportato<strong> a nuovo splendore la delicata &#8220;pelle&#8221; delle statue della Loggia dei Lanzi.<\/strong><\/p>\n<p>Il <strong>Perseo, il Ratto di Proserpina<\/strong> e gli altri &#8220;ospiti&#8221; sono stati sotto le amorevoli cure della<strong>\u00a0squadra di specialisti delle Gallerie degli Uffizi<\/strong>\u00a0che ha rimosso polveri e materiali che con il tempo rischiano di erodere le superfici delle statue<\/p>\n<p>Adesso<strong> la pelle delle statue appare pi\u00f9 candida, pi\u00f9 levigata, pi\u00f9 \u201cin salute\u201d. \u00a0<\/strong>Sono infatti appena terminate delicate operazioni di cura e conservazione del patrimonio scultoreo del celeberrimo angolo di<strong> piazza Signoria.<\/strong><\/p>\n<p>La Loggia si \u00e8 trasformata in una sorta di sala \u2018all\u2019aperto\u2019, i lavori di restauro\u00a0hanno interessato tutte le sculture, da quelle romane a quelle rinascimentali del <strong>Cellini e del Giambologna<\/strong> a quella ottocentesca di<strong> Pio Fedi.<\/strong><\/p>\n<p>Si tratta di <strong>un intervento programmato ogni anno dal museo<\/strong>: obiettivo, eliminare i materiali che tendono a depositarsi sulla superficie delle statue, mantenendone dunque <strong>la \u2018pelle\u2019 pi\u00f9 leggibile, bella e sana<\/strong>.<\/p>\n<figure id=\"post-185407 media-185407\" class=\"align-center\"><img decoding=\"async\" src=\"https:\/\/www.intoscana.it\/wp-content\/uploads\/Ratto-di-Proserpina2-Loggia-dei-Lanzi-scaled.jpg\" alt=\"\" \/><\/figure>\n<div class=\"titleimg\"><em>Ratto di Proserpina, Loggia dei Lanzi<\/em><\/div>\n<h3>La Loggia dei Lanzi<\/h3>\n<p>La<strong> Loggia dei Lanzi in piazza della signoria<\/strong> a Firenze \u00e8 considerato il <strong>&#8220;Museo all&#8217;aperto&#8221; della citt\u00e0<\/strong>.\u00a0Realizzata intorno al 1380 per ospitare cerimonie e assemblee pubbliche la Loggia dei Lanzi o della Signoria \u00e8 un capolavoro di architettura medievale. Tuttavia col passare del tempo la loggia perse la sua funzione pubblica, diventando un vero e proprio<strong> scrigno di capolavori.<\/strong><\/p>\n<p>La Loggia dei Lanzi ospita infatti opere di scultura antica come il <em><strong>\u201cPerseo con la testa di Medusa\u201d<\/strong><\/em> realizzato nel Cinquecento da <strong>Benvenuto Cellini<\/strong> oppure il <em><strong>\u201cRatto delle Sabine\u201d e \u201c Patroclo e Menelao\u201d<\/strong><\/em> del <strong>Giambologna<\/strong>. Fondamentale per la formazione della straordinaria collezione della Loggia dei Lanzi e delle Gallerie degli Uffizi fu l&#8217;intensa<strong> opera di raccolta intrapresa dai membri della famiglia Medici di Firenze<\/strong> e della famiglia dei Della Rovere di Urbino.<\/p>\n<p>Fra le opere della loggia merita particolare attenzione <em><strong>i<\/strong><strong>l \u201cRatto di Polissena\u201d,<\/strong><\/em> gruppo monumentale realizzato in marmo dello scultore Pio Fedi. La scultura rappresenta Polissena, figlia minore di Priamo mentre viene rapita da Neottolemo per poi essere sacrificata in occasione della partenza delle navi greche di ritorno dalla <strong>guerra di Troia.<\/strong><\/p>\n<p><strong>Scolpito tra il 1855 e il 1865 il gruppo scultoreo \u00e8 l&#8217;unica opera \u201cmoderna\u201d<\/strong> ritenuta degna essere collocata accanto ai capolavori di Benvenuto Cellini e di Giambologna. Ricordiamo che come sempre<strong> ad ingresso gratuito, la loggia \u00e8 ora accessibile ad un massimo di dieci persone per volta.<\/strong><\/p>\n","protected":false},"excerpt":{"rendered":"<p>Si tratta di un intervento programmato ogni anno dal museo: obiettivo, eliminare i materiali che tendono a depositarsi sulla superficie delle statue<\/p>\n","protected":false},"author":525,"featured_media":185411,"comment_status":"open","ping_status":"open","sticky":false,"template":"","format":"standard","meta":{"_acf_changed":false,"footnotes":""},"categories":[494],"tags":[174,226,5246],"class_list":["post-185399","post","type-post","status-publish","format-standard","has-post-thumbnail","hentry","category-attualita","tag-arte","tag-musei","tag-restauro"],"acf":[],"yoast_head":"<!-- This site is optimized with the Yoast SEO Premium plugin v24.2 (Yoast SEO v25.6) - https:\/\/yoast.com\/wordpress\/plugins\/seo\/ -->\n<title>Le statue della Loggia dei Lanzi &quot;si rifanno il look&quot;: squadra di specialisti al lavoro - intoscana<\/title>\n<meta name=\"description\" content=\"Si tratta di un intervento programmato ogni anno dal museo: obiettivo, eliminare i materiali che tendono a depositarsi sulla superficie\" \/>\n<meta name=\"robots\" content=\"index, follow, max-snippet:-1, max-image-preview:large, max-video-preview:-1\" \/>\n<link rel=\"canonical\" href=\"https:\/\/www.intoscana.it\/it\/le-statue-della-loggia-dei-lanzi-si-rifanno-il-look-squadra-di-specialisti-al-lavoro\/\" \/>\n<meta property=\"og:locale\" content=\"it_IT\" \/>\n<meta property=\"og:type\" content=\"article\" \/>\n<meta property=\"og:title\" content=\"Le statue della Loggia dei Lanzi &quot;si rifanno il look&quot;: squadra di specialisti al lavoro\" \/>\n<meta property=\"og:description\" content=\"Si tratta di un intervento programmato ogni anno dal museo: obiettivo, eliminare i materiali che tendono a depositarsi sulla superficie\" \/>\n<meta property=\"og:url\" content=\"https:\/\/www.intoscana.it\/it\/le-statue-della-loggia-dei-lanzi-si-rifanno-il-look-squadra-di-specialisti-al-lavoro\/\" \/>\n<meta property=\"og:site_name\" content=\"intoscana\" \/>\n<meta property=\"article:publisher\" content=\"https:\/\/www.facebook.com\/intoscana.it\" \/>\n<meta property=\"article:published_time\" content=\"2021-08-02T12:46:10+00:00\" \/>\n<meta property=\"og:image\" content=\"https:\/\/www.intoscana.it\/wp-content\/uploads\/Loggia_Lanzi-scaled.jpg\" \/>\n\t<meta property=\"og:image:width\" content=\"2048\" \/>\n\t<meta property=\"og:image:height\" content=\"1367\" \/>\n\t<meta property=\"og:image:type\" content=\"image\/jpeg\" \/>\n<meta name=\"author\" content=\"Redazione\" \/>\n<meta name=\"twitter:card\" content=\"summary_large_image\" \/>\n<meta name=\"twitter:creator\" content=\"@intoscana\" \/>\n<meta name=\"twitter:site\" content=\"@intoscana\" \/>\n<meta name=\"twitter:label1\" content=\"Written by\" \/>\n\t<meta name=\"twitter:data1\" content=\"Redazione\" \/>\n\t<meta name=\"twitter:label2\" content=\"Est. reading time\" \/>\n\t<meta name=\"twitter:data2\" content=\"2 minuti\" \/>\n<script type=\"application\/ld+json\" class=\"yoast-schema-graph\">{\"@context\":\"https:\/\/schema.org\",\"@graph\":[{\"@type\":\"WebPage\",\"@id\":\"https:\/\/www.intoscana.it\/it\/le-statue-della-loggia-dei-lanzi-si-rifanno-il-look-squadra-di-specialisti-al-lavoro\/\",\"url\":\"https:\/\/www.intoscana.it\/it\/le-statue-della-loggia-dei-lanzi-si-rifanno-il-look-squadra-di-specialisti-al-lavoro\/\",\"name\":\"Le statue della Loggia dei Lanzi \\\"si rifanno il look\\\": squadra di specialisti al lavoro - intoscana\",\"isPartOf\":{\"@id\":\"https:\/\/www.intoscana.it\/it\/#website\"},\"primaryImageOfPage\":{\"@id\":\"https:\/\/www.intoscana.it\/it\/le-statue-della-loggia-dei-lanzi-si-rifanno-il-look-squadra-di-specialisti-al-lavoro\/#primaryimage\"},\"image\":{\"@id\":\"https:\/\/www.intoscana.it\/it\/le-statue-della-loggia-dei-lanzi-si-rifanno-il-look-squadra-di-specialisti-al-lavoro\/#primaryimage\"},\"thumbnailUrl\":\"https:\/\/www.intoscana.it\/wp-content\/uploads\/Loggia_Lanzi-scaled.jpg\",\"datePublished\":\"2021-08-02T12:46:10+00:00\",\"author\":{\"@id\":\"https:\/\/www.intoscana.it\/it\/#\/schema\/person\/9223810753230f20bd670fdd322661f8\"},\"description\":\"Si tratta di un intervento programmato ogni anno dal museo: obiettivo, eliminare i materiali che tendono a depositarsi sulla superficie\",\"breadcrumb\":{\"@id\":\"https:\/\/www.intoscana.it\/it\/le-statue-della-loggia-dei-lanzi-si-rifanno-il-look-squadra-di-specialisti-al-lavoro\/#breadcrumb\"},\"inLanguage\":\"it-IT\",\"potentialAction\":[{\"@type\":\"ReadAction\",\"target\":[\"https:\/\/www.intoscana.it\/it\/le-statue-della-loggia-dei-lanzi-si-rifanno-il-look-squadra-di-specialisti-al-lavoro\/\"]}]},{\"@type\":\"ImageObject\",\"inLanguage\":\"it-IT\",\"@id\":\"https:\/\/www.intoscana.it\/it\/le-statue-della-loggia-dei-lanzi-si-rifanno-il-look-squadra-di-specialisti-al-lavoro\/#primaryimage\",\"url\":\"https:\/\/www.intoscana.it\/wp-content\/uploads\/Loggia_Lanzi-scaled.jpg\",\"contentUrl\":\"https:\/\/www.intoscana.it\/wp-content\/uploads\/Loggia_Lanzi-scaled.jpg\",\"width\":2048,\"height\":1367},{\"@type\":\"BreadcrumbList\",\"@id\":\"https:\/\/www.intoscana.it\/it\/le-statue-della-loggia-dei-lanzi-si-rifanno-il-look-squadra-di-specialisti-al-lavoro\/#breadcrumb\",\"itemListElement\":[{\"@type\":\"ListItem\",\"position\":1,\"name\":\"Home\",\"item\":\"https:\/\/www.intoscana.it\/it\/\"},{\"@type\":\"ListItem\",\"position\":2,\"name\":\"Le statue della Loggia dei Lanzi &#8220;si rifanno il look&#8221;: squadra di specialisti al lavoro\"}]},{\"@type\":\"WebSite\",\"@id\":\"https:\/\/www.intoscana.it\/it\/#website\",\"url\":\"https:\/\/www.intoscana.it\/it\/\",\"name\":\"intoscana\",\"description\":\"\",\"potentialAction\":[{\"@type\":\"SearchAction\",\"target\":{\"@type\":\"EntryPoint\",\"urlTemplate\":\"https:\/\/www.intoscana.it\/it\/?s={search_term_string}\"},\"query-input\":{\"@type\":\"PropertyValueSpecification\",\"valueRequired\":true,\"valueName\":\"search_term_string\"}}],\"inLanguage\":\"it-IT\"},{\"@type\":\"Person\",\"@id\":\"https:\/\/www.intoscana.it\/it\/#\/schema\/person\/9223810753230f20bd670fdd322661f8\",\"name\":\"Redazione\",\"url\":\"https:\/\/www.intoscana.it\/it\/author\/redazione\/\"}]}<\/script>\n<!-- \/ Yoast SEO Premium plugin. -->","yoast_head_json":{"title":"Le statue della Loggia dei Lanzi \"si rifanno il look\": squadra di specialisti al lavoro - intoscana","description":"Si tratta di un intervento programmato ogni anno dal museo: obiettivo, eliminare i materiali che tendono a depositarsi sulla superficie","robots":{"index":"index","follow":"follow","max-snippet":"max-snippet:-1","max-image-preview":"max-image-preview:large","max-video-preview":"max-video-preview:-1"},"canonical":"https:\/\/www.intoscana.it\/it\/le-statue-della-loggia-dei-lanzi-si-rifanno-il-look-squadra-di-specialisti-al-lavoro\/","og_locale":"it_IT","og_type":"article","og_title":"Le statue della Loggia dei Lanzi \"si rifanno il look\": squadra di specialisti al lavoro","og_description":"Si tratta di un intervento programmato ogni anno dal museo: obiettivo, eliminare i materiali che tendono a depositarsi sulla superficie","og_url":"https:\/\/www.intoscana.it\/it\/le-statue-della-loggia-dei-lanzi-si-rifanno-il-look-squadra-di-specialisti-al-lavoro\/","og_site_name":"intoscana","article_publisher":"https:\/\/www.facebook.com\/intoscana.it","article_published_time":"2021-08-02T12:46:10+00:00","og_image":[{"width":2048,"height":1367,"url":"https:\/\/www.intoscana.it\/wp-content\/uploads\/Loggia_Lanzi-scaled.jpg","type":"image\/jpeg"}],"author":"Redazione","twitter_card":"summary_large_image","twitter_creator":"@intoscana","twitter_site":"@intoscana","twitter_misc":{"Written by":"Redazione","Est. reading time":"2 minuti"},"schema":{"@context":"https:\/\/schema.org","@graph":[{"@type":"WebPage","@id":"https:\/\/www.intoscana.it\/it\/le-statue-della-loggia-dei-lanzi-si-rifanno-il-look-squadra-di-specialisti-al-lavoro\/","url":"https:\/\/www.intoscana.it\/it\/le-statue-della-loggia-dei-lanzi-si-rifanno-il-look-squadra-di-specialisti-al-lavoro\/","name":"Le statue della Loggia dei Lanzi \"si rifanno il look\": squadra di specialisti al lavoro - intoscana","isPartOf":{"@id":"https:\/\/www.intoscana.it\/it\/#website"},"primaryImageOfPage":{"@id":"https:\/\/www.intoscana.it\/it\/le-statue-della-loggia-dei-lanzi-si-rifanno-il-look-squadra-di-specialisti-al-lavoro\/#primaryimage"},"image":{"@id":"https:\/\/www.intoscana.it\/it\/le-statue-della-loggia-dei-lanzi-si-rifanno-il-look-squadra-di-specialisti-al-lavoro\/#primaryimage"},"thumbnailUrl":"https:\/\/www.intoscana.it\/wp-content\/uploads\/Loggia_Lanzi-scaled.jpg","datePublished":"2021-08-02T12:46:10+00:00","author":{"@id":"https:\/\/www.intoscana.it\/it\/#\/schema\/person\/9223810753230f20bd670fdd322661f8"},"description":"Si tratta di un intervento programmato ogni anno dal museo: obiettivo, eliminare i materiali che tendono a depositarsi sulla superficie","breadcrumb":{"@id":"https:\/\/www.intoscana.it\/it\/le-statue-della-loggia-dei-lanzi-si-rifanno-il-look-squadra-di-specialisti-al-lavoro\/#breadcrumb"},"inLanguage":"it-IT","potentialAction":[{"@type":"ReadAction","target":["https:\/\/www.intoscana.it\/it\/le-statue-della-loggia-dei-lanzi-si-rifanno-il-look-squadra-di-specialisti-al-lavoro\/"]}]},{"@type":"ImageObject","inLanguage":"it-IT","@id":"https:\/\/www.intoscana.it\/it\/le-statue-della-loggia-dei-lanzi-si-rifanno-il-look-squadra-di-specialisti-al-lavoro\/#primaryimage","url":"https:\/\/www.intoscana.it\/wp-content\/uploads\/Loggia_Lanzi-scaled.jpg","contentUrl":"https:\/\/www.intoscana.it\/wp-content\/uploads\/Loggia_Lanzi-scaled.jpg","width":2048,"height":1367},{"@type":"BreadcrumbList","@id":"https:\/\/www.intoscana.it\/it\/le-statue-della-loggia-dei-lanzi-si-rifanno-il-look-squadra-di-specialisti-al-lavoro\/#breadcrumb","itemListElement":[{"@type":"ListItem","position":1,"name":"Home","item":"https:\/\/www.intoscana.it\/it\/"},{"@type":"ListItem","position":2,"name":"Le statue della Loggia dei Lanzi &#8220;si rifanno il look&#8221;: squadra di specialisti al lavoro"}]},{"@type":"WebSite","@id":"https:\/\/www.intoscana.it\/it\/#website","url":"https:\/\/www.intoscana.it\/it\/","name":"intoscana","description":"","potentialAction":[{"@type":"SearchAction","target":{"@type":"EntryPoint","urlTemplate":"https:\/\/www.intoscana.it\/it\/?s={search_term_string}"},"query-input":{"@type":"PropertyValueSpecification","valueRequired":true,"valueName":"search_term_string"}}],"inLanguage":"it-IT"},{"@type":"Person","@id":"https:\/\/www.intoscana.it\/it\/#\/schema\/person\/9223810753230f20bd670fdd322661f8","name":"Redazione","url":"https:\/\/www.intoscana.it\/it\/author\/redazione\/"}]}},"_links":{"self":[{"href":"https:\/\/www.intoscana.it\/it\/wp-json\/wp\/v2\/posts\/185399","targetHints":{"allow":["GET"]}}],"collection":[{"href":"https:\/\/www.intoscana.it\/it\/wp-json\/wp\/v2\/posts"}],"about":[{"href":"https:\/\/www.intoscana.it\/it\/wp-json\/wp\/v2\/types\/post"}],"author":[{"embeddable":true,"href":"https:\/\/www.intoscana.it\/it\/wp-json\/wp\/v2\/users\/525"}],"replies":[{"embeddable":true,"href":"https:\/\/www.intoscana.it\/it\/wp-json\/wp\/v2\/comments?post=185399"}],"version-history":[{"count":0,"href":"https:\/\/www.intoscana.it\/it\/wp-json\/wp\/v2\/posts\/185399\/revisions"}],"wp:featuredmedia":[{"embeddable":true,"href":"https:\/\/www.intoscana.it\/it\/wp-json\/wp\/v2\/media\/185411"}],"wp:attachment":[{"href":"https:\/\/www.intoscana.it\/it\/wp-json\/wp\/v2\/media?parent=185399"}],"wp:term":[{"taxonomy":"category","embeddable":true,"href":"https:\/\/www.intoscana.it\/it\/wp-json\/wp\/v2\/categories?post=185399"},{"taxonomy":"post_tag","embeddable":true,"href":"https:\/\/www.intoscana.it\/it\/wp-json\/wp\/v2\/tags?post=185399"}],"curies":[{"name":"wp","href":"https:\/\/api.w.org\/{rel}","templated":true}]}}