{"id":185663,"date":"2021-08-04T14:19:53","date_gmt":"2021-08-04T12:19:53","guid":{"rendered":"https:\/\/www.intoscana.it\/it\/?p=185663"},"modified":"2021-08-04T14:26:50","modified_gmt":"2021-08-04T12:26:50","slug":"firenze-si-trasforma-in-un-ricamo-grazie-ai-delicatissimi-lavori-di-cariatide-embroidery","status":"publish","type":"post","link":"https:\/\/www.intoscana.it\/it\/firenze-si-trasforma-in-un-ricamo-grazie-ai-delicatissimi-lavori-di-cariatide-embroidery\/","title":{"rendered":"Firenze si trasforma in un ricamo grazie ai delicatissimi lavori di &#8220;Cariatide Embroidery&#8221;"},"content":{"rendered":"<p>I <strong>benefici del ricamo<\/strong> e di lavorare la lana <strong>sono moltissimi<\/strong> e vengono riconosciuti anche dagli psicologi. Punto dopo punto, infatti, <strong>l&#8217;impatto del ricamo sulla salute mentale \u00e8 positivo<\/strong> soprattutto in periodi di stress, poich\u00e9 aiuta a contenerlo, riducendo la frequenza cardiaca.<\/p>\n<p>Non \u00e8 un caso che anche\u00a0<strong>il campione olimpionico di tuffi Tom Daley<\/strong> \u00e8 stato visto sugli spalti mente sferruzzava energicamente tra una gara e l&#8217;altra.<\/p>\n<p><a href=\"https:\/\/www.instagram.com\/cariatide.embroidery\/\" target=\"_blank\" rel=\"noopener\"><strong>&#8220;Cariatide Embroidery&#8221;<\/strong><\/a> \u00e8 il titolo del progetto e della <strong>pagina Instagram di Alanah Edwards<\/strong>\u00a0che nasce a <strong>marzo 2020<\/strong> per sconfiggere la noia durante <strong>il primo lockdown.<\/strong>\u00a0Ma presto da passione si \u00e8 trasformato in <strong>un vero e proprio lavoro.<\/strong><\/p>\n<p><strong>Alanah Edwards<\/strong>\u00a0si definisce una <em><strong>&#8220;architectural embroidery artist&#8221;<\/strong> <\/em>cio\u00e8 una <strong>&#8220;ricamatrice di architetture&#8221;<\/strong>. Con ago e filo e el sue abili mani Alanah ricama disegnando o disegna ricamando <strong>le architetture di Firenze<\/strong> realizzando dei <strong>piccoli e stupefacenti capolavori.<\/strong><\/p>\n<p><strong>Le sue vedute tra le strade di Firenze vanno a ruba<\/strong> e possono essere ordinate anche su richiesta specificando quale scorcio della citt\u00e0 interessa.<\/p>\n<p>Ma non solo, <strong>Alanah propone\u00a0anche dei &#8220;modelli&#8221; stampabili per provare a ricamare da soli o da sole<\/strong>. Ogni modello viene fornito con un elenco di materiali necessari, istruzioni e il modello stampabile.<\/p>\n<p>In un pomeriggio di agosto <strong>Alanah ci ha raccontato la sua storia.<\/strong><\/p>\n<figure id=\"post-185664 media-185664\" class=\"align-center\"><img decoding=\"async\" src=\"https:\/\/www.intoscana.it\/wp-content\/uploads\/DSCF8806-Ricami-Baby-scaled.jpg\" alt=\"\" \/><\/figure>\n<h3>Ecco la nostra\u00a0intervista<\/h3>\n<p><strong>Ciao Alanah raccontaci la tua storia, da dove vieni, da quanto abiti a Firenze?<\/strong><\/p>\n<p>Ciao! Mi chiamo Alanah, e sono una ricamatrice di viste e monumenti principalmente di Firenze.<strong> Vengo dall&#8217;Inghilterra, da un piccolo paesino al sud circondato da campi,<\/strong> mucche e poco altro! <strong>Mi sono trasferita a Firenze nel 2016<\/strong> dopo che mi sono innamorata della citt\u00e0 durante una vacanza nel 2015.<\/p>\n<p><strong>Com&#8217;\u00e8 nata la tua passione per il ricamo? Chi ti ha insegnato a ricamare?<\/strong><\/p>\n<p><strong>Sono autodidatta<\/strong>, ho imparato questa bellissima tecnica durante il primo lockdown del marzo 2020. Il ricamo era sempre una cosa che volevo provare a fare, ma purtroppo<strong> non trovavo mai il tempo<\/strong>, finch\u00e9 <strong>il lockdown mi ha regalato la possibilit\u00e0<\/strong> di esplorare questa arte.<\/p>\n<p><strong>Cosa ti piace particolarmente dell&#8217;arte del ricamo che immagino sia molto difficile e per cui occorre grande pazienza?<\/strong><\/p>\n<p>La pazienza ci vuole assolutamente! Il ricamo mi ha preso cos\u00ec tanto perch\u00e9<strong> mi permette di rilassarmi totalmente, e concentrarmi su una singola cosa<\/strong>, che di solito trovo molto difficile da fare. Possiamo dire che <strong>\u00e8 abbastanza meditativo.<\/strong><\/p>\n<p><strong>Com&#8217;\u00e8 nato il progetto &#8220;Cariatide Embroidery&#8221; e come mai hai scelto questo nome?<\/strong><\/p>\n<p><strong>Cariatide Embroidery<\/strong> \u00e8 nato come un <a href=\"https:\/\/www.instagram.com\/cariatide.embroidery\/\" target=\"_blank\" rel=\"noopener\"><strong>profilo Instagram<\/strong><\/a> dove<strong> condivido foto e video dei miei lavori,<\/strong> che poi \u00e8 diventato la piattaforma principale per la mia attivit\u00e0. <strong>Il nome viene dalle cariatidi che si trovano ad Atene<\/strong>. Queste colonne a forma di donne mi hanno fatto pensare alla <strong>forza femminile.<\/strong>\u00a0Sono l\u00ec in piedi da migliaia di anni, e<strong> mi hanno ricordato la forza che abbiamo tutte noi donne<\/strong>. Ho avuto un passato difficile, e quindi ho collegato quelle colonne a me stessa, che anche io sono ancora qui in piedi. Facendo sempre pi\u00f9 ricerca, ho scoperto che la dea di Atene \u00e8 anche la dea della creativit\u00e0, quindi torna tutto perfettamente!<\/p>\n<figure id=\"post-185674 media-185674\" class=\"align-center\"><img decoding=\"async\" src=\"https:\/\/www.intoscana.it\/wp-content\/uploads\/IMG_5996.jpg\" alt=\"\" \/><\/figure>\n<div class=\"titleimg\"><em>Alanah Edwards<\/em><\/div>\n<p><strong>Alanah raccontaci come realizzi i tuoi lavori, quali sono le fasi principali?<\/strong><\/p>\n<p>Le fasi principali sono il creare il disegno di base al computer del monumento o della vista, il trasferimento del disegno sul tessuto, il ricamo in se, e poi il lavare, stirare e montare il pezzo finale. <strong>Per riportare il design sul tessuto, uso la carta carbone e traccio a mano il design<\/strong> per lasciare il carbone che uso come linea di guida quando ricamo. Per il ricamo, uso principalmente un unico filo nero della marca DMC, e ricamo tutto il pezzo usando il <strong>backstitch<\/strong>. <strong>Una volta finito, il pezzo va lavato a mano, asciugato all\u2019aria e stirato sul dietro.<\/strong> Monto tutti i miei pezzi sull&#8217;MDF, pronti per essere incorniciati quando arrivano nella loro nuova casa.<\/p>\n<p><strong>C&#8217;\u00e8 un luogo che ancora non hai &#8220;ricamato&#8221; e che vorresti ricamare?<\/strong><\/p>\n<p>Ce ne sono tantissime! Vorrei espandere un pochino e iniziare a ricamare altre citt\u00e0 italiane. Mi piacerebbe tanto fare <strong>una vista panoramica magari di Roma o Napoli<\/strong> come <strong>la vista da piazzale Michelangelo<\/strong> che ho fatto recentemente.<\/p>\n<p><strong>Hai mai pensato di ricamare ritratti di persone?<\/strong><\/p>\n<p>In realt\u00e0 l&#8217;ho fatto una volta! Non mi \u00e8 dispiaciuto farlo, per\u00f2 <strong>il ricamo architettonico \u00e8 quello su cui vorrei concentrarmi.<\/strong><\/p>\n<p><strong>Hai mai ricevuto delle richieste insolite o curiose?<\/strong><\/p>\n<p>Insolite non direi, ma <strong>spesso mi arrivano delle richieste che non mi aspetto<\/strong>. Capisco perch\u00e9 uno vorrebbe una vista del duomo, o ponte vecchio (le viste classiche diciamo) ma a volte mi chiedono viste che non sono quelle solite. Tante volte sono le richieste che mi piacciono di pi\u00f9, perch\u00e9 spesso hanno <strong>una storia bellissima collegato a dei ricordi particolari di Firenze<\/strong> o un&#8217;altra citt\u00e0. Una richiesta in particolare mi viene in mente: una ragazza americana che ha fatto uno study abroad qui a Firenze mi ha chiesto <strong>un pezzo della vista di via Tornabuoni dalla met\u00e0 di ponte Santa Trinit\u00e0.<\/strong> Mi raccont\u00f2 che mentre studiava qui, faceva questa strada ogni giorno tornando a casa dalla scuola, e quindi la vista le ricordava casa.<\/p>\n<figure id=\"post-185668 media-185668\" class=\"align-center\"><img decoding=\"async\" src=\"https:\/\/www.intoscana.it\/wp-content\/uploads\/DSCF9686-Ricami-1.jpg\" alt=\"\" \/><\/figure>\n<h3>Dove trovare le opere di Alanah<\/h3>\n<p>I suoi lavori si possono comprare tramite il sito\u00a0<a href=\"http:\/\/www.cariatideembroidery.com\" target=\"_blank\" rel=\"noopener\"><strong>www.cariatideembroidery.com,<\/strong><\/a> o potete contattarla tramite <a href=\"https:\/\/www.instagram.com\/cariatide.embroidery\/\" target=\"_blank\" rel=\"noopener\"><strong>Instagram @cariatide.embroidery<\/strong><\/a> o email\u00a0<strong>cariatide.embroidery@gmail.com.<\/strong><\/p>\n","protected":false},"excerpt":{"rendered":"<p>Alanah si \u00e8 innamorata di Firenze durante una vacanza e poi ha deciso di trasferirsi a vivere qui. Durante il primo lockdown a marzo 2020 ha iniziato a ricamare vedute della citt\u00e0, un hobby che si \u00e8 presto trasformato in un vero e proprio lavoro<\/p>\n","protected":false},"author":518,"featured_media":185669,"comment_status":"open","ping_status":"open","sticky":false,"template":"","format":"standard","meta":{"_acf_changed":false,"footnotes":""},"categories":[4],"tags":[278,202,3138],"class_list":["post-185663","post","type-post","status-publish","format-standard","has-post-thumbnail","hentry","category-storie","tag-artigianato","tag-firenze","tag-interviste-agli-artisti"],"acf":[],"yoast_head":"<!-- This site is optimized with the Yoast SEO Premium plugin v24.2 (Yoast SEO v25.6) - https:\/\/yoast.com\/wordpress\/plugins\/seo\/ -->\n<title>Firenze si trasforma in un ricamo grazie ai delicatissimi lavori di &quot;Cariatide Embroidery&quot; - intoscana<\/title>\n<meta name=\"description\" content=\"Alanah si \u00e8 innamorata di Firenze durante una vacanza e poi ha deciso di trasferirsi a vivere qui. Ha iniziato a ricamare a marzo 2020\" \/>\n<meta name=\"robots\" content=\"index, follow, max-snippet:-1, max-image-preview:large, max-video-preview:-1\" \/>\n<link rel=\"canonical\" href=\"https:\/\/www.intoscana.it\/it\/firenze-si-trasforma-in-un-ricamo-grazie-ai-delicatissimi-lavori-di-cariatide-embroidery\/\" \/>\n<meta property=\"og:locale\" content=\"it_IT\" \/>\n<meta property=\"og:type\" content=\"article\" \/>\n<meta property=\"og:title\" content=\"Firenze si trasforma in un ricamo grazie ai delicatissimi lavori di &quot;Cariatide Embroidery&quot;\" \/>\n<meta property=\"og:description\" content=\"Alanah si \u00e8 innamorata di Firenze durante una vacanza e poi ha deciso di trasferirsi a vivere qui. Ha iniziato a ricamare a marzo 2020\" \/>\n<meta property=\"og:url\" content=\"https:\/\/www.intoscana.it\/it\/firenze-si-trasforma-in-un-ricamo-grazie-ai-delicatissimi-lavori-di-cariatide-embroidery\/\" \/>\n<meta property=\"og:site_name\" content=\"intoscana\" \/>\n<meta property=\"article:publisher\" content=\"https:\/\/www.facebook.com\/intoscana.it\" \/>\n<meta property=\"article:published_time\" content=\"2021-08-04T12:19:53+00:00\" \/>\n<meta property=\"article:modified_time\" content=\"2021-08-04T12:26:50+00:00\" \/>\n<meta property=\"og:image\" content=\"https:\/\/www.intoscana.it\/wp-content\/uploads\/DSCF9903-Ricami.jpg\" \/>\n\t<meta property=\"og:image:width\" content=\"1000\" \/>\n\t<meta property=\"og:image:height\" content=\"739\" \/>\n\t<meta property=\"og:image:type\" content=\"image\/jpeg\" \/>\n<meta name=\"author\" content=\"Costanza Baldini\" \/>\n<meta name=\"twitter:card\" content=\"summary_large_image\" \/>\n<meta name=\"twitter:creator\" content=\"@intoscana\" \/>\n<meta name=\"twitter:site\" content=\"@intoscana\" \/>\n<meta name=\"twitter:label1\" content=\"Written by\" \/>\n\t<meta name=\"twitter:data1\" content=\"Costanza Baldini\" \/>\n\t<meta name=\"twitter:label2\" content=\"Est. reading time\" \/>\n\t<meta name=\"twitter:data2\" content=\"4 minuti\" \/>\n<script type=\"application\/ld+json\" class=\"yoast-schema-graph\">{\"@context\":\"https:\/\/schema.org\",\"@graph\":[{\"@type\":\"WebPage\",\"@id\":\"https:\/\/www.intoscana.it\/it\/firenze-si-trasforma-in-un-ricamo-grazie-ai-delicatissimi-lavori-di-cariatide-embroidery\/\",\"url\":\"https:\/\/www.intoscana.it\/it\/firenze-si-trasforma-in-un-ricamo-grazie-ai-delicatissimi-lavori-di-cariatide-embroidery\/\",\"name\":\"Firenze si trasforma in un ricamo grazie ai delicatissimi lavori di \\\"Cariatide Embroidery\\\" - intoscana\",\"isPartOf\":{\"@id\":\"https:\/\/www.intoscana.it\/it\/#website\"},\"primaryImageOfPage\":{\"@id\":\"https:\/\/www.intoscana.it\/it\/firenze-si-trasforma-in-un-ricamo-grazie-ai-delicatissimi-lavori-di-cariatide-embroidery\/#primaryimage\"},\"image\":{\"@id\":\"https:\/\/www.intoscana.it\/it\/firenze-si-trasforma-in-un-ricamo-grazie-ai-delicatissimi-lavori-di-cariatide-embroidery\/#primaryimage\"},\"thumbnailUrl\":\"https:\/\/www.intoscana.it\/wp-content\/uploads\/DSCF9903-Ricami.jpg\",\"datePublished\":\"2021-08-04T12:19:53+00:00\",\"dateModified\":\"2021-08-04T12:26:50+00:00\",\"author\":{\"@id\":\"https:\/\/www.intoscana.it\/it\/#\/schema\/person\/d469f35f09739bdf00bf5dd3f0647a82\"},\"description\":\"Alanah si \u00e8 innamorata di Firenze durante una vacanza e poi ha deciso di trasferirsi a vivere qui. Ha iniziato a ricamare a marzo 2020\",\"breadcrumb\":{\"@id\":\"https:\/\/www.intoscana.it\/it\/firenze-si-trasforma-in-un-ricamo-grazie-ai-delicatissimi-lavori-di-cariatide-embroidery\/#breadcrumb\"},\"inLanguage\":\"it-IT\",\"potentialAction\":[{\"@type\":\"ReadAction\",\"target\":[\"https:\/\/www.intoscana.it\/it\/firenze-si-trasforma-in-un-ricamo-grazie-ai-delicatissimi-lavori-di-cariatide-embroidery\/\"]}]},{\"@type\":\"ImageObject\",\"inLanguage\":\"it-IT\",\"@id\":\"https:\/\/www.intoscana.it\/it\/firenze-si-trasforma-in-un-ricamo-grazie-ai-delicatissimi-lavori-di-cariatide-embroidery\/#primaryimage\",\"url\":\"https:\/\/www.intoscana.it\/wp-content\/uploads\/DSCF9903-Ricami.jpg\",\"contentUrl\":\"https:\/\/www.intoscana.it\/wp-content\/uploads\/DSCF9903-Ricami.jpg\",\"width\":1000,\"height\":739},{\"@type\":\"BreadcrumbList\",\"@id\":\"https:\/\/www.intoscana.it\/it\/firenze-si-trasforma-in-un-ricamo-grazie-ai-delicatissimi-lavori-di-cariatide-embroidery\/#breadcrumb\",\"itemListElement\":[{\"@type\":\"ListItem\",\"position\":1,\"name\":\"Home\",\"item\":\"https:\/\/www.intoscana.it\/it\/\"},{\"@type\":\"ListItem\",\"position\":2,\"name\":\"Firenze si trasforma in un ricamo grazie ai delicatissimi lavori di &#8220;Cariatide Embroidery&#8221;\"}]},{\"@type\":\"WebSite\",\"@id\":\"https:\/\/www.intoscana.it\/it\/#website\",\"url\":\"https:\/\/www.intoscana.it\/it\/\",\"name\":\"intoscana\",\"description\":\"\",\"potentialAction\":[{\"@type\":\"SearchAction\",\"target\":{\"@type\":\"EntryPoint\",\"urlTemplate\":\"https:\/\/www.intoscana.it\/it\/?s={search_term_string}\"},\"query-input\":{\"@type\":\"PropertyValueSpecification\",\"valueRequired\":true,\"valueName\":\"search_term_string\"}}],\"inLanguage\":\"it-IT\"},{\"@type\":\"Person\",\"@id\":\"https:\/\/www.intoscana.it\/it\/#\/schema\/person\/d469f35f09739bdf00bf5dd3f0647a82\",\"name\":\"Costanza Baldini\",\"url\":\"https:\/\/www.intoscana.it\/it\/author\/costanza-baldini\/\"}]}<\/script>\n<!-- \/ Yoast SEO Premium plugin. -->","yoast_head_json":{"title":"Firenze si trasforma in un ricamo grazie ai delicatissimi lavori di \"Cariatide Embroidery\" - intoscana","description":"Alanah si \u00e8 innamorata di Firenze durante una vacanza e poi ha deciso di trasferirsi a vivere qui. Ha iniziato a ricamare a marzo 2020","robots":{"index":"index","follow":"follow","max-snippet":"max-snippet:-1","max-image-preview":"max-image-preview:large","max-video-preview":"max-video-preview:-1"},"canonical":"https:\/\/www.intoscana.it\/it\/firenze-si-trasforma-in-un-ricamo-grazie-ai-delicatissimi-lavori-di-cariatide-embroidery\/","og_locale":"it_IT","og_type":"article","og_title":"Firenze si trasforma in un ricamo grazie ai delicatissimi lavori di \"Cariatide Embroidery\"","og_description":"Alanah si \u00e8 innamorata di Firenze durante una vacanza e poi ha deciso di trasferirsi a vivere qui. Ha iniziato a ricamare a marzo 2020","og_url":"https:\/\/www.intoscana.it\/it\/firenze-si-trasforma-in-un-ricamo-grazie-ai-delicatissimi-lavori-di-cariatide-embroidery\/","og_site_name":"intoscana","article_publisher":"https:\/\/www.facebook.com\/intoscana.it","article_published_time":"2021-08-04T12:19:53+00:00","article_modified_time":"2021-08-04T12:26:50+00:00","og_image":[{"width":1000,"height":739,"url":"https:\/\/www.intoscana.it\/wp-content\/uploads\/DSCF9903-Ricami.jpg","type":"image\/jpeg"}],"author":"Costanza Baldini","twitter_card":"summary_large_image","twitter_creator":"@intoscana","twitter_site":"@intoscana","twitter_misc":{"Written by":"Costanza Baldini","Est. reading time":"4 minuti"},"schema":{"@context":"https:\/\/schema.org","@graph":[{"@type":"WebPage","@id":"https:\/\/www.intoscana.it\/it\/firenze-si-trasforma-in-un-ricamo-grazie-ai-delicatissimi-lavori-di-cariatide-embroidery\/","url":"https:\/\/www.intoscana.it\/it\/firenze-si-trasforma-in-un-ricamo-grazie-ai-delicatissimi-lavori-di-cariatide-embroidery\/","name":"Firenze si trasforma in un ricamo grazie ai delicatissimi lavori di \"Cariatide Embroidery\" - intoscana","isPartOf":{"@id":"https:\/\/www.intoscana.it\/it\/#website"},"primaryImageOfPage":{"@id":"https:\/\/www.intoscana.it\/it\/firenze-si-trasforma-in-un-ricamo-grazie-ai-delicatissimi-lavori-di-cariatide-embroidery\/#primaryimage"},"image":{"@id":"https:\/\/www.intoscana.it\/it\/firenze-si-trasforma-in-un-ricamo-grazie-ai-delicatissimi-lavori-di-cariatide-embroidery\/#primaryimage"},"thumbnailUrl":"https:\/\/www.intoscana.it\/wp-content\/uploads\/DSCF9903-Ricami.jpg","datePublished":"2021-08-04T12:19:53+00:00","dateModified":"2021-08-04T12:26:50+00:00","author":{"@id":"https:\/\/www.intoscana.it\/it\/#\/schema\/person\/d469f35f09739bdf00bf5dd3f0647a82"},"description":"Alanah si \u00e8 innamorata di Firenze durante una vacanza e poi ha deciso di trasferirsi a vivere qui. Ha iniziato a ricamare a marzo 2020","breadcrumb":{"@id":"https:\/\/www.intoscana.it\/it\/firenze-si-trasforma-in-un-ricamo-grazie-ai-delicatissimi-lavori-di-cariatide-embroidery\/#breadcrumb"},"inLanguage":"it-IT","potentialAction":[{"@type":"ReadAction","target":["https:\/\/www.intoscana.it\/it\/firenze-si-trasforma-in-un-ricamo-grazie-ai-delicatissimi-lavori-di-cariatide-embroidery\/"]}]},{"@type":"ImageObject","inLanguage":"it-IT","@id":"https:\/\/www.intoscana.it\/it\/firenze-si-trasforma-in-un-ricamo-grazie-ai-delicatissimi-lavori-di-cariatide-embroidery\/#primaryimage","url":"https:\/\/www.intoscana.it\/wp-content\/uploads\/DSCF9903-Ricami.jpg","contentUrl":"https:\/\/www.intoscana.it\/wp-content\/uploads\/DSCF9903-Ricami.jpg","width":1000,"height":739},{"@type":"BreadcrumbList","@id":"https:\/\/www.intoscana.it\/it\/firenze-si-trasforma-in-un-ricamo-grazie-ai-delicatissimi-lavori-di-cariatide-embroidery\/#breadcrumb","itemListElement":[{"@type":"ListItem","position":1,"name":"Home","item":"https:\/\/www.intoscana.it\/it\/"},{"@type":"ListItem","position":2,"name":"Firenze si trasforma in un ricamo grazie ai delicatissimi lavori di &#8220;Cariatide Embroidery&#8221;"}]},{"@type":"WebSite","@id":"https:\/\/www.intoscana.it\/it\/#website","url":"https:\/\/www.intoscana.it\/it\/","name":"intoscana","description":"","potentialAction":[{"@type":"SearchAction","target":{"@type":"EntryPoint","urlTemplate":"https:\/\/www.intoscana.it\/it\/?s={search_term_string}"},"query-input":{"@type":"PropertyValueSpecification","valueRequired":true,"valueName":"search_term_string"}}],"inLanguage":"it-IT"},{"@type":"Person","@id":"https:\/\/www.intoscana.it\/it\/#\/schema\/person\/d469f35f09739bdf00bf5dd3f0647a82","name":"Costanza Baldini","url":"https:\/\/www.intoscana.it\/it\/author\/costanza-baldini\/"}]}},"_links":{"self":[{"href":"https:\/\/www.intoscana.it\/it\/wp-json\/wp\/v2\/posts\/185663","targetHints":{"allow":["GET"]}}],"collection":[{"href":"https:\/\/www.intoscana.it\/it\/wp-json\/wp\/v2\/posts"}],"about":[{"href":"https:\/\/www.intoscana.it\/it\/wp-json\/wp\/v2\/types\/post"}],"author":[{"embeddable":true,"href":"https:\/\/www.intoscana.it\/it\/wp-json\/wp\/v2\/users\/518"}],"replies":[{"embeddable":true,"href":"https:\/\/www.intoscana.it\/it\/wp-json\/wp\/v2\/comments?post=185663"}],"version-history":[{"count":0,"href":"https:\/\/www.intoscana.it\/it\/wp-json\/wp\/v2\/posts\/185663\/revisions"}],"wp:featuredmedia":[{"embeddable":true,"href":"https:\/\/www.intoscana.it\/it\/wp-json\/wp\/v2\/media\/185669"}],"wp:attachment":[{"href":"https:\/\/www.intoscana.it\/it\/wp-json\/wp\/v2\/media?parent=185663"}],"wp:term":[{"taxonomy":"category","embeddable":true,"href":"https:\/\/www.intoscana.it\/it\/wp-json\/wp\/v2\/categories?post=185663"},{"taxonomy":"post_tag","embeddable":true,"href":"https:\/\/www.intoscana.it\/it\/wp-json\/wp\/v2\/tags?post=185663"}],"curies":[{"name":"wp","href":"https:\/\/api.w.org\/{rel}","templated":true}]}}