{"id":185779,"date":"2021-08-05T15:32:44","date_gmt":"2021-08-05T13:32:44","guid":{"rendered":"https:\/\/www.intoscana.it\/it\/?p=185779"},"modified":"2021-08-05T15:32:44","modified_gmt":"2021-08-05T13:32:44","slug":"covid-19-la-regione-toscana-fa-un-accordo-con-i-pediatri-per-vaccinare-i-giovanissimi","status":"publish","type":"post","link":"https:\/\/www.intoscana.it\/it\/covid-19-la-regione-toscana-fa-un-accordo-con-i-pediatri-per-vaccinare-i-giovanissimi\/","title":{"rendered":"Covid-19: la Regione Toscana fa un accordo con i pediatri per vaccinare i giovanissimi"},"content":{"rendered":"<p>Anche<strong> i pediatri della Toscana<\/strong> daranno una mano nella <strong>campagna vaccinale contro il Covid-19.<\/strong><\/p>\n<p>E&#8217;\u00a0stato infatti firmato il 5 agosto <strong>dall\u2019assessore al diritto alla salute, Simone Bezzini, e i segretari regionali Fimp, Valdo Flori, e Simpef, Silvia Petralli<\/strong>\u00a0l\u2019<strong>Accordo integrativo regionale per la partecipazione dei pediatri di libera scelta<\/strong> alla campana di somministrazione del vaccino anti Sar.CoV-2.<\/p>\n<p>L\u2019obiettivo \u00e8<strong> riuscire a completare la copertura vaccinale dei giovanissimi prima dell\u2019inizio dell\u2019anno scolastico.<\/strong> La vaccinazione dei giovanissimi, a cura dei pediatri di famiglia,<strong> prender\u00e0 il via il prossimo marted\u00ec 10 agosto.<\/strong><\/p>\n<p>La vaccinazione<strong> riguarda i minori a partire dai 12 anni compiuti fino ai 16 anni<\/strong> (15 anni e 364 giorni). L\u2019appuntamento per il richiamo sar\u00e0 fissato 21 giorni dopo la prima dose.<\/p>\n<p>I pediatri eseguiranno la vaccinazione attraverso la <strong>prenotazione dei cittadini sul portale online regionale. <\/strong>Ma\u00a0effettueranno anche<strong> la chiamata attiva, contattando direttamente le famiglie<\/strong> dei propri giovani assistiti.<\/p>\n<p>Come per la <strong>vaccinazione degli over80<\/strong>, condotta dai medici di medicina generale<strong>, la chiamata attiva garantisce una copertura vaccinale ampia e capillare,<\/strong> in grado di raggiungere tutta la popolazione della fascia d\u2019et\u00e0 interessata.<\/p>\n<p>Oggi in Toscana si contano <strong>gi\u00e0 oltre 4milioni e 200mila vaccinazioni, tra prima e seconda dose.<\/strong><\/p>\n<p>L&#8217;accordo integrativo <em>\u201cva a suggellare la stretta collaborazione gi\u00e0 esistente tra le parti, finalizzata al raggiungimento del medesimo obiettivo: <strong>ottenere la pi\u00f9 elevata copertura vaccinale dei ragazzi in et\u00e0 pediatrica a tutela della loro salute e dei loro familiari,<\/strong> a maggior ragione in vista della riapertura delle scuole a settembre\u201d<\/em>, <strong>ha commentato l\u2019assessore regionale nel ringraziare i pediatri di famiglia.<\/strong><\/p>\n<p><em>\u201cL\u2019attivit\u00e0 del pediatra di famiglia \u00e8 fondamentale per favorire e incentivare l\u2019adesione alla vaccinazione di questa fascia d\u2019et\u00e0 &#8211;<strong> hanno sottolineato Valdo Flori e Silvia Petralli<\/strong> -. Grazie al rapporto di fiducia che li lega alle famiglie, potranno rassicurare i genitori sulla necessit\u00e0 di questa importante vaccinazione e rispondere a eventuali dubbi e interrogativi\u201d.<\/em><\/p>\n","protected":false},"excerpt":{"rendered":"<p>Dal 10 agosto i minori, dai 12 anni compiuti fino ai 16 anni, saranno vaccinati anche dai pediatri di famiglia<\/p>\n","protected":false},"author":525,"featured_media":185780,"comment_status":"open","ping_status":"open","sticky":false,"template":"","format":"standard","meta":{"_acf_changed":false,"footnotes":""},"categories":[494],"tags":[418,151,4700],"class_list":["post-185779","post","type-post","status-publish","format-standard","has-post-thumbnail","hentry","category-attualita","tag-covid-19","tag-regione-toscana","tag-vaccini"],"acf":[],"yoast_head":"<!-- This site is optimized with the Yoast SEO Premium plugin v24.2 (Yoast SEO v25.6) - https:\/\/yoast.com\/wordpress\/plugins\/seo\/ -->\n<title>Covid-19: la Regione Toscana fa un accordo con i pediatri per vaccinare i giovanissimi - intoscana<\/title>\n<meta name=\"description\" content=\"Dal 10 agosto i minori, dai 12 anni compiuti fino ai 16 anni, saranno vaccinati anche dai pediatri di famiglia\" \/>\n<meta name=\"robots\" content=\"index, follow, max-snippet:-1, max-image-preview:large, max-video-preview:-1\" \/>\n<link rel=\"canonical\" href=\"https:\/\/www.intoscana.it\/it\/covid-19-la-regione-toscana-fa-un-accordo-con-i-pediatri-per-vaccinare-i-giovanissimi\/\" \/>\n<meta property=\"og:locale\" content=\"it_IT\" \/>\n<meta property=\"og:type\" content=\"article\" \/>\n<meta property=\"og:title\" content=\"Covid-19: la Regione Toscana fa un accordo con i pediatri per vaccinare i giovanissimi\" \/>\n<meta property=\"og:description\" content=\"Dal 10 agosto i minori, dai 12 anni compiuti fino ai 16 anni, saranno vaccinati anche dai pediatri di famiglia\" \/>\n<meta property=\"og:url\" content=\"https:\/\/www.intoscana.it\/it\/covid-19-la-regione-toscana-fa-un-accordo-con-i-pediatri-per-vaccinare-i-giovanissimi\/\" \/>\n<meta property=\"og:site_name\" content=\"intoscana\" \/>\n<meta property=\"article:publisher\" content=\"https:\/\/www.facebook.com\/intoscana.it\" \/>\n<meta property=\"article:published_time\" content=\"2021-08-05T13:32:44+00:00\" \/>\n<meta property=\"og:image\" content=\"https:\/\/www.intoscana.it\/wp-content\/uploads\/Un-bambino-che-si-vaccina-scaled.jpg\" \/>\n\t<meta property=\"og:image:width\" content=\"2048\" \/>\n\t<meta property=\"og:image:height\" content=\"1365\" \/>\n\t<meta property=\"og:image:type\" content=\"image\/jpeg\" \/>\n<meta name=\"author\" content=\"Redazione\" \/>\n<meta name=\"twitter:card\" content=\"summary_large_image\" \/>\n<meta name=\"twitter:creator\" content=\"@intoscana\" \/>\n<meta name=\"twitter:site\" content=\"@intoscana\" \/>\n<meta name=\"twitter:label1\" content=\"Written by\" \/>\n\t<meta name=\"twitter:data1\" content=\"Redazione\" \/>\n\t<meta name=\"twitter:label2\" content=\"Est. reading time\" \/>\n\t<meta name=\"twitter:data2\" content=\"2 minuti\" \/>\n<script type=\"application\/ld+json\" class=\"yoast-schema-graph\">{\"@context\":\"https:\/\/schema.org\",\"@graph\":[{\"@type\":\"WebPage\",\"@id\":\"https:\/\/www.intoscana.it\/it\/covid-19-la-regione-toscana-fa-un-accordo-con-i-pediatri-per-vaccinare-i-giovanissimi\/\",\"url\":\"https:\/\/www.intoscana.it\/it\/covid-19-la-regione-toscana-fa-un-accordo-con-i-pediatri-per-vaccinare-i-giovanissimi\/\",\"name\":\"Covid-19: la Regione Toscana fa un accordo con i pediatri per vaccinare i giovanissimi - intoscana\",\"isPartOf\":{\"@id\":\"https:\/\/www.intoscana.it\/it\/#website\"},\"primaryImageOfPage\":{\"@id\":\"https:\/\/www.intoscana.it\/it\/covid-19-la-regione-toscana-fa-un-accordo-con-i-pediatri-per-vaccinare-i-giovanissimi\/#primaryimage\"},\"image\":{\"@id\":\"https:\/\/www.intoscana.it\/it\/covid-19-la-regione-toscana-fa-un-accordo-con-i-pediatri-per-vaccinare-i-giovanissimi\/#primaryimage\"},\"thumbnailUrl\":\"https:\/\/www.intoscana.it\/wp-content\/uploads\/Un-bambino-che-si-vaccina-scaled.jpg\",\"datePublished\":\"2021-08-05T13:32:44+00:00\",\"author\":{\"@id\":\"https:\/\/www.intoscana.it\/it\/#\/schema\/person\/9223810753230f20bd670fdd322661f8\"},\"description\":\"Dal 10 agosto i minori, dai 12 anni compiuti fino ai 16 anni, saranno vaccinati anche dai pediatri di famiglia\",\"breadcrumb\":{\"@id\":\"https:\/\/www.intoscana.it\/it\/covid-19-la-regione-toscana-fa-un-accordo-con-i-pediatri-per-vaccinare-i-giovanissimi\/#breadcrumb\"},\"inLanguage\":\"it-IT\",\"potentialAction\":[{\"@type\":\"ReadAction\",\"target\":[\"https:\/\/www.intoscana.it\/it\/covid-19-la-regione-toscana-fa-un-accordo-con-i-pediatri-per-vaccinare-i-giovanissimi\/\"]}]},{\"@type\":\"ImageObject\",\"inLanguage\":\"it-IT\",\"@id\":\"https:\/\/www.intoscana.it\/it\/covid-19-la-regione-toscana-fa-un-accordo-con-i-pediatri-per-vaccinare-i-giovanissimi\/#primaryimage\",\"url\":\"https:\/\/www.intoscana.it\/wp-content\/uploads\/Un-bambino-che-si-vaccina-scaled.jpg\",\"contentUrl\":\"https:\/\/www.intoscana.it\/wp-content\/uploads\/Un-bambino-che-si-vaccina-scaled.jpg\",\"width\":2048,\"height\":1365},{\"@type\":\"BreadcrumbList\",\"@id\":\"https:\/\/www.intoscana.it\/it\/covid-19-la-regione-toscana-fa-un-accordo-con-i-pediatri-per-vaccinare-i-giovanissimi\/#breadcrumb\",\"itemListElement\":[{\"@type\":\"ListItem\",\"position\":1,\"name\":\"Home\",\"item\":\"https:\/\/www.intoscana.it\/it\/\"},{\"@type\":\"ListItem\",\"position\":2,\"name\":\"Covid-19: la Regione Toscana fa un accordo con i pediatri per vaccinare i giovanissimi\"}]},{\"@type\":\"WebSite\",\"@id\":\"https:\/\/www.intoscana.it\/it\/#website\",\"url\":\"https:\/\/www.intoscana.it\/it\/\",\"name\":\"intoscana\",\"description\":\"\",\"potentialAction\":[{\"@type\":\"SearchAction\",\"target\":{\"@type\":\"EntryPoint\",\"urlTemplate\":\"https:\/\/www.intoscana.it\/it\/?s={search_term_string}\"},\"query-input\":{\"@type\":\"PropertyValueSpecification\",\"valueRequired\":true,\"valueName\":\"search_term_string\"}}],\"inLanguage\":\"it-IT\"},{\"@type\":\"Person\",\"@id\":\"https:\/\/www.intoscana.it\/it\/#\/schema\/person\/9223810753230f20bd670fdd322661f8\",\"name\":\"Redazione\",\"url\":\"https:\/\/www.intoscana.it\/it\/author\/redazione\/\"}]}<\/script>\n<!-- \/ Yoast SEO Premium plugin. -->","yoast_head_json":{"title":"Covid-19: la Regione Toscana fa un accordo con i pediatri per vaccinare i giovanissimi - intoscana","description":"Dal 10 agosto i minori, dai 12 anni compiuti fino ai 16 anni, saranno vaccinati anche dai pediatri di famiglia","robots":{"index":"index","follow":"follow","max-snippet":"max-snippet:-1","max-image-preview":"max-image-preview:large","max-video-preview":"max-video-preview:-1"},"canonical":"https:\/\/www.intoscana.it\/it\/covid-19-la-regione-toscana-fa-un-accordo-con-i-pediatri-per-vaccinare-i-giovanissimi\/","og_locale":"it_IT","og_type":"article","og_title":"Covid-19: la Regione Toscana fa un accordo con i pediatri per vaccinare i giovanissimi","og_description":"Dal 10 agosto i minori, dai 12 anni compiuti fino ai 16 anni, saranno vaccinati anche dai pediatri di famiglia","og_url":"https:\/\/www.intoscana.it\/it\/covid-19-la-regione-toscana-fa-un-accordo-con-i-pediatri-per-vaccinare-i-giovanissimi\/","og_site_name":"intoscana","article_publisher":"https:\/\/www.facebook.com\/intoscana.it","article_published_time":"2021-08-05T13:32:44+00:00","og_image":[{"width":2048,"height":1365,"url":"https:\/\/www.intoscana.it\/wp-content\/uploads\/Un-bambino-che-si-vaccina-scaled.jpg","type":"image\/jpeg"}],"author":"Redazione","twitter_card":"summary_large_image","twitter_creator":"@intoscana","twitter_site":"@intoscana","twitter_misc":{"Written by":"Redazione","Est. reading time":"2 minuti"},"schema":{"@context":"https:\/\/schema.org","@graph":[{"@type":"WebPage","@id":"https:\/\/www.intoscana.it\/it\/covid-19-la-regione-toscana-fa-un-accordo-con-i-pediatri-per-vaccinare-i-giovanissimi\/","url":"https:\/\/www.intoscana.it\/it\/covid-19-la-regione-toscana-fa-un-accordo-con-i-pediatri-per-vaccinare-i-giovanissimi\/","name":"Covid-19: la Regione Toscana fa un accordo con i pediatri per vaccinare i giovanissimi - intoscana","isPartOf":{"@id":"https:\/\/www.intoscana.it\/it\/#website"},"primaryImageOfPage":{"@id":"https:\/\/www.intoscana.it\/it\/covid-19-la-regione-toscana-fa-un-accordo-con-i-pediatri-per-vaccinare-i-giovanissimi\/#primaryimage"},"image":{"@id":"https:\/\/www.intoscana.it\/it\/covid-19-la-regione-toscana-fa-un-accordo-con-i-pediatri-per-vaccinare-i-giovanissimi\/#primaryimage"},"thumbnailUrl":"https:\/\/www.intoscana.it\/wp-content\/uploads\/Un-bambino-che-si-vaccina-scaled.jpg","datePublished":"2021-08-05T13:32:44+00:00","author":{"@id":"https:\/\/www.intoscana.it\/it\/#\/schema\/person\/9223810753230f20bd670fdd322661f8"},"description":"Dal 10 agosto i minori, dai 12 anni compiuti fino ai 16 anni, saranno vaccinati anche dai pediatri di famiglia","breadcrumb":{"@id":"https:\/\/www.intoscana.it\/it\/covid-19-la-regione-toscana-fa-un-accordo-con-i-pediatri-per-vaccinare-i-giovanissimi\/#breadcrumb"},"inLanguage":"it-IT","potentialAction":[{"@type":"ReadAction","target":["https:\/\/www.intoscana.it\/it\/covid-19-la-regione-toscana-fa-un-accordo-con-i-pediatri-per-vaccinare-i-giovanissimi\/"]}]},{"@type":"ImageObject","inLanguage":"it-IT","@id":"https:\/\/www.intoscana.it\/it\/covid-19-la-regione-toscana-fa-un-accordo-con-i-pediatri-per-vaccinare-i-giovanissimi\/#primaryimage","url":"https:\/\/www.intoscana.it\/wp-content\/uploads\/Un-bambino-che-si-vaccina-scaled.jpg","contentUrl":"https:\/\/www.intoscana.it\/wp-content\/uploads\/Un-bambino-che-si-vaccina-scaled.jpg","width":2048,"height":1365},{"@type":"BreadcrumbList","@id":"https:\/\/www.intoscana.it\/it\/covid-19-la-regione-toscana-fa-un-accordo-con-i-pediatri-per-vaccinare-i-giovanissimi\/#breadcrumb","itemListElement":[{"@type":"ListItem","position":1,"name":"Home","item":"https:\/\/www.intoscana.it\/it\/"},{"@type":"ListItem","position":2,"name":"Covid-19: la Regione Toscana fa un accordo con i pediatri per vaccinare i giovanissimi"}]},{"@type":"WebSite","@id":"https:\/\/www.intoscana.it\/it\/#website","url":"https:\/\/www.intoscana.it\/it\/","name":"intoscana","description":"","potentialAction":[{"@type":"SearchAction","target":{"@type":"EntryPoint","urlTemplate":"https:\/\/www.intoscana.it\/it\/?s={search_term_string}"},"query-input":{"@type":"PropertyValueSpecification","valueRequired":true,"valueName":"search_term_string"}}],"inLanguage":"it-IT"},{"@type":"Person","@id":"https:\/\/www.intoscana.it\/it\/#\/schema\/person\/9223810753230f20bd670fdd322661f8","name":"Redazione","url":"https:\/\/www.intoscana.it\/it\/author\/redazione\/"}]}},"_links":{"self":[{"href":"https:\/\/www.intoscana.it\/it\/wp-json\/wp\/v2\/posts\/185779","targetHints":{"allow":["GET"]}}],"collection":[{"href":"https:\/\/www.intoscana.it\/it\/wp-json\/wp\/v2\/posts"}],"about":[{"href":"https:\/\/www.intoscana.it\/it\/wp-json\/wp\/v2\/types\/post"}],"author":[{"embeddable":true,"href":"https:\/\/www.intoscana.it\/it\/wp-json\/wp\/v2\/users\/525"}],"replies":[{"embeddable":true,"href":"https:\/\/www.intoscana.it\/it\/wp-json\/wp\/v2\/comments?post=185779"}],"version-history":[{"count":0,"href":"https:\/\/www.intoscana.it\/it\/wp-json\/wp\/v2\/posts\/185779\/revisions"}],"wp:featuredmedia":[{"embeddable":true,"href":"https:\/\/www.intoscana.it\/it\/wp-json\/wp\/v2\/media\/185780"}],"wp:attachment":[{"href":"https:\/\/www.intoscana.it\/it\/wp-json\/wp\/v2\/media?parent=185779"}],"wp:term":[{"taxonomy":"category","embeddable":true,"href":"https:\/\/www.intoscana.it\/it\/wp-json\/wp\/v2\/categories?post=185779"},{"taxonomy":"post_tag","embeddable":true,"href":"https:\/\/www.intoscana.it\/it\/wp-json\/wp\/v2\/tags?post=185779"}],"curies":[{"name":"wp","href":"https:\/\/api.w.org\/{rel}","templated":true}]}}