{"id":185817,"date":"2021-08-06T08:45:43","date_gmt":"2021-08-06T06:45:43","guid":{"rendered":"https:\/\/www.intoscana.it\/it\/?p=185817"},"modified":"2021-08-06T08:45:43","modified_gmt":"2021-08-06T06:45:43","slug":"accordo-tra-regione-e-medici-per-implementare-lassistenza-sanitaria-territoriale","status":"publish","type":"post","link":"https:\/\/www.intoscana.it\/it\/accordo-tra-regione-e-medici-per-implementare-lassistenza-sanitaria-territoriale\/","title":{"rendered":"Accordo tra Regione e medici per implementare l&#8217;assistenza sanitaria territoriale"},"content":{"rendered":"<p><strong>Implementare l&#8217;assistenza sanitaria territoriale<\/strong> cogliendo le opportunit\u00e0 del <strong>Recovery Fund e del Pnrr (Piano Nazionale di Ripresa e Resilienza)<\/strong> che assegna alle Regioni <strong>finanziamenti per gli investimenti sul territorio.<\/strong><\/p>\n<p>Questo \u00e8 l&#8217;obiettivo dell&#8217;a<strong>ccordo tra la Regione Toscana e le organizzazioni sindacali della medicina generale<\/strong> nella &#8216;premessa all&#8217;intesa sugli obiettivi programmatici in vista del nuovo accordo integrativo regionale di medicina generale&#8217;.<\/p>\n<p><strong>Regione e medici hanno deciso di concordare gli elementi strategici<\/strong> per un<strong> rinnovamento dei servizi sanitari<\/strong> e in particolare dell&#8217;assistenza socio-sanitaria a livello territoriale che<strong> metta al centro la cronicit\u00e0 e la fragilit\u00e0.<\/strong><\/p>\n<p><strong>Per il presidente della Regione Toscana Eugenio Giani:<\/strong>\u00a0&#8220;<em>Ci attende una grande sfida con gli obiettivi indicati dal Pnrr, che \u00e8 un&#8217;importante opportunit\u00e0 per costruire nuovi modelli organizzativi della nostra sanit\u00e0 territoriale sempre pi\u00f9 integrati con quelli ospedalieri, in grado di fare un passo in avanti anche sul fronte della digitalizzazione dei servizi&#8221;.<\/em><\/p>\n<p><em><strong>\u201cSe in Toscana abbiamo raggiunto una percentuale di vaccinati cos\u00ec elevata<\/strong> nell\u2019ambito delle categorie pi\u00f9 fragili come gli over 80, <strong>lo dobbiamo alla scelta vincente della strettissima collaborazione con i medici di medicina generale<\/strong>, che ringrazio del lavoro che hanno svolto anche da un punto di vista umano &#8211;<\/em><strong> ha proseguito il presidente <\/strong><em>&#8211; <strong>. Il loro ruolo \u00e8 stato fondamentale per la fiducia che i propri assistiti ripongono in loro<\/strong>. La sinergia che \u00e8 venuta a crearsi, in uno dei momenti tra i pi\u00f9 complessi che abbiamo vissuto a causa dell\u2019emergenza sanitaria, consentir\u00e0, attraverso il Recovery Fund, una serie di attivit\u00e0, servizi e progetti innovativi anche nell\u2019ambito della medicina di prossimit\u00e0\u201d.<\/em><\/p>\n<p><em>&#8220;Il sistema sanitario si trova in un momento di svolta<\/em> &#8211; <strong>ha spiegato l&#8217;assessore al diritto alla salute Simone Bezzini<\/strong> &#8211; <em>tra emergenza pandemica e novit\u00e0 introdotte dal Pnrr, che oltre ad offrire opportunit\u00e0 finanziarie delinea un nuovo modello di assistenza territoriale. In Toscana l&#8217;obiettivo \u00e8 realizzare 80 case di comunit\u00e0, una sorta di evoluzione delle nostre case della salute, 37 centrali operative territoriali e 24 ospedali di comunit\u00e0. In questo quadro, il medico di medicina generale riveste un ruolo chiave&#8221;.<\/em><\/p>\n<p><em>&#8220;Con questa premessa all&#8217;intesa &#8211;<\/em><strong> hanno<\/strong>\u00a0<strong>affermato Alessio Nastruzzi, segretario regionale della Fimmg, Alessio Lambardi, presidente di Snami, e Nicola Marini, segretario regionale Smi &#8211;<\/strong><em> intendiamo partecipare, insieme alla Regione, ai progetti indicati dal Pnrr e definire i contenuti contrattuali in vista del nuovo accordo integrativo regionale della medicina generale, partendo dalle carenze che si sono evidenziate durante la pandemia in ambito assistenziale&#8221;.\u00a0<\/em><\/p>\n","protected":false},"excerpt":{"rendered":"<p>Eugenio Giani:\u00a0&#8220;Ci attende una grande sfida con gli obiettivi indicati dal Pnrr, che \u00e8 un&#8217;importante opportunit\u00e0 per costruire nuovi modelli organizzativi della nostra sanit\u00e0 territoriale&#8221;<\/p>\n","protected":false},"author":525,"featured_media":160931,"comment_status":"open","ping_status":"open","sticky":false,"template":"","format":"standard","meta":{"_acf_changed":false,"footnotes":""},"categories":[494],"tags":[418,158,151,134],"class_list":["post-185817","post","type-post","status-publish","format-standard","has-post-thumbnail","hentry","category-attualita","tag-covid-19","tag-eugenio-giani","tag-regione-toscana","tag-salute"],"acf":[],"yoast_head":"<!-- This site is optimized with the Yoast SEO Premium plugin v24.2 (Yoast SEO v25.6) - https:\/\/yoast.com\/wordpress\/plugins\/seo\/ -->\n<title>Accordo tra Regione e medici per implementare l&#039;assistenza sanitaria territoriale - intoscana<\/title>\n<meta name=\"description\" content=\"Per il presidente della Regione Toscana Eugenio Giani:\u00a0&quot;Ci attende una grande sfida con gli obiettivi indicati dal Pnrr&quot;\" \/>\n<meta name=\"robots\" content=\"index, follow, max-snippet:-1, max-image-preview:large, max-video-preview:-1\" \/>\n<link rel=\"canonical\" href=\"https:\/\/www.intoscana.it\/it\/accordo-tra-regione-e-medici-per-implementare-lassistenza-sanitaria-territoriale\/\" \/>\n<meta property=\"og:locale\" content=\"it_IT\" \/>\n<meta property=\"og:type\" content=\"article\" \/>\n<meta property=\"og:title\" content=\"Accordo tra Regione e medici per implementare l&#039;assistenza sanitaria territoriale\" \/>\n<meta property=\"og:description\" content=\"Per il presidente della Regione Toscana Eugenio Giani:\u00a0&quot;Ci attende una grande sfida con gli obiettivi indicati dal Pnrr&quot;\" \/>\n<meta property=\"og:url\" content=\"https:\/\/www.intoscana.it\/it\/accordo-tra-regione-e-medici-per-implementare-lassistenza-sanitaria-territoriale\/\" \/>\n<meta property=\"og:site_name\" content=\"intoscana\" \/>\n<meta property=\"article:publisher\" content=\"https:\/\/www.facebook.com\/intoscana.it\" \/>\n<meta property=\"article:published_time\" content=\"2021-08-06T06:45:43+00:00\" \/>\n<meta property=\"og:image\" content=\"https:\/\/www.intoscana.it\/wp-content\/uploads\/Eugenio-Giani.jpeg\" \/>\n\t<meta property=\"og:image:width\" content=\"1835\" \/>\n\t<meta property=\"og:image:height\" content=\"1086\" \/>\n\t<meta property=\"og:image:type\" content=\"image\/jpeg\" \/>\n<meta name=\"author\" content=\"Redazione\" \/>\n<meta name=\"twitter:card\" content=\"summary_large_image\" \/>\n<meta name=\"twitter:creator\" content=\"@intoscana\" \/>\n<meta name=\"twitter:site\" content=\"@intoscana\" \/>\n<meta name=\"twitter:label1\" content=\"Written by\" \/>\n\t<meta name=\"twitter:data1\" content=\"Redazione\" \/>\n\t<meta name=\"twitter:label2\" content=\"Est. reading time\" \/>\n\t<meta name=\"twitter:data2\" content=\"2 minuti\" \/>\n<script type=\"application\/ld+json\" class=\"yoast-schema-graph\">{\"@context\":\"https:\/\/schema.org\",\"@graph\":[{\"@type\":\"WebPage\",\"@id\":\"https:\/\/www.intoscana.it\/it\/accordo-tra-regione-e-medici-per-implementare-lassistenza-sanitaria-territoriale\/\",\"url\":\"https:\/\/www.intoscana.it\/it\/accordo-tra-regione-e-medici-per-implementare-lassistenza-sanitaria-territoriale\/\",\"name\":\"Accordo tra Regione e medici per implementare l'assistenza sanitaria territoriale - intoscana\",\"isPartOf\":{\"@id\":\"https:\/\/www.intoscana.it\/it\/#website\"},\"primaryImageOfPage\":{\"@id\":\"https:\/\/www.intoscana.it\/it\/accordo-tra-regione-e-medici-per-implementare-lassistenza-sanitaria-territoriale\/#primaryimage\"},\"image\":{\"@id\":\"https:\/\/www.intoscana.it\/it\/accordo-tra-regione-e-medici-per-implementare-lassistenza-sanitaria-territoriale\/#primaryimage\"},\"thumbnailUrl\":\"https:\/\/www.intoscana.it\/wp-content\/uploads\/Eugenio-Giani.jpeg\",\"datePublished\":\"2021-08-06T06:45:43+00:00\",\"author\":{\"@id\":\"https:\/\/www.intoscana.it\/it\/#\/schema\/person\/9223810753230f20bd670fdd322661f8\"},\"description\":\"Per il presidente della Regione Toscana Eugenio Giani:\u00a0\\\"Ci attende una grande sfida con gli obiettivi indicati dal Pnrr\\\"\",\"breadcrumb\":{\"@id\":\"https:\/\/www.intoscana.it\/it\/accordo-tra-regione-e-medici-per-implementare-lassistenza-sanitaria-territoriale\/#breadcrumb\"},\"inLanguage\":\"it-IT\",\"potentialAction\":[{\"@type\":\"ReadAction\",\"target\":[\"https:\/\/www.intoscana.it\/it\/accordo-tra-regione-e-medici-per-implementare-lassistenza-sanitaria-territoriale\/\"]}]},{\"@type\":\"ImageObject\",\"inLanguage\":\"it-IT\",\"@id\":\"https:\/\/www.intoscana.it\/it\/accordo-tra-regione-e-medici-per-implementare-lassistenza-sanitaria-territoriale\/#primaryimage\",\"url\":\"https:\/\/www.intoscana.it\/wp-content\/uploads\/Eugenio-Giani.jpeg\",\"contentUrl\":\"https:\/\/www.intoscana.it\/wp-content\/uploads\/Eugenio-Giani.jpeg\",\"width\":1835,\"height\":1086},{\"@type\":\"BreadcrumbList\",\"@id\":\"https:\/\/www.intoscana.it\/it\/accordo-tra-regione-e-medici-per-implementare-lassistenza-sanitaria-territoriale\/#breadcrumb\",\"itemListElement\":[{\"@type\":\"ListItem\",\"position\":1,\"name\":\"Home\",\"item\":\"https:\/\/www.intoscana.it\/it\/\"},{\"@type\":\"ListItem\",\"position\":2,\"name\":\"Accordo tra Regione e medici per implementare l&#8217;assistenza sanitaria territoriale\"}]},{\"@type\":\"WebSite\",\"@id\":\"https:\/\/www.intoscana.it\/it\/#website\",\"url\":\"https:\/\/www.intoscana.it\/it\/\",\"name\":\"intoscana\",\"description\":\"\",\"potentialAction\":[{\"@type\":\"SearchAction\",\"target\":{\"@type\":\"EntryPoint\",\"urlTemplate\":\"https:\/\/www.intoscana.it\/it\/?s={search_term_string}\"},\"query-input\":{\"@type\":\"PropertyValueSpecification\",\"valueRequired\":true,\"valueName\":\"search_term_string\"}}],\"inLanguage\":\"it-IT\"},{\"@type\":\"Person\",\"@id\":\"https:\/\/www.intoscana.it\/it\/#\/schema\/person\/9223810753230f20bd670fdd322661f8\",\"name\":\"Redazione\",\"url\":\"https:\/\/www.intoscana.it\/it\/author\/redazione\/\"}]}<\/script>\n<!-- \/ Yoast SEO Premium plugin. -->","yoast_head_json":{"title":"Accordo tra Regione e medici per implementare l'assistenza sanitaria territoriale - intoscana","description":"Per il presidente della Regione Toscana Eugenio Giani:\u00a0\"Ci attende una grande sfida con gli obiettivi indicati dal Pnrr\"","robots":{"index":"index","follow":"follow","max-snippet":"max-snippet:-1","max-image-preview":"max-image-preview:large","max-video-preview":"max-video-preview:-1"},"canonical":"https:\/\/www.intoscana.it\/it\/accordo-tra-regione-e-medici-per-implementare-lassistenza-sanitaria-territoriale\/","og_locale":"it_IT","og_type":"article","og_title":"Accordo tra Regione e medici per implementare l'assistenza sanitaria territoriale","og_description":"Per il presidente della Regione Toscana Eugenio Giani:\u00a0\"Ci attende una grande sfida con gli obiettivi indicati dal Pnrr\"","og_url":"https:\/\/www.intoscana.it\/it\/accordo-tra-regione-e-medici-per-implementare-lassistenza-sanitaria-territoriale\/","og_site_name":"intoscana","article_publisher":"https:\/\/www.facebook.com\/intoscana.it","article_published_time":"2021-08-06T06:45:43+00:00","og_image":[{"width":1835,"height":1086,"url":"https:\/\/www.intoscana.it\/wp-content\/uploads\/Eugenio-Giani.jpeg","type":"image\/jpeg"}],"author":"Redazione","twitter_card":"summary_large_image","twitter_creator":"@intoscana","twitter_site":"@intoscana","twitter_misc":{"Written by":"Redazione","Est. reading time":"2 minuti"},"schema":{"@context":"https:\/\/schema.org","@graph":[{"@type":"WebPage","@id":"https:\/\/www.intoscana.it\/it\/accordo-tra-regione-e-medici-per-implementare-lassistenza-sanitaria-territoriale\/","url":"https:\/\/www.intoscana.it\/it\/accordo-tra-regione-e-medici-per-implementare-lassistenza-sanitaria-territoriale\/","name":"Accordo tra Regione e medici per implementare l'assistenza sanitaria territoriale - intoscana","isPartOf":{"@id":"https:\/\/www.intoscana.it\/it\/#website"},"primaryImageOfPage":{"@id":"https:\/\/www.intoscana.it\/it\/accordo-tra-regione-e-medici-per-implementare-lassistenza-sanitaria-territoriale\/#primaryimage"},"image":{"@id":"https:\/\/www.intoscana.it\/it\/accordo-tra-regione-e-medici-per-implementare-lassistenza-sanitaria-territoriale\/#primaryimage"},"thumbnailUrl":"https:\/\/www.intoscana.it\/wp-content\/uploads\/Eugenio-Giani.jpeg","datePublished":"2021-08-06T06:45:43+00:00","author":{"@id":"https:\/\/www.intoscana.it\/it\/#\/schema\/person\/9223810753230f20bd670fdd322661f8"},"description":"Per il presidente della Regione Toscana Eugenio Giani:\u00a0\"Ci attende una grande sfida con gli obiettivi indicati dal Pnrr\"","breadcrumb":{"@id":"https:\/\/www.intoscana.it\/it\/accordo-tra-regione-e-medici-per-implementare-lassistenza-sanitaria-territoriale\/#breadcrumb"},"inLanguage":"it-IT","potentialAction":[{"@type":"ReadAction","target":["https:\/\/www.intoscana.it\/it\/accordo-tra-regione-e-medici-per-implementare-lassistenza-sanitaria-territoriale\/"]}]},{"@type":"ImageObject","inLanguage":"it-IT","@id":"https:\/\/www.intoscana.it\/it\/accordo-tra-regione-e-medici-per-implementare-lassistenza-sanitaria-territoriale\/#primaryimage","url":"https:\/\/www.intoscana.it\/wp-content\/uploads\/Eugenio-Giani.jpeg","contentUrl":"https:\/\/www.intoscana.it\/wp-content\/uploads\/Eugenio-Giani.jpeg","width":1835,"height":1086},{"@type":"BreadcrumbList","@id":"https:\/\/www.intoscana.it\/it\/accordo-tra-regione-e-medici-per-implementare-lassistenza-sanitaria-territoriale\/#breadcrumb","itemListElement":[{"@type":"ListItem","position":1,"name":"Home","item":"https:\/\/www.intoscana.it\/it\/"},{"@type":"ListItem","position":2,"name":"Accordo tra Regione e medici per implementare l&#8217;assistenza sanitaria territoriale"}]},{"@type":"WebSite","@id":"https:\/\/www.intoscana.it\/it\/#website","url":"https:\/\/www.intoscana.it\/it\/","name":"intoscana","description":"","potentialAction":[{"@type":"SearchAction","target":{"@type":"EntryPoint","urlTemplate":"https:\/\/www.intoscana.it\/it\/?s={search_term_string}"},"query-input":{"@type":"PropertyValueSpecification","valueRequired":true,"valueName":"search_term_string"}}],"inLanguage":"it-IT"},{"@type":"Person","@id":"https:\/\/www.intoscana.it\/it\/#\/schema\/person\/9223810753230f20bd670fdd322661f8","name":"Redazione","url":"https:\/\/www.intoscana.it\/it\/author\/redazione\/"}]}},"_links":{"self":[{"href":"https:\/\/www.intoscana.it\/it\/wp-json\/wp\/v2\/posts\/185817","targetHints":{"allow":["GET"]}}],"collection":[{"href":"https:\/\/www.intoscana.it\/it\/wp-json\/wp\/v2\/posts"}],"about":[{"href":"https:\/\/www.intoscana.it\/it\/wp-json\/wp\/v2\/types\/post"}],"author":[{"embeddable":true,"href":"https:\/\/www.intoscana.it\/it\/wp-json\/wp\/v2\/users\/525"}],"replies":[{"embeddable":true,"href":"https:\/\/www.intoscana.it\/it\/wp-json\/wp\/v2\/comments?post=185817"}],"version-history":[{"count":0,"href":"https:\/\/www.intoscana.it\/it\/wp-json\/wp\/v2\/posts\/185817\/revisions"}],"wp:featuredmedia":[{"embeddable":true,"href":"https:\/\/www.intoscana.it\/it\/wp-json\/wp\/v2\/media\/160931"}],"wp:attachment":[{"href":"https:\/\/www.intoscana.it\/it\/wp-json\/wp\/v2\/media?parent=185817"}],"wp:term":[{"taxonomy":"category","embeddable":true,"href":"https:\/\/www.intoscana.it\/it\/wp-json\/wp\/v2\/categories?post=185817"},{"taxonomy":"post_tag","embeddable":true,"href":"https:\/\/www.intoscana.it\/it\/wp-json\/wp\/v2\/tags?post=185817"}],"curies":[{"name":"wp","href":"https:\/\/api.w.org\/{rel}","templated":true}]}}