{"id":186320,"date":"2021-08-12T09:52:53","date_gmt":"2021-08-12T07:52:53","guid":{"rendered":"https:\/\/www.intoscana.it\/it\/?p=186320"},"modified":"2021-08-12T09:52:53","modified_gmt":"2021-08-12T07:52:53","slug":"festambiente-resiste-e-torna-in-maremma-eventi-e-musica-nel-villaggio-ecologico-di-rispescia","status":"publish","type":"post","link":"https:\/\/www.intoscana.it\/it\/festambiente-resiste-e-torna-in-maremma-eventi-e-musica-nel-villaggio-ecologico-di-rispescia\/","title":{"rendered":"FestAmbiente resiste e torna in Maremma: eventi e musica nel villaggio ecologico di Rispescia"},"content":{"rendered":"<p class=\"p2\">Ingressi contingentati e gratuiti e si entra solo se si ha il green pass. Ancora un\u2019edizione a numeri ridotti per <strong>FestAmbiente<\/strong>, causa pandemia, ma di certo le iniziative e le attivit\u00e0 non mancano. <mark><\/mark>Dal 18 al 22 agosto a Rispescia, in provincia di Grosseto,\u00a0 torna la manifestazione nazionale organizzata da <strong>Legambiente<\/strong> che porta in Maremma il dibattito nazionale sulla transizione ecologica (tema centrale di quest\u2019anno) e sui cambiamenti climatici.<\/p>\n<p class=\"p2\">Mancher\u00e0 il palco grande dei concerti, ma la musica risuoner\u00e0 comunque nel grande eco-villaggio che quest\u2019anno punta, come dicono gli organizzatori, ad arrivare a un riciclo di ben il 90%. La manifestazione \u00e8 stata presentata in Regione, con il presidente <strong>Eugenio Giani<\/strong>, che ha voluto ribadire il forte legame che lega la Toscana all\u2019associazione. <em>&#8220;Il rapporto che abbiamo con Legambiente \u00e8 molto stretto perch\u00e9 abbiamo una mission comune: educare a una visione di rispetto ambientale. E questo \u00e8 il motivo del protocollo d&#8217;intesa che abbiamo sottoscritto con loro e che si articola su tre punti: il sostegno regionale per valorizzare la festa nazionale che ogni anno si tiene a Rispescia; l&#8217;organizzazione della giornata &#8220;Puliamo il mondo&#8221;, a fine settembre, e &#8220;Goletta verde&#8217;, con la quale verificheremo lo stato delle nostre coste, iniziativa che deve rappresentare uno stimolo per tutti per migliorare&#8221;<\/em>. In particolare per <strong>&#8220;Puliamo il mondo&#8221;<\/strong>, il presidente Giani ha un obiettivo: <em>&#8220;Ambisco a coinvolgere tutti i sindaci per far s\u00ec che la Toscana possa arrivare al vertice in Italia per raccolta e recupero della plastica&#8221;<\/em>.<\/p>\n<h3><em>Il programma della Festa<\/em><\/h3>\n<p class=\"p2\">Ci sono anche quattro ministri tra gli ospiti dalla 33esima edizione di FestAmbiente. A inaugurarla, il 18 agosto, saranno <strong>Enrico Giovannini<\/strong>, ministro delle Infrastrutture e dei trasporti, e <strong>Roberto Cingolani<\/strong>, ministro della Transizione ecologica. Seguiranno <strong>Andrea Orlando<\/strong>, ministro del Lavoro (19 agosto), e <strong>Stefano Patuanelli<\/strong>, ministro delle Politiche agricole (21 agosto). Tra gli altri partecipanti <strong>Luigi Ciotti<\/strong>, presidente di Libera (19 agosto) e lo scrittore e giurista <strong>Giovanni Maria Flick<\/strong>.<\/p>\n<p class=\"p2\">Tornano anche l\u2019area dedicata a ragazzi e famiglie, lo sport, l\u2019eco-piscina, il kayak, il sup, il mini-golf, il basket, il calcetto, le escursioni, i laboratori scientifici all\u2019insegna dell\u2019ecologia e dell\u2019innovazione tecnologica, l\u2019educazione ambientale e naturalistica e giochi all\u2019aria aperta. Non mancheranno, poi, l\u2019ecomercato e la ristorazione con piatti tipici e biologici<\/p>\n<p class=\"p2\">Ricco anche l&#8217;appuntamento con il <em>Clorofilla film festival<\/em> e quello del suggestivo spazio \u201cTramonti nell\u2019uliveto. Tra le novit\u00e0, l&#8217;appuntamento quotidiano alle 22.30 con la proiezione, in virtual reality, di Segnale d\u2019allarme di Elio Germano e Omar Rashid.<\/p>\n<figure id=\"post-186323 media-186323\" class=\"align-none\"><img decoding=\"async\" src=\"https:\/\/www.intoscana.it\/wp-content\/uploads\/giani-festambiente.jpeg\" alt=\"\" \/><\/figure>\n<div class=\"titleimg\" style=\"text-align: center;\"><em>Il presidente Giani alla presentazione di FestAmbiente con, da sinistra, Angelo Gentili e Fausto Ferruzza<\/em><\/div>\n<p class=\"p2\">Il tema centrale dell&#8217;edizione 2021 di FestAmbiente che render\u00e0 la Maremma capitale dell&#8217;ecologia per cinque giorni sar\u00e0 dunque la <strong>transizione ecologica<\/strong>,\u00a0 <em>&#8220;quanto mai necessaria per fronteggiare la crisi climatica. Non solo: al centro anche il Pnrr del quale come associazione ecologista abbiamo evidenziato le criticit\u00e0&#8221;<\/em>, ha dichiarato Angelo Gentili, organizzatore del festival e membro della segreteria nazionale di Legambiente . <em>&#8220;La Toscana ancora una volta si fa avanguardia del miglior dibattito culturale e politico sul futuro del nostro Paese<\/em> &#8211;\u00a0 ha aggiunto Fausto Ferruzza, presidente di Legambiente Toscana &#8211; <em>Ci accingiamo ad avviare un biennio di collaborazione con la Toscana. Non in tutte le regioni abbiamo un legame cos\u00ec stretto e che va avanti ormai da 15 anni. Un rapporto non banale e scontato, ma che per noi significa anche pungolo, per aiutarci entrambi a migliorare&#8221;<\/em>.<\/p>\n<p>Il programma completo \u00e8 consultabile sul <a href=\"https:\/\/www.festambiente.it\/\">sito della manifestazione<\/a>.<\/p>\n<p class=\"p2\">\n","protected":false},"excerpt":{"rendered":"<p>Dal 18 al 22 agosto: presenti quattro ministri e tanti ospiti per affrontare i temi della transizione ecologica e dei cambiamenti climatici. Poi band, cinema e attivit\u00e0 per famiglie. Si entra solo con il green pass<\/p>\n","protected":false},"author":545,"featured_media":36259,"comment_status":"open","ping_status":"open","sticky":false,"template":"","format":"standard","meta":{"_acf_changed":false,"footnotes":""},"categories":[19],"tags":[158,354,396],"class_list":["post-186320","post","type-post","status-publish","format-standard","has-post-thumbnail","hentry","category-ambiente","tag-eugenio-giani","tag-legambiente","tag-maremma"],"acf":[],"yoast_head":"<!-- This site is optimized with the Yoast SEO Premium plugin v24.2 (Yoast SEO v25.6) - https:\/\/yoast.com\/wordpress\/plugins\/seo\/ -->\n<title>FestAmbiente resiste e torna in Maremma: eventi e musica nel villaggio ecologico di Rispescia - intoscana<\/title>\n<meta name=\"description\" content=\"Dal 18 al 22 agosto: presenti quattro ministri e tanti ospiti per affrontare i temi della transizione ecologica e dei cambiamenti climatici. Poi band, cinema e attivit\u00e0 per famiglie. Si entra solo con il green pass\" \/>\n<meta name=\"robots\" content=\"index, follow, max-snippet:-1, max-image-preview:large, max-video-preview:-1\" \/>\n<link rel=\"canonical\" href=\"https:\/\/www.intoscana.it\/it\/festambiente-resiste-e-torna-in-maremma-eventi-e-musica-nel-villaggio-ecologico-di-rispescia\/\" \/>\n<meta property=\"og:locale\" content=\"it_IT\" \/>\n<meta property=\"og:type\" content=\"article\" \/>\n<meta property=\"og:title\" content=\"FestAmbiente resiste e torna in Maremma: eventi e musica nel villaggio ecologico di Rispescia\" \/>\n<meta property=\"og:description\" content=\"Dal 18 al 22 agosto: presenti quattro ministri e tanti ospiti per affrontare i temi della transizione ecologica e dei cambiamenti climatici. Poi band, cinema e attivit\u00e0 per famiglie. Si entra solo con il green pass\" \/>\n<meta property=\"og:url\" content=\"https:\/\/www.intoscana.it\/it\/festambiente-resiste-e-torna-in-maremma-eventi-e-musica-nel-villaggio-ecologico-di-rispescia\/\" \/>\n<meta property=\"og:site_name\" content=\"intoscana\" \/>\n<meta property=\"article:publisher\" content=\"https:\/\/www.facebook.com\/intoscana.it\" \/>\n<meta property=\"article:published_time\" content=\"2021-08-12T07:52:53+00:00\" \/>\n<meta property=\"og:image\" content=\"https:\/\/www.intoscana.it\/wp-content\/uploads\/Festambiente-teatro-bambini.jpg\" \/>\n\t<meta property=\"og:image:width\" content=\"900\" \/>\n\t<meta property=\"og:image:height\" content=\"553\" \/>\n\t<meta property=\"og:image:type\" content=\"image\/jpeg\" \/>\n<meta name=\"author\" content=\"Clara D&#039;Acunto\" \/>\n<meta name=\"twitter:card\" content=\"summary_large_image\" \/>\n<meta name=\"twitter:creator\" content=\"@intoscana\" \/>\n<meta name=\"twitter:site\" content=\"@intoscana\" \/>\n<meta name=\"twitter:label1\" content=\"Written by\" \/>\n\t<meta name=\"twitter:data1\" content=\"Clara D&#039;Acunto\" \/>\n\t<meta name=\"twitter:label2\" content=\"Est. reading time\" \/>\n\t<meta name=\"twitter:data2\" content=\"3 minuti\" \/>\n<script type=\"application\/ld+json\" class=\"yoast-schema-graph\">{\"@context\":\"https:\/\/schema.org\",\"@graph\":[{\"@type\":\"WebPage\",\"@id\":\"https:\/\/www.intoscana.it\/it\/festambiente-resiste-e-torna-in-maremma-eventi-e-musica-nel-villaggio-ecologico-di-rispescia\/\",\"url\":\"https:\/\/www.intoscana.it\/it\/festambiente-resiste-e-torna-in-maremma-eventi-e-musica-nel-villaggio-ecologico-di-rispescia\/\",\"name\":\"FestAmbiente resiste e torna in Maremma: eventi e musica nel villaggio ecologico di Rispescia - intoscana\",\"isPartOf\":{\"@id\":\"https:\/\/www.intoscana.it\/it\/#website\"},\"primaryImageOfPage\":{\"@id\":\"https:\/\/www.intoscana.it\/it\/festambiente-resiste-e-torna-in-maremma-eventi-e-musica-nel-villaggio-ecologico-di-rispescia\/#primaryimage\"},\"image\":{\"@id\":\"https:\/\/www.intoscana.it\/it\/festambiente-resiste-e-torna-in-maremma-eventi-e-musica-nel-villaggio-ecologico-di-rispescia\/#primaryimage\"},\"thumbnailUrl\":\"https:\/\/www.intoscana.it\/wp-content\/uploads\/Festambiente-teatro-bambini.jpg\",\"datePublished\":\"2021-08-12T07:52:53+00:00\",\"author\":{\"@id\":\"https:\/\/www.intoscana.it\/it\/#\/schema\/person\/137419af9ef5d385bde52864a841e6ce\"},\"description\":\"Dal 18 al 22 agosto: presenti quattro ministri e tanti ospiti per affrontare i temi della transizione ecologica e dei cambiamenti climatici. Poi band, cinema e attivit\u00e0 per famiglie. Si entra solo con il green pass\",\"breadcrumb\":{\"@id\":\"https:\/\/www.intoscana.it\/it\/festambiente-resiste-e-torna-in-maremma-eventi-e-musica-nel-villaggio-ecologico-di-rispescia\/#breadcrumb\"},\"inLanguage\":\"it-IT\",\"potentialAction\":[{\"@type\":\"ReadAction\",\"target\":[\"https:\/\/www.intoscana.it\/it\/festambiente-resiste-e-torna-in-maremma-eventi-e-musica-nel-villaggio-ecologico-di-rispescia\/\"]}]},{\"@type\":\"ImageObject\",\"inLanguage\":\"it-IT\",\"@id\":\"https:\/\/www.intoscana.it\/it\/festambiente-resiste-e-torna-in-maremma-eventi-e-musica-nel-villaggio-ecologico-di-rispescia\/#primaryimage\",\"url\":\"https:\/\/www.intoscana.it\/wp-content\/uploads\/Festambiente-teatro-bambini.jpg\",\"contentUrl\":\"https:\/\/www.intoscana.it\/wp-content\/uploads\/Festambiente-teatro-bambini.jpg\",\"width\":900,\"height\":553},{\"@type\":\"BreadcrumbList\",\"@id\":\"https:\/\/www.intoscana.it\/it\/festambiente-resiste-e-torna-in-maremma-eventi-e-musica-nel-villaggio-ecologico-di-rispescia\/#breadcrumb\",\"itemListElement\":[{\"@type\":\"ListItem\",\"position\":1,\"name\":\"Home\",\"item\":\"https:\/\/www.intoscana.it\/it\/\"},{\"@type\":\"ListItem\",\"position\":2,\"name\":\"FestAmbiente resiste e torna in Maremma: eventi e musica nel villaggio ecologico di Rispescia\"}]},{\"@type\":\"WebSite\",\"@id\":\"https:\/\/www.intoscana.it\/it\/#website\",\"url\":\"https:\/\/www.intoscana.it\/it\/\",\"name\":\"intoscana\",\"description\":\"\",\"potentialAction\":[{\"@type\":\"SearchAction\",\"target\":{\"@type\":\"EntryPoint\",\"urlTemplate\":\"https:\/\/www.intoscana.it\/it\/?s={search_term_string}\"},\"query-input\":{\"@type\":\"PropertyValueSpecification\",\"valueRequired\":true,\"valueName\":\"search_term_string\"}}],\"inLanguage\":\"it-IT\"},{\"@type\":\"Person\",\"@id\":\"https:\/\/www.intoscana.it\/it\/#\/schema\/person\/137419af9ef5d385bde52864a841e6ce\",\"name\":\"Clara D'Acunto\",\"url\":\"https:\/\/www.intoscana.it\/it\/author\/clara-d_acunto\/\"}]}<\/script>\n<!-- \/ Yoast SEO Premium plugin. -->","yoast_head_json":{"title":"FestAmbiente resiste e torna in Maremma: eventi e musica nel villaggio ecologico di Rispescia - intoscana","description":"Dal 18 al 22 agosto: presenti quattro ministri e tanti ospiti per affrontare i temi della transizione ecologica e dei cambiamenti climatici. Poi band, cinema e attivit\u00e0 per famiglie. Si entra solo con il green pass","robots":{"index":"index","follow":"follow","max-snippet":"max-snippet:-1","max-image-preview":"max-image-preview:large","max-video-preview":"max-video-preview:-1"},"canonical":"https:\/\/www.intoscana.it\/it\/festambiente-resiste-e-torna-in-maremma-eventi-e-musica-nel-villaggio-ecologico-di-rispescia\/","og_locale":"it_IT","og_type":"article","og_title":"FestAmbiente resiste e torna in Maremma: eventi e musica nel villaggio ecologico di Rispescia","og_description":"Dal 18 al 22 agosto: presenti quattro ministri e tanti ospiti per affrontare i temi della transizione ecologica e dei cambiamenti climatici. Poi band, cinema e attivit\u00e0 per famiglie. Si entra solo con il green pass","og_url":"https:\/\/www.intoscana.it\/it\/festambiente-resiste-e-torna-in-maremma-eventi-e-musica-nel-villaggio-ecologico-di-rispescia\/","og_site_name":"intoscana","article_publisher":"https:\/\/www.facebook.com\/intoscana.it","article_published_time":"2021-08-12T07:52:53+00:00","og_image":[{"width":900,"height":553,"url":"https:\/\/www.intoscana.it\/wp-content\/uploads\/Festambiente-teatro-bambini.jpg","type":"image\/jpeg"}],"author":"Clara D'Acunto","twitter_card":"summary_large_image","twitter_creator":"@intoscana","twitter_site":"@intoscana","twitter_misc":{"Written by":"Clara D'Acunto","Est. reading time":"3 minuti"},"schema":{"@context":"https:\/\/schema.org","@graph":[{"@type":"WebPage","@id":"https:\/\/www.intoscana.it\/it\/festambiente-resiste-e-torna-in-maremma-eventi-e-musica-nel-villaggio-ecologico-di-rispescia\/","url":"https:\/\/www.intoscana.it\/it\/festambiente-resiste-e-torna-in-maremma-eventi-e-musica-nel-villaggio-ecologico-di-rispescia\/","name":"FestAmbiente resiste e torna in Maremma: eventi e musica nel villaggio ecologico di Rispescia - intoscana","isPartOf":{"@id":"https:\/\/www.intoscana.it\/it\/#website"},"primaryImageOfPage":{"@id":"https:\/\/www.intoscana.it\/it\/festambiente-resiste-e-torna-in-maremma-eventi-e-musica-nel-villaggio-ecologico-di-rispescia\/#primaryimage"},"image":{"@id":"https:\/\/www.intoscana.it\/it\/festambiente-resiste-e-torna-in-maremma-eventi-e-musica-nel-villaggio-ecologico-di-rispescia\/#primaryimage"},"thumbnailUrl":"https:\/\/www.intoscana.it\/wp-content\/uploads\/Festambiente-teatro-bambini.jpg","datePublished":"2021-08-12T07:52:53+00:00","author":{"@id":"https:\/\/www.intoscana.it\/it\/#\/schema\/person\/137419af9ef5d385bde52864a841e6ce"},"description":"Dal 18 al 22 agosto: presenti quattro ministri e tanti ospiti per affrontare i temi della transizione ecologica e dei cambiamenti climatici. Poi band, cinema e attivit\u00e0 per famiglie. Si entra solo con il green pass","breadcrumb":{"@id":"https:\/\/www.intoscana.it\/it\/festambiente-resiste-e-torna-in-maremma-eventi-e-musica-nel-villaggio-ecologico-di-rispescia\/#breadcrumb"},"inLanguage":"it-IT","potentialAction":[{"@type":"ReadAction","target":["https:\/\/www.intoscana.it\/it\/festambiente-resiste-e-torna-in-maremma-eventi-e-musica-nel-villaggio-ecologico-di-rispescia\/"]}]},{"@type":"ImageObject","inLanguage":"it-IT","@id":"https:\/\/www.intoscana.it\/it\/festambiente-resiste-e-torna-in-maremma-eventi-e-musica-nel-villaggio-ecologico-di-rispescia\/#primaryimage","url":"https:\/\/www.intoscana.it\/wp-content\/uploads\/Festambiente-teatro-bambini.jpg","contentUrl":"https:\/\/www.intoscana.it\/wp-content\/uploads\/Festambiente-teatro-bambini.jpg","width":900,"height":553},{"@type":"BreadcrumbList","@id":"https:\/\/www.intoscana.it\/it\/festambiente-resiste-e-torna-in-maremma-eventi-e-musica-nel-villaggio-ecologico-di-rispescia\/#breadcrumb","itemListElement":[{"@type":"ListItem","position":1,"name":"Home","item":"https:\/\/www.intoscana.it\/it\/"},{"@type":"ListItem","position":2,"name":"FestAmbiente resiste e torna in Maremma: eventi e musica nel villaggio ecologico di Rispescia"}]},{"@type":"WebSite","@id":"https:\/\/www.intoscana.it\/it\/#website","url":"https:\/\/www.intoscana.it\/it\/","name":"intoscana","description":"","potentialAction":[{"@type":"SearchAction","target":{"@type":"EntryPoint","urlTemplate":"https:\/\/www.intoscana.it\/it\/?s={search_term_string}"},"query-input":{"@type":"PropertyValueSpecification","valueRequired":true,"valueName":"search_term_string"}}],"inLanguage":"it-IT"},{"@type":"Person","@id":"https:\/\/www.intoscana.it\/it\/#\/schema\/person\/137419af9ef5d385bde52864a841e6ce","name":"Clara D'Acunto","url":"https:\/\/www.intoscana.it\/it\/author\/clara-d_acunto\/"}]}},"_links":{"self":[{"href":"https:\/\/www.intoscana.it\/it\/wp-json\/wp\/v2\/posts\/186320","targetHints":{"allow":["GET"]}}],"collection":[{"href":"https:\/\/www.intoscana.it\/it\/wp-json\/wp\/v2\/posts"}],"about":[{"href":"https:\/\/www.intoscana.it\/it\/wp-json\/wp\/v2\/types\/post"}],"author":[{"embeddable":true,"href":"https:\/\/www.intoscana.it\/it\/wp-json\/wp\/v2\/users\/545"}],"replies":[{"embeddable":true,"href":"https:\/\/www.intoscana.it\/it\/wp-json\/wp\/v2\/comments?post=186320"}],"version-history":[{"count":0,"href":"https:\/\/www.intoscana.it\/it\/wp-json\/wp\/v2\/posts\/186320\/revisions"}],"wp:featuredmedia":[{"embeddable":true,"href":"https:\/\/www.intoscana.it\/it\/wp-json\/wp\/v2\/media\/36259"}],"wp:attachment":[{"href":"https:\/\/www.intoscana.it\/it\/wp-json\/wp\/v2\/media?parent=186320"}],"wp:term":[{"taxonomy":"category","embeddable":true,"href":"https:\/\/www.intoscana.it\/it\/wp-json\/wp\/v2\/categories?post=186320"},{"taxonomy":"post_tag","embeddable":true,"href":"https:\/\/www.intoscana.it\/it\/wp-json\/wp\/v2\/tags?post=186320"}],"curies":[{"name":"wp","href":"https:\/\/api.w.org\/{rel}","templated":true}]}}