{"id":186444,"date":"2021-08-13T12:20:47","date_gmt":"2021-08-13T10:20:47","guid":{"rendered":"https:\/\/www.intoscana.it\/it\/?p=186444"},"modified":"2021-08-14T12:26:44","modified_gmt":"2021-08-14T10:26:44","slug":"covid-nuovi-casi-ancora-sopra-quota-800-4-i-decessi","status":"publish","type":"post","link":"https:\/\/www.intoscana.it\/it\/covid-nuovi-casi-ancora-sopra-quota-800-4-i-decessi\/","title":{"rendered":"Covid, nuovi casi ancora sopra quota 800, 4 i decessi"},"content":{"rendered":"<p>Ancora sopra quota 800 i nuovi contagi di positivit\u00e0 al Covid in Toscana.\u00a0 Con una crescita pi\u00f9 rallentata rispetto a ieri, anche oggi purtroppo i nuovi contagi si mantengono alti, <strong>819 in pi\u00f9: 781 confermati con tampone molecolare e 38 da test rapido antigenico.<\/strong><\/p>\n<p>In aumento anche i decessi: oggi sono quattro, \u00a03 uomini e una donna con un&#8217;et\u00e0 media di 78,8 anni.<\/p>\n<p>Per quanto riguarda i ricoveri rispetto a ieri la saturazione delle terapie intensive resta stabile, con una percentuale di occupazione pari al 5,61%, salgono invece a 263, +4 rispetto a ieri i ricoveri ordinari (livello di occupazione complessivo pari al 5,23%).<\/p>\n<p>Continuano a crescere anche i guariti (+0,2%) e raggiungono quota 241.507 (92,7% dei casi totali).<\/p>\n<p>Gli attualmente positivi sono oggi 12.117, +1,9% rispetto a ieri.<\/p>\n<h3>Il dettaglio del bollettino<\/h3>\n<p>I nuovi casi sono lo 0,3% in pi\u00f9 rispetto al totale del giorno precedente, <strong>l&#8217;et\u00e0 media dei 819 nuovi positivi odierni \u00e8 di 36 anni circa (23% ha meno di 20 anni, 38% tra 20 e 39 anni, 25% tra 40 e 59 anni, 9% tra 60 e 79 anni, 5% ha 80 anni o pi\u00f9).<\/strong><\/p>\n<p>Di seguito i casi di positivit\u00e0 sul territorio con la variazione rispetto a ieri (781 confermati con tampone molecolare e 38 da test rapido antigenico). Sono 72.374 i casi complessivi ad oggi a Firenze (262 in pi\u00f9 rispetto a ieri), 23.802 a Prato (46 in pi\u00f9), 24.325 a Pistoia (70 in pi\u00f9), 13.918 a Massa (42 in pi\u00f9), 26.810 a Lucca (83 in pi\u00f9), 31.022 a Pisa (80 in pi\u00f9), 18.993 a Livorno (93 in pi\u00f9), 24.061 ad Arezzo (41 in pi\u00f9), 14.756 a Siena (43 in pi\u00f9), 9.952 a Grosseto (59 in pi\u00f9). Sono 555 i casi positivi notificati in Toscana, ma residenti in altre regioni.<\/p>\n<p>Sono 391 i casi riscontrati oggi nell&#8217;Asl Centro, 285 nella Nord Ovest, 143 nella Sud est.<\/p>\n<p><strong>La Toscana si trova al 12\u00b0 posto in Italia come numerosit\u00e0 di casi<\/strong> (comprensivi di residenti e non residenti), con circa 7.103 casi per 100.000 abitanti (media italiana circa 7.460 x100.000, dato di ieri). <strong>Le province di notifica con il tasso pi\u00f9 alto sono Prato con 9.296 casi x100.000 abitanti, Pistoia con 8.364, Pisa con 7.450, la pi\u00f9 bassa Grosseto con 4.554.<\/strong><\/p>\n<p>Complessivamente, 11.822 persone sono in isolamento a casa, poich\u00e9 presentano sintomi lievi che non richiedono cure ospedaliere, o risultano prive di sintomi (218 in pi\u00f9 rispetto a ieri, pi\u00f9 1,9%).<\/p>\n<p>Sono 12.528 (139 in pi\u00f9 rispetto a ieri, pi\u00f9 1,1%) le persone, anch&#8217;esse isolate, in sorveglianza attiva perch\u00e9 hanno avuto contatti con persone contagiate (ASL Centro 4.639, Nord Ovest 6.169, Sud Est 1.720).<\/p>\n<p>Le persone complessivamente guarite sono 241.507 (593 in pi\u00f9 rispetto a ieri, pi\u00f9 0,2%): 0 persone clinicamente guarite (stabili rispetto a ieri), divenute cio\u00e8 asintomatiche dopo aver presentato manifestazioni cliniche associate all&#8217;infezione e 241.507 (593 in pi\u00f9 rispetto a ieri, pi\u00f9 0,2%) dichiarate guarite a tutti gli effetti, le cosiddette guarigioni virali, con tampone negativo.<\/p>\n<p><strong>Relativamente alla provincia di residenza dei quattro decessi di oggi: 1 a Firenze, 1 a Prato, 1 a Pisa, 1 a Arezzo.<\/strong><\/p>\n<p>Sono 6.944 i deceduti dall&#8217;inizio dell&#8217;epidemia cosi ripartiti: 2.237 a Firenze, 607 a Prato, 637 a Pistoia, 528 a Massa Carrara, 670 a Lucca, 704 a Pisa, 418 a Livorno, 521 ad Arezzo, 340 a Siena, 191 a Grosseto, 91 persone sono decedute sul suolo toscano ma erano residenti fuori regione.<\/p>\n<p>Il tasso grezzo di mortalit\u00e0 toscano (numero di deceduti\/popolazione residente) per Covid-19 \u00e8 di 189,3 x100.000 residenti contro il 216,6 x100.000 della media italiana (12\u00b0 regione). Per quanto riguarda le province, il tasso di mortalit\u00e0 pi\u00f9 alto si riscontra a Massa Carrara (278,1 x100.000), Prato (237,1 x100.000) e Firenze (226,9 x100.000), il pi\u00f9 basso a Grosseto (87,4 x100.000).<\/p>\n","protected":false},"excerpt":{"rendered":"<p>Per quanto riguarda i ricoveri rispetto a ieri la saturazione delle terapie intensive resta stabile, con una percentuale di occupazione pari al 5,61%, salgono invece a 263, +4 rispetto a ieri i ricoveri ordinari (livello di occupazione complessivo pari al 5,23%)<\/p>\n","protected":false},"author":525,"featured_media":158781,"comment_status":"open","ping_status":"open","sticky":false,"template":"","format":"standard","meta":{"_acf_changed":false,"footnotes":""},"categories":[494],"tags":[4868,4809],"class_list":["post-186444","post","type-post","status-publish","format-standard","has-post-thumbnail","hentry","category-attualita","tag-bollettino-covid-toscana","tag-covid"],"acf":[],"yoast_head":"<!-- This site is optimized with the Yoast SEO Premium plugin v24.2 (Yoast SEO v25.6) - https:\/\/yoast.com\/wordpress\/plugins\/seo\/ -->\n<title>Covid, nuovi casi ancora sopra quota 800, 4 i decessi - intoscana<\/title>\n<meta name=\"description\" content=\"Stabile la saturazione delle terapie intensive, occupate al 5,61%, salgono invece i ricoveri ordinari. L&#039;et\u00e0 media dei nuovi casi \u00e8 36 anni\" \/>\n<meta name=\"robots\" content=\"index, follow, max-snippet:-1, max-image-preview:large, max-video-preview:-1\" \/>\n<link rel=\"canonical\" href=\"https:\/\/www.intoscana.it\/it\/covid-nuovi-casi-ancora-sopra-quota-800-4-i-decessi\/\" \/>\n<meta property=\"og:locale\" content=\"it_IT\" \/>\n<meta property=\"og:type\" content=\"article\" \/>\n<meta property=\"og:title\" content=\"Covid, nuovi casi ancora sopra quota 800, 4 i decessi\" \/>\n<meta property=\"og:description\" content=\"Stabile la saturazione delle terapie intensive, occupate al 5,61%, salgono invece i ricoveri ordinari. L&#039;et\u00e0 media dei nuovi casi \u00e8 36 anni\" \/>\n<meta property=\"og:url\" content=\"https:\/\/www.intoscana.it\/it\/covid-nuovi-casi-ancora-sopra-quota-800-4-i-decessi\/\" \/>\n<meta property=\"og:site_name\" content=\"intoscana\" \/>\n<meta property=\"article:publisher\" content=\"https:\/\/www.facebook.com\/intoscana.it\" \/>\n<meta property=\"article:published_time\" content=\"2021-08-13T10:20:47+00:00\" \/>\n<meta property=\"article:modified_time\" content=\"2021-08-14T10:26:44+00:00\" \/>\n<meta property=\"og:image\" content=\"https:\/\/www.intoscana.it\/wp-content\/uploads\/dati-covid-13-agosto-toscana.001.jpeg\" \/>\n\t<meta property=\"og:image:width\" content=\"1200\" \/>\n\t<meta property=\"og:image:height\" content=\"630\" \/>\n\t<meta property=\"og:image:type\" content=\"image\/jpeg\" \/>\n<meta name=\"author\" content=\"Redazione\" \/>\n<meta name=\"twitter:card\" content=\"summary_large_image\" \/>\n<meta name=\"twitter:creator\" content=\"@intoscana\" \/>\n<meta name=\"twitter:site\" content=\"@intoscana\" \/>\n<meta name=\"twitter:label1\" content=\"Written by\" \/>\n\t<meta name=\"twitter:data1\" content=\"Redazione\" \/>\n\t<meta name=\"twitter:label2\" content=\"Est. reading time\" \/>\n\t<meta name=\"twitter:data2\" content=\"3 minuti\" \/>\n<script type=\"application\/ld+json\" class=\"yoast-schema-graph\">{\"@context\":\"https:\/\/schema.org\",\"@graph\":[{\"@type\":\"WebPage\",\"@id\":\"https:\/\/www.intoscana.it\/it\/covid-nuovi-casi-ancora-sopra-quota-800-4-i-decessi\/\",\"url\":\"https:\/\/www.intoscana.it\/it\/covid-nuovi-casi-ancora-sopra-quota-800-4-i-decessi\/\",\"name\":\"Covid, nuovi casi ancora sopra quota 800, 4 i decessi - intoscana\",\"isPartOf\":{\"@id\":\"https:\/\/www.intoscana.it\/it\/#website\"},\"primaryImageOfPage\":{\"@id\":\"https:\/\/www.intoscana.it\/it\/covid-nuovi-casi-ancora-sopra-quota-800-4-i-decessi\/#primaryimage\"},\"image\":{\"@id\":\"https:\/\/www.intoscana.it\/it\/covid-nuovi-casi-ancora-sopra-quota-800-4-i-decessi\/#primaryimage\"},\"thumbnailUrl\":\"https:\/\/www.intoscana.it\/wp-content\/uploads\/Covid-3-scaled.jpg\",\"datePublished\":\"2021-08-13T10:20:47+00:00\",\"dateModified\":\"2021-08-14T10:26:44+00:00\",\"author\":{\"@id\":\"https:\/\/www.intoscana.it\/it\/#\/schema\/person\/9223810753230f20bd670fdd322661f8\"},\"description\":\"Stabile la saturazione delle terapie intensive, occupate al 5,61%, salgono invece i ricoveri ordinari. L'et\u00e0 media dei nuovi casi \u00e8 36 anni\",\"breadcrumb\":{\"@id\":\"https:\/\/www.intoscana.it\/it\/covid-nuovi-casi-ancora-sopra-quota-800-4-i-decessi\/#breadcrumb\"},\"inLanguage\":\"it-IT\",\"potentialAction\":[{\"@type\":\"ReadAction\",\"target\":[\"https:\/\/www.intoscana.it\/it\/covid-nuovi-casi-ancora-sopra-quota-800-4-i-decessi\/\"]}]},{\"@type\":\"ImageObject\",\"inLanguage\":\"it-IT\",\"@id\":\"https:\/\/www.intoscana.it\/it\/covid-nuovi-casi-ancora-sopra-quota-800-4-i-decessi\/#primaryimage\",\"url\":\"https:\/\/www.intoscana.it\/wp-content\/uploads\/Covid-3-scaled.jpg\",\"contentUrl\":\"https:\/\/www.intoscana.it\/wp-content\/uploads\/Covid-3-scaled.jpg\",\"width\":2048,\"height\":1366},{\"@type\":\"BreadcrumbList\",\"@id\":\"https:\/\/www.intoscana.it\/it\/covid-nuovi-casi-ancora-sopra-quota-800-4-i-decessi\/#breadcrumb\",\"itemListElement\":[{\"@type\":\"ListItem\",\"position\":1,\"name\":\"Home\",\"item\":\"https:\/\/www.intoscana.it\/it\/\"},{\"@type\":\"ListItem\",\"position\":2,\"name\":\"Covid, nuovi casi ancora sopra quota 800, 4 i decessi\"}]},{\"@type\":\"WebSite\",\"@id\":\"https:\/\/www.intoscana.it\/it\/#website\",\"url\":\"https:\/\/www.intoscana.it\/it\/\",\"name\":\"intoscana\",\"description\":\"\",\"potentialAction\":[{\"@type\":\"SearchAction\",\"target\":{\"@type\":\"EntryPoint\",\"urlTemplate\":\"https:\/\/www.intoscana.it\/it\/?s={search_term_string}\"},\"query-input\":{\"@type\":\"PropertyValueSpecification\",\"valueRequired\":true,\"valueName\":\"search_term_string\"}}],\"inLanguage\":\"it-IT\"},{\"@type\":\"Person\",\"@id\":\"https:\/\/www.intoscana.it\/it\/#\/schema\/person\/9223810753230f20bd670fdd322661f8\",\"name\":\"Redazione\",\"url\":\"https:\/\/www.intoscana.it\/it\/author\/redazione\/\"}]}<\/script>\n<!-- \/ Yoast SEO Premium plugin. -->","yoast_head_json":{"title":"Covid, nuovi casi ancora sopra quota 800, 4 i decessi - intoscana","description":"Stabile la saturazione delle terapie intensive, occupate al 5,61%, salgono invece i ricoveri ordinari. L'et\u00e0 media dei nuovi casi \u00e8 36 anni","robots":{"index":"index","follow":"follow","max-snippet":"max-snippet:-1","max-image-preview":"max-image-preview:large","max-video-preview":"max-video-preview:-1"},"canonical":"https:\/\/www.intoscana.it\/it\/covid-nuovi-casi-ancora-sopra-quota-800-4-i-decessi\/","og_locale":"it_IT","og_type":"article","og_title":"Covid, nuovi casi ancora sopra quota 800, 4 i decessi","og_description":"Stabile la saturazione delle terapie intensive, occupate al 5,61%, salgono invece i ricoveri ordinari. L'et\u00e0 media dei nuovi casi \u00e8 36 anni","og_url":"https:\/\/www.intoscana.it\/it\/covid-nuovi-casi-ancora-sopra-quota-800-4-i-decessi\/","og_site_name":"intoscana","article_publisher":"https:\/\/www.facebook.com\/intoscana.it","article_published_time":"2021-08-13T10:20:47+00:00","article_modified_time":"2021-08-14T10:26:44+00:00","og_image":[{"width":1200,"height":630,"url":"https:\/\/www.intoscana.it\/wp-content\/uploads\/dati-covid-13-agosto-toscana.001.jpeg","type":"image\/jpeg"}],"author":"Redazione","twitter_card":"summary_large_image","twitter_creator":"@intoscana","twitter_site":"@intoscana","twitter_misc":{"Written by":"Redazione","Est. reading time":"3 minuti"},"schema":{"@context":"https:\/\/schema.org","@graph":[{"@type":"WebPage","@id":"https:\/\/www.intoscana.it\/it\/covid-nuovi-casi-ancora-sopra-quota-800-4-i-decessi\/","url":"https:\/\/www.intoscana.it\/it\/covid-nuovi-casi-ancora-sopra-quota-800-4-i-decessi\/","name":"Covid, nuovi casi ancora sopra quota 800, 4 i decessi - intoscana","isPartOf":{"@id":"https:\/\/www.intoscana.it\/it\/#website"},"primaryImageOfPage":{"@id":"https:\/\/www.intoscana.it\/it\/covid-nuovi-casi-ancora-sopra-quota-800-4-i-decessi\/#primaryimage"},"image":{"@id":"https:\/\/www.intoscana.it\/it\/covid-nuovi-casi-ancora-sopra-quota-800-4-i-decessi\/#primaryimage"},"thumbnailUrl":"https:\/\/www.intoscana.it\/wp-content\/uploads\/Covid-3-scaled.jpg","datePublished":"2021-08-13T10:20:47+00:00","dateModified":"2021-08-14T10:26:44+00:00","author":{"@id":"https:\/\/www.intoscana.it\/it\/#\/schema\/person\/9223810753230f20bd670fdd322661f8"},"description":"Stabile la saturazione delle terapie intensive, occupate al 5,61%, salgono invece i ricoveri ordinari. L'et\u00e0 media dei nuovi casi \u00e8 36 anni","breadcrumb":{"@id":"https:\/\/www.intoscana.it\/it\/covid-nuovi-casi-ancora-sopra-quota-800-4-i-decessi\/#breadcrumb"},"inLanguage":"it-IT","potentialAction":[{"@type":"ReadAction","target":["https:\/\/www.intoscana.it\/it\/covid-nuovi-casi-ancora-sopra-quota-800-4-i-decessi\/"]}]},{"@type":"ImageObject","inLanguage":"it-IT","@id":"https:\/\/www.intoscana.it\/it\/covid-nuovi-casi-ancora-sopra-quota-800-4-i-decessi\/#primaryimage","url":"https:\/\/www.intoscana.it\/wp-content\/uploads\/Covid-3-scaled.jpg","contentUrl":"https:\/\/www.intoscana.it\/wp-content\/uploads\/Covid-3-scaled.jpg","width":2048,"height":1366},{"@type":"BreadcrumbList","@id":"https:\/\/www.intoscana.it\/it\/covid-nuovi-casi-ancora-sopra-quota-800-4-i-decessi\/#breadcrumb","itemListElement":[{"@type":"ListItem","position":1,"name":"Home","item":"https:\/\/www.intoscana.it\/it\/"},{"@type":"ListItem","position":2,"name":"Covid, nuovi casi ancora sopra quota 800, 4 i decessi"}]},{"@type":"WebSite","@id":"https:\/\/www.intoscana.it\/it\/#website","url":"https:\/\/www.intoscana.it\/it\/","name":"intoscana","description":"","potentialAction":[{"@type":"SearchAction","target":{"@type":"EntryPoint","urlTemplate":"https:\/\/www.intoscana.it\/it\/?s={search_term_string}"},"query-input":{"@type":"PropertyValueSpecification","valueRequired":true,"valueName":"search_term_string"}}],"inLanguage":"it-IT"},{"@type":"Person","@id":"https:\/\/www.intoscana.it\/it\/#\/schema\/person\/9223810753230f20bd670fdd322661f8","name":"Redazione","url":"https:\/\/www.intoscana.it\/it\/author\/redazione\/"}]}},"_links":{"self":[{"href":"https:\/\/www.intoscana.it\/it\/wp-json\/wp\/v2\/posts\/186444","targetHints":{"allow":["GET"]}}],"collection":[{"href":"https:\/\/www.intoscana.it\/it\/wp-json\/wp\/v2\/posts"}],"about":[{"href":"https:\/\/www.intoscana.it\/it\/wp-json\/wp\/v2\/types\/post"}],"author":[{"embeddable":true,"href":"https:\/\/www.intoscana.it\/it\/wp-json\/wp\/v2\/users\/525"}],"replies":[{"embeddable":true,"href":"https:\/\/www.intoscana.it\/it\/wp-json\/wp\/v2\/comments?post=186444"}],"version-history":[{"count":0,"href":"https:\/\/www.intoscana.it\/it\/wp-json\/wp\/v2\/posts\/186444\/revisions"}],"wp:featuredmedia":[{"embeddable":true,"href":"https:\/\/www.intoscana.it\/it\/wp-json\/wp\/v2\/media\/158781"}],"wp:attachment":[{"href":"https:\/\/www.intoscana.it\/it\/wp-json\/wp\/v2\/media?parent=186444"}],"wp:term":[{"taxonomy":"category","embeddable":true,"href":"https:\/\/www.intoscana.it\/it\/wp-json\/wp\/v2\/categories?post=186444"},{"taxonomy":"post_tag","embeddable":true,"href":"https:\/\/www.intoscana.it\/it\/wp-json\/wp\/v2\/tags?post=186444"}],"curies":[{"name":"wp","href":"https:\/\/api.w.org\/{rel}","templated":true}]}}