{"id":186525,"date":"2021-08-14T11:32:33","date_gmt":"2021-08-14T09:32:33","guid":{"rendered":"https:\/\/www.intoscana.it\/it\/?p=186525"},"modified":"2021-08-14T11:33:10","modified_gmt":"2021-08-14T09:33:10","slug":"sanita-un-progetto-per-smaltire-le-liste-dattesa-e-gestire-le-nuove-richieste","status":"publish","type":"post","link":"https:\/\/www.intoscana.it\/it\/sanita-un-progetto-per-smaltire-le-liste-dattesa-e-gestire-le-nuove-richieste\/","title":{"rendered":"Sanit\u00e0, un progetto per smaltire le liste d&#8217;attesa e gestire le nuove richieste"},"content":{"rendered":"<p><strong>Una task force regionale per il recupero di volumi di attivit\u00e0 arretrati causa Covid e per l\u2019abbattimento dei tempi di attesa dovuti anche all\u2019aumento delle richieste<\/strong>. \u00c8 di questi giorni l\u2019avvio di un progetto sperimentale (condiviso in sede di tavolo regionale con le aziende sanitarie e i comitati di partecipazione, che si riunisce ogni settimana) per smaltire le liste di attesa venutesi a determinare durante la pandemia, alle quali si \u00e8 aggiunto il recente e progressivo aumento di richieste di prestazioni da parte dei cittadini, che in molti avevano rimandato durante il periodo pi\u00f9 critico.<\/p>\n<p>Per il raggiungimento di questi obiettivi le Aziende sanitarie sono gi\u00e0 al lavoro, dando seguito alle azioni, concordate nell\u2019ambito del tavolo regionale:<\/p>\n<ul>\n<li>ripristino dei tempi di esecuzione delle visite (20 minuti invece dei 30 minuti previsti nel periodo pandemico);<\/li>\n<li>conferma del ricorso all\u2019attivit\u00e0 aggiuntiva degli specialisti;<\/li>\n<li>possibilit\u00e0 di ricorso al privato convenzionato per incrementare l\u2019offerta di prestazioni.<\/li>\n<\/ul>\n<p><strong>Inoltre, per garantire la presa in carico dei pazienti che necessitano di una prestazione specialistica, sono state attivate le \u2018<em>preliste<\/em>\u2019: <\/strong>vale a dire <mark>la presa in carico da parte dei Cup delle richieste che non trovano immediata disponibilit\u00e0. In questo caso i cittadini vengono ricontattati e viene loro comunicata la prenotazione, che rispetter\u00e0 comunque i tempi massimi di attesa previsti dal Piano regionale delle liste di attesa. <\/mark><\/p>\n<p><span class=\"citazione\">Attivate le &#8220;preliste&#8221;: i Cup prenderanno in carico le richieste che non trovano immediata disponibilit\u00e0 <\/span><\/p>\n<p>Questa nuova iniziativa, gi\u00e0 avviata nei giorni scorsi in via sperimentale, riguarda al momento le visite cardiologica (e la consulenza cardiologica), dermatologica, otorinolaringoiatrica e l\u2019ecografia all\u2019addome. <strong>Le preliste saranno attivate con cadenza mensile per tutte le prestazioni che presenteranno criticit\u00e0 rispetto alle attese.<\/strong><\/p>\n<p>\u201c\u00c8 stata avviata una nuova strategia organizzativa, condivisa con le aziende sanitarie &#8211; <strong>sottolinea l\u2019assessore al diritto alla salute, Simone Bezzini<\/strong> &#8211; ed \u00e8 in corso un grande lavoro per il quale ringrazio i componenti del tavolo regionale sulle liste d\u2019attesa, che regolarmente si riuniscono, monitorano la situazione, definiscono obiettivi e mettono in campo azioni concrete, come l\u2019introduzione delle \u2018preliste\u2019. Le attivit\u00e0 no Covid sono in piena ripresa, nonostante il sistema sanitario sia ancora impegnato al massimo contro la pandemia e nella vaccinazione. Sar\u00e0 decisivo il 2021, durante il quale le attivit\u00e0 non si sono mai interrotte del tutto, anche con la terza ondata. Non \u00e8 trascurabile il problema nazionale della carenza di medici &#8211; aggiunge &#8211; in particolare per certe specialit\u00e0 o per alcuni presidi meno attrattivi. Parteciper\u00f2 personalmente agli incontri di area vasta per approfondire e affrontare le difficolt\u00e0 dei singoli territori\u201d.<\/p>\n<p>L\u2019ultimo studio Agenas relativo al 2020, lo ricordiamo, colloca la <mark>Toscana fra le Regioni che hanno perso meno prestazioni ambulatoriali durante la pandemia. Per le prestazioni specialistiche si \u00e8 registrato un calo meno consistente rispetto a quanto rilevato nelle altre Regioni colpite dal Covid <\/mark>: tra il 2020 e il 2019 \u00e8 stato del -24,2%, mentre la media nazionale \u00e8 di -30,33%. In particolare, per le prestazioni specialistiche erogate a pazienti esenti per condizione economica la Toscana ha avuto la maggior capacit\u00e0 di resilienza a livello nazionale con solo un -27% di prestazioni in meno nel 2020 rispetto al 2019.<\/p>\n","protected":false},"excerpt":{"rendered":"<p>Una task force regionale \u00e8 al lavoro per il recupero di volumi di attivit\u00e0 arretrati causa Covid e per l\u2019abbattimento dei tempi di attesa. Attivate le &#8220;preliste&#8221;: i Cup prenderanno in carico le richieste che non trovano immediata disponibilit\u00e0<\/p>\n","protected":false},"author":525,"featured_media":67932,"comment_status":"open","ping_status":"open","sticky":false,"template":"","format":"standard","meta":{"_acf_changed":false,"footnotes":""},"categories":[494],"tags":[4809,381,349,4883],"class_list":["post-186525","post","type-post","status-publish","format-standard","has-post-thumbnail","hentry","category-attualita","tag-covid","tag-medicina","tag-sanita","tag-simone-bezzini"],"acf":[],"yoast_head":"<!-- This site is optimized with the Yoast SEO Premium plugin v24.2 (Yoast SEO v25.6) - https:\/\/yoast.com\/wordpress\/plugins\/seo\/ -->\n<title>Sanit\u00e0, un progetto per smaltire le liste d&#039;attesa e gestire le nuove richieste - intoscana<\/title>\n<meta name=\"description\" content=\"Una task force regionale per recuperare i volumi di attivit\u00e0 arretrati causa Covid e per abbattere i tempi di attesa. Ecco il progetto\" \/>\n<meta name=\"robots\" content=\"index, follow, max-snippet:-1, max-image-preview:large, max-video-preview:-1\" \/>\n<link rel=\"canonical\" href=\"https:\/\/www.intoscana.it\/it\/sanita-un-progetto-per-smaltire-le-liste-dattesa-e-gestire-le-nuove-richieste\/\" \/>\n<meta property=\"og:locale\" content=\"it_IT\" \/>\n<meta property=\"og:type\" content=\"article\" \/>\n<meta property=\"og:title\" content=\"Sanit\u00e0, un progetto per smaltire le liste d&#039;attesa e gestire le nuove richieste\" \/>\n<meta property=\"og:description\" content=\"Una task force regionale per recuperare i volumi di attivit\u00e0 arretrati causa Covid e per abbattere i tempi di attesa. Ecco il progetto\" \/>\n<meta property=\"og:url\" content=\"https:\/\/www.intoscana.it\/it\/sanita-un-progetto-per-smaltire-le-liste-dattesa-e-gestire-le-nuove-richieste\/\" \/>\n<meta property=\"og:site_name\" content=\"intoscana\" \/>\n<meta property=\"article:publisher\" content=\"https:\/\/www.facebook.com\/intoscana.it\" \/>\n<meta property=\"article:published_time\" content=\"2021-08-14T09:32:33+00:00\" \/>\n<meta property=\"article:modified_time\" content=\"2021-08-14T09:33:10+00:00\" \/>\n<meta property=\"og:image\" content=\"https:\/\/www.intoscana.it\/wp-content\/uploads\/tickett_sanitario.jpg\" \/>\n\t<meta property=\"og:image:width\" content=\"680\" \/>\n\t<meta property=\"og:image:height\" content=\"380\" \/>\n\t<meta property=\"og:image:type\" content=\"image\/jpeg\" \/>\n<meta name=\"author\" content=\"Redazione\" \/>\n<meta name=\"twitter:card\" content=\"summary_large_image\" \/>\n<meta name=\"twitter:creator\" content=\"@intoscana\" \/>\n<meta name=\"twitter:site\" content=\"@intoscana\" \/>\n<meta name=\"twitter:label1\" content=\"Written by\" \/>\n\t<meta name=\"twitter:data1\" content=\"Redazione\" \/>\n\t<meta name=\"twitter:label2\" content=\"Est. reading time\" \/>\n\t<meta name=\"twitter:data2\" content=\"3 minuti\" \/>\n<script type=\"application\/ld+json\" class=\"yoast-schema-graph\">{\"@context\":\"https:\/\/schema.org\",\"@graph\":[{\"@type\":\"WebPage\",\"@id\":\"https:\/\/www.intoscana.it\/it\/sanita-un-progetto-per-smaltire-le-liste-dattesa-e-gestire-le-nuove-richieste\/\",\"url\":\"https:\/\/www.intoscana.it\/it\/sanita-un-progetto-per-smaltire-le-liste-dattesa-e-gestire-le-nuove-richieste\/\",\"name\":\"Sanit\u00e0, un progetto per smaltire le liste d'attesa e gestire le nuove richieste - intoscana\",\"isPartOf\":{\"@id\":\"https:\/\/www.intoscana.it\/it\/#website\"},\"primaryImageOfPage\":{\"@id\":\"https:\/\/www.intoscana.it\/it\/sanita-un-progetto-per-smaltire-le-liste-dattesa-e-gestire-le-nuove-richieste\/#primaryimage\"},\"image\":{\"@id\":\"https:\/\/www.intoscana.it\/it\/sanita-un-progetto-per-smaltire-le-liste-dattesa-e-gestire-le-nuove-richieste\/#primaryimage\"},\"thumbnailUrl\":\"https:\/\/www.intoscana.it\/wp-content\/uploads\/tickett_sanitario.jpg\",\"datePublished\":\"2021-08-14T09:32:33+00:00\",\"dateModified\":\"2021-08-14T09:33:10+00:00\",\"author\":{\"@id\":\"https:\/\/www.intoscana.it\/it\/#\/schema\/person\/9223810753230f20bd670fdd322661f8\"},\"description\":\"Una task force regionale per recuperare i volumi di attivit\u00e0 arretrati causa Covid e per abbattere i tempi di attesa. Ecco il progetto\",\"breadcrumb\":{\"@id\":\"https:\/\/www.intoscana.it\/it\/sanita-un-progetto-per-smaltire-le-liste-dattesa-e-gestire-le-nuove-richieste\/#breadcrumb\"},\"inLanguage\":\"it-IT\",\"potentialAction\":[{\"@type\":\"ReadAction\",\"target\":[\"https:\/\/www.intoscana.it\/it\/sanita-un-progetto-per-smaltire-le-liste-dattesa-e-gestire-le-nuove-richieste\/\"]}]},{\"@type\":\"ImageObject\",\"inLanguage\":\"it-IT\",\"@id\":\"https:\/\/www.intoscana.it\/it\/sanita-un-progetto-per-smaltire-le-liste-dattesa-e-gestire-le-nuove-richieste\/#primaryimage\",\"url\":\"https:\/\/www.intoscana.it\/wp-content\/uploads\/tickett_sanitario.jpg\",\"contentUrl\":\"https:\/\/www.intoscana.it\/wp-content\/uploads\/tickett_sanitario.jpg\",\"width\":680,\"height\":380},{\"@type\":\"BreadcrumbList\",\"@id\":\"https:\/\/www.intoscana.it\/it\/sanita-un-progetto-per-smaltire-le-liste-dattesa-e-gestire-le-nuove-richieste\/#breadcrumb\",\"itemListElement\":[{\"@type\":\"ListItem\",\"position\":1,\"name\":\"Home\",\"item\":\"https:\/\/www.intoscana.it\/it\/\"},{\"@type\":\"ListItem\",\"position\":2,\"name\":\"Sanit\u00e0, un progetto per smaltire le liste d&#8217;attesa e gestire le nuove richieste\"}]},{\"@type\":\"WebSite\",\"@id\":\"https:\/\/www.intoscana.it\/it\/#website\",\"url\":\"https:\/\/www.intoscana.it\/it\/\",\"name\":\"intoscana\",\"description\":\"\",\"potentialAction\":[{\"@type\":\"SearchAction\",\"target\":{\"@type\":\"EntryPoint\",\"urlTemplate\":\"https:\/\/www.intoscana.it\/it\/?s={search_term_string}\"},\"query-input\":{\"@type\":\"PropertyValueSpecification\",\"valueRequired\":true,\"valueName\":\"search_term_string\"}}],\"inLanguage\":\"it-IT\"},{\"@type\":\"Person\",\"@id\":\"https:\/\/www.intoscana.it\/it\/#\/schema\/person\/9223810753230f20bd670fdd322661f8\",\"name\":\"Redazione\",\"url\":\"https:\/\/www.intoscana.it\/it\/author\/redazione\/\"}]}<\/script>\n<!-- \/ Yoast SEO Premium plugin. -->","yoast_head_json":{"title":"Sanit\u00e0, un progetto per smaltire le liste d'attesa e gestire le nuove richieste - intoscana","description":"Una task force regionale per recuperare i volumi di attivit\u00e0 arretrati causa Covid e per abbattere i tempi di attesa. Ecco il progetto","robots":{"index":"index","follow":"follow","max-snippet":"max-snippet:-1","max-image-preview":"max-image-preview:large","max-video-preview":"max-video-preview:-1"},"canonical":"https:\/\/www.intoscana.it\/it\/sanita-un-progetto-per-smaltire-le-liste-dattesa-e-gestire-le-nuove-richieste\/","og_locale":"it_IT","og_type":"article","og_title":"Sanit\u00e0, un progetto per smaltire le liste d'attesa e gestire le nuove richieste","og_description":"Una task force regionale per recuperare i volumi di attivit\u00e0 arretrati causa Covid e per abbattere i tempi di attesa. Ecco il progetto","og_url":"https:\/\/www.intoscana.it\/it\/sanita-un-progetto-per-smaltire-le-liste-dattesa-e-gestire-le-nuove-richieste\/","og_site_name":"intoscana","article_publisher":"https:\/\/www.facebook.com\/intoscana.it","article_published_time":"2021-08-14T09:32:33+00:00","article_modified_time":"2021-08-14T09:33:10+00:00","og_image":[{"width":680,"height":380,"url":"https:\/\/www.intoscana.it\/wp-content\/uploads\/tickett_sanitario.jpg","type":"image\/jpeg"}],"author":"Redazione","twitter_card":"summary_large_image","twitter_creator":"@intoscana","twitter_site":"@intoscana","twitter_misc":{"Written by":"Redazione","Est. reading time":"3 minuti"},"schema":{"@context":"https:\/\/schema.org","@graph":[{"@type":"WebPage","@id":"https:\/\/www.intoscana.it\/it\/sanita-un-progetto-per-smaltire-le-liste-dattesa-e-gestire-le-nuove-richieste\/","url":"https:\/\/www.intoscana.it\/it\/sanita-un-progetto-per-smaltire-le-liste-dattesa-e-gestire-le-nuove-richieste\/","name":"Sanit\u00e0, un progetto per smaltire le liste d'attesa e gestire le nuove richieste - intoscana","isPartOf":{"@id":"https:\/\/www.intoscana.it\/it\/#website"},"primaryImageOfPage":{"@id":"https:\/\/www.intoscana.it\/it\/sanita-un-progetto-per-smaltire-le-liste-dattesa-e-gestire-le-nuove-richieste\/#primaryimage"},"image":{"@id":"https:\/\/www.intoscana.it\/it\/sanita-un-progetto-per-smaltire-le-liste-dattesa-e-gestire-le-nuove-richieste\/#primaryimage"},"thumbnailUrl":"https:\/\/www.intoscana.it\/wp-content\/uploads\/tickett_sanitario.jpg","datePublished":"2021-08-14T09:32:33+00:00","dateModified":"2021-08-14T09:33:10+00:00","author":{"@id":"https:\/\/www.intoscana.it\/it\/#\/schema\/person\/9223810753230f20bd670fdd322661f8"},"description":"Una task force regionale per recuperare i volumi di attivit\u00e0 arretrati causa Covid e per abbattere i tempi di attesa. Ecco il progetto","breadcrumb":{"@id":"https:\/\/www.intoscana.it\/it\/sanita-un-progetto-per-smaltire-le-liste-dattesa-e-gestire-le-nuove-richieste\/#breadcrumb"},"inLanguage":"it-IT","potentialAction":[{"@type":"ReadAction","target":["https:\/\/www.intoscana.it\/it\/sanita-un-progetto-per-smaltire-le-liste-dattesa-e-gestire-le-nuove-richieste\/"]}]},{"@type":"ImageObject","inLanguage":"it-IT","@id":"https:\/\/www.intoscana.it\/it\/sanita-un-progetto-per-smaltire-le-liste-dattesa-e-gestire-le-nuove-richieste\/#primaryimage","url":"https:\/\/www.intoscana.it\/wp-content\/uploads\/tickett_sanitario.jpg","contentUrl":"https:\/\/www.intoscana.it\/wp-content\/uploads\/tickett_sanitario.jpg","width":680,"height":380},{"@type":"BreadcrumbList","@id":"https:\/\/www.intoscana.it\/it\/sanita-un-progetto-per-smaltire-le-liste-dattesa-e-gestire-le-nuove-richieste\/#breadcrumb","itemListElement":[{"@type":"ListItem","position":1,"name":"Home","item":"https:\/\/www.intoscana.it\/it\/"},{"@type":"ListItem","position":2,"name":"Sanit\u00e0, un progetto per smaltire le liste d&#8217;attesa e gestire le nuove richieste"}]},{"@type":"WebSite","@id":"https:\/\/www.intoscana.it\/it\/#website","url":"https:\/\/www.intoscana.it\/it\/","name":"intoscana","description":"","potentialAction":[{"@type":"SearchAction","target":{"@type":"EntryPoint","urlTemplate":"https:\/\/www.intoscana.it\/it\/?s={search_term_string}"},"query-input":{"@type":"PropertyValueSpecification","valueRequired":true,"valueName":"search_term_string"}}],"inLanguage":"it-IT"},{"@type":"Person","@id":"https:\/\/www.intoscana.it\/it\/#\/schema\/person\/9223810753230f20bd670fdd322661f8","name":"Redazione","url":"https:\/\/www.intoscana.it\/it\/author\/redazione\/"}]}},"_links":{"self":[{"href":"https:\/\/www.intoscana.it\/it\/wp-json\/wp\/v2\/posts\/186525","targetHints":{"allow":["GET"]}}],"collection":[{"href":"https:\/\/www.intoscana.it\/it\/wp-json\/wp\/v2\/posts"}],"about":[{"href":"https:\/\/www.intoscana.it\/it\/wp-json\/wp\/v2\/types\/post"}],"author":[{"embeddable":true,"href":"https:\/\/www.intoscana.it\/it\/wp-json\/wp\/v2\/users\/525"}],"replies":[{"embeddable":true,"href":"https:\/\/www.intoscana.it\/it\/wp-json\/wp\/v2\/comments?post=186525"}],"version-history":[{"count":0,"href":"https:\/\/www.intoscana.it\/it\/wp-json\/wp\/v2\/posts\/186525\/revisions"}],"wp:featuredmedia":[{"embeddable":true,"href":"https:\/\/www.intoscana.it\/it\/wp-json\/wp\/v2\/media\/67932"}],"wp:attachment":[{"href":"https:\/\/www.intoscana.it\/it\/wp-json\/wp\/v2\/media?parent=186525"}],"wp:term":[{"taxonomy":"category","embeddable":true,"href":"https:\/\/www.intoscana.it\/it\/wp-json\/wp\/v2\/categories?post=186525"},{"taxonomy":"post_tag","embeddable":true,"href":"https:\/\/www.intoscana.it\/it\/wp-json\/wp\/v2\/tags?post=186525"}],"curies":[{"name":"wp","href":"https:\/\/api.w.org\/{rel}","templated":true}]}}