{"id":186527,"date":"2021-08-14T12:03:23","date_gmt":"2021-08-14T10:03:23","guid":{"rendered":"https:\/\/www.intoscana.it\/it\/?p=186527"},"modified":"2021-08-16T09:02:55","modified_gmt":"2021-08-16T07:02:55","slug":"covid-683-nuovi-casi-e-5-decessi-ricoveri-in-aumento","status":"publish","type":"post","link":"https:\/\/www.intoscana.it\/it\/covid-683-nuovi-casi-e-5-decessi-ricoveri-in-aumento\/","title":{"rendered":"Covid, 683 nuovi casi e 5 decessi. Ricoveri ancora in aumento"},"content":{"rendered":"<p>In Toscana sono 261.251 i casi di positivit\u00e0 al Coronavirus, <strong>683 in pi\u00f9 rispetto a ieri<\/strong> (660 confermati con tampone molecolare e 23 da test rapido antigenico). <strong>I nuovi casi sono lo 0,3% in pi\u00f9 rispetto al totale del giorno precedente<\/strong>.<\/p>\n<p>Oggi sono stati eseguiti 8.227 tamponi molecolari e 6.151 tamponi antigenici rapidi, di questi il 4,8% \u00e8 risultato positivo.<\/p>\n<p>Sono invece 6.070 i soggetti testati oggi (con tampone antigenico e\/o molecolare, escludendo i tamponi di controllo), di cui l&#8217;11,3% \u00e8 risultato positivo. <strong>Gli attualmente positivi sono oggi 12.189, +0,6% rispetto a ieri.<\/strong> I ricoverati sono 301 (6 in pi\u00f9 rispetto a ieri), di cui 33 in terapia intensiva (1 in pi\u00f9). <strong>Si registrano 5 nuovi decessi: 2 uomini e 3 donne con un&#8217;et\u00e0 media di 79,2 anni.<\/strong><\/p>\n<p><strong>L&#8217;et\u00e0 media dei 683 nuovi positivi odierni \u00e8 di 35 anni circa (26% ha meno di 20 anni, 36% tra 20 e 39 anni, 27% tra 40 e 59 anni, 7% tra 60 e 79 anni, 4% ha 80 anni o pi\u00f9).<\/strong><\/p>\n<p>Di seguito i casi di positivit\u00e0 sul territorio con la variazione rispetto a ieri (660 confermati con tampone molecolare e 23 da test rapido antigenico). Sono 72.551 i casi complessivi ad oggi a Firenze (177 in pi\u00f9 rispetto a ieri), 23.848 a Prato (46 in pi\u00f9), 24.402 a Pistoia (77 in pi\u00f9), 13.941 a Massa (23 in pi\u00f9), 26.903 a Lucca (93 in pi\u00f9), 31.119 a Pisa (97 in pi\u00f9), 19.080 a Livorno (87 in pi\u00f9), 24.099 ad Arezzo (38 in pi\u00f9), 14.780 a Siena (24 in pi\u00f9), 9.973 a Grosseto (21 in pi\u00f9). Sono 555 i casi positivi notificati in Toscana, ma residenti in altre regioni.<\/p>\n<p>Sono 312 i casi riscontrati oggi nell&#8217;Asl Centro, 288 nella Nord Ovest, 83 nella Sud est.<\/p>\n<p>La Toscana si trova al 11\u00b0 posto in Italia come numerosit\u00e0 di casi (comprensivi di residenti e non residenti), con circa 7.122 casi per 100.000 abitanti (media italiana circa 7.472 x100.000, dato di ieri). Le province di notifica con il tasso pi\u00f9 alto sono Prato con 9.314 casi x100.000 abitanti, Pistoia con 8.391, Pisa con 7.473, la pi\u00f9 bassa Grosseto con 4.564.<\/p>\n<p><strong>Complessivamente, 11.888 persone sono in isolamento a casa,<\/strong> poich\u00e9 presentano sintomi lievi che non richiedono cure ospedaliere, o risultano prive di sintomi (66 in pi\u00f9 rispetto a ieri, pi\u00f9 0,6%).<\/p>\n<p>Sono 12.593 (65 in pi\u00f9 rispetto a ieri, pi\u00f9 0,5%) le persone, anch&#8217;esse isolate, in sorveglianza attiva perch\u00e9 hanno avuto contatti con persone contagiate (ASL Centro 4.624, Nord Ovest 6.168, Sud Est 1.801).<\/p>\n<h3>Ricoveri e decessi<\/h3>\n<p><strong>Le persone ricoverate nei posti letto dedicati ai pazienti COVID oggi sono complessivamente 301 (6 in pi\u00f9 rispetto a ieri, pi\u00f9 2%), 33 in terapia intensiva (1 in pi\u00f9 rispetto a ieri, pi\u00f9 3,1%).<\/strong><\/p>\n<p>Le persone complessivamente guarite sono 242.113 (606 in pi\u00f9 rispetto a ieri, pi\u00f9 0,3%): 0 persone clinicamente guarite (stabili rispetto a ieri), divenute cio\u00e8 asintomatiche dopo aver presentato manifestazioni cliniche associate all&#8217;infezione e 242.113 (606 in pi\u00f9 rispetto a ieri, pi\u00f9 0,3%) dichiarate guarite a tutti gli effetti, le cosiddette guarigioni virali, con tampone negativo.<\/p>\n<p><strong>Si registrano 5 nuovi decessi: 2 uomini e 3 donne con un&#8217;et\u00e0 media di 79,2 anni.<\/strong><\/p>\n<p>Relativamente alla provincia di residenza, <strong>le persone decedute sono: 3 a Firenze, 1 a Massa Carrara, 1 a Arezzo.<\/strong><\/p>\n<p>Sono 6.949 i deceduti dall&#8217;inizio dell&#8217;epidemia cosi ripartiti: 2.240 a Firenze, 607 a Prato, 637 a Pistoia, 529 a Massa Carrara, 670 a Lucca, 704 a Pisa, 418 a Livorno, 522 ad Arezzo, 340 a Siena, 191 a Grosseto, 91 persone sono decedute sul suolo toscano ma erano residenti fuori regione.<\/p>\n<p>Il tasso grezzo di mortalit\u00e0 toscano (numero di deceduti\/popolazione residente) per Covid-19 \u00e8 di 189,4 x100.000 residenti contro il 216,6 x100.000 della media italiana (12\u00b0 regione). Per quanto riguarda le province, il tasso di mortalit\u00e0 pi\u00f9 alto si riscontra a Massa Carrara (278,7 x100.000), Prato (237,1 x100.000) e Firenze (227,2 x100.000), il pi\u00f9 basso a Grosseto (87,4 x100.000).<\/p>\n","protected":false},"excerpt":{"rendered":"<p>Oggi sono stati eseguiti 8.227 tamponi molecolari e 6.151 tamponi antigenici rapidi, di questi il 4,8% \u00e8 risultato positivo. In aumento di 6 unit\u00e0 i ricoveri ordinari, + 1 in terapia intensiva<\/p>\n","protected":false},"author":525,"featured_media":100475,"comment_status":"open","ping_status":"open","sticky":false,"template":"","format":"standard","meta":{"_acf_changed":false,"footnotes":""},"categories":[494],"tags":[4868,4809],"class_list":["post-186527","post","type-post","status-publish","format-standard","has-post-thumbnail","hentry","category-attualita","tag-bollettino-covid-toscana","tag-covid"],"acf":[],"yoast_head":"<!-- This site is optimized with the Yoast SEO Premium plugin v24.2 (Yoast SEO v25.6) - https:\/\/yoast.com\/wordpress\/plugins\/seo\/ -->\n<title>Covid, 683 nuovi casi e 5 decessi. Ricoveri ancora in aumento - intoscana<\/title>\n<meta name=\"description\" content=\"Eseguiti 8.227 tamponi molecolari e 6.151 tamponi antigenici rapidi. In aumento di 6 unit\u00e0 i ricoveri ordinari, + 1 in terapia intensiva\u00a0\" \/>\n<meta name=\"robots\" content=\"index, follow, max-snippet:-1, max-image-preview:large, max-video-preview:-1\" \/>\n<link rel=\"canonical\" href=\"https:\/\/www.intoscana.it\/it\/covid-683-nuovi-casi-e-5-decessi-ricoveri-in-aumento\/\" \/>\n<meta property=\"og:locale\" content=\"it_IT\" \/>\n<meta property=\"og:type\" content=\"article\" \/>\n<meta property=\"og:title\" content=\"Covid, 683 nuovi casi e 5 decessi. Ricoveri ancora in aumento\" \/>\n<meta property=\"og:description\" content=\"Eseguiti 8.227 tamponi molecolari e 6.151 tamponi antigenici rapidi. In aumento di 6 unit\u00e0 i ricoveri ordinari, + 1 in terapia intensiva\u00a0\" \/>\n<meta property=\"og:url\" content=\"https:\/\/www.intoscana.it\/it\/covid-683-nuovi-casi-e-5-decessi-ricoveri-in-aumento\/\" \/>\n<meta property=\"og:site_name\" content=\"intoscana\" \/>\n<meta property=\"article:publisher\" content=\"https:\/\/www.facebook.com\/intoscana.it\" \/>\n<meta property=\"article:published_time\" content=\"2021-08-14T10:03:23+00:00\" \/>\n<meta property=\"article:modified_time\" content=\"2021-08-16T07:02:55+00:00\" \/>\n<meta property=\"og:image\" content=\"https:\/\/www.intoscana.it\/wp-content\/uploads\/mascherine-nuove-toscana-coronavirus-2.jpg\" \/>\n\t<meta property=\"og:image:width\" content=\"1000\" \/>\n\t<meta property=\"og:image:height\" content=\"667\" \/>\n\t<meta property=\"og:image:type\" content=\"image\/jpeg\" \/>\n<meta name=\"author\" content=\"Redazione\" \/>\n<meta name=\"twitter:card\" content=\"summary_large_image\" \/>\n<meta name=\"twitter:creator\" content=\"@intoscana\" \/>\n<meta name=\"twitter:site\" content=\"@intoscana\" \/>\n<meta name=\"twitter:label1\" content=\"Written by\" \/>\n\t<meta name=\"twitter:data1\" content=\"Redazione\" \/>\n\t<meta name=\"twitter:label2\" content=\"Est. reading time\" \/>\n\t<meta name=\"twitter:data2\" content=\"3 minuti\" \/>\n<script type=\"application\/ld+json\" class=\"yoast-schema-graph\">{\"@context\":\"https:\/\/schema.org\",\"@graph\":[{\"@type\":\"WebPage\",\"@id\":\"https:\/\/www.intoscana.it\/it\/covid-683-nuovi-casi-e-5-decessi-ricoveri-in-aumento\/\",\"url\":\"https:\/\/www.intoscana.it\/it\/covid-683-nuovi-casi-e-5-decessi-ricoveri-in-aumento\/\",\"name\":\"Covid, 683 nuovi casi e 5 decessi. Ricoveri ancora in aumento - intoscana\",\"isPartOf\":{\"@id\":\"https:\/\/www.intoscana.it\/it\/#website\"},\"primaryImageOfPage\":{\"@id\":\"https:\/\/www.intoscana.it\/it\/covid-683-nuovi-casi-e-5-decessi-ricoveri-in-aumento\/#primaryimage\"},\"image\":{\"@id\":\"https:\/\/www.intoscana.it\/it\/covid-683-nuovi-casi-e-5-decessi-ricoveri-in-aumento\/#primaryimage\"},\"thumbnailUrl\":\"https:\/\/www.intoscana.it\/wp-content\/uploads\/mascherine-nuove-toscana-coronavirus-2.jpg\",\"datePublished\":\"2021-08-14T10:03:23+00:00\",\"dateModified\":\"2021-08-16T07:02:55+00:00\",\"author\":{\"@id\":\"https:\/\/www.intoscana.it\/it\/#\/schema\/person\/9223810753230f20bd670fdd322661f8\"},\"description\":\"Eseguiti 8.227 tamponi molecolari e 6.151 tamponi antigenici rapidi. In aumento di 6 unit\u00e0 i ricoveri ordinari, + 1 in terapia intensiva\u00a0\",\"breadcrumb\":{\"@id\":\"https:\/\/www.intoscana.it\/it\/covid-683-nuovi-casi-e-5-decessi-ricoveri-in-aumento\/#breadcrumb\"},\"inLanguage\":\"it-IT\",\"potentialAction\":[{\"@type\":\"ReadAction\",\"target\":[\"https:\/\/www.intoscana.it\/it\/covid-683-nuovi-casi-e-5-decessi-ricoveri-in-aumento\/\"]}]},{\"@type\":\"ImageObject\",\"inLanguage\":\"it-IT\",\"@id\":\"https:\/\/www.intoscana.it\/it\/covid-683-nuovi-casi-e-5-decessi-ricoveri-in-aumento\/#primaryimage\",\"url\":\"https:\/\/www.intoscana.it\/wp-content\/uploads\/mascherine-nuove-toscana-coronavirus-2.jpg\",\"contentUrl\":\"https:\/\/www.intoscana.it\/wp-content\/uploads\/mascherine-nuove-toscana-coronavirus-2.jpg\",\"width\":1000,\"height\":667},{\"@type\":\"BreadcrumbList\",\"@id\":\"https:\/\/www.intoscana.it\/it\/covid-683-nuovi-casi-e-5-decessi-ricoveri-in-aumento\/#breadcrumb\",\"itemListElement\":[{\"@type\":\"ListItem\",\"position\":1,\"name\":\"Home\",\"item\":\"https:\/\/www.intoscana.it\/it\/\"},{\"@type\":\"ListItem\",\"position\":2,\"name\":\"Covid, 683 nuovi casi e 5 decessi. Ricoveri ancora in aumento\"}]},{\"@type\":\"WebSite\",\"@id\":\"https:\/\/www.intoscana.it\/it\/#website\",\"url\":\"https:\/\/www.intoscana.it\/it\/\",\"name\":\"intoscana\",\"description\":\"\",\"potentialAction\":[{\"@type\":\"SearchAction\",\"target\":{\"@type\":\"EntryPoint\",\"urlTemplate\":\"https:\/\/www.intoscana.it\/it\/?s={search_term_string}\"},\"query-input\":{\"@type\":\"PropertyValueSpecification\",\"valueRequired\":true,\"valueName\":\"search_term_string\"}}],\"inLanguage\":\"it-IT\"},{\"@type\":\"Person\",\"@id\":\"https:\/\/www.intoscana.it\/it\/#\/schema\/person\/9223810753230f20bd670fdd322661f8\",\"name\":\"Redazione\",\"url\":\"https:\/\/www.intoscana.it\/it\/author\/redazione\/\"}]}<\/script>\n<!-- \/ Yoast SEO Premium plugin. -->","yoast_head_json":{"title":"Covid, 683 nuovi casi e 5 decessi. Ricoveri ancora in aumento - intoscana","description":"Eseguiti 8.227 tamponi molecolari e 6.151 tamponi antigenici rapidi. In aumento di 6 unit\u00e0 i ricoveri ordinari, + 1 in terapia intensiva\u00a0","robots":{"index":"index","follow":"follow","max-snippet":"max-snippet:-1","max-image-preview":"max-image-preview:large","max-video-preview":"max-video-preview:-1"},"canonical":"https:\/\/www.intoscana.it\/it\/covid-683-nuovi-casi-e-5-decessi-ricoveri-in-aumento\/","og_locale":"it_IT","og_type":"article","og_title":"Covid, 683 nuovi casi e 5 decessi. Ricoveri ancora in aumento","og_description":"Eseguiti 8.227 tamponi molecolari e 6.151 tamponi antigenici rapidi. In aumento di 6 unit\u00e0 i ricoveri ordinari, + 1 in terapia intensiva\u00a0","og_url":"https:\/\/www.intoscana.it\/it\/covid-683-nuovi-casi-e-5-decessi-ricoveri-in-aumento\/","og_site_name":"intoscana","article_publisher":"https:\/\/www.facebook.com\/intoscana.it","article_published_time":"2021-08-14T10:03:23+00:00","article_modified_time":"2021-08-16T07:02:55+00:00","og_image":[{"width":1000,"height":667,"url":"https:\/\/www.intoscana.it\/wp-content\/uploads\/mascherine-nuove-toscana-coronavirus-2.jpg","type":"image\/jpeg"}],"author":"Redazione","twitter_card":"summary_large_image","twitter_creator":"@intoscana","twitter_site":"@intoscana","twitter_misc":{"Written by":"Redazione","Est. reading time":"3 minuti"},"schema":{"@context":"https:\/\/schema.org","@graph":[{"@type":"WebPage","@id":"https:\/\/www.intoscana.it\/it\/covid-683-nuovi-casi-e-5-decessi-ricoveri-in-aumento\/","url":"https:\/\/www.intoscana.it\/it\/covid-683-nuovi-casi-e-5-decessi-ricoveri-in-aumento\/","name":"Covid, 683 nuovi casi e 5 decessi. Ricoveri ancora in aumento - intoscana","isPartOf":{"@id":"https:\/\/www.intoscana.it\/it\/#website"},"primaryImageOfPage":{"@id":"https:\/\/www.intoscana.it\/it\/covid-683-nuovi-casi-e-5-decessi-ricoveri-in-aumento\/#primaryimage"},"image":{"@id":"https:\/\/www.intoscana.it\/it\/covid-683-nuovi-casi-e-5-decessi-ricoveri-in-aumento\/#primaryimage"},"thumbnailUrl":"https:\/\/www.intoscana.it\/wp-content\/uploads\/mascherine-nuove-toscana-coronavirus-2.jpg","datePublished":"2021-08-14T10:03:23+00:00","dateModified":"2021-08-16T07:02:55+00:00","author":{"@id":"https:\/\/www.intoscana.it\/it\/#\/schema\/person\/9223810753230f20bd670fdd322661f8"},"description":"Eseguiti 8.227 tamponi molecolari e 6.151 tamponi antigenici rapidi. In aumento di 6 unit\u00e0 i ricoveri ordinari, + 1 in terapia intensiva\u00a0","breadcrumb":{"@id":"https:\/\/www.intoscana.it\/it\/covid-683-nuovi-casi-e-5-decessi-ricoveri-in-aumento\/#breadcrumb"},"inLanguage":"it-IT","potentialAction":[{"@type":"ReadAction","target":["https:\/\/www.intoscana.it\/it\/covid-683-nuovi-casi-e-5-decessi-ricoveri-in-aumento\/"]}]},{"@type":"ImageObject","inLanguage":"it-IT","@id":"https:\/\/www.intoscana.it\/it\/covid-683-nuovi-casi-e-5-decessi-ricoveri-in-aumento\/#primaryimage","url":"https:\/\/www.intoscana.it\/wp-content\/uploads\/mascherine-nuove-toscana-coronavirus-2.jpg","contentUrl":"https:\/\/www.intoscana.it\/wp-content\/uploads\/mascherine-nuove-toscana-coronavirus-2.jpg","width":1000,"height":667},{"@type":"BreadcrumbList","@id":"https:\/\/www.intoscana.it\/it\/covid-683-nuovi-casi-e-5-decessi-ricoveri-in-aumento\/#breadcrumb","itemListElement":[{"@type":"ListItem","position":1,"name":"Home","item":"https:\/\/www.intoscana.it\/it\/"},{"@type":"ListItem","position":2,"name":"Covid, 683 nuovi casi e 5 decessi. Ricoveri ancora in aumento"}]},{"@type":"WebSite","@id":"https:\/\/www.intoscana.it\/it\/#website","url":"https:\/\/www.intoscana.it\/it\/","name":"intoscana","description":"","potentialAction":[{"@type":"SearchAction","target":{"@type":"EntryPoint","urlTemplate":"https:\/\/www.intoscana.it\/it\/?s={search_term_string}"},"query-input":{"@type":"PropertyValueSpecification","valueRequired":true,"valueName":"search_term_string"}}],"inLanguage":"it-IT"},{"@type":"Person","@id":"https:\/\/www.intoscana.it\/it\/#\/schema\/person\/9223810753230f20bd670fdd322661f8","name":"Redazione","url":"https:\/\/www.intoscana.it\/it\/author\/redazione\/"}]}},"_links":{"self":[{"href":"https:\/\/www.intoscana.it\/it\/wp-json\/wp\/v2\/posts\/186527","targetHints":{"allow":["GET"]}}],"collection":[{"href":"https:\/\/www.intoscana.it\/it\/wp-json\/wp\/v2\/posts"}],"about":[{"href":"https:\/\/www.intoscana.it\/it\/wp-json\/wp\/v2\/types\/post"}],"author":[{"embeddable":true,"href":"https:\/\/www.intoscana.it\/it\/wp-json\/wp\/v2\/users\/525"}],"replies":[{"embeddable":true,"href":"https:\/\/www.intoscana.it\/it\/wp-json\/wp\/v2\/comments?post=186527"}],"version-history":[{"count":0,"href":"https:\/\/www.intoscana.it\/it\/wp-json\/wp\/v2\/posts\/186527\/revisions"}],"wp:featuredmedia":[{"embeddable":true,"href":"https:\/\/www.intoscana.it\/it\/wp-json\/wp\/v2\/media\/100475"}],"wp:attachment":[{"href":"https:\/\/www.intoscana.it\/it\/wp-json\/wp\/v2\/media?parent=186527"}],"wp:term":[{"taxonomy":"category","embeddable":true,"href":"https:\/\/www.intoscana.it\/it\/wp-json\/wp\/v2\/categories?post=186527"},{"taxonomy":"post_tag","embeddable":true,"href":"https:\/\/www.intoscana.it\/it\/wp-json\/wp\/v2\/tags?post=186527"}],"curies":[{"name":"wp","href":"https:\/\/api.w.org\/{rel}","templated":true}]}}