{"id":186563,"date":"2021-08-16T10:23:09","date_gmt":"2021-08-16T08:23:09","guid":{"rendered":"https:\/\/www.intoscana.it\/it\/?p=186563"},"modified":"2021-08-16T16:35:51","modified_gmt":"2021-08-16T14:35:51","slug":"fiamme-sui-monti-pisani-torna-lincubo-incendi-anche-in-versilia","status":"publish","type":"post","link":"https:\/\/www.intoscana.it\/it\/fiamme-sui-monti-pisani-torna-lincubo-incendi-anche-in-versilia\/","title":{"rendered":"Fiamme sui Monti Pisani, torna l&#8217;incubo. Incendi anche in Versilia"},"content":{"rendered":"<p class=\"p1\">Notti e giorni caldissimi e poi il vento. Ma soprattutto l\u2019incivilt\u00e0 e le distrazioni fatali. Un mix che ha favorito gli <strong>incendi<\/strong>, terribili, che hanno segnato uno dei Ferrogasto pi\u00f9 bollenti di sempre. <mark>Il pi\u00f9 devastante, anche perch\u00e9 ha riaperto una ferita non ancora rimarginata, \u00e8 quello sui Monti Pisani. A Vicopisano sono andati distrutti 25 ettari di terreni, tra oliveti e pineta, evacuate anche 10 famiglie tra le localit\u00e0 Capitano, Palazzetto, Novaia e La Lastra.<\/mark><\/p>\n<figure id=\"post-186568 media-186568\" class=\"align-none\"><img decoding=\"async\" src=\"https:\/\/www.intoscana.it\/wp-content\/uploads\/incendio-monti-pisani-4.jpg\" alt=\"\" \/><\/figure>\n<p class=\"p1\">Nella tarda mattinata del 15 agosto il presidente della Regione, <strong>Eugenio Giani<\/strong>, ha annunciato che la situazione \u00e8 tornata finalmente sotto controllo, dopo una notte in cui la sala operativa regionale ha lavorato a pieno ritmo. <mark>Sono stati impiegati<span class=\"Apple-converted-space\">\u00a0 <\/span>tre elicotteri e un canadair, insieme a operai forestali, volontariato antincendi boschivi e vigili del fuoco per la bonifica, per evitare che nelle ore pi\u00f9 calde l&#8217;incendio presenti delle riprese. Secondo una testimonianza sarebbe partito tutto da un barbeque in un casa in affitto a turisti stranieri.<\/p>\n<p style=\"text-align: center;\"><iframe loading=\"lazy\" style=\"border: none; overflow: hidden;\" src=\"https:\/\/www.facebook.com\/plugins\/post.php?href=https%3A%2F%2Fwww.facebook.com%2Feugeniogianiufficiale%2Fposts%2F4026001370856170&amp;show_text=true&amp;width=500\" width=\"500\" height=\"685\" frameborder=\"0\" scrolling=\"no\" allowfullscreen=\"allowfullscreen\"><\/iframe><\/p>\n<p class=\"p1\"><em>\u201cUn immenso grazie alle squadre in campo di operatori, volontari Aib e vigili del fuoco <\/em>&#8211; ha detto il presidente<em> &#8211; che hanno lottato senza sosta durante tutta la notte per estinguere le fiamme, la Toscana \u00e8 fiera di voi&#8221;. <\/em>E intanto si pensa al dopo: <em>&#8220;Saremo in prima linea anche nelle opere di riforestazione per prevenire e tutelare la natura&#8221;, <\/em>ha aggiunto il presidente.<\/p>\n<p class=\"p1\">La mente \u00e8 tornata subito <a href=\"https:\/\/www.intoscana.it\/it\/articolo\/monte-serra-nuovi-incendi-sul-versante-lucchese\/\" target=\"_blank\" rel=\"noopener\">all&#8217;incendio del 2018<\/a>, quando le fiamme devastarono centinaia di ettari di bosco.\u00a0 <em>&#8220;Sono state una sera e una notte durissime <\/em>&#8211; sottolinea l&#8217;Amministrazione comunale di Vicopisano in una nota &#8211;<em> soprattutto nelle prime ore quando si \u00e8 alzato un vento forte che ha complicato le gi\u00e0 ostiche operazioni di soccorso, ma lo straordinario lavoro delle numerose squadre del coordinamento volontariato antincendi boschivi Toscana e dei vigili del fuoco ha fatto s\u00ec che gi\u00e0 stanotte, dalle 3 in poi, l&#8217;incendio fosse stabilizzato anche nel suo ultimo fronte di resistenza, la gola di San Jacopo&#8221;. [mark]Il sindaco Matteo Ferrucci si compiace del fatto che &#8220;in un lampo si \u00e8 messa in moto una grande macchina di coordinamento, operativa e organizzativa di altissimo livello&#8221;.<\/mark> &#8220;E il risultato <\/em>&#8211; ha concluso Ferrucci &#8211;<em> di fare squadra, come istituzioni e associazioni per supportare chi \u00e8 sul Monte a domare il fuoco, \u00e8 quello di poter gi\u00e0 iniziare la bonifica&#8221;.<\/em><\/p>\n<figure id=\"post-186566 media-186566\" class=\"align-none\"><img decoding=\"async\" src=\"https:\/\/www.intoscana.it\/wp-content\/uploads\/incendio-monte-pisano.jpg\" alt=\"\" \/><\/figure>\n<p class=\"p2\">L&#8217;assessora alla Protezione civile, <strong>Monia Monni<\/strong>, rilancia il suo <a href=\"https:\/\/www.intoscana.it\/it\/articolo\/in-toscana-3-incendi-al-giorno-appello-di-monni-in-vista-della-settimana-piu-calda-evitare-comportamenti-a-rischio\/\" target=\"_blank\" rel=\"noopener\">appello<\/a>\u00a0alla responsabilit\u00e0: <em>&#8220;Con il caldo di questi giorni l\u2019attenzione deve restare alta, evitiamo comportamenti che potrebbero mettere a rischio l\u2019ambiente. E se vediamo un incendio, chiamiamo subito il 112 oppure il numero regionale 800425425&#8221;.<\/em><\/p>\n<h3><em>Altri incendi, dal grossetano alla Versilia<\/em><\/h3>\n<p>E sempre nei giorni di Ferragosto altri incendi, per fortuna senza gravi conseguenze, hanno interessato la Toscana. <mark>Uno nel comune di Camaiore, in localit\u00e0\u00a0 Orbicciano. Sul posto sono intervenuti \u00a0tre elicotteri anticendio regionali e un canadair.<\/mark><\/p>\n<figure id=\"post-186535 media-186535\" class=\"align-none\"><img decoding=\"async\" src=\"https:\/\/www.intoscana.it\/wp-content\/uploads\/Incendio-Orbicciano-14-ago-21-e1628943924952.jpeg\" alt=\"\" \/><\/figure>\n<p>Ancora roghi in Versilia, dove le fiamme hanno interessato i boschi di <strong>Valdicastello<\/strong>, nel comune di Pietrasanta. Un incendio <em>&#8220;potenzialmente pericoloso a causa del vento\u00a0 <\/em>&#8211; ha detto il presidente Giani &#8211;<em> che sta minacciando alcune abitazioni. Inviati immediatamente tre elicotteri regionali e numerose squadre antincendio, i vigili del fuoco sono gi\u00e0 schierati a difesa delle case&#8221;<\/em>. A scopo precauzionale nella notte sono state fatte evacuare 10 persone, tra le quali anche bambini e anziani. Le fiamme sono infatti arrivate fino a circa 70-80 metri di distanza da alcune abitazioni. \u00c8 stato anche necessario disabilitare un traliccio dell&#8217;alta tensione investito dalle fiamme. Nel pomeriggio di luned\u00ec 16 agosto la situazione si \u00e8 normalizzata e le persone sono potute tornare nella proprie abitazioni.<\/p>\n<p>Da segnalare anche le fiamme nella zona di Catabbio, nel comune di <strong>Semproniano<\/strong> (Grosseto), dove le fiamme hanno\u00a0 interessando terreni incolti e zone boscate. Al lavoro squadre di volontari antincendi boschivi, operai forestali dell&#8217;Unione Comuni del Fiora con il supporto di un elicottero regionale.<\/p>\n<p class=\"p1\">\n","protected":false},"excerpt":{"rendered":"<p>A Vicopisano le fiamme hanno bruciato 25 ettari di olivi e pineta. Dieci le famiglie evacuate. Roghi anche a Camaiore, Valdicastello e nel grossetano<\/p>\n","protected":false},"author":525,"featured_media":186564,"comment_status":"open","ping_status":"open","sticky":false,"template":"","format":"standard","meta":{"_acf_changed":false,"footnotes":""},"categories":[494],"tags":[4435,158,5232,4619],"class_list":["post-186563","post","type-post","status-publish","format-standard","has-post-thumbnail","hentry","category-attualita","tag-anti-incendi-boschivi","tag-eugenio-giani","tag-monia-monni","tag-monte-pisano"],"acf":[],"yoast_head":"<!-- This site is optimized with the Yoast SEO Premium plugin v24.2 (Yoast SEO v25.6) - https:\/\/yoast.com\/wordpress\/plugins\/seo\/ -->\n<title>Fiamme sui Monti Pisani, torna l&#039;incubo. Incendi anche in Versilia - intoscana<\/title>\n<meta name=\"description\" content=\"A Vicopisano le fiamme hanno bruciato 25 ettari di olivi e pineta. Dieci le famiglie evacuate. Roghi anche a Camaiore, Valdicastello e nel grossetano\" \/>\n<meta name=\"robots\" content=\"index, follow, max-snippet:-1, max-image-preview:large, max-video-preview:-1\" \/>\n<link rel=\"canonical\" href=\"https:\/\/www.intoscana.it\/it\/fiamme-sui-monti-pisani-torna-lincubo-incendi-anche-in-versilia\/\" \/>\n<meta property=\"og:locale\" content=\"it_IT\" \/>\n<meta property=\"og:type\" content=\"article\" \/>\n<meta property=\"og:title\" content=\"Fiamme sui Monti Pisani, torna l&#039;incubo. Incendi anche in Versilia\" \/>\n<meta property=\"og:description\" content=\"A Vicopisano le fiamme hanno bruciato 25 ettari di olivi e pineta. Dieci le famiglie evacuate. Roghi anche a Camaiore, Valdicastello e nel grossetano\" \/>\n<meta property=\"og:url\" content=\"https:\/\/www.intoscana.it\/it\/fiamme-sui-monti-pisani-torna-lincubo-incendi-anche-in-versilia\/\" \/>\n<meta property=\"og:site_name\" content=\"intoscana\" \/>\n<meta property=\"article:publisher\" content=\"https:\/\/www.facebook.com\/intoscana.it\" \/>\n<meta property=\"article:published_time\" content=\"2021-08-16T08:23:09+00:00\" \/>\n<meta property=\"article:modified_time\" content=\"2021-08-16T14:35:51+00:00\" \/>\n<meta property=\"og:image\" content=\"https:\/\/www.intoscana.it\/wp-content\/uploads\/incendio-monte-pisano-2021.jpg\" \/>\n\t<meta property=\"og:image:width\" content=\"960\" \/>\n\t<meta property=\"og:image:height\" content=\"960\" \/>\n\t<meta property=\"og:image:type\" content=\"image\/jpeg\" \/>\n<meta name=\"author\" content=\"Redazione\" \/>\n<meta name=\"twitter:card\" content=\"summary_large_image\" \/>\n<meta name=\"twitter:creator\" content=\"@intoscana\" \/>\n<meta name=\"twitter:site\" content=\"@intoscana\" \/>\n<meta name=\"twitter:label1\" content=\"Written by\" \/>\n\t<meta name=\"twitter:data1\" content=\"Redazione\" \/>\n\t<meta name=\"twitter:label2\" content=\"Est. reading time\" \/>\n\t<meta name=\"twitter:data2\" content=\"3 minuti\" \/>\n<script type=\"application\/ld+json\" class=\"yoast-schema-graph\">{\"@context\":\"https:\/\/schema.org\",\"@graph\":[{\"@type\":\"WebPage\",\"@id\":\"https:\/\/www.intoscana.it\/it\/fiamme-sui-monti-pisani-torna-lincubo-incendi-anche-in-versilia\/\",\"url\":\"https:\/\/www.intoscana.it\/it\/fiamme-sui-monti-pisani-torna-lincubo-incendi-anche-in-versilia\/\",\"name\":\"Fiamme sui Monti Pisani, torna l'incubo. Incendi anche in Versilia - intoscana\",\"isPartOf\":{\"@id\":\"https:\/\/www.intoscana.it\/it\/#website\"},\"primaryImageOfPage\":{\"@id\":\"https:\/\/www.intoscana.it\/it\/fiamme-sui-monti-pisani-torna-lincubo-incendi-anche-in-versilia\/#primaryimage\"},\"image\":{\"@id\":\"https:\/\/www.intoscana.it\/it\/fiamme-sui-monti-pisani-torna-lincubo-incendi-anche-in-versilia\/#primaryimage\"},\"thumbnailUrl\":\"https:\/\/www.intoscana.it\/wp-content\/uploads\/incendio-monte-pisano-2021.jpg\",\"datePublished\":\"2021-08-16T08:23:09+00:00\",\"dateModified\":\"2021-08-16T14:35:51+00:00\",\"author\":{\"@id\":\"https:\/\/www.intoscana.it\/it\/#\/schema\/person\/9223810753230f20bd670fdd322661f8\"},\"description\":\"A Vicopisano le fiamme hanno bruciato 25 ettari di olivi e pineta. Dieci le famiglie evacuate. Roghi anche a Camaiore, Valdicastello e nel grossetano\",\"breadcrumb\":{\"@id\":\"https:\/\/www.intoscana.it\/it\/fiamme-sui-monti-pisani-torna-lincubo-incendi-anche-in-versilia\/#breadcrumb\"},\"inLanguage\":\"it-IT\",\"potentialAction\":[{\"@type\":\"ReadAction\",\"target\":[\"https:\/\/www.intoscana.it\/it\/fiamme-sui-monti-pisani-torna-lincubo-incendi-anche-in-versilia\/\"]}]},{\"@type\":\"ImageObject\",\"inLanguage\":\"it-IT\",\"@id\":\"https:\/\/www.intoscana.it\/it\/fiamme-sui-monti-pisani-torna-lincubo-incendi-anche-in-versilia\/#primaryimage\",\"url\":\"https:\/\/www.intoscana.it\/wp-content\/uploads\/incendio-monte-pisano-2021.jpg\",\"contentUrl\":\"https:\/\/www.intoscana.it\/wp-content\/uploads\/incendio-monte-pisano-2021.jpg\",\"width\":960,\"height\":960},{\"@type\":\"BreadcrumbList\",\"@id\":\"https:\/\/www.intoscana.it\/it\/fiamme-sui-monti-pisani-torna-lincubo-incendi-anche-in-versilia\/#breadcrumb\",\"itemListElement\":[{\"@type\":\"ListItem\",\"position\":1,\"name\":\"Home\",\"item\":\"https:\/\/www.intoscana.it\/it\/\"},{\"@type\":\"ListItem\",\"position\":2,\"name\":\"Fiamme sui Monti Pisani, torna l&#8217;incubo. Incendi anche in Versilia\"}]},{\"@type\":\"WebSite\",\"@id\":\"https:\/\/www.intoscana.it\/it\/#website\",\"url\":\"https:\/\/www.intoscana.it\/it\/\",\"name\":\"intoscana\",\"description\":\"\",\"potentialAction\":[{\"@type\":\"SearchAction\",\"target\":{\"@type\":\"EntryPoint\",\"urlTemplate\":\"https:\/\/www.intoscana.it\/it\/?s={search_term_string}\"},\"query-input\":{\"@type\":\"PropertyValueSpecification\",\"valueRequired\":true,\"valueName\":\"search_term_string\"}}],\"inLanguage\":\"it-IT\"},{\"@type\":\"Person\",\"@id\":\"https:\/\/www.intoscana.it\/it\/#\/schema\/person\/9223810753230f20bd670fdd322661f8\",\"name\":\"Redazione\",\"url\":\"https:\/\/www.intoscana.it\/it\/author\/redazione\/\"}]}<\/script>\n<!-- \/ Yoast SEO Premium plugin. -->","yoast_head_json":{"title":"Fiamme sui Monti Pisani, torna l'incubo. Incendi anche in Versilia - intoscana","description":"A Vicopisano le fiamme hanno bruciato 25 ettari di olivi e pineta. Dieci le famiglie evacuate. Roghi anche a Camaiore, Valdicastello e nel grossetano","robots":{"index":"index","follow":"follow","max-snippet":"max-snippet:-1","max-image-preview":"max-image-preview:large","max-video-preview":"max-video-preview:-1"},"canonical":"https:\/\/www.intoscana.it\/it\/fiamme-sui-monti-pisani-torna-lincubo-incendi-anche-in-versilia\/","og_locale":"it_IT","og_type":"article","og_title":"Fiamme sui Monti Pisani, torna l'incubo. Incendi anche in Versilia","og_description":"A Vicopisano le fiamme hanno bruciato 25 ettari di olivi e pineta. Dieci le famiglie evacuate. Roghi anche a Camaiore, Valdicastello e nel grossetano","og_url":"https:\/\/www.intoscana.it\/it\/fiamme-sui-monti-pisani-torna-lincubo-incendi-anche-in-versilia\/","og_site_name":"intoscana","article_publisher":"https:\/\/www.facebook.com\/intoscana.it","article_published_time":"2021-08-16T08:23:09+00:00","article_modified_time":"2021-08-16T14:35:51+00:00","og_image":[{"width":960,"height":960,"url":"https:\/\/www.intoscana.it\/wp-content\/uploads\/incendio-monte-pisano-2021.jpg","type":"image\/jpeg"}],"author":"Redazione","twitter_card":"summary_large_image","twitter_creator":"@intoscana","twitter_site":"@intoscana","twitter_misc":{"Written by":"Redazione","Est. reading time":"3 minuti"},"schema":{"@context":"https:\/\/schema.org","@graph":[{"@type":"WebPage","@id":"https:\/\/www.intoscana.it\/it\/fiamme-sui-monti-pisani-torna-lincubo-incendi-anche-in-versilia\/","url":"https:\/\/www.intoscana.it\/it\/fiamme-sui-monti-pisani-torna-lincubo-incendi-anche-in-versilia\/","name":"Fiamme sui Monti Pisani, torna l'incubo. Incendi anche in Versilia - intoscana","isPartOf":{"@id":"https:\/\/www.intoscana.it\/it\/#website"},"primaryImageOfPage":{"@id":"https:\/\/www.intoscana.it\/it\/fiamme-sui-monti-pisani-torna-lincubo-incendi-anche-in-versilia\/#primaryimage"},"image":{"@id":"https:\/\/www.intoscana.it\/it\/fiamme-sui-monti-pisani-torna-lincubo-incendi-anche-in-versilia\/#primaryimage"},"thumbnailUrl":"https:\/\/www.intoscana.it\/wp-content\/uploads\/incendio-monte-pisano-2021.jpg","datePublished":"2021-08-16T08:23:09+00:00","dateModified":"2021-08-16T14:35:51+00:00","author":{"@id":"https:\/\/www.intoscana.it\/it\/#\/schema\/person\/9223810753230f20bd670fdd322661f8"},"description":"A Vicopisano le fiamme hanno bruciato 25 ettari di olivi e pineta. Dieci le famiglie evacuate. Roghi anche a Camaiore, Valdicastello e nel grossetano","breadcrumb":{"@id":"https:\/\/www.intoscana.it\/it\/fiamme-sui-monti-pisani-torna-lincubo-incendi-anche-in-versilia\/#breadcrumb"},"inLanguage":"it-IT","potentialAction":[{"@type":"ReadAction","target":["https:\/\/www.intoscana.it\/it\/fiamme-sui-monti-pisani-torna-lincubo-incendi-anche-in-versilia\/"]}]},{"@type":"ImageObject","inLanguage":"it-IT","@id":"https:\/\/www.intoscana.it\/it\/fiamme-sui-monti-pisani-torna-lincubo-incendi-anche-in-versilia\/#primaryimage","url":"https:\/\/www.intoscana.it\/wp-content\/uploads\/incendio-monte-pisano-2021.jpg","contentUrl":"https:\/\/www.intoscana.it\/wp-content\/uploads\/incendio-monte-pisano-2021.jpg","width":960,"height":960},{"@type":"BreadcrumbList","@id":"https:\/\/www.intoscana.it\/it\/fiamme-sui-monti-pisani-torna-lincubo-incendi-anche-in-versilia\/#breadcrumb","itemListElement":[{"@type":"ListItem","position":1,"name":"Home","item":"https:\/\/www.intoscana.it\/it\/"},{"@type":"ListItem","position":2,"name":"Fiamme sui Monti Pisani, torna l&#8217;incubo. Incendi anche in Versilia"}]},{"@type":"WebSite","@id":"https:\/\/www.intoscana.it\/it\/#website","url":"https:\/\/www.intoscana.it\/it\/","name":"intoscana","description":"","potentialAction":[{"@type":"SearchAction","target":{"@type":"EntryPoint","urlTemplate":"https:\/\/www.intoscana.it\/it\/?s={search_term_string}"},"query-input":{"@type":"PropertyValueSpecification","valueRequired":true,"valueName":"search_term_string"}}],"inLanguage":"it-IT"},{"@type":"Person","@id":"https:\/\/www.intoscana.it\/it\/#\/schema\/person\/9223810753230f20bd670fdd322661f8","name":"Redazione","url":"https:\/\/www.intoscana.it\/it\/author\/redazione\/"}]}},"_links":{"self":[{"href":"https:\/\/www.intoscana.it\/it\/wp-json\/wp\/v2\/posts\/186563","targetHints":{"allow":["GET"]}}],"collection":[{"href":"https:\/\/www.intoscana.it\/it\/wp-json\/wp\/v2\/posts"}],"about":[{"href":"https:\/\/www.intoscana.it\/it\/wp-json\/wp\/v2\/types\/post"}],"author":[{"embeddable":true,"href":"https:\/\/www.intoscana.it\/it\/wp-json\/wp\/v2\/users\/525"}],"replies":[{"embeddable":true,"href":"https:\/\/www.intoscana.it\/it\/wp-json\/wp\/v2\/comments?post=186563"}],"version-history":[{"count":0,"href":"https:\/\/www.intoscana.it\/it\/wp-json\/wp\/v2\/posts\/186563\/revisions"}],"wp:featuredmedia":[{"embeddable":true,"href":"https:\/\/www.intoscana.it\/it\/wp-json\/wp\/v2\/media\/186564"}],"wp:attachment":[{"href":"https:\/\/www.intoscana.it\/it\/wp-json\/wp\/v2\/media?parent=186563"}],"wp:term":[{"taxonomy":"category","embeddable":true,"href":"https:\/\/www.intoscana.it\/it\/wp-json\/wp\/v2\/categories?post=186563"},{"taxonomy":"post_tag","embeddable":true,"href":"https:\/\/www.intoscana.it\/it\/wp-json\/wp\/v2\/tags?post=186563"}],"curies":[{"name":"wp","href":"https:\/\/api.w.org\/{rel}","templated":true}]}}