{"id":186668,"date":"2021-08-17T12:59:57","date_gmt":"2021-08-17T10:59:57","guid":{"rendered":"https:\/\/www.intoscana.it\/it\/?p=186668"},"modified":"2021-08-18T15:06:23","modified_gmt":"2021-08-18T13:06:23","slug":"covid-396-nuovi-casi-aumentano-ancora-i-ricoveri-5-i-decessi","status":"publish","type":"post","link":"https:\/\/www.intoscana.it\/it\/covid-396-nuovi-casi-aumentano-ancora-i-ricoveri-5-i-decessi\/","title":{"rendered":"Covid, 396 nuovi casi. Aumentano ancora i ricoveri, 5 i decessi"},"content":{"rendered":"<p class=\"p1\">I nuovi casi <strong>Covid<\/strong> registrati in Toscana nelle 24 ore sono stati 396 su 11.226 test di cui 6.312 tamponi molecolari e 4.914 test rapidi. Il tasso dei nuovi positivi \u00e8 3,53% (9,0% sulle prime diagnosi). Una riduzione rispetto ai giorni precedenti.<\/p>\n<p class=\"p1\"><mark>Nessuna frenata invece sui ricoveri:<span class=\"Apple-converted-space\">\u00a0 <\/span>sono 347 (13 in pi\u00f9 rispetto a ieri), di cui 38 in terapia intensiva (1 in pi\u00f9). Oggi si registrano 5 nuovi decessi: 2 uomini e 3 donne con un&#8217;et\u00e0 media di 72,6 anni.<\/mark><\/p>\n<p class=\"p1\">L&#8217;et\u00e0 media dei 396 nuovi positivi odierni \u00e8 di 37 anni: 25% ha meno di 20 anni, 34% tra 20 e 39 anni, 27% tra 40 e 59 anni, 8% tra 60 e 79 anni, 6% ha 80 anni o pi\u00f9.<\/p>\n<h3 class=\"p1\"><em>I casi di positivit\u00e0 sul territorio<\/em><\/h3>\n<p class=\"p1\">Sono 72.941 i casi complessivi ad oggi a Firenze (94 in pi\u00f9 rispetto a ieri), 23.986 a Prato (42 in pi\u00f9), 24.543 a Pistoia (47 in pi\u00f9), 14.013 a Massa (5 in pi\u00f9), 27.084 a Lucca (56 in pi\u00f9), 31.326 a Pisa (48 in pi\u00f9), 19.278 a Livorno (38 in pi\u00f9), 24.244 ad Arezzo (35 in pi\u00f9), 14.851 a Siena (14 in pi\u00f9), 10.078 a Grosseto (17 in pi\u00f9).<\/p>\n<p class=\"p1\">Complessivamente, 11.927 persone sono in <strong>isolamento<\/strong> a casa, poich\u00e9 presentano sintomi lievi che non richiedono cure ospedaliere, o risultano prive di sintomi (127 in meno rispetto a ieri, meno 1,1%). Sono 12.038 (263 in meno rispetto a ieri, meno 2,1%) le persone, anch&#8217;esse isolate, in sorveglianza attiva perch\u00e9 hanno avuto contatti con persone contagiate (ASL Centro 4.275, Nord Ovest 6.021, Sud Est 1.742).<\/p>\n<p class=\"p1\"><mark>Sono 6.958 i deceduti dall&#8217;inizio dell&#8217;epidemia:<\/mark> 2.245 a Firenze, 608 a Prato, 637 a Pistoia, 529 a Massa Carrara, 671 a Lucca, 704 a Pisa, 418 a Livorno, 524 ad Arezzo, 340 a Siena, 191 a Grosseto, 91 persone sono decedute sul suolo toscano ma erano residenti fuori regione.<\/p>\n<h3><em>Pi\u00f9 di 2 milioni di toscani sono completamente vaccinati<\/em><\/h3>\n<p><em>&#8220;Abbiamo superato i 4 milioni e mezzo di vaccini somministrati, oltre il 75% dei toscani over 12 ha ricevuto la prima dose e pi\u00f9 di 2 milioni di persone anche il richiamo&#8221;<\/em>, ha fatto sapere oggi il presidente della Regione, <strong>Eugenio Giani<\/strong>.<\/p>\n<p>Per l&#8217;esattezza, sono 4.552.113 vaccinazioni a questa mattina,\u00a0 30.181 in pi\u00f9 rispetto a ieri (+0,7%). La Toscana \u00e8 la settima regione per % di dosi somministrate su quelle consegnate (il 96,4% delle 4.720.516 consegnate), per un tasso di vaccinazioni effettuate di 124.092 per 100mila abitanti (la media italiana \u00e8 124.899 per 100mila).<\/p>\n","protected":false},"excerpt":{"rendered":"<p>Sono 13 in pi\u00f9 le persone in ospedale rispetto a ieri. Vaccini, Giani: &#8220;Oltre il 75% dei toscani over 12 ha ricevuto la prima dose e pi\u00f9 di 2 milioni di persone anche il richiamo&#8221;<\/p>\n","protected":false},"author":525,"featured_media":143861,"comment_status":"open","ping_status":"open","sticky":false,"template":"","format":"standard","meta":{"_acf_changed":false,"footnotes":""},"categories":[494],"tags":[418],"class_list":["post-186668","post","type-post","status-publish","format-standard","has-post-thumbnail","hentry","category-attualita","tag-covid-19"],"acf":[],"yoast_head":"<!-- This site is optimized with the Yoast SEO Premium plugin v24.2 (Yoast SEO v25.6) - https:\/\/yoast.com\/wordpress\/plugins\/seo\/ -->\n<title>Covid, 396 nuovi casi. Aumentano ancora i ricoveri, 5 i decessi - intoscana<\/title>\n<meta name=\"description\" content=\"Sono 13 in pi\u00f9 le persone in ospedale rispetto a ieri. Vaccini, Giani: &quot;Il 75% dei toscani ha ricevuto la prima dose e 2 milioni anche il richiamo&quot;\" \/>\n<meta name=\"robots\" content=\"index, follow, max-snippet:-1, max-image-preview:large, max-video-preview:-1\" \/>\n<link rel=\"canonical\" href=\"https:\/\/www.intoscana.it\/it\/covid-396-nuovi-casi-aumentano-ancora-i-ricoveri-5-i-decessi\/\" \/>\n<meta property=\"og:locale\" content=\"it_IT\" \/>\n<meta property=\"og:type\" content=\"article\" \/>\n<meta property=\"og:title\" content=\"Covid, 396 nuovi casi. Aumentano ancora i ricoveri, 5 i decessi\" \/>\n<meta property=\"og:description\" content=\"Sono 13 in pi\u00f9 le persone in ospedale rispetto a ieri. Vaccini, Giani: &quot;Il 75% dei toscani ha ricevuto la prima dose e 2 milioni anche il richiamo&quot;\" \/>\n<meta property=\"og:url\" content=\"https:\/\/www.intoscana.it\/it\/covid-396-nuovi-casi-aumentano-ancora-i-ricoveri-5-i-decessi\/\" \/>\n<meta property=\"og:site_name\" content=\"intoscana\" \/>\n<meta property=\"article:publisher\" content=\"https:\/\/www.facebook.com\/intoscana.it\" \/>\n<meta property=\"article:published_time\" content=\"2021-08-17T10:59:57+00:00\" \/>\n<meta property=\"article:modified_time\" content=\"2021-08-18T13:06:23+00:00\" \/>\n<meta property=\"og:image\" content=\"https:\/\/www.intoscana.it\/wp-content\/uploads\/covid-17-agosto-toscana-dati.001.jpeg\" \/>\n\t<meta property=\"og:image:width\" content=\"1200\" \/>\n\t<meta property=\"og:image:height\" content=\"630\" \/>\n\t<meta property=\"og:image:type\" content=\"image\/jpeg\" \/>\n<meta name=\"author\" content=\"Redazione\" \/>\n<meta name=\"twitter:card\" content=\"summary_large_image\" \/>\n<meta name=\"twitter:creator\" content=\"@intoscana\" \/>\n<meta name=\"twitter:site\" content=\"@intoscana\" \/>\n<meta name=\"twitter:label1\" content=\"Written by\" \/>\n\t<meta name=\"twitter:data1\" content=\"Redazione\" \/>\n\t<meta name=\"twitter:label2\" content=\"Est. reading time\" \/>\n\t<meta name=\"twitter:data2\" content=\"2 minuti\" \/>\n<script type=\"application\/ld+json\" class=\"yoast-schema-graph\">{\"@context\":\"https:\/\/schema.org\",\"@graph\":[{\"@type\":\"WebPage\",\"@id\":\"https:\/\/www.intoscana.it\/it\/covid-396-nuovi-casi-aumentano-ancora-i-ricoveri-5-i-decessi\/\",\"url\":\"https:\/\/www.intoscana.it\/it\/covid-396-nuovi-casi-aumentano-ancora-i-ricoveri-5-i-decessi\/\",\"name\":\"Covid, 396 nuovi casi. Aumentano ancora i ricoveri, 5 i decessi - intoscana\",\"isPartOf\":{\"@id\":\"https:\/\/www.intoscana.it\/it\/#website\"},\"primaryImageOfPage\":{\"@id\":\"https:\/\/www.intoscana.it\/it\/covid-396-nuovi-casi-aumentano-ancora-i-ricoveri-5-i-decessi\/#primaryimage\"},\"image\":{\"@id\":\"https:\/\/www.intoscana.it\/it\/covid-396-nuovi-casi-aumentano-ancora-i-ricoveri-5-i-decessi\/#primaryimage\"},\"thumbnailUrl\":\"https:\/\/www.intoscana.it\/wp-content\/uploads\/distanziamento_sociale.jpg\",\"datePublished\":\"2021-08-17T10:59:57+00:00\",\"dateModified\":\"2021-08-18T13:06:23+00:00\",\"author\":{\"@id\":\"https:\/\/www.intoscana.it\/it\/#\/schema\/person\/9223810753230f20bd670fdd322661f8\"},\"description\":\"Sono 13 in pi\u00f9 le persone in ospedale rispetto a ieri. Vaccini, Giani: \\\"Il 75% dei toscani ha ricevuto la prima dose e 2 milioni anche il richiamo\\\"\",\"breadcrumb\":{\"@id\":\"https:\/\/www.intoscana.it\/it\/covid-396-nuovi-casi-aumentano-ancora-i-ricoveri-5-i-decessi\/#breadcrumb\"},\"inLanguage\":\"it-IT\",\"potentialAction\":[{\"@type\":\"ReadAction\",\"target\":[\"https:\/\/www.intoscana.it\/it\/covid-396-nuovi-casi-aumentano-ancora-i-ricoveri-5-i-decessi\/\"]}]},{\"@type\":\"ImageObject\",\"inLanguage\":\"it-IT\",\"@id\":\"https:\/\/www.intoscana.it\/it\/covid-396-nuovi-casi-aumentano-ancora-i-ricoveri-5-i-decessi\/#primaryimage\",\"url\":\"https:\/\/www.intoscana.it\/wp-content\/uploads\/distanziamento_sociale.jpg\",\"contentUrl\":\"https:\/\/www.intoscana.it\/wp-content\/uploads\/distanziamento_sociale.jpg\",\"width\":2000,\"height\":1334,\"caption\":\"Coronavirus\"},{\"@type\":\"BreadcrumbList\",\"@id\":\"https:\/\/www.intoscana.it\/it\/covid-396-nuovi-casi-aumentano-ancora-i-ricoveri-5-i-decessi\/#breadcrumb\",\"itemListElement\":[{\"@type\":\"ListItem\",\"position\":1,\"name\":\"Home\",\"item\":\"https:\/\/www.intoscana.it\/it\/\"},{\"@type\":\"ListItem\",\"position\":2,\"name\":\"Covid, 396 nuovi casi. Aumentano ancora i ricoveri, 5 i decessi\"}]},{\"@type\":\"WebSite\",\"@id\":\"https:\/\/www.intoscana.it\/it\/#website\",\"url\":\"https:\/\/www.intoscana.it\/it\/\",\"name\":\"intoscana\",\"description\":\"\",\"potentialAction\":[{\"@type\":\"SearchAction\",\"target\":{\"@type\":\"EntryPoint\",\"urlTemplate\":\"https:\/\/www.intoscana.it\/it\/?s={search_term_string}\"},\"query-input\":{\"@type\":\"PropertyValueSpecification\",\"valueRequired\":true,\"valueName\":\"search_term_string\"}}],\"inLanguage\":\"it-IT\"},{\"@type\":\"Person\",\"@id\":\"https:\/\/www.intoscana.it\/it\/#\/schema\/person\/9223810753230f20bd670fdd322661f8\",\"name\":\"Redazione\",\"url\":\"https:\/\/www.intoscana.it\/it\/author\/redazione\/\"}]}<\/script>\n<!-- \/ Yoast SEO Premium plugin. -->","yoast_head_json":{"title":"Covid, 396 nuovi casi. Aumentano ancora i ricoveri, 5 i decessi - intoscana","description":"Sono 13 in pi\u00f9 le persone in ospedale rispetto a ieri. Vaccini, Giani: \"Il 75% dei toscani ha ricevuto la prima dose e 2 milioni anche il richiamo\"","robots":{"index":"index","follow":"follow","max-snippet":"max-snippet:-1","max-image-preview":"max-image-preview:large","max-video-preview":"max-video-preview:-1"},"canonical":"https:\/\/www.intoscana.it\/it\/covid-396-nuovi-casi-aumentano-ancora-i-ricoveri-5-i-decessi\/","og_locale":"it_IT","og_type":"article","og_title":"Covid, 396 nuovi casi. Aumentano ancora i ricoveri, 5 i decessi","og_description":"Sono 13 in pi\u00f9 le persone in ospedale rispetto a ieri. Vaccini, Giani: \"Il 75% dei toscani ha ricevuto la prima dose e 2 milioni anche il richiamo\"","og_url":"https:\/\/www.intoscana.it\/it\/covid-396-nuovi-casi-aumentano-ancora-i-ricoveri-5-i-decessi\/","og_site_name":"intoscana","article_publisher":"https:\/\/www.facebook.com\/intoscana.it","article_published_time":"2021-08-17T10:59:57+00:00","article_modified_time":"2021-08-18T13:06:23+00:00","og_image":[{"width":1200,"height":630,"url":"https:\/\/www.intoscana.it\/wp-content\/uploads\/covid-17-agosto-toscana-dati.001.jpeg","type":"image\/jpeg"}],"author":"Redazione","twitter_card":"summary_large_image","twitter_creator":"@intoscana","twitter_site":"@intoscana","twitter_misc":{"Written by":"Redazione","Est. reading time":"2 minuti"},"schema":{"@context":"https:\/\/schema.org","@graph":[{"@type":"WebPage","@id":"https:\/\/www.intoscana.it\/it\/covid-396-nuovi-casi-aumentano-ancora-i-ricoveri-5-i-decessi\/","url":"https:\/\/www.intoscana.it\/it\/covid-396-nuovi-casi-aumentano-ancora-i-ricoveri-5-i-decessi\/","name":"Covid, 396 nuovi casi. Aumentano ancora i ricoveri, 5 i decessi - intoscana","isPartOf":{"@id":"https:\/\/www.intoscana.it\/it\/#website"},"primaryImageOfPage":{"@id":"https:\/\/www.intoscana.it\/it\/covid-396-nuovi-casi-aumentano-ancora-i-ricoveri-5-i-decessi\/#primaryimage"},"image":{"@id":"https:\/\/www.intoscana.it\/it\/covid-396-nuovi-casi-aumentano-ancora-i-ricoveri-5-i-decessi\/#primaryimage"},"thumbnailUrl":"https:\/\/www.intoscana.it\/wp-content\/uploads\/distanziamento_sociale.jpg","datePublished":"2021-08-17T10:59:57+00:00","dateModified":"2021-08-18T13:06:23+00:00","author":{"@id":"https:\/\/www.intoscana.it\/it\/#\/schema\/person\/9223810753230f20bd670fdd322661f8"},"description":"Sono 13 in pi\u00f9 le persone in ospedale rispetto a ieri. Vaccini, Giani: \"Il 75% dei toscani ha ricevuto la prima dose e 2 milioni anche il richiamo\"","breadcrumb":{"@id":"https:\/\/www.intoscana.it\/it\/covid-396-nuovi-casi-aumentano-ancora-i-ricoveri-5-i-decessi\/#breadcrumb"},"inLanguage":"it-IT","potentialAction":[{"@type":"ReadAction","target":["https:\/\/www.intoscana.it\/it\/covid-396-nuovi-casi-aumentano-ancora-i-ricoveri-5-i-decessi\/"]}]},{"@type":"ImageObject","inLanguage":"it-IT","@id":"https:\/\/www.intoscana.it\/it\/covid-396-nuovi-casi-aumentano-ancora-i-ricoveri-5-i-decessi\/#primaryimage","url":"https:\/\/www.intoscana.it\/wp-content\/uploads\/distanziamento_sociale.jpg","contentUrl":"https:\/\/www.intoscana.it\/wp-content\/uploads\/distanziamento_sociale.jpg","width":2000,"height":1334,"caption":"Coronavirus"},{"@type":"BreadcrumbList","@id":"https:\/\/www.intoscana.it\/it\/covid-396-nuovi-casi-aumentano-ancora-i-ricoveri-5-i-decessi\/#breadcrumb","itemListElement":[{"@type":"ListItem","position":1,"name":"Home","item":"https:\/\/www.intoscana.it\/it\/"},{"@type":"ListItem","position":2,"name":"Covid, 396 nuovi casi. Aumentano ancora i ricoveri, 5 i decessi"}]},{"@type":"WebSite","@id":"https:\/\/www.intoscana.it\/it\/#website","url":"https:\/\/www.intoscana.it\/it\/","name":"intoscana","description":"","potentialAction":[{"@type":"SearchAction","target":{"@type":"EntryPoint","urlTemplate":"https:\/\/www.intoscana.it\/it\/?s={search_term_string}"},"query-input":{"@type":"PropertyValueSpecification","valueRequired":true,"valueName":"search_term_string"}}],"inLanguage":"it-IT"},{"@type":"Person","@id":"https:\/\/www.intoscana.it\/it\/#\/schema\/person\/9223810753230f20bd670fdd322661f8","name":"Redazione","url":"https:\/\/www.intoscana.it\/it\/author\/redazione\/"}]}},"_links":{"self":[{"href":"https:\/\/www.intoscana.it\/it\/wp-json\/wp\/v2\/posts\/186668","targetHints":{"allow":["GET"]}}],"collection":[{"href":"https:\/\/www.intoscana.it\/it\/wp-json\/wp\/v2\/posts"}],"about":[{"href":"https:\/\/www.intoscana.it\/it\/wp-json\/wp\/v2\/types\/post"}],"author":[{"embeddable":true,"href":"https:\/\/www.intoscana.it\/it\/wp-json\/wp\/v2\/users\/525"}],"replies":[{"embeddable":true,"href":"https:\/\/www.intoscana.it\/it\/wp-json\/wp\/v2\/comments?post=186668"}],"version-history":[{"count":0,"href":"https:\/\/www.intoscana.it\/it\/wp-json\/wp\/v2\/posts\/186668\/revisions"}],"wp:featuredmedia":[{"embeddable":true,"href":"https:\/\/www.intoscana.it\/it\/wp-json\/wp\/v2\/media\/143861"}],"wp:attachment":[{"href":"https:\/\/www.intoscana.it\/it\/wp-json\/wp\/v2\/media?parent=186668"}],"wp:term":[{"taxonomy":"category","embeddable":true,"href":"https:\/\/www.intoscana.it\/it\/wp-json\/wp\/v2\/categories?post=186668"},{"taxonomy":"post_tag","embeddable":true,"href":"https:\/\/www.intoscana.it\/it\/wp-json\/wp\/v2\/tags?post=186668"}],"curies":[{"name":"wp","href":"https:\/\/api.w.org\/{rel}","templated":true}]}}