{"id":186675,"date":"2021-08-17T13:47:13","date_gmt":"2021-08-17T11:47:13","guid":{"rendered":"https:\/\/www.intoscana.it\/it\/?p=186675"},"modified":"2021-08-17T13:47:13","modified_gmt":"2021-08-17T11:47:13","slug":"palazzo-san-firenze-rinasce-al-via-il-restauro-da-tre-milioni-di-euro","status":"publish","type":"post","link":"https:\/\/www.intoscana.it\/it\/palazzo-san-firenze-rinasce-al-via-il-restauro-da-tre-milioni-di-euro\/","title":{"rendered":"Palazzo San Firenze rinasce, al via il restauro da tre milioni di euro"},"content":{"rendered":"<p class=\"p1\"><span class=\"s1\">\u00c8 uno degli esempi belli e rari di barocco a Firenze e ora si prepara a rinascere, con una veste rinnovata. <strong>Il Palazzo San Firenze<\/strong>, sede dell\u2019ex tribunale a pochi passi da Palazzo Vecchio, sar\u00e0 oggetto di un <mark>importante restauro grazie a una delibera della giunta comunale che stanzia 3 milioni di euro, completamente finanziati dal fondo per lo Sviluppo e la coesione del ministero della Cultura.<\/mark>\u00a0<\/span><\/p>\n<p class=\"p1\"><span class=\"s1\">Un passo decisivo, e conclusivo, del recupero del luogo. Il progetto \u00e8 ambizioso e una volta completato render\u00e0 disponibile alla citt\u00e0 un nuovo spazio culturale e sociale. <em>\u201cAl posto di un contenitore vuoto avremo un palazzo polifunzionale dedicato all\u2019arte, alla musica, alla cultura e alla formazione completamente riqualificato sia all\u2019esterno che all\u2019interno pronto ad accogliere visitatori e fiorentini per progetti e iniziative di qualit\u00e0\u201d<\/em>, affermano il sindaco Dario Nardella e l\u2019assessore alla Cultura, Tommaso Sacchi.<\/span><\/p>\n<h3><em>Un anno di lavori e poi via alle attivit\u00e0: dalla Fondazione Zeffirelli a quella di Andrea Bocelli<\/em><\/h3>\n<p class=\"p1\"><span class=\"s1\">La gara di appalto sar\u00e0 conclusa entro il 2021 e i lavori dureranno un anno. Il progetto, coordinato dal servizio Belle Arti e Fabbrica di Palazzo Vecchio, <mark>prevede il restauro delle quattro facciate (e delle relative coperture) di piazza San Firenze, via dell&#8217;Anguillara, via Filippina e borgo de&#8217; Greci.<\/mark><\/span><\/p>\n<p class=\"p1\"><span class=\"s1\">In programma anche l&#8217;adeguamento e la riqualificazione degli impianti, la bonifica e l&#8217;adeguamento del piano seminterrato e dei locali del secondo e terzo piano non assegnati. Interventi, questi ultimi, fondamentali per le nuove funzioni all\u2019interno del complesso: le attivit\u00e0 della <strong>Fondazione Zeffirelli<\/strong> con archivio e museo e l&#8217;<strong>Andrea Bocelli Foundation<\/strong> gi\u00e0 insediate, e poi l\u2019Istituto Lorenzo de\u2019 Medici che ci sar\u00e0 a breve. <\/span><\/p>\n<p class=\"p1\"><span class=\"s1\">Tante anche le funzioni che ospita: dalla scuola per direttori d\u2019orchestra alla prosa di eccellenza, fino alla sperimentazione di performance contemporanee e i relativi corsi per arti figurative e di restauro che richiedono tecnologie particolari e dedicate.\u00a0<\/span><\/p>\n","protected":false},"excerpt":{"rendered":"<p>Un anno di lavori per rifare le facciate e adeguare i locali. La struttura sar\u00e0 poi pronta ad accogliere al meglio tante attivit\u00e0, come quelle della Fondazione Zeffirelli e di Andrea Bocelli<\/p>\n","protected":false},"author":525,"featured_media":186678,"comment_status":"open","ping_status":"open","sticky":false,"template":"","format":"standard","meta":{"_acf_changed":false,"footnotes":""},"categories":[494],"tags":[178,157,202],"class_list":["post-186675","post","type-post","status-publish","format-standard","has-post-thumbnail","hentry","category-attualita","tag-comune-di-firenze","tag-dario-nardella","tag-firenze"],"acf":[],"yoast_head":"<!-- This site is optimized with the Yoast SEO Premium plugin v24.2 (Yoast SEO v25.6) - https:\/\/yoast.com\/wordpress\/plugins\/seo\/ -->\n<title>Palazzo San Firenze rinasce, al via il restauro da tre milioni di euro - intoscana<\/title>\n<meta name=\"description\" content=\"Un anno di lavori per rifare le facciate e adeguare i locali. La struttura sar\u00e0 poi pronta ad accogliere al meglio tante attivit\u00e0, come quelle della Fondazione Zeffirelli e di Andrea Bocelli\" \/>\n<meta name=\"robots\" content=\"index, follow, max-snippet:-1, max-image-preview:large, max-video-preview:-1\" \/>\n<link rel=\"canonical\" href=\"https:\/\/www.intoscana.it\/it\/palazzo-san-firenze-rinasce-al-via-il-restauro-da-tre-milioni-di-euro\/\" \/>\n<meta property=\"og:locale\" content=\"it_IT\" \/>\n<meta property=\"og:type\" content=\"article\" \/>\n<meta property=\"og:title\" content=\"Palazzo San Firenze rinasce, al via il restauro da tre milioni di euro\" \/>\n<meta property=\"og:description\" content=\"Un anno di lavori per rifare le facciate e adeguare i locali. La struttura sar\u00e0 poi pronta ad accogliere al meglio tante attivit\u00e0, come quelle della Fondazione Zeffirelli e di Andrea Bocelli\" \/>\n<meta property=\"og:url\" content=\"https:\/\/www.intoscana.it\/it\/palazzo-san-firenze-rinasce-al-via-il-restauro-da-tre-milioni-di-euro\/\" \/>\n<meta property=\"og:site_name\" content=\"intoscana\" \/>\n<meta property=\"article:publisher\" content=\"https:\/\/www.facebook.com\/intoscana.it\" \/>\n<meta property=\"article:published_time\" content=\"2021-08-17T11:47:13+00:00\" \/>\n<meta property=\"og:image\" content=\"https:\/\/www.intoscana.it\/wp-content\/uploads\/Palazzo-San-Firenze.jpg\" \/>\n\t<meta property=\"og:image:width\" content=\"1600\" \/>\n\t<meta property=\"og:image:height\" content=\"1200\" \/>\n\t<meta property=\"og:image:type\" content=\"image\/jpeg\" \/>\n<meta name=\"author\" content=\"Redazione\" \/>\n<meta name=\"twitter:card\" content=\"summary_large_image\" \/>\n<meta name=\"twitter:creator\" content=\"@intoscana\" \/>\n<meta name=\"twitter:site\" content=\"@intoscana\" \/>\n<meta name=\"twitter:label1\" content=\"Written by\" \/>\n\t<meta name=\"twitter:data1\" content=\"Redazione\" \/>\n\t<meta name=\"twitter:label2\" content=\"Est. reading time\" \/>\n\t<meta name=\"twitter:data2\" content=\"2 minuti\" \/>\n<script type=\"application\/ld+json\" class=\"yoast-schema-graph\">{\"@context\":\"https:\/\/schema.org\",\"@graph\":[{\"@type\":\"WebPage\",\"@id\":\"https:\/\/www.intoscana.it\/it\/palazzo-san-firenze-rinasce-al-via-il-restauro-da-tre-milioni-di-euro\/\",\"url\":\"https:\/\/www.intoscana.it\/it\/palazzo-san-firenze-rinasce-al-via-il-restauro-da-tre-milioni-di-euro\/\",\"name\":\"Palazzo San Firenze rinasce, al via il restauro da tre milioni di euro - intoscana\",\"isPartOf\":{\"@id\":\"https:\/\/www.intoscana.it\/it\/#website\"},\"primaryImageOfPage\":{\"@id\":\"https:\/\/www.intoscana.it\/it\/palazzo-san-firenze-rinasce-al-via-il-restauro-da-tre-milioni-di-euro\/#primaryimage\"},\"image\":{\"@id\":\"https:\/\/www.intoscana.it\/it\/palazzo-san-firenze-rinasce-al-via-il-restauro-da-tre-milioni-di-euro\/#primaryimage\"},\"thumbnailUrl\":\"https:\/\/www.intoscana.it\/wp-content\/uploads\/Palazzo-San-Firenze.jpg\",\"datePublished\":\"2021-08-17T11:47:13+00:00\",\"author\":{\"@id\":\"https:\/\/www.intoscana.it\/it\/#\/schema\/person\/9223810753230f20bd670fdd322661f8\"},\"description\":\"Un anno di lavori per rifare le facciate e adeguare i locali. La struttura sar\u00e0 poi pronta ad accogliere al meglio tante attivit\u00e0, come quelle della Fondazione Zeffirelli e di Andrea Bocelli\",\"breadcrumb\":{\"@id\":\"https:\/\/www.intoscana.it\/it\/palazzo-san-firenze-rinasce-al-via-il-restauro-da-tre-milioni-di-euro\/#breadcrumb\"},\"inLanguage\":\"it-IT\",\"potentialAction\":[{\"@type\":\"ReadAction\",\"target\":[\"https:\/\/www.intoscana.it\/it\/palazzo-san-firenze-rinasce-al-via-il-restauro-da-tre-milioni-di-euro\/\"]}]},{\"@type\":\"ImageObject\",\"inLanguage\":\"it-IT\",\"@id\":\"https:\/\/www.intoscana.it\/it\/palazzo-san-firenze-rinasce-al-via-il-restauro-da-tre-milioni-di-euro\/#primaryimage\",\"url\":\"https:\/\/www.intoscana.it\/wp-content\/uploads\/Palazzo-San-Firenze.jpg\",\"contentUrl\":\"https:\/\/www.intoscana.it\/wp-content\/uploads\/Palazzo-San-Firenze.jpg\",\"width\":1600,\"height\":1200},{\"@type\":\"BreadcrumbList\",\"@id\":\"https:\/\/www.intoscana.it\/it\/palazzo-san-firenze-rinasce-al-via-il-restauro-da-tre-milioni-di-euro\/#breadcrumb\",\"itemListElement\":[{\"@type\":\"ListItem\",\"position\":1,\"name\":\"Home\",\"item\":\"https:\/\/www.intoscana.it\/it\/\"},{\"@type\":\"ListItem\",\"position\":2,\"name\":\"Palazzo San Firenze rinasce, al via il restauro da tre milioni di euro\"}]},{\"@type\":\"WebSite\",\"@id\":\"https:\/\/www.intoscana.it\/it\/#website\",\"url\":\"https:\/\/www.intoscana.it\/it\/\",\"name\":\"intoscana\",\"description\":\"\",\"potentialAction\":[{\"@type\":\"SearchAction\",\"target\":{\"@type\":\"EntryPoint\",\"urlTemplate\":\"https:\/\/www.intoscana.it\/it\/?s={search_term_string}\"},\"query-input\":{\"@type\":\"PropertyValueSpecification\",\"valueRequired\":true,\"valueName\":\"search_term_string\"}}],\"inLanguage\":\"it-IT\"},{\"@type\":\"Person\",\"@id\":\"https:\/\/www.intoscana.it\/it\/#\/schema\/person\/9223810753230f20bd670fdd322661f8\",\"name\":\"Redazione\",\"url\":\"https:\/\/www.intoscana.it\/it\/author\/redazione\/\"}]}<\/script>\n<!-- \/ Yoast SEO Premium plugin. -->","yoast_head_json":{"title":"Palazzo San Firenze rinasce, al via il restauro da tre milioni di euro - intoscana","description":"Un anno di lavori per rifare le facciate e adeguare i locali. La struttura sar\u00e0 poi pronta ad accogliere al meglio tante attivit\u00e0, come quelle della Fondazione Zeffirelli e di Andrea Bocelli","robots":{"index":"index","follow":"follow","max-snippet":"max-snippet:-1","max-image-preview":"max-image-preview:large","max-video-preview":"max-video-preview:-1"},"canonical":"https:\/\/www.intoscana.it\/it\/palazzo-san-firenze-rinasce-al-via-il-restauro-da-tre-milioni-di-euro\/","og_locale":"it_IT","og_type":"article","og_title":"Palazzo San Firenze rinasce, al via il restauro da tre milioni di euro","og_description":"Un anno di lavori per rifare le facciate e adeguare i locali. La struttura sar\u00e0 poi pronta ad accogliere al meglio tante attivit\u00e0, come quelle della Fondazione Zeffirelli e di Andrea Bocelli","og_url":"https:\/\/www.intoscana.it\/it\/palazzo-san-firenze-rinasce-al-via-il-restauro-da-tre-milioni-di-euro\/","og_site_name":"intoscana","article_publisher":"https:\/\/www.facebook.com\/intoscana.it","article_published_time":"2021-08-17T11:47:13+00:00","og_image":[{"width":1600,"height":1200,"url":"https:\/\/www.intoscana.it\/wp-content\/uploads\/Palazzo-San-Firenze.jpg","type":"image\/jpeg"}],"author":"Redazione","twitter_card":"summary_large_image","twitter_creator":"@intoscana","twitter_site":"@intoscana","twitter_misc":{"Written by":"Redazione","Est. reading time":"2 minuti"},"schema":{"@context":"https:\/\/schema.org","@graph":[{"@type":"WebPage","@id":"https:\/\/www.intoscana.it\/it\/palazzo-san-firenze-rinasce-al-via-il-restauro-da-tre-milioni-di-euro\/","url":"https:\/\/www.intoscana.it\/it\/palazzo-san-firenze-rinasce-al-via-il-restauro-da-tre-milioni-di-euro\/","name":"Palazzo San Firenze rinasce, al via il restauro da tre milioni di euro - intoscana","isPartOf":{"@id":"https:\/\/www.intoscana.it\/it\/#website"},"primaryImageOfPage":{"@id":"https:\/\/www.intoscana.it\/it\/palazzo-san-firenze-rinasce-al-via-il-restauro-da-tre-milioni-di-euro\/#primaryimage"},"image":{"@id":"https:\/\/www.intoscana.it\/it\/palazzo-san-firenze-rinasce-al-via-il-restauro-da-tre-milioni-di-euro\/#primaryimage"},"thumbnailUrl":"https:\/\/www.intoscana.it\/wp-content\/uploads\/Palazzo-San-Firenze.jpg","datePublished":"2021-08-17T11:47:13+00:00","author":{"@id":"https:\/\/www.intoscana.it\/it\/#\/schema\/person\/9223810753230f20bd670fdd322661f8"},"description":"Un anno di lavori per rifare le facciate e adeguare i locali. La struttura sar\u00e0 poi pronta ad accogliere al meglio tante attivit\u00e0, come quelle della Fondazione Zeffirelli e di Andrea Bocelli","breadcrumb":{"@id":"https:\/\/www.intoscana.it\/it\/palazzo-san-firenze-rinasce-al-via-il-restauro-da-tre-milioni-di-euro\/#breadcrumb"},"inLanguage":"it-IT","potentialAction":[{"@type":"ReadAction","target":["https:\/\/www.intoscana.it\/it\/palazzo-san-firenze-rinasce-al-via-il-restauro-da-tre-milioni-di-euro\/"]}]},{"@type":"ImageObject","inLanguage":"it-IT","@id":"https:\/\/www.intoscana.it\/it\/palazzo-san-firenze-rinasce-al-via-il-restauro-da-tre-milioni-di-euro\/#primaryimage","url":"https:\/\/www.intoscana.it\/wp-content\/uploads\/Palazzo-San-Firenze.jpg","contentUrl":"https:\/\/www.intoscana.it\/wp-content\/uploads\/Palazzo-San-Firenze.jpg","width":1600,"height":1200},{"@type":"BreadcrumbList","@id":"https:\/\/www.intoscana.it\/it\/palazzo-san-firenze-rinasce-al-via-il-restauro-da-tre-milioni-di-euro\/#breadcrumb","itemListElement":[{"@type":"ListItem","position":1,"name":"Home","item":"https:\/\/www.intoscana.it\/it\/"},{"@type":"ListItem","position":2,"name":"Palazzo San Firenze rinasce, al via il restauro da tre milioni di euro"}]},{"@type":"WebSite","@id":"https:\/\/www.intoscana.it\/it\/#website","url":"https:\/\/www.intoscana.it\/it\/","name":"intoscana","description":"","potentialAction":[{"@type":"SearchAction","target":{"@type":"EntryPoint","urlTemplate":"https:\/\/www.intoscana.it\/it\/?s={search_term_string}"},"query-input":{"@type":"PropertyValueSpecification","valueRequired":true,"valueName":"search_term_string"}}],"inLanguage":"it-IT"},{"@type":"Person","@id":"https:\/\/www.intoscana.it\/it\/#\/schema\/person\/9223810753230f20bd670fdd322661f8","name":"Redazione","url":"https:\/\/www.intoscana.it\/it\/author\/redazione\/"}]}},"_links":{"self":[{"href":"https:\/\/www.intoscana.it\/it\/wp-json\/wp\/v2\/posts\/186675","targetHints":{"allow":["GET"]}}],"collection":[{"href":"https:\/\/www.intoscana.it\/it\/wp-json\/wp\/v2\/posts"}],"about":[{"href":"https:\/\/www.intoscana.it\/it\/wp-json\/wp\/v2\/types\/post"}],"author":[{"embeddable":true,"href":"https:\/\/www.intoscana.it\/it\/wp-json\/wp\/v2\/users\/525"}],"replies":[{"embeddable":true,"href":"https:\/\/www.intoscana.it\/it\/wp-json\/wp\/v2\/comments?post=186675"}],"version-history":[{"count":0,"href":"https:\/\/www.intoscana.it\/it\/wp-json\/wp\/v2\/posts\/186675\/revisions"}],"wp:featuredmedia":[{"embeddable":true,"href":"https:\/\/www.intoscana.it\/it\/wp-json\/wp\/v2\/media\/186678"}],"wp:attachment":[{"href":"https:\/\/www.intoscana.it\/it\/wp-json\/wp\/v2\/media?parent=186675"}],"wp:term":[{"taxonomy":"category","embeddable":true,"href":"https:\/\/www.intoscana.it\/it\/wp-json\/wp\/v2\/categories?post=186675"},{"taxonomy":"post_tag","embeddable":true,"href":"https:\/\/www.intoscana.it\/it\/wp-json\/wp\/v2\/tags?post=186675"}],"curies":[{"name":"wp","href":"https:\/\/api.w.org\/{rel}","templated":true}]}}