{"id":186704,"date":"2021-08-18T10:13:00","date_gmt":"2021-08-18T08:13:00","guid":{"rendered":"https:\/\/www.intoscana.it\/it\/?p=186704"},"modified":"2021-11-05T15:44:22","modified_gmt":"2021-11-05T14:44:22","slug":"giovani-vaccino-ffp2-studenti-mezzi-pubblici","status":"publish","type":"post","link":"https:\/\/www.intoscana.it\/it\/giovani-vaccino-ffp2-studenti-mezzi-pubblici\/","title":{"rendered":"Ritorno a scuola, gli studenti scelgono il vaccino. E Giani chiede al Governo Ffp2 per chi usa i mezzi pubblici"},"content":{"rendered":"<p>C\u2019\u00e8 chi ha deciso di vaccinarsi perch\u00e9 spera in una scuola totalmente in presenza, chi per senso del dovere, chi per il desiderio di tornare a vivere la propria adolescenza senza pi\u00f9 paure, senza pi\u00f9 restrizioni.<\/p>\n<p><strong>Ragazzi e ragazze di tutta la Toscana<\/strong> hanno colto al volo l\u2019opportunit\u00e0 che si \u00e8 aperta per loro da luned\u00ec scorso, 16 agosto, di<strong> presentarsi negli hub delle asl toscane senza prenotazione per ricevere la prima dose di vaccino<\/strong>.<\/p>\n<p>Sono ben 11.072 i ragazzi e le ragazze tra i 12 e i 18 anni che si sono vaccinati con la prima dose tra luned\u00ec 16 e marted\u00ec 17 agosto in Toscana: di essi ben 6.887 si sono presentati senza prenotazione cogliendo l&#8217;occasione dell&#8217;apertura straordinaria.<\/p>\n<p><mark>In pochi giorni tra luned\u00ec 16 e martedi 17, le dosi somministrate in libero accesso ai giovani nella fascia 12-18 sono state 6.887 <\/mark>, per un tottale di oltre 11 mila ragazzi tra i 12 e i 18 anni che si sono vaccinati con la prima dose in Toscana, anche grazie all\u2019unit\u00e0 mobile di \u201c<a href=\"https:\/\/www.intoscana.it\/it\/articolo\/vaccini-85-ventenni-toscani-ha-detto-si-campagna-per-giovani\/\">Giovanis\u00ec vaccinano<\/a>\u201d.<\/p>\n<p>\u201c\u00c8 un bellissimo segnale per la ripartenza della nostra regione e di fiducia nel futuro \u2013 <strong>ha detto il presidente della Regione Toscana Eugenio Giani<\/strong> &#8211; Questa grande partecipazione consentir\u00e0 un avvio dell\u2019anno scolastico in presenza, con un livello di sicurezza generale pi\u00f9 alto\u201d.<\/p>\n<h3>Ffp2 per gli studenti su treni e bus<\/h3>\n<p>Guardando a settembre e alla prima campanella, ormai alle porte, la Regione ha avviato un confronto con il commissario straordinario per l\u2019emergenza generale Figliuolo, sul tema della sicurezza sui mezzi di trasporto. <mark>Figliuolo sta valutando la possibilit\u00e0 di fornire mascherine Ffp2 alle studentesse e agli studenti che utilizzano i mezzi pubblici per andare a scuola <\/mark>. Qualora l&#8217;intervento fosse autorizzato secondo le indicazioni del Comitato tecnico scientifico, riguarder\u00e0 tutto il territorio regionale.<\/p>\n<h3>Le prossime tappe della campagna vaccinale<\/h3>\n<p>Anche nei prossimi giorni i ragazzi di et\u00e0 compresa tra i 12 e i 18 anni potranno recarsi negli hub di riferimento territoriale per richiedere la somministrazione della prima dose di vaccino. I minori interessati dovranno presentarsi a uno qualsiasi dei centri vaccinali aziendali secondo i consueti orari di apertura con documento di identit\u00e0 e tessera sanitaria, accompagnati da entrambi i genitori oppure da uno solo con delega o autocertificazione nell&#8217;impossibilit\u00e0 per il secondo genitore di essere presente come da nuovo modulo regionale disponibile sul portale di prenotazione della vaccinazione anti-Covid19 (<a href=\"https:\/\/prenotavaccino.sanita.toscana.it\/\">https:\/\/prenotavaccino.sanita.toscana.it\/<\/a>).<\/p>\n","protected":false},"excerpt":{"rendered":"<p>In pochi giorni sono ben 11.072 i ragazzi e le ragazze tra i 12 e i 18 anni che si sono vaccinati con la prima dose tra luned\u00ec 16 e marted\u00ec 17 agosto in Toscana. Intanto Giani e il generale Figliuolo hanno avviato un confronto sulla possibilit\u00e0 di fornire mascherine Ffp2 alle studentesse e agli studenti che utilizzano i mezzi pubblici per andare a scuola<\/p>\n","protected":false},"author":503,"featured_media":186708,"comment_status":"open","ping_status":"open","sticky":false,"template":"","format":"standard","meta":{"_acf_changed":false,"footnotes":""},"categories":[494],"tags":[5452,221,5275,212],"class_list":["post-186704","post","type-post","status-publish","format-standard","has-post-thumbnail","hentry","category-attualita","tag-campagna-vaccinale","tag-giovani","tag-rientro-scuola","tag-scuola"],"acf":[],"yoast_head":"<!-- This site is optimized with the Yoast SEO Premium plugin v24.2 (Yoast SEO v25.6) - https:\/\/yoast.com\/wordpress\/plugins\/seo\/ -->\n<title>Ritorno a scuola, gli studenti scelgono il vaccino. E Giani chiede al Governo Ffp2 per chi usa i mezzi pubblici - intoscana<\/title>\n<meta name=\"description\" content=\"Giani e Figliuolo a confronto sulle Ffp2 per gli studenti sui mezzi di trasporto. Nel frattempo procede la campagna per la fascia 12-18\" \/>\n<meta name=\"robots\" content=\"index, follow, max-snippet:-1, max-image-preview:large, max-video-preview:-1\" \/>\n<link rel=\"canonical\" href=\"https:\/\/www.intoscana.it\/it\/giovani-vaccino-ffp2-studenti-mezzi-pubblici\/\" \/>\n<meta property=\"og:locale\" content=\"it_IT\" \/>\n<meta property=\"og:type\" content=\"article\" \/>\n<meta property=\"og:title\" content=\"Ritorno a scuola, gli studenti scelgono il vaccino. E Giani chiede al Governo Ffp2 per chi usa i mezzi pubblici\" \/>\n<meta property=\"og:description\" content=\"Giani e Figliuolo a confronto sulle Ffp2 per gli studenti sui mezzi di trasporto. Nel frattempo procede la campagna per la fascia 12-18\" \/>\n<meta property=\"og:url\" content=\"https:\/\/www.intoscana.it\/it\/giovani-vaccino-ffp2-studenti-mezzi-pubblici\/\" \/>\n<meta property=\"og:site_name\" content=\"intoscana\" \/>\n<meta property=\"article:publisher\" content=\"https:\/\/www.facebook.com\/intoscana.it\" \/>\n<meta property=\"article:published_time\" content=\"2021-08-18T08:13:00+00:00\" \/>\n<meta property=\"article:modified_time\" content=\"2021-11-05T14:44:22+00:00\" \/>\n<meta property=\"og:image\" content=\"https:\/\/www.intoscana.it\/wp-content\/uploads\/studentessa-superiori-scuola-scaled.jpg\" \/>\n\t<meta property=\"og:image:width\" content=\"2048\" \/>\n\t<meta property=\"og:image:height\" content=\"1367\" \/>\n\t<meta property=\"og:image:type\" content=\"image\/jpeg\" \/>\n<meta name=\"author\" content=\"Giulia Rafanelli\" \/>\n<meta name=\"twitter:card\" content=\"summary_large_image\" \/>\n<meta name=\"twitter:creator\" content=\"@intoscana\" \/>\n<meta name=\"twitter:site\" content=\"@intoscana\" \/>\n<meta name=\"twitter:label1\" content=\"Written by\" \/>\n\t<meta name=\"twitter:data1\" content=\"Giulia Rafanelli\" \/>\n\t<meta name=\"twitter:label2\" content=\"Est. reading time\" \/>\n\t<meta name=\"twitter:data2\" content=\"2 minuti\" \/>\n<script type=\"application\/ld+json\" class=\"yoast-schema-graph\">{\"@context\":\"https:\/\/schema.org\",\"@graph\":[{\"@type\":\"WebPage\",\"@id\":\"https:\/\/www.intoscana.it\/it\/giovani-vaccino-ffp2-studenti-mezzi-pubblici\/\",\"url\":\"https:\/\/www.intoscana.it\/it\/giovani-vaccino-ffp2-studenti-mezzi-pubblici\/\",\"name\":\"Ritorno a scuola, gli studenti scelgono il vaccino. E Giani chiede al Governo Ffp2 per chi usa i mezzi pubblici - intoscana\",\"isPartOf\":{\"@id\":\"https:\/\/www.intoscana.it\/it\/#website\"},\"primaryImageOfPage\":{\"@id\":\"https:\/\/www.intoscana.it\/it\/giovani-vaccino-ffp2-studenti-mezzi-pubblici\/#primaryimage\"},\"image\":{\"@id\":\"https:\/\/www.intoscana.it\/it\/giovani-vaccino-ffp2-studenti-mezzi-pubblici\/#primaryimage\"},\"thumbnailUrl\":\"https:\/\/www.intoscana.it\/wp-content\/uploads\/studentessa-superiori-scuola-scaled.jpg\",\"datePublished\":\"2021-08-18T08:13:00+00:00\",\"dateModified\":\"2021-11-05T14:44:22+00:00\",\"author\":{\"@id\":\"https:\/\/www.intoscana.it\/it\/#\/schema\/person\/333569b367b301e30262defcea56c939\"},\"description\":\"Giani e Figliuolo a confronto sulle Ffp2 per gli studenti sui mezzi di trasporto. Nel frattempo procede la campagna per la fascia 12-18\",\"breadcrumb\":{\"@id\":\"https:\/\/www.intoscana.it\/it\/giovani-vaccino-ffp2-studenti-mezzi-pubblici\/#breadcrumb\"},\"inLanguage\":\"it-IT\",\"potentialAction\":[{\"@type\":\"ReadAction\",\"target\":[\"https:\/\/www.intoscana.it\/it\/giovani-vaccino-ffp2-studenti-mezzi-pubblici\/\"]}]},{\"@type\":\"ImageObject\",\"inLanguage\":\"it-IT\",\"@id\":\"https:\/\/www.intoscana.it\/it\/giovani-vaccino-ffp2-studenti-mezzi-pubblici\/#primaryimage\",\"url\":\"https:\/\/www.intoscana.it\/wp-content\/uploads\/studentessa-superiori-scuola-scaled.jpg\",\"contentUrl\":\"https:\/\/www.intoscana.it\/wp-content\/uploads\/studentessa-superiori-scuola-scaled.jpg\",\"width\":2048,\"height\":1367,\"caption\":\"studentessa superiori scuola\"},{\"@type\":\"BreadcrumbList\",\"@id\":\"https:\/\/www.intoscana.it\/it\/giovani-vaccino-ffp2-studenti-mezzi-pubblici\/#breadcrumb\",\"itemListElement\":[{\"@type\":\"ListItem\",\"position\":1,\"name\":\"Home\",\"item\":\"https:\/\/www.intoscana.it\/it\/\"},{\"@type\":\"ListItem\",\"position\":2,\"name\":\"Ritorno a scuola, gli studenti scelgono il vaccino. E Giani chiede al Governo Ffp2 per chi usa i mezzi pubblici\"}]},{\"@type\":\"WebSite\",\"@id\":\"https:\/\/www.intoscana.it\/it\/#website\",\"url\":\"https:\/\/www.intoscana.it\/it\/\",\"name\":\"intoscana\",\"description\":\"\",\"potentialAction\":[{\"@type\":\"SearchAction\",\"target\":{\"@type\":\"EntryPoint\",\"urlTemplate\":\"https:\/\/www.intoscana.it\/it\/?s={search_term_string}\"},\"query-input\":{\"@type\":\"PropertyValueSpecification\",\"valueRequired\":true,\"valueName\":\"search_term_string\"}}],\"inLanguage\":\"it-IT\"},{\"@type\":\"Person\",\"@id\":\"https:\/\/www.intoscana.it\/it\/#\/schema\/person\/333569b367b301e30262defcea56c939\",\"name\":\"Giulia Rafanelli\",\"url\":\"https:\/\/www.intoscana.it\/it\/author\/giulia-rafanelli\/\"}]}<\/script>\n<!-- \/ Yoast SEO Premium plugin. -->","yoast_head_json":{"title":"Ritorno a scuola, gli studenti scelgono il vaccino. E Giani chiede al Governo Ffp2 per chi usa i mezzi pubblici - intoscana","description":"Giani e Figliuolo a confronto sulle Ffp2 per gli studenti sui mezzi di trasporto. Nel frattempo procede la campagna per la fascia 12-18","robots":{"index":"index","follow":"follow","max-snippet":"max-snippet:-1","max-image-preview":"max-image-preview:large","max-video-preview":"max-video-preview:-1"},"canonical":"https:\/\/www.intoscana.it\/it\/giovani-vaccino-ffp2-studenti-mezzi-pubblici\/","og_locale":"it_IT","og_type":"article","og_title":"Ritorno a scuola, gli studenti scelgono il vaccino. E Giani chiede al Governo Ffp2 per chi usa i mezzi pubblici","og_description":"Giani e Figliuolo a confronto sulle Ffp2 per gli studenti sui mezzi di trasporto. Nel frattempo procede la campagna per la fascia 12-18","og_url":"https:\/\/www.intoscana.it\/it\/giovani-vaccino-ffp2-studenti-mezzi-pubblici\/","og_site_name":"intoscana","article_publisher":"https:\/\/www.facebook.com\/intoscana.it","article_published_time":"2021-08-18T08:13:00+00:00","article_modified_time":"2021-11-05T14:44:22+00:00","og_image":[{"width":2048,"height":1367,"url":"https:\/\/www.intoscana.it\/wp-content\/uploads\/studentessa-superiori-scuola-scaled.jpg","type":"image\/jpeg"}],"author":"Giulia Rafanelli","twitter_card":"summary_large_image","twitter_creator":"@intoscana","twitter_site":"@intoscana","twitter_misc":{"Written by":"Giulia Rafanelli","Est. reading time":"2 minuti"},"schema":{"@context":"https:\/\/schema.org","@graph":[{"@type":"WebPage","@id":"https:\/\/www.intoscana.it\/it\/giovani-vaccino-ffp2-studenti-mezzi-pubblici\/","url":"https:\/\/www.intoscana.it\/it\/giovani-vaccino-ffp2-studenti-mezzi-pubblici\/","name":"Ritorno a scuola, gli studenti scelgono il vaccino. E Giani chiede al Governo Ffp2 per chi usa i mezzi pubblici - intoscana","isPartOf":{"@id":"https:\/\/www.intoscana.it\/it\/#website"},"primaryImageOfPage":{"@id":"https:\/\/www.intoscana.it\/it\/giovani-vaccino-ffp2-studenti-mezzi-pubblici\/#primaryimage"},"image":{"@id":"https:\/\/www.intoscana.it\/it\/giovani-vaccino-ffp2-studenti-mezzi-pubblici\/#primaryimage"},"thumbnailUrl":"https:\/\/www.intoscana.it\/wp-content\/uploads\/studentessa-superiori-scuola-scaled.jpg","datePublished":"2021-08-18T08:13:00+00:00","dateModified":"2021-11-05T14:44:22+00:00","author":{"@id":"https:\/\/www.intoscana.it\/it\/#\/schema\/person\/333569b367b301e30262defcea56c939"},"description":"Giani e Figliuolo a confronto sulle Ffp2 per gli studenti sui mezzi di trasporto. Nel frattempo procede la campagna per la fascia 12-18","breadcrumb":{"@id":"https:\/\/www.intoscana.it\/it\/giovani-vaccino-ffp2-studenti-mezzi-pubblici\/#breadcrumb"},"inLanguage":"it-IT","potentialAction":[{"@type":"ReadAction","target":["https:\/\/www.intoscana.it\/it\/giovani-vaccino-ffp2-studenti-mezzi-pubblici\/"]}]},{"@type":"ImageObject","inLanguage":"it-IT","@id":"https:\/\/www.intoscana.it\/it\/giovani-vaccino-ffp2-studenti-mezzi-pubblici\/#primaryimage","url":"https:\/\/www.intoscana.it\/wp-content\/uploads\/studentessa-superiori-scuola-scaled.jpg","contentUrl":"https:\/\/www.intoscana.it\/wp-content\/uploads\/studentessa-superiori-scuola-scaled.jpg","width":2048,"height":1367,"caption":"studentessa superiori scuola"},{"@type":"BreadcrumbList","@id":"https:\/\/www.intoscana.it\/it\/giovani-vaccino-ffp2-studenti-mezzi-pubblici\/#breadcrumb","itemListElement":[{"@type":"ListItem","position":1,"name":"Home","item":"https:\/\/www.intoscana.it\/it\/"},{"@type":"ListItem","position":2,"name":"Ritorno a scuola, gli studenti scelgono il vaccino. E Giani chiede al Governo Ffp2 per chi usa i mezzi pubblici"}]},{"@type":"WebSite","@id":"https:\/\/www.intoscana.it\/it\/#website","url":"https:\/\/www.intoscana.it\/it\/","name":"intoscana","description":"","potentialAction":[{"@type":"SearchAction","target":{"@type":"EntryPoint","urlTemplate":"https:\/\/www.intoscana.it\/it\/?s={search_term_string}"},"query-input":{"@type":"PropertyValueSpecification","valueRequired":true,"valueName":"search_term_string"}}],"inLanguage":"it-IT"},{"@type":"Person","@id":"https:\/\/www.intoscana.it\/it\/#\/schema\/person\/333569b367b301e30262defcea56c939","name":"Giulia Rafanelli","url":"https:\/\/www.intoscana.it\/it\/author\/giulia-rafanelli\/"}]}},"_links":{"self":[{"href":"https:\/\/www.intoscana.it\/it\/wp-json\/wp\/v2\/posts\/186704","targetHints":{"allow":["GET"]}}],"collection":[{"href":"https:\/\/www.intoscana.it\/it\/wp-json\/wp\/v2\/posts"}],"about":[{"href":"https:\/\/www.intoscana.it\/it\/wp-json\/wp\/v2\/types\/post"}],"author":[{"embeddable":true,"href":"https:\/\/www.intoscana.it\/it\/wp-json\/wp\/v2\/users\/503"}],"replies":[{"embeddable":true,"href":"https:\/\/www.intoscana.it\/it\/wp-json\/wp\/v2\/comments?post=186704"}],"version-history":[{"count":0,"href":"https:\/\/www.intoscana.it\/it\/wp-json\/wp\/v2\/posts\/186704\/revisions"}],"wp:featuredmedia":[{"embeddable":true,"href":"https:\/\/www.intoscana.it\/it\/wp-json\/wp\/v2\/media\/186708"}],"wp:attachment":[{"href":"https:\/\/www.intoscana.it\/it\/wp-json\/wp\/v2\/media?parent=186704"}],"wp:term":[{"taxonomy":"category","embeddable":true,"href":"https:\/\/www.intoscana.it\/it\/wp-json\/wp\/v2\/categories?post=186704"},{"taxonomy":"post_tag","embeddable":true,"href":"https:\/\/www.intoscana.it\/it\/wp-json\/wp\/v2\/tags?post=186704"}],"curies":[{"name":"wp","href":"https:\/\/api.w.org\/{rel}","templated":true}]}}