{"id":186731,"date":"2021-08-18T13:04:48","date_gmt":"2021-08-18T11:04:48","guid":{"rendered":"https:\/\/www.intoscana.it\/it\/?p=186731"},"modified":"2021-08-19T14:49:26","modified_gmt":"2021-08-19T12:49:26","slug":"covid-contagi-regione-vaccini-spiaggia","status":"publish","type":"post","link":"https:\/\/www.intoscana.it\/it\/covid-contagi-regione-vaccini-spiaggia\/","title":{"rendered":"Covid, contagi in crescita: +675. La Regione spinge sui vaccini"},"content":{"rendered":"<p>In Toscana sono 263.574 i casi di positivit\u00e0 al Coronavirus , <strong>675 in pi\u00f9 rispetto a ieri<\/strong>: 644 confermati con tampone molecolare e 31 da test rapido antigenico.<\/p>\n<h3>I nuovi casi<\/h3>\n<p>I nuovi casi sono lo 0,2% in pi\u00f9 rispetto al totale del giorno precedente. I guariti crescono dello 0,3% e raggiungono quota 244.446 (92,7% dei casi totali).<\/p>\n<p>Oggi sono stati eseguiti 9.715 tamponi molecolari e 5.059 tamponi antigenici rapidi, di questi il 4,6% \u00e8 risultato positivo.<\/p>\n<p>Sono invece 6.527 i soggetti testati oggi (con tampone antigenico e\/o molecolare, escludendo i tamponi di controllo), di cui il 10,3% \u00e8 risultato positivo. Gli attualmente positivi sono oggi 12.168, -0,9% rispetto a ieri.<\/p>\n<p>I ricoverati sono <strong>354 (7 in pi\u00f9 rispetto a ieri)<\/strong>, di cui 39 in terapia intensiva <strong>(1 in pi\u00f9)<\/strong>. Oggi si registrano <strong>2 nuovi decessi:<\/strong> 1 uomo e 1 donna con un&#8217;et\u00e0 media di 79,5 anni.<\/p>\n<h3>Il punto sulla vaccinazione in Toscana<\/h3>\n<p>In Toscana ad oggi sono state somministrate 4.578.184 dosi di vaccino. A far da traino alla campagna vaccinale in questi mesi estivi sono soprattutto i giovani. Oltre alla grande partecipazione che si sta registranno negli hub delle asl toscane senza prenotazione per ricevere <a href=\"https:\/\/www.intoscana.it\/it\/articolo\/giovani-vaccino-ffp2-studenti-mezzi-pubblici\/\">la prima dose di vaccino<\/a>, riscuotono ottimo successo tra i giovanissimi le vaccinazioni\u00a0in spiaggia della campagna <strong>Giovanis\u00ecvaccinano promossa da Giovanis\u00ec<\/strong>: sono stati 156 i giovani vaccinati a Livorno nella giornata di ieri, marted\u00ec 17 agosto.<\/p>\n<p><mark>L&#8217;obiettivo \u00e8 quello di sensibilizzare le ragazze e i ragazzi (e le persone fino a 40 anni) a vaccinarsi contro il Covid. Si potranno per\u00f2 vaccinare anche altre fasce d&#8217;et\u00e0: dai 12 anni fino a 59 anni e dagli 80 anni in su <\/mark>. Le uniche escluse sono le persone da 60 a 79 anni, a cui \u00e8 dedicato il vaccino Johnson &amp; Jonson con accesso libero, in farmacia o negli hub, senza necessit\u00e0 di prenotazione.<\/p>\n<p>Intanto ecco le nuove date della campagna: <strong>oggi, mercoled\u00ec 18, dalle 13 alle 22 il campere sar\u00e0 a Tirrenia, in localit\u00e0 Calambrone<\/strong>. Domani sempre dalle 13 alle 22 si sposter\u00e0 a Marina di Pisa, in via Lanfreducci angolo via Repubblica Pisana.<\/p>\n<p>Queste le fermate fino al 27 agosto:<\/p>\n<ul>\n<li>Venerd\u00ec 20, ore 16-22<br \/>\nCinquale, Piazza Maccari<\/li>\n<li>Venerd\u00ec 20, ore 23-2<br \/>\nCinquale, lungo mare (via IV Novembre)<\/li>\n<li>Sabato 21, ore 15-24<br \/>\nMarina di Massa, Piazza Betti<\/li>\n<li>Domenica 22, ore 16-24<br \/>\nLido di Camaiore, Pontile del Lido, ore 16-24<\/li>\n<li>Luned\u00ec 23, ore 16-24<br \/>\nForte dei Marmi, Pineta Falcone e Borsellino<\/li>\n<li>Marted\u00ec 24, ore 16-24<br \/>\nViareggio, Piazza Mazzini<\/li>\n<li>Mercoled\u00ec 25, ore 16-24<br \/>\nMarina di Pietrasanta, Piazza Europa<\/li>\n<li>Gioved\u00ec 26, ore 13-22<br \/>\nMarina di Vecchiano, Via del Mare<\/li>\n<li>Venerd\u00ec 27, ore 15-24<br \/>\nMarina di Carrara, Piazza Ingolstadt<\/li>\n<\/ul>\n","protected":false},"excerpt":{"rendered":"<p>I ricoverati nei posti letto Covid sono 354 (7 in pi\u00f9 rispetto a ieri), di cui 39 in terapia intensiva (1 in pi\u00f9). Due i decessi. Intanto procede a pieno ritmo la campagna vaccinale anche tra i giovanissimi: ecco le nuove date dell&#8217;iniziativa &#8220;Vaccini in spiaggia&#8221;<\/p>\n","protected":false},"author":525,"featured_media":186748,"comment_status":"open","ping_status":"open","sticky":false,"template":"","format":"standard","meta":{"_acf_changed":false,"footnotes":""},"categories":[494],"tags":[],"class_list":["post-186731","post","type-post","status-publish","format-standard","has-post-thumbnail","hentry","category-attualita"],"acf":[],"yoast_head":"<!-- This site is optimized with the Yoast SEO Premium plugin v24.2 (Yoast SEO v25.6) - https:\/\/yoast.com\/wordpress\/plugins\/seo\/ -->\n<title>Covid, contagi in crescita: +675. La Regione spinge sui vaccini - intoscana<\/title>\n<meta name=\"description\" content=\"I ricoverati nei posti letto Covid sono 354 (7 in pi\u00f9 rispetto a ieri), di cui 39 in terapia intensiva (1 in pi\u00f9). Due i decessi\" \/>\n<meta name=\"robots\" content=\"index, follow, max-snippet:-1, max-image-preview:large, max-video-preview:-1\" \/>\n<link rel=\"canonical\" href=\"https:\/\/www.intoscana.it\/it\/covid-contagi-regione-vaccini-spiaggia\/\" \/>\n<meta property=\"og:locale\" content=\"it_IT\" \/>\n<meta property=\"og:type\" content=\"article\" \/>\n<meta property=\"og:title\" content=\"Covid, contagi in crescita: +675. La Regione spinge sui vaccini\" \/>\n<meta property=\"og:description\" content=\"I ricoverati nei posti letto Covid sono 354 (7 in pi\u00f9 rispetto a ieri), di cui 39 in terapia intensiva (1 in pi\u00f9). Due i decessi\" \/>\n<meta property=\"og:url\" content=\"https:\/\/www.intoscana.it\/it\/covid-contagi-regione-vaccini-spiaggia\/\" \/>\n<meta property=\"og:site_name\" content=\"intoscana\" \/>\n<meta property=\"article:publisher\" content=\"https:\/\/www.facebook.com\/intoscana.it\" \/>\n<meta property=\"article:published_time\" content=\"2021-08-18T11:04:48+00:00\" \/>\n<meta property=\"article:modified_time\" content=\"2021-08-19T12:49:26+00:00\" \/>\n<meta property=\"og:image\" content=\"https:\/\/www.intoscana.it\/wp-content\/uploads\/covid-18-agosto-toscana.001.jpeg\" \/>\n\t<meta property=\"og:image:width\" content=\"1200\" \/>\n\t<meta property=\"og:image:height\" content=\"630\" \/>\n\t<meta property=\"og:image:type\" content=\"image\/jpeg\" \/>\n<meta name=\"author\" content=\"Redazione\" \/>\n<meta name=\"twitter:card\" content=\"summary_large_image\" \/>\n<meta name=\"twitter:creator\" content=\"@intoscana\" \/>\n<meta name=\"twitter:site\" content=\"@intoscana\" \/>\n<meta name=\"twitter:label1\" content=\"Written by\" \/>\n\t<meta name=\"twitter:data1\" content=\"Redazione\" \/>\n\t<meta name=\"twitter:label2\" content=\"Est. reading time\" \/>\n\t<meta name=\"twitter:data2\" content=\"2 minuti\" \/>\n<script type=\"application\/ld+json\" class=\"yoast-schema-graph\">{\"@context\":\"https:\/\/schema.org\",\"@graph\":[{\"@type\":\"WebPage\",\"@id\":\"https:\/\/www.intoscana.it\/it\/covid-contagi-regione-vaccini-spiaggia\/\",\"url\":\"https:\/\/www.intoscana.it\/it\/covid-contagi-regione-vaccini-spiaggia\/\",\"name\":\"Covid, contagi in crescita: +675. La Regione spinge sui vaccini - intoscana\",\"isPartOf\":{\"@id\":\"https:\/\/www.intoscana.it\/it\/#website\"},\"primaryImageOfPage\":{\"@id\":\"https:\/\/www.intoscana.it\/it\/covid-contagi-regione-vaccini-spiaggia\/#primaryimage\"},\"image\":{\"@id\":\"https:\/\/www.intoscana.it\/it\/covid-contagi-regione-vaccini-spiaggia\/#primaryimage\"},\"thumbnailUrl\":\"https:\/\/www.intoscana.it\/wp-content\/uploads\/vaccinazioni-anti-covid-epidemia-coronavirus-scaled.jpg\",\"datePublished\":\"2021-08-18T11:04:48+00:00\",\"dateModified\":\"2021-08-19T12:49:26+00:00\",\"author\":{\"@id\":\"https:\/\/www.intoscana.it\/it\/#\/schema\/person\/9223810753230f20bd670fdd322661f8\"},\"description\":\"I ricoverati nei posti letto Covid sono 354 (7 in pi\u00f9 rispetto a ieri), di cui 39 in terapia intensiva (1 in pi\u00f9). Due i decessi\",\"breadcrumb\":{\"@id\":\"https:\/\/www.intoscana.it\/it\/covid-contagi-regione-vaccini-spiaggia\/#breadcrumb\"},\"inLanguage\":\"it-IT\",\"potentialAction\":[{\"@type\":\"ReadAction\",\"target\":[\"https:\/\/www.intoscana.it\/it\/covid-contagi-regione-vaccini-spiaggia\/\"]}]},{\"@type\":\"ImageObject\",\"inLanguage\":\"it-IT\",\"@id\":\"https:\/\/www.intoscana.it\/it\/covid-contagi-regione-vaccini-spiaggia\/#primaryimage\",\"url\":\"https:\/\/www.intoscana.it\/wp-content\/uploads\/vaccinazioni-anti-covid-epidemia-coronavirus-scaled.jpg\",\"contentUrl\":\"https:\/\/www.intoscana.it\/wp-content\/uploads\/vaccinazioni-anti-covid-epidemia-coronavirus-scaled.jpg\",\"width\":2048,\"height\":1365,\"caption\":\"Campagna vaccinale anti Covid-19\"},{\"@type\":\"BreadcrumbList\",\"@id\":\"https:\/\/www.intoscana.it\/it\/covid-contagi-regione-vaccini-spiaggia\/#breadcrumb\",\"itemListElement\":[{\"@type\":\"ListItem\",\"position\":1,\"name\":\"Home\",\"item\":\"https:\/\/www.intoscana.it\/it\/\"},{\"@type\":\"ListItem\",\"position\":2,\"name\":\"Covid, contagi in crescita: +675. La Regione spinge sui vaccini\"}]},{\"@type\":\"WebSite\",\"@id\":\"https:\/\/www.intoscana.it\/it\/#website\",\"url\":\"https:\/\/www.intoscana.it\/it\/\",\"name\":\"intoscana\",\"description\":\"\",\"potentialAction\":[{\"@type\":\"SearchAction\",\"target\":{\"@type\":\"EntryPoint\",\"urlTemplate\":\"https:\/\/www.intoscana.it\/it\/?s={search_term_string}\"},\"query-input\":{\"@type\":\"PropertyValueSpecification\",\"valueRequired\":true,\"valueName\":\"search_term_string\"}}],\"inLanguage\":\"it-IT\"},{\"@type\":\"Person\",\"@id\":\"https:\/\/www.intoscana.it\/it\/#\/schema\/person\/9223810753230f20bd670fdd322661f8\",\"name\":\"Redazione\",\"url\":\"https:\/\/www.intoscana.it\/it\/author\/redazione\/\"}]}<\/script>\n<!-- \/ Yoast SEO Premium plugin. -->","yoast_head_json":{"title":"Covid, contagi in crescita: +675. La Regione spinge sui vaccini - intoscana","description":"I ricoverati nei posti letto Covid sono 354 (7 in pi\u00f9 rispetto a ieri), di cui 39 in terapia intensiva (1 in pi\u00f9). Due i decessi","robots":{"index":"index","follow":"follow","max-snippet":"max-snippet:-1","max-image-preview":"max-image-preview:large","max-video-preview":"max-video-preview:-1"},"canonical":"https:\/\/www.intoscana.it\/it\/covid-contagi-regione-vaccini-spiaggia\/","og_locale":"it_IT","og_type":"article","og_title":"Covid, contagi in crescita: +675. La Regione spinge sui vaccini","og_description":"I ricoverati nei posti letto Covid sono 354 (7 in pi\u00f9 rispetto a ieri), di cui 39 in terapia intensiva (1 in pi\u00f9). Due i decessi","og_url":"https:\/\/www.intoscana.it\/it\/covid-contagi-regione-vaccini-spiaggia\/","og_site_name":"intoscana","article_publisher":"https:\/\/www.facebook.com\/intoscana.it","article_published_time":"2021-08-18T11:04:48+00:00","article_modified_time":"2021-08-19T12:49:26+00:00","og_image":[{"width":1200,"height":630,"url":"https:\/\/www.intoscana.it\/wp-content\/uploads\/covid-18-agosto-toscana.001.jpeg","type":"image\/jpeg"}],"author":"Redazione","twitter_card":"summary_large_image","twitter_creator":"@intoscana","twitter_site":"@intoscana","twitter_misc":{"Written by":"Redazione","Est. reading time":"2 minuti"},"schema":{"@context":"https:\/\/schema.org","@graph":[{"@type":"WebPage","@id":"https:\/\/www.intoscana.it\/it\/covid-contagi-regione-vaccini-spiaggia\/","url":"https:\/\/www.intoscana.it\/it\/covid-contagi-regione-vaccini-spiaggia\/","name":"Covid, contagi in crescita: +675. La Regione spinge sui vaccini - intoscana","isPartOf":{"@id":"https:\/\/www.intoscana.it\/it\/#website"},"primaryImageOfPage":{"@id":"https:\/\/www.intoscana.it\/it\/covid-contagi-regione-vaccini-spiaggia\/#primaryimage"},"image":{"@id":"https:\/\/www.intoscana.it\/it\/covid-contagi-regione-vaccini-spiaggia\/#primaryimage"},"thumbnailUrl":"https:\/\/www.intoscana.it\/wp-content\/uploads\/vaccinazioni-anti-covid-epidemia-coronavirus-scaled.jpg","datePublished":"2021-08-18T11:04:48+00:00","dateModified":"2021-08-19T12:49:26+00:00","author":{"@id":"https:\/\/www.intoscana.it\/it\/#\/schema\/person\/9223810753230f20bd670fdd322661f8"},"description":"I ricoverati nei posti letto Covid sono 354 (7 in pi\u00f9 rispetto a ieri), di cui 39 in terapia intensiva (1 in pi\u00f9). Due i decessi","breadcrumb":{"@id":"https:\/\/www.intoscana.it\/it\/covid-contagi-regione-vaccini-spiaggia\/#breadcrumb"},"inLanguage":"it-IT","potentialAction":[{"@type":"ReadAction","target":["https:\/\/www.intoscana.it\/it\/covid-contagi-regione-vaccini-spiaggia\/"]}]},{"@type":"ImageObject","inLanguage":"it-IT","@id":"https:\/\/www.intoscana.it\/it\/covid-contagi-regione-vaccini-spiaggia\/#primaryimage","url":"https:\/\/www.intoscana.it\/wp-content\/uploads\/vaccinazioni-anti-covid-epidemia-coronavirus-scaled.jpg","contentUrl":"https:\/\/www.intoscana.it\/wp-content\/uploads\/vaccinazioni-anti-covid-epidemia-coronavirus-scaled.jpg","width":2048,"height":1365,"caption":"Campagna vaccinale anti Covid-19"},{"@type":"BreadcrumbList","@id":"https:\/\/www.intoscana.it\/it\/covid-contagi-regione-vaccini-spiaggia\/#breadcrumb","itemListElement":[{"@type":"ListItem","position":1,"name":"Home","item":"https:\/\/www.intoscana.it\/it\/"},{"@type":"ListItem","position":2,"name":"Covid, contagi in crescita: +675. La Regione spinge sui vaccini"}]},{"@type":"WebSite","@id":"https:\/\/www.intoscana.it\/it\/#website","url":"https:\/\/www.intoscana.it\/it\/","name":"intoscana","description":"","potentialAction":[{"@type":"SearchAction","target":{"@type":"EntryPoint","urlTemplate":"https:\/\/www.intoscana.it\/it\/?s={search_term_string}"},"query-input":{"@type":"PropertyValueSpecification","valueRequired":true,"valueName":"search_term_string"}}],"inLanguage":"it-IT"},{"@type":"Person","@id":"https:\/\/www.intoscana.it\/it\/#\/schema\/person\/9223810753230f20bd670fdd322661f8","name":"Redazione","url":"https:\/\/www.intoscana.it\/it\/author\/redazione\/"}]}},"_links":{"self":[{"href":"https:\/\/www.intoscana.it\/it\/wp-json\/wp\/v2\/posts\/186731","targetHints":{"allow":["GET"]}}],"collection":[{"href":"https:\/\/www.intoscana.it\/it\/wp-json\/wp\/v2\/posts"}],"about":[{"href":"https:\/\/www.intoscana.it\/it\/wp-json\/wp\/v2\/types\/post"}],"author":[{"embeddable":true,"href":"https:\/\/www.intoscana.it\/it\/wp-json\/wp\/v2\/users\/525"}],"replies":[{"embeddable":true,"href":"https:\/\/www.intoscana.it\/it\/wp-json\/wp\/v2\/comments?post=186731"}],"version-history":[{"count":0,"href":"https:\/\/www.intoscana.it\/it\/wp-json\/wp\/v2\/posts\/186731\/revisions"}],"wp:featuredmedia":[{"embeddable":true,"href":"https:\/\/www.intoscana.it\/it\/wp-json\/wp\/v2\/media\/186748"}],"wp:attachment":[{"href":"https:\/\/www.intoscana.it\/it\/wp-json\/wp\/v2\/media?parent=186731"}],"wp:term":[{"taxonomy":"category","embeddable":true,"href":"https:\/\/www.intoscana.it\/it\/wp-json\/wp\/v2\/categories?post=186731"},{"taxonomy":"post_tag","embeddable":true,"href":"https:\/\/www.intoscana.it\/it\/wp-json\/wp\/v2\/tags?post=186731"}],"curies":[{"name":"wp","href":"https:\/\/api.w.org\/{rel}","templated":true}]}}