{"id":186817,"date":"2021-08-19T10:47:01","date_gmt":"2021-08-19T08:47:01","guid":{"rendered":"https:\/\/www.intoscana.it\/it\/?p=186817"},"modified":"2021-08-19T14:29:40","modified_gmt":"2021-08-19T12:29:40","slug":"papa-francesco-gioca-con-biliardino-inclusivo-di-altopascio","status":"publish","type":"post","link":"https:\/\/www.intoscana.it\/it\/papa-francesco-gioca-con-biliardino-inclusivo-di-altopascio\/","title":{"rendered":"Papa Francesco gioca con il biliardino inclusivo di Altopascio. L&#8217;immagine fa il giro dei social"},"content":{"rendered":"<p><strong>Papa Francesco<\/strong> gioca a <strong>biliardino<\/strong> al termine dell&#8217;udienza generale. Un biliardino speciale, inclusivo, realizzato da un&#8217;associazione toscana per poter consentire anche alle persone con disabilit\u00e0 di poter cimentarsi da porta a porta, alla ricerca di un goal.<\/p>\n<p>La foto &#8211; scattata ieri\u00a0 &#8211; ha fatto in pochissime ore il giro dei social e della rete. Un dono a Bergoglio di Natale Tonini, presidente dell<strong>&#8216;associazione Sport Toscana Calciobalilla,<\/strong> che ha sede ad <strong>Altopascio,<\/strong> vicino Lucca.<\/p>\n<p>L&#8217;idea nasce di un gruppo di amici che fanno parte dell&#8217;associazione, con l&#8217;intento di dar vita ad un <strong>biliardino accessibile a tutti.<\/strong>, anche a chi \u00e8 costretto su una sedia a rotella. E Papa Francesco non si \u00e8 tirato indietro, scambiando subito qualche passaggio con Tonini.<\/p>\n<p>Lo sport dunque regala ancora una bella lezione di vita e lo fa anche attraverso le parole: 16 in tutto, impresse simbolicamente sulla fiancata del tavolo dal fumettista lucchese <strong>Alessandro Sesti<\/strong>, care allo stesso Francesco. Una squadra di parole, da ricordare ogni giorno della vita. <em>Comunit\u00e0, amicizia, inclusione, solidariet\u00e0, lealt\u00e0, impegno, dignit\u00e0, rispetto, generosit\u00e0, amore, condivisione, onest\u00e0, speranza, gruppo, altruismo, coraggio.<\/em><\/p>\n<p>Parole disegnate su un tavolo da gioco ma\u00a0 idealmente mobili, come le palline che rimbalzano da un lato all&#8217;altro del biliardino, da una porta all&#8217;altra, da ogni persona che stringer\u00e0 tra le mani la stecca che muove i calciatori in campo. Anche le sedici parole faranno lo stesso ogni volta che un giocatore le incrocer\u00e0 con i propri occhi. Si muoveranno tra le persone, per ricordarsi che la vita \u00e8 fatta anche da questi sedici pilastri.<\/p>\n<p><em>&#8220;Sono parole prese dal vocabolario del Papa e che dovrebbero caratterizzare l&#8217;approccio di tutti al gioco, allo sport<\/em>&#8220;. spiega il <strong>presidente Tonini<\/strong> che poi ricorda come l&#8217;associazione abbia di recente donato biliardini anche alle carceri di Volterra, Lucca e Sollicciano &#8211; <em>&#8220;Continuer\u00e0 a proporre questa particolare e popolare esperienza di gioco a parrocchie, oratori e luoghi di aggregazione giovanile&#8221;.<\/em><\/p>\n<p>Il bello del gioco di squadra, che si fa in campo, tra la gente o insieme al Papa stesso.<\/p>\n","protected":false},"excerpt":{"rendered":"<p>A margine dell&#8217;udienza generale Bergoglio si \u00e8 intrattenuto a giocare con il presidente dell&#8217;associazione sport toscana CalcioBalilla che ha realizzato un biliardino accessibile a tutti. Un&#8217;altra grande lezione di inclusione che arriva dallo sport<\/p>\n","protected":false},"author":525,"featured_media":186820,"comment_status":"open","ping_status":"open","sticky":false,"template":"","format":"standard","meta":{"_acf_changed":false,"footnotes":""},"categories":[4],"tags":[406,1587,159],"class_list":["post-186817","post","type-post","status-publish","format-standard","has-post-thumbnail","hentry","category-storie","tag-disabilita","tag-papa-francesco-in-toscana","tag-sport"],"acf":[],"yoast_head":"<!-- This site is optimized with the Yoast SEO Premium plugin v24.2 (Yoast SEO v25.6) - https:\/\/yoast.com\/wordpress\/plugins\/seo\/ -->\n<title>Papa Francesco gioca con il biliardino inclusivo di Altopascio. L&#039;immagine fa il giro dei social - intoscana<\/title>\n<meta name=\"description\" content=\"Bergoglio si \u00e8 intrattenuto a giocare con il presidente dell&#039;associazione sport toscana CalcioBalilla Tonini.\" \/>\n<meta name=\"robots\" content=\"index, follow, max-snippet:-1, max-image-preview:large, max-video-preview:-1\" \/>\n<link rel=\"canonical\" href=\"https:\/\/www.intoscana.it\/it\/papa-francesco-gioca-con-biliardino-inclusivo-di-altopascio\/\" \/>\n<meta property=\"og:locale\" content=\"it_IT\" \/>\n<meta property=\"og:type\" content=\"article\" \/>\n<meta property=\"og:title\" content=\"Papa Francesco gioca con il biliardino inclusivo di Altopascio. L&#039;immagine fa il giro dei social\" \/>\n<meta property=\"og:description\" content=\"Bergoglio si \u00e8 intrattenuto a giocare con il presidente dell&#039;associazione sport toscana CalcioBalilla Tonini.\" \/>\n<meta property=\"og:url\" content=\"https:\/\/www.intoscana.it\/it\/papa-francesco-gioca-con-biliardino-inclusivo-di-altopascio\/\" \/>\n<meta property=\"og:site_name\" content=\"intoscana\" \/>\n<meta property=\"article:publisher\" content=\"https:\/\/www.facebook.com\/intoscana.it\" \/>\n<meta property=\"article:published_time\" content=\"2021-08-19T08:47:01+00:00\" \/>\n<meta property=\"article:modified_time\" content=\"2021-08-19T12:29:40+00:00\" \/>\n<meta property=\"og:image\" content=\"https:\/\/www.intoscana.it\/wp-content\/uploads\/papa-francesco-gioca-con-biliardino-altopascio-scaled.jpg\" \/>\n\t<meta property=\"og:image:width\" content=\"2048\" \/>\n\t<meta property=\"og:image:height\" content=\"1365\" \/>\n\t<meta property=\"og:image:type\" content=\"image\/jpeg\" \/>\n<meta name=\"author\" content=\"Redazione\" \/>\n<meta name=\"twitter:card\" content=\"summary_large_image\" \/>\n<meta name=\"twitter:creator\" content=\"@intoscana\" \/>\n<meta name=\"twitter:site\" content=\"@intoscana\" \/>\n<meta name=\"twitter:label1\" content=\"Written by\" \/>\n\t<meta name=\"twitter:data1\" content=\"Redazione\" \/>\n\t<meta name=\"twitter:label2\" content=\"Est. reading time\" \/>\n\t<meta name=\"twitter:data2\" content=\"2 minuti\" \/>\n<script type=\"application\/ld+json\" class=\"yoast-schema-graph\">{\"@context\":\"https:\/\/schema.org\",\"@graph\":[{\"@type\":\"WebPage\",\"@id\":\"https:\/\/www.intoscana.it\/it\/papa-francesco-gioca-con-biliardino-inclusivo-di-altopascio\/\",\"url\":\"https:\/\/www.intoscana.it\/it\/papa-francesco-gioca-con-biliardino-inclusivo-di-altopascio\/\",\"name\":\"Papa Francesco gioca con il biliardino inclusivo di Altopascio. L'immagine fa il giro dei social - intoscana\",\"isPartOf\":{\"@id\":\"https:\/\/www.intoscana.it\/it\/#website\"},\"primaryImageOfPage\":{\"@id\":\"https:\/\/www.intoscana.it\/it\/papa-francesco-gioca-con-biliardino-inclusivo-di-altopascio\/#primaryimage\"},\"image\":{\"@id\":\"https:\/\/www.intoscana.it\/it\/papa-francesco-gioca-con-biliardino-inclusivo-di-altopascio\/#primaryimage\"},\"thumbnailUrl\":\"https:\/\/www.intoscana.it\/wp-content\/uploads\/papa-francesco-gioca-con-biliardino-altopascio-scaled.jpg\",\"datePublished\":\"2021-08-19T08:47:01+00:00\",\"dateModified\":\"2021-08-19T12:29:40+00:00\",\"author\":{\"@id\":\"https:\/\/www.intoscana.it\/it\/#\/schema\/person\/9223810753230f20bd670fdd322661f8\"},\"description\":\"Bergoglio si \u00e8 intrattenuto a giocare con il presidente dell'associazione sport toscana CalcioBalilla Tonini.\",\"breadcrumb\":{\"@id\":\"https:\/\/www.intoscana.it\/it\/papa-francesco-gioca-con-biliardino-inclusivo-di-altopascio\/#breadcrumb\"},\"inLanguage\":\"it-IT\",\"potentialAction\":[{\"@type\":\"ReadAction\",\"target\":[\"https:\/\/www.intoscana.it\/it\/papa-francesco-gioca-con-biliardino-inclusivo-di-altopascio\/\"]}]},{\"@type\":\"ImageObject\",\"inLanguage\":\"it-IT\",\"@id\":\"https:\/\/www.intoscana.it\/it\/papa-francesco-gioca-con-biliardino-inclusivo-di-altopascio\/#primaryimage\",\"url\":\"https:\/\/www.intoscana.it\/wp-content\/uploads\/papa-francesco-gioca-con-biliardino-altopascio-scaled.jpg\",\"contentUrl\":\"https:\/\/www.intoscana.it\/wp-content\/uploads\/papa-francesco-gioca-con-biliardino-altopascio-scaled.jpg\",\"width\":2048,\"height\":1365,\"caption\":\"Papa Francesco gioca a biliardino\"},{\"@type\":\"BreadcrumbList\",\"@id\":\"https:\/\/www.intoscana.it\/it\/papa-francesco-gioca-con-biliardino-inclusivo-di-altopascio\/#breadcrumb\",\"itemListElement\":[{\"@type\":\"ListItem\",\"position\":1,\"name\":\"Home\",\"item\":\"https:\/\/www.intoscana.it\/it\/\"},{\"@type\":\"ListItem\",\"position\":2,\"name\":\"Papa Francesco gioca con il biliardino inclusivo di Altopascio. L&#8217;immagine fa il giro dei social\"}]},{\"@type\":\"WebSite\",\"@id\":\"https:\/\/www.intoscana.it\/it\/#website\",\"url\":\"https:\/\/www.intoscana.it\/it\/\",\"name\":\"intoscana\",\"description\":\"\",\"potentialAction\":[{\"@type\":\"SearchAction\",\"target\":{\"@type\":\"EntryPoint\",\"urlTemplate\":\"https:\/\/www.intoscana.it\/it\/?s={search_term_string}\"},\"query-input\":{\"@type\":\"PropertyValueSpecification\",\"valueRequired\":true,\"valueName\":\"search_term_string\"}}],\"inLanguage\":\"it-IT\"},{\"@type\":\"Person\",\"@id\":\"https:\/\/www.intoscana.it\/it\/#\/schema\/person\/9223810753230f20bd670fdd322661f8\",\"name\":\"Redazione\",\"url\":\"https:\/\/www.intoscana.it\/it\/author\/redazione\/\"}]}<\/script>\n<!-- \/ Yoast SEO Premium plugin. -->","yoast_head_json":{"title":"Papa Francesco gioca con il biliardino inclusivo di Altopascio. L'immagine fa il giro dei social - intoscana","description":"Bergoglio si \u00e8 intrattenuto a giocare con il presidente dell'associazione sport toscana CalcioBalilla Tonini.","robots":{"index":"index","follow":"follow","max-snippet":"max-snippet:-1","max-image-preview":"max-image-preview:large","max-video-preview":"max-video-preview:-1"},"canonical":"https:\/\/www.intoscana.it\/it\/papa-francesco-gioca-con-biliardino-inclusivo-di-altopascio\/","og_locale":"it_IT","og_type":"article","og_title":"Papa Francesco gioca con il biliardino inclusivo di Altopascio. L'immagine fa il giro dei social","og_description":"Bergoglio si \u00e8 intrattenuto a giocare con il presidente dell'associazione sport toscana CalcioBalilla Tonini.","og_url":"https:\/\/www.intoscana.it\/it\/papa-francesco-gioca-con-biliardino-inclusivo-di-altopascio\/","og_site_name":"intoscana","article_publisher":"https:\/\/www.facebook.com\/intoscana.it","article_published_time":"2021-08-19T08:47:01+00:00","article_modified_time":"2021-08-19T12:29:40+00:00","og_image":[{"width":2048,"height":1365,"url":"https:\/\/www.intoscana.it\/wp-content\/uploads\/papa-francesco-gioca-con-biliardino-altopascio-scaled.jpg","type":"image\/jpeg"}],"author":"Redazione","twitter_card":"summary_large_image","twitter_creator":"@intoscana","twitter_site":"@intoscana","twitter_misc":{"Written by":"Redazione","Est. reading time":"2 minuti"},"schema":{"@context":"https:\/\/schema.org","@graph":[{"@type":"WebPage","@id":"https:\/\/www.intoscana.it\/it\/papa-francesco-gioca-con-biliardino-inclusivo-di-altopascio\/","url":"https:\/\/www.intoscana.it\/it\/papa-francesco-gioca-con-biliardino-inclusivo-di-altopascio\/","name":"Papa Francesco gioca con il biliardino inclusivo di Altopascio. L'immagine fa il giro dei social - intoscana","isPartOf":{"@id":"https:\/\/www.intoscana.it\/it\/#website"},"primaryImageOfPage":{"@id":"https:\/\/www.intoscana.it\/it\/papa-francesco-gioca-con-biliardino-inclusivo-di-altopascio\/#primaryimage"},"image":{"@id":"https:\/\/www.intoscana.it\/it\/papa-francesco-gioca-con-biliardino-inclusivo-di-altopascio\/#primaryimage"},"thumbnailUrl":"https:\/\/www.intoscana.it\/wp-content\/uploads\/papa-francesco-gioca-con-biliardino-altopascio-scaled.jpg","datePublished":"2021-08-19T08:47:01+00:00","dateModified":"2021-08-19T12:29:40+00:00","author":{"@id":"https:\/\/www.intoscana.it\/it\/#\/schema\/person\/9223810753230f20bd670fdd322661f8"},"description":"Bergoglio si \u00e8 intrattenuto a giocare con il presidente dell'associazione sport toscana CalcioBalilla Tonini.","breadcrumb":{"@id":"https:\/\/www.intoscana.it\/it\/papa-francesco-gioca-con-biliardino-inclusivo-di-altopascio\/#breadcrumb"},"inLanguage":"it-IT","potentialAction":[{"@type":"ReadAction","target":["https:\/\/www.intoscana.it\/it\/papa-francesco-gioca-con-biliardino-inclusivo-di-altopascio\/"]}]},{"@type":"ImageObject","inLanguage":"it-IT","@id":"https:\/\/www.intoscana.it\/it\/papa-francesco-gioca-con-biliardino-inclusivo-di-altopascio\/#primaryimage","url":"https:\/\/www.intoscana.it\/wp-content\/uploads\/papa-francesco-gioca-con-biliardino-altopascio-scaled.jpg","contentUrl":"https:\/\/www.intoscana.it\/wp-content\/uploads\/papa-francesco-gioca-con-biliardino-altopascio-scaled.jpg","width":2048,"height":1365,"caption":"Papa Francesco gioca a biliardino"},{"@type":"BreadcrumbList","@id":"https:\/\/www.intoscana.it\/it\/papa-francesco-gioca-con-biliardino-inclusivo-di-altopascio\/#breadcrumb","itemListElement":[{"@type":"ListItem","position":1,"name":"Home","item":"https:\/\/www.intoscana.it\/it\/"},{"@type":"ListItem","position":2,"name":"Papa Francesco gioca con il biliardino inclusivo di Altopascio. L&#8217;immagine fa il giro dei social"}]},{"@type":"WebSite","@id":"https:\/\/www.intoscana.it\/it\/#website","url":"https:\/\/www.intoscana.it\/it\/","name":"intoscana","description":"","potentialAction":[{"@type":"SearchAction","target":{"@type":"EntryPoint","urlTemplate":"https:\/\/www.intoscana.it\/it\/?s={search_term_string}"},"query-input":{"@type":"PropertyValueSpecification","valueRequired":true,"valueName":"search_term_string"}}],"inLanguage":"it-IT"},{"@type":"Person","@id":"https:\/\/www.intoscana.it\/it\/#\/schema\/person\/9223810753230f20bd670fdd322661f8","name":"Redazione","url":"https:\/\/www.intoscana.it\/it\/author\/redazione\/"}]}},"_links":{"self":[{"href":"https:\/\/www.intoscana.it\/it\/wp-json\/wp\/v2\/posts\/186817","targetHints":{"allow":["GET"]}}],"collection":[{"href":"https:\/\/www.intoscana.it\/it\/wp-json\/wp\/v2\/posts"}],"about":[{"href":"https:\/\/www.intoscana.it\/it\/wp-json\/wp\/v2\/types\/post"}],"author":[{"embeddable":true,"href":"https:\/\/www.intoscana.it\/it\/wp-json\/wp\/v2\/users\/525"}],"replies":[{"embeddable":true,"href":"https:\/\/www.intoscana.it\/it\/wp-json\/wp\/v2\/comments?post=186817"}],"version-history":[{"count":0,"href":"https:\/\/www.intoscana.it\/it\/wp-json\/wp\/v2\/posts\/186817\/revisions"}],"wp:featuredmedia":[{"embeddable":true,"href":"https:\/\/www.intoscana.it\/it\/wp-json\/wp\/v2\/media\/186820"}],"wp:attachment":[{"href":"https:\/\/www.intoscana.it\/it\/wp-json\/wp\/v2\/media?parent=186817"}],"wp:term":[{"taxonomy":"category","embeddable":true,"href":"https:\/\/www.intoscana.it\/it\/wp-json\/wp\/v2\/categories?post=186817"},{"taxonomy":"post_tag","embeddable":true,"href":"https:\/\/www.intoscana.it\/it\/wp-json\/wp\/v2\/tags?post=186817"}],"curies":[{"name":"wp","href":"https:\/\/api.w.org\/{rel}","templated":true}]}}