{"id":187760,"date":"2021-08-30T12:17:18","date_gmt":"2021-08-30T10:17:18","guid":{"rendered":"https:\/\/www.intoscana.it\/it\/?p=187760"},"modified":"2021-08-31T12:48:12","modified_gmt":"2021-08-31T10:48:12","slug":"covid-in-toscana-348-nuovi-casi-i-positivi-sono-complessivamente-11-416","status":"publish","type":"post","link":"https:\/\/www.intoscana.it\/it\/covid-in-toscana-348-nuovi-casi-i-positivi-sono-complessivamente-11-416\/","title":{"rendered":"Covid, in Toscana 348 nuovi casi. I positivi sono complessivamente 11.416"},"content":{"rendered":"<p>In Toscana sono 270.882 i casi di positivit\u00e0 al coronavirus, 348 in pi\u00f9 rispetto a ieri (335 confermati con tampone molecolare e 13 da test rapido antigenico). I nuovi casi sono lo 0,1% in pi\u00f9 rispetto al totale del giorno precedente. L&#8217;<strong>et\u00e0 media \u00e8 di 38 anni<\/strong> circa (25% ha meno di 20 anni, 30% tra 20 e 39 anni, 28% tra 40 e 59 anni, 11% tra 60 e 79 anni, 6% ha 80 anni o pi\u00f9). Ieri, <strong>domenica 30 agosto<\/strong>, i nuovi casi registrati erano <strong>528<\/strong> (et\u00e0 media 36 anni) mentre i decessi avvenuti sono stati due.<\/p>\n<p>I guariti crescono dello 0,2% e raggiungono quota 252.458 (93,2% dei casi totali). <mark>Oggi sono stati eseguiti 5.136 tamponi molecolari e 1.550 tamponi antigenici rapidi, di questi il 5,2% \u00e8 risultato positivo. Sono invece 2.836 i soggetti testati oggi (con tampone antigenico e\/o molecolare, escludendo i tamponi di controllo), di cui il 12,3% \u00e8 risultato positivo<\/mark>. Gli <strong>attualmente positivi sono oggi 11.416<\/strong>, -1,4% rispetto a ieri. I ricoverati sono 478 (6 in pi\u00f9 rispetto a ieri), di cui 54 in terapia intensiva (1 in pi\u00f9). Si registrano inoltre 3 nuovi decessi: 2 uomini e una donna con un&#8217;et\u00e0 media di 82,3 anni.<\/p>\n<h3>Numerosit\u00e0 di casi sul territorio<\/h3>\n<p>Di seguito i casi di <strong>positivit\u00e0 sul territorio<\/strong> con la variazione rispetto a ieri (335 confermati con tampone molecolare e 13 da test rapido antigenico). Sono 74.923 i casi complessivi ad oggi a Firenze (74 in pi\u00f9 rispetto a ieri), 24.749 a Prato (39 in pi\u00f9), 25.354 a Pistoia (39 in pi\u00f9), 14.388 a Massa (23 in pi\u00f9), 27.971 a Lucca (25 in pi\u00f9), 32.184 a Pisa (34 in pi\u00f9), 20.135 a Livorno (43 in pi\u00f9), 24.883 ad Arezzo (20 in pi\u00f9), 15.258 a Siena (30 in pi\u00f9), 10.482 a Grosseto (21 in pi\u00f9). Sono 555 i casi positivi notificati in Toscana, ma residenti in altre regioni. Sono 153 i casi riscontrati oggi nell&#8217;Asl Centro, 124 nella Nord Ovest, 71 nella Sud est.<\/p>\n<p>La <strong>Toscana si trova al 10\u00b0 posto in Italia come numerosit\u00e0 di casi<\/strong> (comprensivi di residenti e non residenti), con circa 7.384 casi per 100.000 abitanti (media italiana circa 7.645 x100.000, dato di ieri). Le province di notifica con il tasso pi\u00f9 alto sono Prato con 9.666 casi x100.000 abitanti, Pistoia con 8.718, Pisa con 7.729, la pi\u00f9 bassa Grosseto con 4.796.<\/p>\n<h3>Isolamento, guarigioni e ricoveri<\/h3>\n<p>Complessivamente, <strong>10.938 persone sono in isolamento<\/strong> a casa, poich\u00e9 presentano sintomi lievi che non richiedono cure ospedaliere, o risultano prive di sintomi (170 in meno rispetto a ieri, meno 1,5%). Sono 11.853 (40 in meno rispetto a ieri, meno 0,3%) le persone, anch&#8217;esse isolate, in sorveglianza attiva perch\u00e9 hanno avuto contatti con persone contagiate (ASL Centro 4.339, Nord Ovest 6.110, Sud Est 1.404).<\/p>\n<p><mark>Le persone ricoverate nei posti letto dedicati ai pazienti Covid oggi sono complessivamente 478 (6 in pi\u00f9 rispetto a ieri, pi\u00f9 1,3%), 54 in terapia intensiva (1 in pi\u00f9 rispetto a ieri, pi\u00f9 1,9%)<\/mark>. Le persone <strong>complessivamente guarite<\/strong> sono <strong>252.458<\/strong> (509 in pi\u00f9 rispetto a ieri, pi\u00f9 0,2%): 0 persone clinicamente guarite (stabili rispetto a ieri), divenute cio\u00e8 asintomatiche dopo aver presentato manifestazioni cliniche associate all&#8217;infezione e 252.458 (509 in pi\u00f9 rispetto a ieri, pi\u00f9 0,2%) dichiarate guarite a tutti gli effetti, le cosiddette guarigioni virali, con tampone negativo.<\/p>\n<h3>Mortalit\u00e0<\/h3>\n<p><mark>Oggi si registrano 3 nuovi decessi: 2 uomini e una donna con un&#8217;et\u00e0 media di 82,3 anni<\/mark>. Relativamente alla provincia di residenza, le persone decedute sono: 1 a Firenze, 1 a Livorno, 1 a Arezzo. Sono 7.008 i deceduti dall&#8217;inizio dell&#8217;epidemia cosi ripartiti: 2.264 a Firenze, 612 a Prato, 642 a Pistoia, 529 a Massa Carrara, 677 a Lucca, 707 a Pisa, 420 a Livorno, 527 ad Arezzo, 344 a Siena, 195 a Grosseto, 91 persone sono decedute sul suolo toscano ma erano residenti fuori regione.<\/p>\n<p>Il <strong>tasso grezzo di mortalit\u00e0 toscano<\/strong> (numero di deceduti\/popolazione residente) per Covid-19 \u00e8 di 191,0 x100.000 residenti contro il 217,9 x100.000 della media italiana (12\u00b0 regione). Per quanto riguarda le province, il tasso di mortalit\u00e0 pi\u00f9 alto si riscontra a Massa Carrara (278,7 x100.000), Prato (239,0 x100.000) e Firenze (229,6 x100.000), il pi\u00f9 basso a Grosseto (89,2 x100.000).<\/p>\n<p>Tutti i dati sono visibili sul sito dell&#8217;Agenzia regionale di sanit\u00e0 all&#8217;indirizzo <a href=\"http:\/\/www.ars.toscana.it\/covid19\" target=\"_blank\" rel=\"noopener\">www.ars.toscana.it\/covid19<\/a>.<\/p>\n","protected":false},"excerpt":{"rendered":"<p>Tra domenica e luned\u00ec in Toscana si sono registrati 876 nuovi casi (528 ieri, 348 oggi). Lieve aumento dei ricoveri: 478 (6 in pi\u00f9). Cinque decessi in due giorni<\/p>\n","protected":false},"author":525,"featured_media":187765,"comment_status":"open","ping_status":"open","sticky":false,"template":"","format":"standard","meta":{"_acf_changed":false,"footnotes":""},"categories":[494],"tags":[4868,418],"class_list":["post-187760","post","type-post","status-publish","format-standard","has-post-thumbnail","hentry","category-attualita","tag-bollettino-covid-toscana","tag-covid-19"],"acf":[],"yoast_head":"<!-- This site is optimized with the Yoast SEO Premium plugin v24.2 (Yoast SEO v25.6) - https:\/\/yoast.com\/wordpress\/plugins\/seo\/ -->\n<title>Covid, in Toscana 348 nuovi casi. I positivi sono complessivamente 11.416 - intoscana<\/title>\n<meta name=\"description\" content=\"Tra domenica e luned\u00ec in Toscana si sono registrati 876 nuovi casi (528 ieri, 348 oggi). Lieve aumento dei ricoveri: 478 (6 in pi\u00f9). Cinque decessi in due giorni\" \/>\n<meta name=\"robots\" content=\"index, follow, max-snippet:-1, max-image-preview:large, max-video-preview:-1\" \/>\n<link rel=\"canonical\" href=\"https:\/\/www.intoscana.it\/it\/covid-in-toscana-348-nuovi-casi-i-positivi-sono-complessivamente-11-416\/\" \/>\n<meta property=\"og:locale\" content=\"it_IT\" \/>\n<meta property=\"og:type\" content=\"article\" \/>\n<meta property=\"og:title\" content=\"Covid, in Toscana 348 nuovi casi. I positivi sono complessivamente 11.416\" \/>\n<meta property=\"og:description\" content=\"Tra domenica e luned\u00ec in Toscana si sono registrati 876 nuovi casi (528 ieri, 348 oggi). Lieve aumento dei ricoveri: 478 (6 in pi\u00f9). Cinque decessi in due giorni\" \/>\n<meta property=\"og:url\" content=\"https:\/\/www.intoscana.it\/it\/covid-in-toscana-348-nuovi-casi-i-positivi-sono-complessivamente-11-416\/\" \/>\n<meta property=\"og:site_name\" content=\"intoscana\" \/>\n<meta property=\"article:publisher\" content=\"https:\/\/www.facebook.com\/intoscana.it\" \/>\n<meta property=\"article:published_time\" content=\"2021-08-30T10:17:18+00:00\" \/>\n<meta property=\"article:modified_time\" content=\"2021-08-31T10:48:12+00:00\" \/>\n<meta property=\"og:image\" content=\"https:\/\/www.intoscana.it\/wp-content\/uploads\/Uomo-con-mascherina-sun-Akbari-Unsplash.jpg\" \/>\n\t<meta property=\"og:image:width\" content=\"1920\" \/>\n\t<meta property=\"og:image:height\" content=\"1280\" \/>\n\t<meta property=\"og:image:type\" content=\"image\/jpeg\" \/>\n<meta name=\"author\" content=\"Redazione\" \/>\n<meta name=\"twitter:card\" content=\"summary_large_image\" \/>\n<meta name=\"twitter:creator\" content=\"@intoscana\" \/>\n<meta name=\"twitter:site\" content=\"@intoscana\" \/>\n<meta name=\"twitter:label1\" content=\"Written by\" \/>\n\t<meta name=\"twitter:data1\" content=\"Redazione\" \/>\n\t<meta name=\"twitter:label2\" content=\"Est. reading time\" \/>\n\t<meta name=\"twitter:data2\" content=\"3 minuti\" \/>\n<script type=\"application\/ld+json\" class=\"yoast-schema-graph\">{\"@context\":\"https:\/\/schema.org\",\"@graph\":[{\"@type\":\"WebPage\",\"@id\":\"https:\/\/www.intoscana.it\/it\/covid-in-toscana-348-nuovi-casi-i-positivi-sono-complessivamente-11-416\/\",\"url\":\"https:\/\/www.intoscana.it\/it\/covid-in-toscana-348-nuovi-casi-i-positivi-sono-complessivamente-11-416\/\",\"name\":\"Covid, in Toscana 348 nuovi casi. I positivi sono complessivamente 11.416 - intoscana\",\"isPartOf\":{\"@id\":\"https:\/\/www.intoscana.it\/it\/#website\"},\"primaryImageOfPage\":{\"@id\":\"https:\/\/www.intoscana.it\/it\/covid-in-toscana-348-nuovi-casi-i-positivi-sono-complessivamente-11-416\/#primaryimage\"},\"image\":{\"@id\":\"https:\/\/www.intoscana.it\/it\/covid-in-toscana-348-nuovi-casi-i-positivi-sono-complessivamente-11-416\/#primaryimage\"},\"thumbnailUrl\":\"https:\/\/www.intoscana.it\/wp-content\/uploads\/Uomo-con-mascherina-sun-Akbari-Unsplash.jpg\",\"datePublished\":\"2021-08-30T10:17:18+00:00\",\"dateModified\":\"2021-08-31T10:48:12+00:00\",\"author\":{\"@id\":\"https:\/\/www.intoscana.it\/it\/#\/schema\/person\/9223810753230f20bd670fdd322661f8\"},\"description\":\"Tra domenica e luned\u00ec in Toscana si sono registrati 876 nuovi casi (528 ieri, 348 oggi). Lieve aumento dei ricoveri: 478 (6 in pi\u00f9). Cinque decessi in due giorni\",\"breadcrumb\":{\"@id\":\"https:\/\/www.intoscana.it\/it\/covid-in-toscana-348-nuovi-casi-i-positivi-sono-complessivamente-11-416\/#breadcrumb\"},\"inLanguage\":\"it-IT\",\"potentialAction\":[{\"@type\":\"ReadAction\",\"target\":[\"https:\/\/www.intoscana.it\/it\/covid-in-toscana-348-nuovi-casi-i-positivi-sono-complessivamente-11-416\/\"]}]},{\"@type\":\"ImageObject\",\"inLanguage\":\"it-IT\",\"@id\":\"https:\/\/www.intoscana.it\/it\/covid-in-toscana-348-nuovi-casi-i-positivi-sono-complessivamente-11-416\/#primaryimage\",\"url\":\"https:\/\/www.intoscana.it\/wp-content\/uploads\/Uomo-con-mascherina-sun-Akbari-Unsplash.jpg\",\"contentUrl\":\"https:\/\/www.intoscana.it\/wp-content\/uploads\/Uomo-con-mascherina-sun-Akbari-Unsplash.jpg\",\"width\":1920,\"height\":1280,\"caption\":\"Uomo con mascherina\"},{\"@type\":\"BreadcrumbList\",\"@id\":\"https:\/\/www.intoscana.it\/it\/covid-in-toscana-348-nuovi-casi-i-positivi-sono-complessivamente-11-416\/#breadcrumb\",\"itemListElement\":[{\"@type\":\"ListItem\",\"position\":1,\"name\":\"Home\",\"item\":\"https:\/\/www.intoscana.it\/it\/\"},{\"@type\":\"ListItem\",\"position\":2,\"name\":\"Covid, in Toscana 348 nuovi casi. I positivi sono complessivamente 11.416\"}]},{\"@type\":\"WebSite\",\"@id\":\"https:\/\/www.intoscana.it\/it\/#website\",\"url\":\"https:\/\/www.intoscana.it\/it\/\",\"name\":\"intoscana\",\"description\":\"\",\"potentialAction\":[{\"@type\":\"SearchAction\",\"target\":{\"@type\":\"EntryPoint\",\"urlTemplate\":\"https:\/\/www.intoscana.it\/it\/?s={search_term_string}\"},\"query-input\":{\"@type\":\"PropertyValueSpecification\",\"valueRequired\":true,\"valueName\":\"search_term_string\"}}],\"inLanguage\":\"it-IT\"},{\"@type\":\"Person\",\"@id\":\"https:\/\/www.intoscana.it\/it\/#\/schema\/person\/9223810753230f20bd670fdd322661f8\",\"name\":\"Redazione\",\"url\":\"https:\/\/www.intoscana.it\/it\/author\/redazione\/\"}]}<\/script>\n<!-- \/ Yoast SEO Premium plugin. -->","yoast_head_json":{"title":"Covid, in Toscana 348 nuovi casi. I positivi sono complessivamente 11.416 - intoscana","description":"Tra domenica e luned\u00ec in Toscana si sono registrati 876 nuovi casi (528 ieri, 348 oggi). Lieve aumento dei ricoveri: 478 (6 in pi\u00f9). Cinque decessi in due giorni","robots":{"index":"index","follow":"follow","max-snippet":"max-snippet:-1","max-image-preview":"max-image-preview:large","max-video-preview":"max-video-preview:-1"},"canonical":"https:\/\/www.intoscana.it\/it\/covid-in-toscana-348-nuovi-casi-i-positivi-sono-complessivamente-11-416\/","og_locale":"it_IT","og_type":"article","og_title":"Covid, in Toscana 348 nuovi casi. I positivi sono complessivamente 11.416","og_description":"Tra domenica e luned\u00ec in Toscana si sono registrati 876 nuovi casi (528 ieri, 348 oggi). Lieve aumento dei ricoveri: 478 (6 in pi\u00f9). Cinque decessi in due giorni","og_url":"https:\/\/www.intoscana.it\/it\/covid-in-toscana-348-nuovi-casi-i-positivi-sono-complessivamente-11-416\/","og_site_name":"intoscana","article_publisher":"https:\/\/www.facebook.com\/intoscana.it","article_published_time":"2021-08-30T10:17:18+00:00","article_modified_time":"2021-08-31T10:48:12+00:00","og_image":[{"width":1920,"height":1280,"url":"https:\/\/www.intoscana.it\/wp-content\/uploads\/Uomo-con-mascherina-sun-Akbari-Unsplash.jpg","type":"image\/jpeg"}],"author":"Redazione","twitter_card":"summary_large_image","twitter_creator":"@intoscana","twitter_site":"@intoscana","twitter_misc":{"Written by":"Redazione","Est. reading time":"3 minuti"},"schema":{"@context":"https:\/\/schema.org","@graph":[{"@type":"WebPage","@id":"https:\/\/www.intoscana.it\/it\/covid-in-toscana-348-nuovi-casi-i-positivi-sono-complessivamente-11-416\/","url":"https:\/\/www.intoscana.it\/it\/covid-in-toscana-348-nuovi-casi-i-positivi-sono-complessivamente-11-416\/","name":"Covid, in Toscana 348 nuovi casi. I positivi sono complessivamente 11.416 - intoscana","isPartOf":{"@id":"https:\/\/www.intoscana.it\/it\/#website"},"primaryImageOfPage":{"@id":"https:\/\/www.intoscana.it\/it\/covid-in-toscana-348-nuovi-casi-i-positivi-sono-complessivamente-11-416\/#primaryimage"},"image":{"@id":"https:\/\/www.intoscana.it\/it\/covid-in-toscana-348-nuovi-casi-i-positivi-sono-complessivamente-11-416\/#primaryimage"},"thumbnailUrl":"https:\/\/www.intoscana.it\/wp-content\/uploads\/Uomo-con-mascherina-sun-Akbari-Unsplash.jpg","datePublished":"2021-08-30T10:17:18+00:00","dateModified":"2021-08-31T10:48:12+00:00","author":{"@id":"https:\/\/www.intoscana.it\/it\/#\/schema\/person\/9223810753230f20bd670fdd322661f8"},"description":"Tra domenica e luned\u00ec in Toscana si sono registrati 876 nuovi casi (528 ieri, 348 oggi). Lieve aumento dei ricoveri: 478 (6 in pi\u00f9). Cinque decessi in due giorni","breadcrumb":{"@id":"https:\/\/www.intoscana.it\/it\/covid-in-toscana-348-nuovi-casi-i-positivi-sono-complessivamente-11-416\/#breadcrumb"},"inLanguage":"it-IT","potentialAction":[{"@type":"ReadAction","target":["https:\/\/www.intoscana.it\/it\/covid-in-toscana-348-nuovi-casi-i-positivi-sono-complessivamente-11-416\/"]}]},{"@type":"ImageObject","inLanguage":"it-IT","@id":"https:\/\/www.intoscana.it\/it\/covid-in-toscana-348-nuovi-casi-i-positivi-sono-complessivamente-11-416\/#primaryimage","url":"https:\/\/www.intoscana.it\/wp-content\/uploads\/Uomo-con-mascherina-sun-Akbari-Unsplash.jpg","contentUrl":"https:\/\/www.intoscana.it\/wp-content\/uploads\/Uomo-con-mascherina-sun-Akbari-Unsplash.jpg","width":1920,"height":1280,"caption":"Uomo con mascherina"},{"@type":"BreadcrumbList","@id":"https:\/\/www.intoscana.it\/it\/covid-in-toscana-348-nuovi-casi-i-positivi-sono-complessivamente-11-416\/#breadcrumb","itemListElement":[{"@type":"ListItem","position":1,"name":"Home","item":"https:\/\/www.intoscana.it\/it\/"},{"@type":"ListItem","position":2,"name":"Covid, in Toscana 348 nuovi casi. I positivi sono complessivamente 11.416"}]},{"@type":"WebSite","@id":"https:\/\/www.intoscana.it\/it\/#website","url":"https:\/\/www.intoscana.it\/it\/","name":"intoscana","description":"","potentialAction":[{"@type":"SearchAction","target":{"@type":"EntryPoint","urlTemplate":"https:\/\/www.intoscana.it\/it\/?s={search_term_string}"},"query-input":{"@type":"PropertyValueSpecification","valueRequired":true,"valueName":"search_term_string"}}],"inLanguage":"it-IT"},{"@type":"Person","@id":"https:\/\/www.intoscana.it\/it\/#\/schema\/person\/9223810753230f20bd670fdd322661f8","name":"Redazione","url":"https:\/\/www.intoscana.it\/it\/author\/redazione\/"}]}},"_links":{"self":[{"href":"https:\/\/www.intoscana.it\/it\/wp-json\/wp\/v2\/posts\/187760","targetHints":{"allow":["GET"]}}],"collection":[{"href":"https:\/\/www.intoscana.it\/it\/wp-json\/wp\/v2\/posts"}],"about":[{"href":"https:\/\/www.intoscana.it\/it\/wp-json\/wp\/v2\/types\/post"}],"author":[{"embeddable":true,"href":"https:\/\/www.intoscana.it\/it\/wp-json\/wp\/v2\/users\/525"}],"replies":[{"embeddable":true,"href":"https:\/\/www.intoscana.it\/it\/wp-json\/wp\/v2\/comments?post=187760"}],"version-history":[{"count":0,"href":"https:\/\/www.intoscana.it\/it\/wp-json\/wp\/v2\/posts\/187760\/revisions"}],"wp:featuredmedia":[{"embeddable":true,"href":"https:\/\/www.intoscana.it\/it\/wp-json\/wp\/v2\/media\/187765"}],"wp:attachment":[{"href":"https:\/\/www.intoscana.it\/it\/wp-json\/wp\/v2\/media?parent=187760"}],"wp:term":[{"taxonomy":"category","embeddable":true,"href":"https:\/\/www.intoscana.it\/it\/wp-json\/wp\/v2\/categories?post=187760"},{"taxonomy":"post_tag","embeddable":true,"href":"https:\/\/www.intoscana.it\/it\/wp-json\/wp\/v2\/tags?post=187760"}],"curies":[{"name":"wp","href":"https:\/\/api.w.org\/{rel}","templated":true}]}}