{"id":187875,"date":"2021-08-31T12:50:50","date_gmt":"2021-08-31T10:50:50","guid":{"rendered":"https:\/\/www.intoscana.it\/it\/?p=187875"},"modified":"2021-09-01T11:13:26","modified_gmt":"2021-09-01T09:13:26","slug":"profughi-afgani-il-racconto-di-due-rifugiati-accolti-in-toscana","status":"publish","type":"post","link":"https:\/\/www.intoscana.it\/it\/profughi-afgani-il-racconto-di-due-rifugiati-accolti-in-toscana\/","title":{"rendered":"Il racconto del medico afghano accolto in Toscana: &#8220;Mio padre e mio fratello, sono ancora l\u00e0&#8221;"},"content":{"rendered":"<p>Sono stati necessari <strong>5 giorni<\/strong>, tre trascorsi fuori dall\u2019aeroporto di Kabul insieme a migliaia di persone tra i check point dei talebani che cercavano di spaventarli e di farli fuggire, ricorrendo spesso alla violenza, e quelli degli alleati per il controllo dei documenti e le autorizzazioni a partire. Altri <strong>due giorni sono passati sulla pista dell\u2019aeroporto<\/strong>, senza cibo o vestiti che li potessero proteggere dal <strong>sole cocente o dal freddo della notte afgana<\/strong>. Con s\u00e9 solo <strong>una piccola busta che conteneva tutti i loro averi<\/strong>, i documenti necessari per partire, il pc e alcuni pannolini per i bambini. Questa \u00e8 la storia di<strong> S., medico afgano,<\/strong> che mercoled\u00ec scorso \u00e8 arrivato in Italia e ora \u00e8 a Montecatini dove sta trascorrendo la quarantena obbligatoria in un albergo sanitario insieme alla sua famiglia. \u201c<em>La mia famiglia \u00e8 qui con me<\/em> \u2013 ci racconta S. in un inglese perfetto \u2013 <em>mio fratello, la sua famiglia e mio padre sono ancora l\u00e0. Non \u00e8 stato possibile per tutti venire via. Sono in contatto con loro con <strong>WhatsApp<\/strong><\/em>\u201d.<\/p>\n<p>Insieme a lui \u00e8 arrivato anche <strong>A., ingegnere di 36 anni,<\/strong> che nella capitale afgana aveva creato un <strong>importante azienda di sartoria e ricamo<\/strong>, \u201c<em>Dior<\/em> \u2013 ci confida \u2013 <em>chiede sempre di me<\/em>\u201d, con un negozio anche all\u2019interno della base statunitense. Ed \u00e8 proprio mentre stava lavorando nella fabbrica con i suoi fratelli che ha saputo della presa di Kabul da parte dei Talebani, da quel momento \u00e8 stato il caos con le persone che correvano da una parte all\u2019altra della citt\u00e0 cercando di fuggire, in molti casi a piedi, e il suono delle sirene delle auto della polizia. \u201c<em>Ho portato con me tutta la mia famiglia, mia figlia e mio figlio sono qui con me<\/em> \u2013 ci racconta A. &#8211; <em>ad eccezione di tutto quello che ho guadagnato e costruito in questi 20 anni, tutto \u00e8 rimasto l\u00ec ed \u00e8 andato perduto\u201d<\/em>.<\/p>\n<p>Negli alberghi sanitari ora la situazione \u00e8 pi\u00f9 tranquilla. I profughi afgani hanno capito che qui <strong>sono al sicuro e si aprono raccontandoci le loro storie<\/strong>. \u201c<em>Credo che sia importante per capire quello che hanno vissuto e che stanno vivendo, raccontare le loro storie, non tanto quelle dei profughi ma quelle delle persone<\/em>\u201d, ha commentato l\u2019assessora alla protezione civile, <strong>Monia Monni<\/strong>, in occasione della visita a Montecatini.<\/p>\n<p><iframe loading=\"lazy\" title=\"YouTube video player\" src=\"https:\/\/www.youtube.com\/embed\/EsooF3JFpUo\" width=\"800\" height=\"450\" frameborder=\"0\" allowfullscreen=\"allowfullscreen\"><\/iframe><\/p>\n<p>Insieme a questi racconti, arrivano buone notizie anche dal Meyer dove <strong>Said<\/strong>, arrivato in Italia con una patologia congenita molto importante, \u00e8 ancora ricoverato. Fortunatamente <strong>il bambino non ha la leucemia<\/strong> e continuer\u00e0 ad essere monitorato al Meyer per gli accertamenti del caso.<\/p>\n<p>Il periodo di quarantena terminer\u00e0 a breve e abbiamo chiesto a S. e A. quali speranze hanno per il futuro. <strong>A. \u00e8 pronto a ricreare il suo business<\/strong>, aveva clienti in America e in Europa oltre che in Afghanistan, e si auspica che il Governo lo aiuti a ripartire. Per S., <strong>il dolore e la paura sono ancora molti forti come lo stress<\/strong> accumulato e ammette che \u201c<em>non riesco a pensare a quale sar\u00e0 il mio futuro. <strong>L\u2019unica cosa che so \u00e8 che qui sono al sicuro<\/strong>, \u00e8 tutto<\/em>.\u201d<\/p>\n<p>\u00c8 infatti ancora incerto il destino di queste persone quando si concluder\u00e0 la quarantena. La Regione Toscana \u00e8 in attesa di essere convocata dal Dipartimento della Protezione Civile per sapere dove verranno assegnate queste persone per poter iniziare un percorso di vita.<\/p>\n<p>\u201c<em>Stiamo accogliendo in <strong>Toscana<\/strong> altri profughi attraverso le prefetture, che insieme ai comuni hanno la competenza per l\u2019accoglienza<\/em> \u2013 ha aggiunto l\u2019assessora Monni -. <em>\u00c8 aperta una discussione importante con il Governo. I sindaci hanno una posizione ferma e responsabile che condivido: <strong>sono profughi<\/strong>, non hanno bisogno del riconoscimento dello status di profughi, perch\u00e9 sappiamo da dove vengono e <strong>siamo andati a prenderli<\/strong>. Possiamo tagliare in questo senso le procedure e accoglierli subito <strong>nella rete dei SAI che va rifinanziata e potenziata<\/strong>. Sono persone che hanno competenze e lavoravano con il Governo, ci sono medici, informatici, <strong>professionalit\u00e0 che possono essere utili alla vita del nostro Paese<\/strong>\u201d.<\/em><\/p>\n<p>&nbsp;<\/p>\n","protected":false},"excerpt":{"rendered":"<p>L&#8217;assessore regionale Monni: \u201cSpesso queste persone vengono etichettate solamente come i profughi afghani ma non sono solo questo. Sono uomini e donne con le proprie storie, sogni e speranze, con un vissuto e, soprattutto, con un futuro. Dar voce a queste persone \u00e8 importante, ascoltarle \u00e8 fondamentale\u201d.<\/p>\n","protected":false},"author":507,"featured_media":187878,"comment_status":"open","ping_status":"open","sticky":false,"template":"","format":"standard","meta":{"_acf_changed":false,"footnotes":""},"categories":[4],"tags":[6142,6143,5232],"class_list":["post-187875","post","type-post","status-publish","format-standard","has-post-thumbnail","hentry","category-storie","tag-afghanistan","tag-emergenza-profughi","tag-monia-monni"],"acf":[],"yoast_head":"<!-- This site is optimized with the Yoast SEO Premium plugin v24.2 (Yoast SEO v25.6) - https:\/\/yoast.com\/wordpress\/plugins\/seo\/ -->\n<title>Il racconto del medico afghano accolto in Toscana: &quot;Mio padre e mio fratello, sono ancora l\u00e0&quot; - intoscana<\/title>\n<meta name=\"robots\" content=\"index, follow, max-snippet:-1, max-image-preview:large, max-video-preview:-1\" \/>\n<link rel=\"canonical\" href=\"https:\/\/www.intoscana.it\/it\/profughi-afgani-il-racconto-di-due-rifugiati-accolti-in-toscana\/\" \/>\n<meta property=\"og:locale\" content=\"it_IT\" \/>\n<meta property=\"og:type\" content=\"article\" \/>\n<meta property=\"og:title\" content=\"Il racconto del medico afghano accolto in Toscana: &quot;Mio padre e mio fratello, sono ancora l\u00e0&quot;\" \/>\n<meta property=\"og:description\" content=\"L&#039;assessore regionale Monni: \u201cSpesso queste persone vengono etichettate solamente come i profughi afghani ma non sono solo questo. Sono uomini e donne con le proprie storie, sogni e speranze, con un vissuto e, soprattutto, con un futuro. Dar voce a queste persone \u00e8 importante, ascoltarle \u00e8 fondamentale\u201d.\" \/>\n<meta property=\"og:url\" content=\"https:\/\/www.intoscana.it\/it\/profughi-afgani-il-racconto-di-due-rifugiati-accolti-in-toscana\/\" \/>\n<meta property=\"og:site_name\" content=\"intoscana\" \/>\n<meta property=\"article:publisher\" content=\"https:\/\/www.facebook.com\/intoscana.it\" \/>\n<meta property=\"article:published_time\" content=\"2021-08-31T10:50:50+00:00\" \/>\n<meta property=\"article:modified_time\" content=\"2021-09-01T09:13:26+00:00\" \/>\n<meta property=\"og:image\" content=\"https:\/\/www.intoscana.it\/wp-content\/uploads\/profughi-afgani-1.jpeg\" \/>\n\t<meta property=\"og:image:width\" content=\"2048\" \/>\n\t<meta property=\"og:image:height\" content=\"1536\" \/>\n\t<meta property=\"og:image:type\" content=\"image\/jpeg\" \/>\n<meta name=\"author\" content=\"Chiara Bianchini\" \/>\n<meta name=\"twitter:card\" content=\"summary_large_image\" \/>\n<meta name=\"twitter:creator\" content=\"@intoscana\" \/>\n<meta name=\"twitter:site\" content=\"@intoscana\" \/>\n<meta name=\"twitter:label1\" content=\"Written by\" \/>\n\t<meta name=\"twitter:data1\" content=\"Chiara Bianchini\" \/>\n\t<meta name=\"twitter:label2\" content=\"Est. reading time\" \/>\n\t<meta name=\"twitter:data2\" content=\"3 minuti\" \/>\n<script type=\"application\/ld+json\" class=\"yoast-schema-graph\">{\"@context\":\"https:\/\/schema.org\",\"@graph\":[{\"@type\":\"WebPage\",\"@id\":\"https:\/\/www.intoscana.it\/it\/profughi-afgani-il-racconto-di-due-rifugiati-accolti-in-toscana\/\",\"url\":\"https:\/\/www.intoscana.it\/it\/profughi-afgani-il-racconto-di-due-rifugiati-accolti-in-toscana\/\",\"name\":\"Il racconto del medico afghano accolto in Toscana: \\\"Mio padre e mio fratello, sono ancora l\u00e0\\\" - intoscana\",\"isPartOf\":{\"@id\":\"https:\/\/www.intoscana.it\/it\/#website\"},\"primaryImageOfPage\":{\"@id\":\"https:\/\/www.intoscana.it\/it\/profughi-afgani-il-racconto-di-due-rifugiati-accolti-in-toscana\/#primaryimage\"},\"image\":{\"@id\":\"https:\/\/www.intoscana.it\/it\/profughi-afgani-il-racconto-di-due-rifugiati-accolti-in-toscana\/#primaryimage\"},\"thumbnailUrl\":\"https:\/\/www.intoscana.it\/wp-content\/uploads\/profughi-afgani-1.jpeg\",\"datePublished\":\"2021-08-31T10:50:50+00:00\",\"dateModified\":\"2021-09-01T09:13:26+00:00\",\"author\":{\"@id\":\"https:\/\/www.intoscana.it\/it\/#\/schema\/person\/010af92117f50561886339ad5b873a41\"},\"breadcrumb\":{\"@id\":\"https:\/\/www.intoscana.it\/it\/profughi-afgani-il-racconto-di-due-rifugiati-accolti-in-toscana\/#breadcrumb\"},\"inLanguage\":\"it-IT\",\"potentialAction\":[{\"@type\":\"ReadAction\",\"target\":[\"https:\/\/www.intoscana.it\/it\/profughi-afgani-il-racconto-di-due-rifugiati-accolti-in-toscana\/\"]}]},{\"@type\":\"ImageObject\",\"inLanguage\":\"it-IT\",\"@id\":\"https:\/\/www.intoscana.it\/it\/profughi-afgani-il-racconto-di-due-rifugiati-accolti-in-toscana\/#primaryimage\",\"url\":\"https:\/\/www.intoscana.it\/wp-content\/uploads\/profughi-afgani-1.jpeg\",\"contentUrl\":\"https:\/\/www.intoscana.it\/wp-content\/uploads\/profughi-afgani-1.jpeg\",\"width\":2048,\"height\":1536,\"caption\":\"Profughi afgani a Montecatini\"},{\"@type\":\"BreadcrumbList\",\"@id\":\"https:\/\/www.intoscana.it\/it\/profughi-afgani-il-racconto-di-due-rifugiati-accolti-in-toscana\/#breadcrumb\",\"itemListElement\":[{\"@type\":\"ListItem\",\"position\":1,\"name\":\"Home\",\"item\":\"https:\/\/www.intoscana.it\/it\/\"},{\"@type\":\"ListItem\",\"position\":2,\"name\":\"Il racconto del medico afghano accolto in Toscana: &#8220;Mio padre e mio fratello, sono ancora l\u00e0&#8221;\"}]},{\"@type\":\"WebSite\",\"@id\":\"https:\/\/www.intoscana.it\/it\/#website\",\"url\":\"https:\/\/www.intoscana.it\/it\/\",\"name\":\"intoscana\",\"description\":\"\",\"potentialAction\":[{\"@type\":\"SearchAction\",\"target\":{\"@type\":\"EntryPoint\",\"urlTemplate\":\"https:\/\/www.intoscana.it\/it\/?s={search_term_string}\"},\"query-input\":{\"@type\":\"PropertyValueSpecification\",\"valueRequired\":true,\"valueName\":\"search_term_string\"}}],\"inLanguage\":\"it-IT\"},{\"@type\":\"Person\",\"@id\":\"https:\/\/www.intoscana.it\/it\/#\/schema\/person\/010af92117f50561886339ad5b873a41\",\"name\":\"Chiara Bianchini\",\"sameAs\":[\"c.bianchini@fst.it\"],\"url\":\"https:\/\/www.intoscana.it\/it\/author\/chiara-bianchini\/\"}]}<\/script>\n<!-- \/ Yoast SEO Premium plugin. -->","yoast_head_json":{"title":"Il racconto del medico afghano accolto in Toscana: \"Mio padre e mio fratello, sono ancora l\u00e0\" - intoscana","robots":{"index":"index","follow":"follow","max-snippet":"max-snippet:-1","max-image-preview":"max-image-preview:large","max-video-preview":"max-video-preview:-1"},"canonical":"https:\/\/www.intoscana.it\/it\/profughi-afgani-il-racconto-di-due-rifugiati-accolti-in-toscana\/","og_locale":"it_IT","og_type":"article","og_title":"Il racconto del medico afghano accolto in Toscana: \"Mio padre e mio fratello, sono ancora l\u00e0\"","og_description":"L'assessore regionale Monni: \u201cSpesso queste persone vengono etichettate solamente come i profughi afghani ma non sono solo questo. Sono uomini e donne con le proprie storie, sogni e speranze, con un vissuto e, soprattutto, con un futuro. Dar voce a queste persone \u00e8 importante, ascoltarle \u00e8 fondamentale\u201d.","og_url":"https:\/\/www.intoscana.it\/it\/profughi-afgani-il-racconto-di-due-rifugiati-accolti-in-toscana\/","og_site_name":"intoscana","article_publisher":"https:\/\/www.facebook.com\/intoscana.it","article_published_time":"2021-08-31T10:50:50+00:00","article_modified_time":"2021-09-01T09:13:26+00:00","og_image":[{"width":2048,"height":1536,"url":"https:\/\/www.intoscana.it\/wp-content\/uploads\/profughi-afgani-1.jpeg","type":"image\/jpeg"}],"author":"Chiara Bianchini","twitter_card":"summary_large_image","twitter_creator":"@intoscana","twitter_site":"@intoscana","twitter_misc":{"Written by":"Chiara Bianchini","Est. reading time":"3 minuti"},"schema":{"@context":"https:\/\/schema.org","@graph":[{"@type":"WebPage","@id":"https:\/\/www.intoscana.it\/it\/profughi-afgani-il-racconto-di-due-rifugiati-accolti-in-toscana\/","url":"https:\/\/www.intoscana.it\/it\/profughi-afgani-il-racconto-di-due-rifugiati-accolti-in-toscana\/","name":"Il racconto del medico afghano accolto in Toscana: \"Mio padre e mio fratello, sono ancora l\u00e0\" - intoscana","isPartOf":{"@id":"https:\/\/www.intoscana.it\/it\/#website"},"primaryImageOfPage":{"@id":"https:\/\/www.intoscana.it\/it\/profughi-afgani-il-racconto-di-due-rifugiati-accolti-in-toscana\/#primaryimage"},"image":{"@id":"https:\/\/www.intoscana.it\/it\/profughi-afgani-il-racconto-di-due-rifugiati-accolti-in-toscana\/#primaryimage"},"thumbnailUrl":"https:\/\/www.intoscana.it\/wp-content\/uploads\/profughi-afgani-1.jpeg","datePublished":"2021-08-31T10:50:50+00:00","dateModified":"2021-09-01T09:13:26+00:00","author":{"@id":"https:\/\/www.intoscana.it\/it\/#\/schema\/person\/010af92117f50561886339ad5b873a41"},"breadcrumb":{"@id":"https:\/\/www.intoscana.it\/it\/profughi-afgani-il-racconto-di-due-rifugiati-accolti-in-toscana\/#breadcrumb"},"inLanguage":"it-IT","potentialAction":[{"@type":"ReadAction","target":["https:\/\/www.intoscana.it\/it\/profughi-afgani-il-racconto-di-due-rifugiati-accolti-in-toscana\/"]}]},{"@type":"ImageObject","inLanguage":"it-IT","@id":"https:\/\/www.intoscana.it\/it\/profughi-afgani-il-racconto-di-due-rifugiati-accolti-in-toscana\/#primaryimage","url":"https:\/\/www.intoscana.it\/wp-content\/uploads\/profughi-afgani-1.jpeg","contentUrl":"https:\/\/www.intoscana.it\/wp-content\/uploads\/profughi-afgani-1.jpeg","width":2048,"height":1536,"caption":"Profughi afgani a Montecatini"},{"@type":"BreadcrumbList","@id":"https:\/\/www.intoscana.it\/it\/profughi-afgani-il-racconto-di-due-rifugiati-accolti-in-toscana\/#breadcrumb","itemListElement":[{"@type":"ListItem","position":1,"name":"Home","item":"https:\/\/www.intoscana.it\/it\/"},{"@type":"ListItem","position":2,"name":"Il racconto del medico afghano accolto in Toscana: &#8220;Mio padre e mio fratello, sono ancora l\u00e0&#8221;"}]},{"@type":"WebSite","@id":"https:\/\/www.intoscana.it\/it\/#website","url":"https:\/\/www.intoscana.it\/it\/","name":"intoscana","description":"","potentialAction":[{"@type":"SearchAction","target":{"@type":"EntryPoint","urlTemplate":"https:\/\/www.intoscana.it\/it\/?s={search_term_string}"},"query-input":{"@type":"PropertyValueSpecification","valueRequired":true,"valueName":"search_term_string"}}],"inLanguage":"it-IT"},{"@type":"Person","@id":"https:\/\/www.intoscana.it\/it\/#\/schema\/person\/010af92117f50561886339ad5b873a41","name":"Chiara Bianchini","sameAs":["c.bianchini@fst.it"],"url":"https:\/\/www.intoscana.it\/it\/author\/chiara-bianchini\/"}]}},"_links":{"self":[{"href":"https:\/\/www.intoscana.it\/it\/wp-json\/wp\/v2\/posts\/187875","targetHints":{"allow":["GET"]}}],"collection":[{"href":"https:\/\/www.intoscana.it\/it\/wp-json\/wp\/v2\/posts"}],"about":[{"href":"https:\/\/www.intoscana.it\/it\/wp-json\/wp\/v2\/types\/post"}],"author":[{"embeddable":true,"href":"https:\/\/www.intoscana.it\/it\/wp-json\/wp\/v2\/users\/507"}],"replies":[{"embeddable":true,"href":"https:\/\/www.intoscana.it\/it\/wp-json\/wp\/v2\/comments?post=187875"}],"version-history":[{"count":0,"href":"https:\/\/www.intoscana.it\/it\/wp-json\/wp\/v2\/posts\/187875\/revisions"}],"wp:featuredmedia":[{"embeddable":true,"href":"https:\/\/www.intoscana.it\/it\/wp-json\/wp\/v2\/media\/187878"}],"wp:attachment":[{"href":"https:\/\/www.intoscana.it\/it\/wp-json\/wp\/v2\/media?parent=187875"}],"wp:term":[{"taxonomy":"category","embeddable":true,"href":"https:\/\/www.intoscana.it\/it\/wp-json\/wp\/v2\/categories?post=187875"},{"taxonomy":"post_tag","embeddable":true,"href":"https:\/\/www.intoscana.it\/it\/wp-json\/wp\/v2\/tags?post=187875"}],"curies":[{"name":"wp","href":"https:\/\/api.w.org\/{rel}","templated":true}]}}