{"id":188024,"date":"2021-09-02T13:00:27","date_gmt":"2021-09-02T11:00:27","guid":{"rendered":"https:\/\/www.intoscana.it\/it\/?p=188024"},"modified":"2021-09-15T07:55:58","modified_gmt":"2021-09-15T05:55:58","slug":"toscana-15-settembre-scuola-mezzo-milione-studenti-presenza","status":"publish","type":"post","link":"https:\/\/www.intoscana.it\/it\/toscana-15-settembre-scuola-mezzo-milione-studenti-presenza\/","title":{"rendered":"Toscana, si torna a scuola. Mezzo milione di studenti in presenza"},"content":{"rendered":"<p><mark>Zaini in spalla, mascherine in volto e via, pronti ad ascoltare di nuovo (e ancora) il suono della campanella<\/mark>. Per alcuni quella chiassosa vibrazione rappresentava idealmente i momenti pi\u00f9 attesi. Il cambio d&#8217;insegnante, l&#8217;intervallo, quattro chiacchiere in corridoio, la fine delle lezioni e un pomeriggio tutto da vivere (pur senza trascuare lo studio). Poi, complice la pandemia, quello scampanellio \u00e8 scomparso dalla ciclicit\u00e0 quotidiana. \u00c8 stato a lungo sostituito dalla didattica a distanza e dai bip digitali che scandivano l&#8217;avvio delle video-lezioni. Fortunatamente non sar\u00e0 pi\u00f9 cos\u00ec, almeno non ora, non stavolta.<\/p>\n<h3>520 mila studenti pronti al rientro<\/h3>\n<p><mark>Infatti <strong>mercoled\u00ec 15 settembre<\/strong> oltre mezzo milione di studenti toscani torneranno in aula, in presenza<\/mark>. D&#8217;accordo, l&#8217;emergenza non \u00e8 finita. Nonostante questo la scuola \u00e8 pronta a scrivere un nuovo capitolo. Si tratta di un momento importante per gli oltre <strong>520 mila alunni<\/strong> coinvolti e per le loro famiglie. A giovarne non sar\u00e0 solo la didattica, ma anche la dimensione sociale e relazionale, cos\u00ec indispensabile alla formazione e alla crescita di questi giovani. Nel dettaglio, stiamo parlando di circa <strong>22 mila bambini e bambini<\/strong> dei <strong>nidi<\/strong>, degli <strong>80 mila<\/strong> che torneranno a frequentare la <strong>scuola d&#8217;infanzia<\/strong>, dei quasi <strong>160 mila<\/strong> delle <strong>primarie<\/strong>, dei <strong>100 mila<\/strong> che andranno alle <strong>medie<\/strong> e dei <strong>159 mila<\/strong> che siederanno sui banchi degli <strong>istituti superiori<\/strong>.<\/p>\n<figure id=\"post-188069 media-188069\" class=\"align-center\"><img decoding=\"async\" class=\"aligncenter\" src=\"https:\/\/www.intoscana.it\/wp-content\/uploads\/Infografica-Regione-Toscana-sul-rientro-a-scuola.jpg\" alt=\"\" \/><\/figure>\n<div class=\"titleimg\" style=\"text-align: center;\">Infografica Regione Toscana sul rientro a scuola<\/div>\n<h3>Ingressi differenziati e trasporto pubblico all&#8217;80%<\/h3>\n<p><em>&#8220;La Toscana \u00e8 pronta per tornare in classe&#8221;<\/em> ha scritto stamani su facebook il presidente della Regione, <strong>Eugenio Giani<\/strong>, che poi ha pubblicato un&#8217;infografica su cui spicca un <strong>100%<\/strong>. \u00c8 il numero che indica <em>&#8220;le lezioni in presenza, per tutti&#8221;<\/em>. Contestualmente il governatore ricorda che <strong>il green pass sar\u00e0 obbligatorio<\/strong> per tutto il personale scolastico e annuncia che ci sar\u00e0 una campagna di <strong>screening a campione<\/strong>, dai 6 ai 14 anni. Inoltre si apprende che<em> &#8220;la Regione ha chiesto al Ministero la conferma di organico per superare le classi troppo numerose&#8221;<\/em>. <mark>La capienza dei trasporti \u00e8 all&#8217;80%. <em>&#8220;Ma la Regione \u00e8 pronta a coprire i bisogni di tutti i territori per i mezzi pubblici&#8221;<\/em> si legge nella grafica. <em>&#8220;Lo scorso anno abbiamo aggiunto fino a 330 bus in pi\u00f9&#8221;<\/mark><\/em>. Questo lascia presagire che nessuno sar\u00e0 lasciato a piedi. Riguardo al capoluogo toscano, ad esempio, sappiamo che tra i principali argomenti in discussione all&#8217;interno del tavolo operativo coordinato dalla Prefettura di Firenze e composto da Regione Toscana, Citt\u00e0 Metropolitana, Ufficio scolastico regionale, motorizzazione civile e aziende del Tpl ci sono proprio <mark>bus e pullman aggiuntivi, orari scaglionati per l&#8217;entrata e l&#8217;uscita dalle scuole, e infine steward per regolare i flussi degli alunni<\/mark>. \u00c8 inoltre allo studio la collaborazione di studenti delle ultime classi, che saranno adeguatamente formati per invitare i compagni al rispetto delle norme anti-Covid, come gi\u00e0 sperimentato lo scorso anno con il progetto <strong>#Backtoschool<\/strong>.<\/p>\n<figure id=\"post-188067 media-188067\" class=\"align-center\"><\/figure>\n<h3>Norme anti Covid e consigli per una maggiore sicurezza<\/h3>\n<p><mark>Ma come cambia la scuola in presenza?<\/mark> La distanza di un metro tra i banchi non \u00e8 pi\u00f9 obbligatoria, ma solo raccomandata. L&#8217;<strong>uso delle mascherine<\/strong> in classe, invece, \u00e8 differenziato in base all&#8217;et\u00e0: nelle materne saranno indossate solo dal personale scolastico, mentre saranno obbligatorie sopra i 6 anni. <mark>Nelle classi in cui tutti gli studenti sono vaccinati, invece, non ci sar\u00e0 l&#8217;obbligo d&#8217;indossare la mascherina<\/mark>. Come anticipato, saranno programmati ingressi e uscite differenziate per <strong>evitare assembramenti<\/strong>. Per la stessa ragione gli alunni potranno essere accompagnati da <strong>un solo genitore<\/strong>. Torneranno a essere utilizzate le <strong>palestre<\/strong>, non si misurer\u00e0 la temperatura corporea all\u2019ingresso e si consiglia (senza alcun obbligo) di lasciare le <strong>finestre aperte<\/strong> e di mantenere due metri di distanza tra la cattedra e i banchi.<\/p>\n<h3>Green pass obbligatorio. Chi controlla?<\/h3>\n<p><mark>Dal primo di settembre il green pass \u00e8 obbligatorio per tutto il personale scolastico. Non solo per gli insegnanti, dunque, ma anche per assistenti e personale amministrativo (per gli studenti, invece, non c&#8217;\u00e8 alcun obbligo)<\/mark>. Chi ne dovesse essere sprovvisto non potr\u00e0 entrare a scuola, e per non essere sospeso dall&#8217;incarico dovr\u00e0 ottenerlo entro un arco temporale di quattro giorni. Al momento i <strong>controlli<\/strong> quotidiani sono affidati ai presidi, che utilizzeranno la app &#8220;VerificaC19&#8221;, proprio come accade in musei e ristoranti. Anche se dal 13 settembre la situazione potrebbe cambiare. Il ministero dell&#8217;istruzione e il garante della privacy stanno infatti lavorando allo sviluppo di una <strong>piattaforma digitale<\/strong> che consentir\u00e0 un controllo automatico e pi\u00f9 fluido dei certificati verdi, sgravando cos\u00ec i presidi di questa responsabilit\u00e0. A controllare il green pass del preside sar\u00e0 l&#8217;Ufficio scolastico regionale.<\/p>\n<figure id=\"post-188067 media-188067\" class=\"align-center\"><img decoding=\"async\" class=\"aligncenter\" src=\"https:\/\/www.intoscana.it\/wp-content\/uploads\/Banchi-di-scuola-marco-fileccia-Unsplash.jpg\" alt=\"\" \/><\/figure>\n<div class=\"titleimg\" style=\"text-align: center;\">Banchi di scuola &#8211; \u00a9 marco fileccia \/ Unsplash<\/div>\n<h3>Vaccini per la fascia d&#8217;et\u00e0 12-18 <div class=\"focuson\"><a href=\"https:\/\/www.intoscana.it\/it\/articolo\/vaccini-in-toscana-somministrazioni-per-tutti-senza-prenotazione\/\"><img decoding=\"async\" class=\"lazy\" src=\"https:\/\/www.intoscana.it\/wp-content\/uploads\/Vaccinazione-CDC-Unsplash.jpg\" style=\"\">\n                <div class=\"cat\">Somministrazioni per tutti (senza prenotazione)<\/div>\n                <h4>Vaccini in Toscana<\/h4><\/a>\n              <\/div><\/h3>\n<p><mark>Ben pi\u00f9 del 50% dei giovani toscani di et\u00e0 compresa tra i 12 e i 18 anni sono stati vaccinati<\/mark>. L&#8217;obiettivo nazionale \u00e8 quello di raggiungere almeno il 60%. In Toscana, a partire dallo scorso 17 agosto, i vaccini sono stati consegnati anche ai <strong>medici di famiglia<\/strong> per essere somministrati alle ragazze e ai ragazzi di quella fascia d&#8217;et\u00e0 in vista della ripresa della scuola. Ricordiamo inoltre che a partire dal 30 agosto la Regione ha dato il via alle vaccinazioni libere fino alla fine di settembre. Il che significa potersi recare in uno degli hub presenti in Toscana senza alcuna prenotazione. Per incentivare e velocizzare la vaccinazione dei pi\u00f9 giovani \u00e8 stato inviato un sms ai <strong>37 mila studenti<\/strong> che avevano l\u2019appuntamento nella seconda met\u00e0 di settembre, chiedendo loro di anticipare la somministrazione per presentarsi all\u2019inizio delle lezioni avendo fatto anche la seconda dose.<\/p>\n<h3>Cosa accade in caso di positivit\u00e0 al Covid?<\/h3>\n<p>Ma cosa accade in caso di positivit\u00e0 di uno studente o di un membro del personale scolastico? \u00c8 presto detto: <mark>si prevede una quarantena di 7 giorni per i vaccinati e di 10 giorni per i non vaccinati, dopodich\u00e9 ci si dovr\u00e0 sottoporre al tampone<\/mark>. Spetter\u00e0 invece all&#8217;azienda sanitaria di competenza predisporre la procedura per la classe coinvolta. Nel caso in cui la classe sia messa in quarantena o in isolamento, o la scuola venga chiusa a causa di un focolaio, si prevede di nuovo il ricorso alla <strong>didattica a distanza<\/strong>.<\/p>\n","protected":false},"excerpt":{"rendered":"<p>Circa 520 mila studenti toscani torneranno tra i banchi al 100% in presenza a partire da mercoled\u00ec 15 settembre. Tutto quello che c&#8217;\u00e8 da sapere su norme anti Covid, trasporti, green pass, vaccini ed eventuali quarantene<\/p>\n","protected":false},"author":521,"featured_media":188068,"comment_status":"open","ping_status":"open","sticky":false,"template":"","format":"standard","meta":{"_acf_changed":false,"footnotes":""},"categories":[494],"tags":[221,6103,212,4295,4700],"class_list":["post-188024","post","type-post","status-publish","format-standard","has-post-thumbnail","hentry","category-attualita","tag-giovani","tag-green-pass","tag-scuola","tag-trasporto-pubblico","tag-vaccini"],"acf":[],"yoast_head":"<!-- This site is optimized with the Yoast SEO Premium plugin v24.2 (Yoast SEO v25.6) - https:\/\/yoast.com\/wordpress\/plugins\/seo\/ -->\n<title>Toscana, si torna a scuola. Mezzo milione di studenti in presenza - intoscana<\/title>\n<meta name=\"description\" content=\"Circa 520 mila studenti toscani torneranno tra i banchi al 100% in presenza a partire da mercoled\u00ec 15 settembre. Tutto quello che c&#039;\u00e8 da sapere su norme anti Covid, trasporti, green pass, vaccini ed eventuali quarantene\" \/>\n<meta name=\"robots\" content=\"index, follow, max-snippet:-1, max-image-preview:large, max-video-preview:-1\" \/>\n<link rel=\"canonical\" href=\"https:\/\/www.intoscana.it\/it\/toscana-15-settembre-scuola-mezzo-milione-studenti-presenza\/\" \/>\n<meta property=\"og:locale\" content=\"it_IT\" \/>\n<meta property=\"og:type\" content=\"article\" \/>\n<meta property=\"og:title\" content=\"Toscana, si torna a scuola. Mezzo milione di studenti in presenza\" \/>\n<meta property=\"og:description\" content=\"Circa 520 mila studenti toscani torneranno tra i banchi al 100% in presenza a partire da mercoled\u00ec 15 settembre. Tutto quello che c&#039;\u00e8 da sapere su norme anti Covid, trasporti, green pass, vaccini ed eventuali quarantene\" \/>\n<meta property=\"og:url\" content=\"https:\/\/www.intoscana.it\/it\/toscana-15-settembre-scuola-mezzo-milione-studenti-presenza\/\" \/>\n<meta property=\"og:site_name\" content=\"intoscana\" \/>\n<meta property=\"article:publisher\" content=\"https:\/\/www.facebook.com\/intoscana.it\" \/>\n<meta property=\"article:published_time\" content=\"2021-09-02T11:00:27+00:00\" \/>\n<meta property=\"article:modified_time\" content=\"2021-09-15T05:55:58+00:00\" \/>\n<meta property=\"og:image\" content=\"https:\/\/www.intoscana.it\/wp-content\/uploads\/Bambina-con-la-mascherina-Kelly-Sikkema-Unsplash.jpg\" \/>\n\t<meta property=\"og:image:width\" content=\"1920\" \/>\n\t<meta property=\"og:image:height\" content=\"1280\" \/>\n\t<meta property=\"og:image:type\" content=\"image\/jpeg\" \/>\n<meta name=\"author\" content=\"Gianluca Testa\" \/>\n<meta name=\"twitter:card\" content=\"summary_large_image\" \/>\n<meta name=\"twitter:creator\" content=\"@intoscana\" \/>\n<meta name=\"twitter:site\" content=\"@intoscana\" \/>\n<meta name=\"twitter:label1\" content=\"Written by\" \/>\n\t<meta name=\"twitter:data1\" content=\"Gianluca Testa\" \/>\n\t<meta name=\"twitter:label2\" content=\"Est. reading time\" \/>\n\t<meta name=\"twitter:data2\" content=\"5 minuti\" \/>\n<script type=\"application\/ld+json\" class=\"yoast-schema-graph\">{\"@context\":\"https:\/\/schema.org\",\"@graph\":[{\"@type\":\"WebPage\",\"@id\":\"https:\/\/www.intoscana.it\/it\/toscana-15-settembre-scuola-mezzo-milione-studenti-presenza\/\",\"url\":\"https:\/\/www.intoscana.it\/it\/toscana-15-settembre-scuola-mezzo-milione-studenti-presenza\/\",\"name\":\"Toscana, si torna a scuola. Mezzo milione di studenti in presenza - intoscana\",\"isPartOf\":{\"@id\":\"https:\/\/www.intoscana.it\/it\/#website\"},\"primaryImageOfPage\":{\"@id\":\"https:\/\/www.intoscana.it\/it\/toscana-15-settembre-scuola-mezzo-milione-studenti-presenza\/#primaryimage\"},\"image\":{\"@id\":\"https:\/\/www.intoscana.it\/it\/toscana-15-settembre-scuola-mezzo-milione-studenti-presenza\/#primaryimage\"},\"thumbnailUrl\":\"https:\/\/www.intoscana.it\/wp-content\/uploads\/Bambina-con-la-mascherina-Kelly-Sikkema-Unsplash.jpg\",\"datePublished\":\"2021-09-02T11:00:27+00:00\",\"dateModified\":\"2021-09-15T05:55:58+00:00\",\"author\":{\"@id\":\"https:\/\/www.intoscana.it\/it\/#\/schema\/person\/f437e015c68b2824ef01d2ed8cdb2923\"},\"description\":\"Circa 520 mila studenti toscani torneranno tra i banchi al 100% in presenza a partire da mercoled\u00ec 15 settembre. Tutto quello che c'\u00e8 da sapere su norme anti Covid, trasporti, green pass, vaccini ed eventuali quarantene\",\"breadcrumb\":{\"@id\":\"https:\/\/www.intoscana.it\/it\/toscana-15-settembre-scuola-mezzo-milione-studenti-presenza\/#breadcrumb\"},\"inLanguage\":\"it-IT\",\"potentialAction\":[{\"@type\":\"ReadAction\",\"target\":[\"https:\/\/www.intoscana.it\/it\/toscana-15-settembre-scuola-mezzo-milione-studenti-presenza\/\"]}]},{\"@type\":\"ImageObject\",\"inLanguage\":\"it-IT\",\"@id\":\"https:\/\/www.intoscana.it\/it\/toscana-15-settembre-scuola-mezzo-milione-studenti-presenza\/#primaryimage\",\"url\":\"https:\/\/www.intoscana.it\/wp-content\/uploads\/Bambina-con-la-mascherina-Kelly-Sikkema-Unsplash.jpg\",\"contentUrl\":\"https:\/\/www.intoscana.it\/wp-content\/uploads\/Bambina-con-la-mascherina-Kelly-Sikkema-Unsplash.jpg\",\"width\":1920,\"height\":1280,\"caption\":\"Bambina a scuola con la mascherina\"},{\"@type\":\"BreadcrumbList\",\"@id\":\"https:\/\/www.intoscana.it\/it\/toscana-15-settembre-scuola-mezzo-milione-studenti-presenza\/#breadcrumb\",\"itemListElement\":[{\"@type\":\"ListItem\",\"position\":1,\"name\":\"Home\",\"item\":\"https:\/\/www.intoscana.it\/it\/\"},{\"@type\":\"ListItem\",\"position\":2,\"name\":\"Toscana, si torna a scuola. Mezzo milione di studenti in presenza\"}]},{\"@type\":\"WebSite\",\"@id\":\"https:\/\/www.intoscana.it\/it\/#website\",\"url\":\"https:\/\/www.intoscana.it\/it\/\",\"name\":\"intoscana\",\"description\":\"\",\"potentialAction\":[{\"@type\":\"SearchAction\",\"target\":{\"@type\":\"EntryPoint\",\"urlTemplate\":\"https:\/\/www.intoscana.it\/it\/?s={search_term_string}\"},\"query-input\":{\"@type\":\"PropertyValueSpecification\",\"valueRequired\":true,\"valueName\":\"search_term_string\"}}],\"inLanguage\":\"it-IT\"},{\"@type\":\"Person\",\"@id\":\"https:\/\/www.intoscana.it\/it\/#\/schema\/person\/f437e015c68b2824ef01d2ed8cdb2923\",\"name\":\"Gianluca Testa\",\"url\":\"https:\/\/www.intoscana.it\/it\/author\/gianluca-testa\/\"}]}<\/script>\n<!-- \/ Yoast SEO Premium plugin. -->","yoast_head_json":{"title":"Toscana, si torna a scuola. Mezzo milione di studenti in presenza - intoscana","description":"Circa 520 mila studenti toscani torneranno tra i banchi al 100% in presenza a partire da mercoled\u00ec 15 settembre. Tutto quello che c'\u00e8 da sapere su norme anti Covid, trasporti, green pass, vaccini ed eventuali quarantene","robots":{"index":"index","follow":"follow","max-snippet":"max-snippet:-1","max-image-preview":"max-image-preview:large","max-video-preview":"max-video-preview:-1"},"canonical":"https:\/\/www.intoscana.it\/it\/toscana-15-settembre-scuola-mezzo-milione-studenti-presenza\/","og_locale":"it_IT","og_type":"article","og_title":"Toscana, si torna a scuola. Mezzo milione di studenti in presenza","og_description":"Circa 520 mila studenti toscani torneranno tra i banchi al 100% in presenza a partire da mercoled\u00ec 15 settembre. Tutto quello che c'\u00e8 da sapere su norme anti Covid, trasporti, green pass, vaccini ed eventuali quarantene","og_url":"https:\/\/www.intoscana.it\/it\/toscana-15-settembre-scuola-mezzo-milione-studenti-presenza\/","og_site_name":"intoscana","article_publisher":"https:\/\/www.facebook.com\/intoscana.it","article_published_time":"2021-09-02T11:00:27+00:00","article_modified_time":"2021-09-15T05:55:58+00:00","og_image":[{"width":1920,"height":1280,"url":"https:\/\/www.intoscana.it\/wp-content\/uploads\/Bambina-con-la-mascherina-Kelly-Sikkema-Unsplash.jpg","type":"image\/jpeg"}],"author":"Gianluca Testa","twitter_card":"summary_large_image","twitter_creator":"@intoscana","twitter_site":"@intoscana","twitter_misc":{"Written by":"Gianluca Testa","Est. reading time":"5 minuti"},"schema":{"@context":"https:\/\/schema.org","@graph":[{"@type":"WebPage","@id":"https:\/\/www.intoscana.it\/it\/toscana-15-settembre-scuola-mezzo-milione-studenti-presenza\/","url":"https:\/\/www.intoscana.it\/it\/toscana-15-settembre-scuola-mezzo-milione-studenti-presenza\/","name":"Toscana, si torna a scuola. Mezzo milione di studenti in presenza - intoscana","isPartOf":{"@id":"https:\/\/www.intoscana.it\/it\/#website"},"primaryImageOfPage":{"@id":"https:\/\/www.intoscana.it\/it\/toscana-15-settembre-scuola-mezzo-milione-studenti-presenza\/#primaryimage"},"image":{"@id":"https:\/\/www.intoscana.it\/it\/toscana-15-settembre-scuola-mezzo-milione-studenti-presenza\/#primaryimage"},"thumbnailUrl":"https:\/\/www.intoscana.it\/wp-content\/uploads\/Bambina-con-la-mascherina-Kelly-Sikkema-Unsplash.jpg","datePublished":"2021-09-02T11:00:27+00:00","dateModified":"2021-09-15T05:55:58+00:00","author":{"@id":"https:\/\/www.intoscana.it\/it\/#\/schema\/person\/f437e015c68b2824ef01d2ed8cdb2923"},"description":"Circa 520 mila studenti toscani torneranno tra i banchi al 100% in presenza a partire da mercoled\u00ec 15 settembre. Tutto quello che c'\u00e8 da sapere su norme anti Covid, trasporti, green pass, vaccini ed eventuali quarantene","breadcrumb":{"@id":"https:\/\/www.intoscana.it\/it\/toscana-15-settembre-scuola-mezzo-milione-studenti-presenza\/#breadcrumb"},"inLanguage":"it-IT","potentialAction":[{"@type":"ReadAction","target":["https:\/\/www.intoscana.it\/it\/toscana-15-settembre-scuola-mezzo-milione-studenti-presenza\/"]}]},{"@type":"ImageObject","inLanguage":"it-IT","@id":"https:\/\/www.intoscana.it\/it\/toscana-15-settembre-scuola-mezzo-milione-studenti-presenza\/#primaryimage","url":"https:\/\/www.intoscana.it\/wp-content\/uploads\/Bambina-con-la-mascherina-Kelly-Sikkema-Unsplash.jpg","contentUrl":"https:\/\/www.intoscana.it\/wp-content\/uploads\/Bambina-con-la-mascherina-Kelly-Sikkema-Unsplash.jpg","width":1920,"height":1280,"caption":"Bambina a scuola con la mascherina"},{"@type":"BreadcrumbList","@id":"https:\/\/www.intoscana.it\/it\/toscana-15-settembre-scuola-mezzo-milione-studenti-presenza\/#breadcrumb","itemListElement":[{"@type":"ListItem","position":1,"name":"Home","item":"https:\/\/www.intoscana.it\/it\/"},{"@type":"ListItem","position":2,"name":"Toscana, si torna a scuola. Mezzo milione di studenti in presenza"}]},{"@type":"WebSite","@id":"https:\/\/www.intoscana.it\/it\/#website","url":"https:\/\/www.intoscana.it\/it\/","name":"intoscana","description":"","potentialAction":[{"@type":"SearchAction","target":{"@type":"EntryPoint","urlTemplate":"https:\/\/www.intoscana.it\/it\/?s={search_term_string}"},"query-input":{"@type":"PropertyValueSpecification","valueRequired":true,"valueName":"search_term_string"}}],"inLanguage":"it-IT"},{"@type":"Person","@id":"https:\/\/www.intoscana.it\/it\/#\/schema\/person\/f437e015c68b2824ef01d2ed8cdb2923","name":"Gianluca Testa","url":"https:\/\/www.intoscana.it\/it\/author\/gianluca-testa\/"}]}},"_links":{"self":[{"href":"https:\/\/www.intoscana.it\/it\/wp-json\/wp\/v2\/posts\/188024","targetHints":{"allow":["GET"]}}],"collection":[{"href":"https:\/\/www.intoscana.it\/it\/wp-json\/wp\/v2\/posts"}],"about":[{"href":"https:\/\/www.intoscana.it\/it\/wp-json\/wp\/v2\/types\/post"}],"author":[{"embeddable":true,"href":"https:\/\/www.intoscana.it\/it\/wp-json\/wp\/v2\/users\/521"}],"replies":[{"embeddable":true,"href":"https:\/\/www.intoscana.it\/it\/wp-json\/wp\/v2\/comments?post=188024"}],"version-history":[{"count":0,"href":"https:\/\/www.intoscana.it\/it\/wp-json\/wp\/v2\/posts\/188024\/revisions"}],"wp:featuredmedia":[{"embeddable":true,"href":"https:\/\/www.intoscana.it\/it\/wp-json\/wp\/v2\/media\/188068"}],"wp:attachment":[{"href":"https:\/\/www.intoscana.it\/it\/wp-json\/wp\/v2\/media?parent=188024"}],"wp:term":[{"taxonomy":"category","embeddable":true,"href":"https:\/\/www.intoscana.it\/it\/wp-json\/wp\/v2\/categories?post=188024"},{"taxonomy":"post_tag","embeddable":true,"href":"https:\/\/www.intoscana.it\/it\/wp-json\/wp\/v2\/tags?post=188024"}],"curies":[{"name":"wp","href":"https:\/\/api.w.org\/{rel}","templated":true}]}}