{"id":188239,"date":"2021-09-02T18:45:16","date_gmt":"2021-09-02T16:45:16","guid":{"rendered":"https:\/\/www.intoscana.it\/it\/?p=188239"},"modified":"2021-09-02T23:18:53","modified_gmt":"2021-09-02T21:18:53","slug":"regione-toscana-green-pass-obbligatorio-per-i-consiglieri-mazzeo-diamo-buon-esempio","status":"publish","type":"post","link":"https:\/\/www.intoscana.it\/it\/regione-toscana-green-pass-obbligatorio-per-i-consiglieri-mazzeo-diamo-buon-esempio\/","title":{"rendered":"Regione Toscana, green pass obbligatorio per i consiglieri. Mazzeo: &#8220;Diamo buon esempio&#8221;"},"content":{"rendered":"<p>La decisione non \u00e8 ancora ufficiale, ma il percorso \u00e8 segnato. <mark>Sul green pass <em>&#8220;sto predisponendo qua un regolamento&#8221;<\/em> per renderlo obbligatorio, <em>&#8220;perch\u00e9 noi dobbiamo essere i primi a dare il buon esempio&#8221;<\/mark><\/em>. A parlare \u00e8 <strong>Antonio Mazzeo<\/strong>, presidente del Consiglio regionale della Toscana. <em>&#8220;In aula si entrer\u00e0 solo con il green pass&#8221;<\/em> ha spiegato. <em>&#8220;<mark>Quando ci saranno eventi, qui all&#8217;interno del nostro palazzo ci dovr\u00e0 essere il green pass<\/mark>. E quando parlo di eventi mi riferisco ad assembramenti, gruppi di persone che s&#8217;incontrano, non solo conferenze stampa o presentazioni. <mark>Chieder\u00f2 a tutti i giornalisti di poter accedere solo con il green pass<\/mark>&#8220;<\/em>. Secondo Mazzeo <em>&#8220;quello che sta accadendo \u00e8 qualcosa di violento. Quella chat di telegram dove vengono messi tutti i numeri di telefono ci fanno ricordare e tornare nella mente in forme differenti ai momenti pi\u00f9 bui del nostro Paese&#8221;.<\/em><\/p>\n<h3>Casi in diminuzione<\/h3>\n<p>Intanto sull&#8217;andamento della pandemia interviene anche il presidente della Regione, <strong>Eugenio Giani<\/strong>. <em>&#8220;Al quarto giorno della settimana l&#8217;andamento dei contagi sul piano settimanale conferma il ribasso, questa volta in modo deciso&#8221;<\/em> ha detto il governatore. Secondo Giani <em>&#8220;i 615 contagiati di oggi, quando noi fino a 2-3 settimane fa avevamo pi\u00f9 di 800 contagi, danno il senso della misura della <strong>diminuzione del contagio<\/strong>, che si trasferisce per il terzo giorno consecutivo anche con una diminuzione delle ospedalizzazioni&#8221;<\/em>.<\/p>\n<h3>Le terapie intensive<\/h3>\n<p>Giani ha ammesso che <em>&#8220;rimane l&#8217;<strong>incremento delle terapie intensive<\/strong>&#8220;<\/em>, salite di 5 unit\u00e0 in un giorno, <em>&#8220;ma sappiamo che nel trinomio contagi-ospedalizzazioni terapie intensive l&#8217;ultimo elemento ad avere un riflesso, nel momento in cui si abbassa l&#8217;onda, \u00e8 proprio quello delle terapie intensive. <mark>Oggi con l&#8217;indice di ospedalizzazioni all&#8217;8,6% ci sentiamo tranquilli dell&#8217;andamento di miglioramento che possiamo confermare sul piano pandemico nella realt\u00e0 toscana<\/mark>&#8220;.<\/em><\/p>\n<h3>La campagna vaccinale<\/h3>\n<p>L&#8217;andamento dei contagi, secondo Giani, \u00e8 coerente <em>&#8220;con gli ottimi livelli di vaccinazione. <mark>Ormai siamo stabilmente la terza regione sul piano della campagna, e quindi dei risultati diffusi della vaccinazione, per quanto riguarda le prime dosi<\/mark>&#8220;.<\/em> Il governatore toscano ha anche valutato positivamente il fatto che in questi giorni si stiano andando a vaccinare i cinesi a Prato. <em>&#8220;\u00c8 bene, almeno tracciamo quella realt\u00e0, tracciamo le comunit\u00e0 straniere. Avviene per i cinesi, avviene per i pakistani&#8221;.<\/em><\/p>\n","protected":false},"excerpt":{"rendered":"<p>Il presidente del Consiglio regionale anticipa il provvedimento in fase di scrittura e approvazione. Il green pass sar\u00e0 inoltre richiesto per gli eventi, anche ai giornalisti<\/p>\n","protected":false},"author":525,"featured_media":188241,"comment_status":"open","ping_status":"open","sticky":false,"template":"","format":"standard","meta":{"_acf_changed":false,"footnotes":""},"categories":[494],"tags":[4753,6103],"class_list":["post-188239","post","type-post","status-publish","format-standard","has-post-thumbnail","hentry","category-attualita","tag-consiglio-regionale-della-toscana","tag-green-pass"],"acf":[],"yoast_head":"<!-- This site is optimized with the Yoast SEO Premium plugin v24.2 (Yoast SEO v25.6) - https:\/\/yoast.com\/wordpress\/plugins\/seo\/ -->\n<title>Regione Toscana, green pass obbligatorio per i consiglieri. Mazzeo: &quot;Diamo buon esempio&quot; - intoscana<\/title>\n<meta name=\"description\" content=\"Il presidente del Consiglio regionale anticipa il provvedimento in fase di scrittura e approvazione. Il green pass sar\u00e0 inoltre richiesto per gli eventi, anche ai giornalisti\" \/>\n<meta name=\"robots\" content=\"index, follow, max-snippet:-1, max-image-preview:large, max-video-preview:-1\" \/>\n<link rel=\"canonical\" href=\"https:\/\/www.intoscana.it\/it\/regione-toscana-green-pass-obbligatorio-per-i-consiglieri-mazzeo-diamo-buon-esempio\/\" \/>\n<meta property=\"og:locale\" content=\"it_IT\" \/>\n<meta property=\"og:type\" content=\"article\" \/>\n<meta property=\"og:title\" content=\"Regione Toscana, green pass obbligatorio per i consiglieri. Mazzeo: &quot;Diamo buon esempio&quot;\" \/>\n<meta property=\"og:description\" content=\"Il presidente del Consiglio regionale anticipa il provvedimento in fase di scrittura e approvazione. Il green pass sar\u00e0 inoltre richiesto per gli eventi, anche ai giornalisti\" \/>\n<meta property=\"og:url\" content=\"https:\/\/www.intoscana.it\/it\/regione-toscana-green-pass-obbligatorio-per-i-consiglieri-mazzeo-diamo-buon-esempio\/\" \/>\n<meta property=\"og:site_name\" content=\"intoscana\" \/>\n<meta property=\"article:publisher\" content=\"https:\/\/www.facebook.com\/intoscana.it\" \/>\n<meta property=\"article:published_time\" content=\"2021-09-02T16:45:16+00:00\" \/>\n<meta property=\"article:modified_time\" content=\"2021-09-02T21:18:53+00:00\" \/>\n<meta property=\"og:image\" content=\"https:\/\/www.intoscana.it\/wp-content\/uploads\/Antonio-Mazzeo.jpeg\" \/>\n\t<meta property=\"og:image:width\" content=\"1133\" \/>\n\t<meta property=\"og:image:height\" content=\"1033\" \/>\n\t<meta property=\"og:image:type\" content=\"image\/jpeg\" \/>\n<meta name=\"author\" content=\"Redazione\" \/>\n<meta name=\"twitter:card\" content=\"summary_large_image\" \/>\n<meta name=\"twitter:creator\" content=\"@intoscana\" \/>\n<meta name=\"twitter:site\" content=\"@intoscana\" \/>\n<meta name=\"twitter:label1\" content=\"Written by\" \/>\n\t<meta name=\"twitter:data1\" content=\"Redazione\" \/>\n\t<meta name=\"twitter:label2\" content=\"Est. reading time\" \/>\n\t<meta name=\"twitter:data2\" content=\"2 minuti\" \/>\n<script type=\"application\/ld+json\" class=\"yoast-schema-graph\">{\"@context\":\"https:\/\/schema.org\",\"@graph\":[{\"@type\":\"WebPage\",\"@id\":\"https:\/\/www.intoscana.it\/it\/regione-toscana-green-pass-obbligatorio-per-i-consiglieri-mazzeo-diamo-buon-esempio\/\",\"url\":\"https:\/\/www.intoscana.it\/it\/regione-toscana-green-pass-obbligatorio-per-i-consiglieri-mazzeo-diamo-buon-esempio\/\",\"name\":\"Regione Toscana, green pass obbligatorio per i consiglieri. Mazzeo: \\\"Diamo buon esempio\\\" - intoscana\",\"isPartOf\":{\"@id\":\"https:\/\/www.intoscana.it\/it\/#website\"},\"primaryImageOfPage\":{\"@id\":\"https:\/\/www.intoscana.it\/it\/regione-toscana-green-pass-obbligatorio-per-i-consiglieri-mazzeo-diamo-buon-esempio\/#primaryimage\"},\"image\":{\"@id\":\"https:\/\/www.intoscana.it\/it\/regione-toscana-green-pass-obbligatorio-per-i-consiglieri-mazzeo-diamo-buon-esempio\/#primaryimage\"},\"thumbnailUrl\":\"https:\/\/www.intoscana.it\/wp-content\/uploads\/Antonio-Mazzeo.jpeg\",\"datePublished\":\"2021-09-02T16:45:16+00:00\",\"dateModified\":\"2021-09-02T21:18:53+00:00\",\"author\":{\"@id\":\"https:\/\/www.intoscana.it\/it\/#\/schema\/person\/9223810753230f20bd670fdd322661f8\"},\"description\":\"Il presidente del Consiglio regionale anticipa il provvedimento in fase di scrittura e approvazione. Il green pass sar\u00e0 inoltre richiesto per gli eventi, anche ai giornalisti\",\"breadcrumb\":{\"@id\":\"https:\/\/www.intoscana.it\/it\/regione-toscana-green-pass-obbligatorio-per-i-consiglieri-mazzeo-diamo-buon-esempio\/#breadcrumb\"},\"inLanguage\":\"it-IT\",\"potentialAction\":[{\"@type\":\"ReadAction\",\"target\":[\"https:\/\/www.intoscana.it\/it\/regione-toscana-green-pass-obbligatorio-per-i-consiglieri-mazzeo-diamo-buon-esempio\/\"]}]},{\"@type\":\"ImageObject\",\"inLanguage\":\"it-IT\",\"@id\":\"https:\/\/www.intoscana.it\/it\/regione-toscana-green-pass-obbligatorio-per-i-consiglieri-mazzeo-diamo-buon-esempio\/#primaryimage\",\"url\":\"https:\/\/www.intoscana.it\/wp-content\/uploads\/Antonio-Mazzeo.jpeg\",\"contentUrl\":\"https:\/\/www.intoscana.it\/wp-content\/uploads\/Antonio-Mazzeo.jpeg\",\"width\":1133,\"height\":1033,\"caption\":\"Antonio Mazzeo\"},{\"@type\":\"BreadcrumbList\",\"@id\":\"https:\/\/www.intoscana.it\/it\/regione-toscana-green-pass-obbligatorio-per-i-consiglieri-mazzeo-diamo-buon-esempio\/#breadcrumb\",\"itemListElement\":[{\"@type\":\"ListItem\",\"position\":1,\"name\":\"Home\",\"item\":\"https:\/\/www.intoscana.it\/it\/\"},{\"@type\":\"ListItem\",\"position\":2,\"name\":\"Regione Toscana, green pass obbligatorio per i consiglieri. Mazzeo: &#8220;Diamo buon esempio&#8221;\"}]},{\"@type\":\"WebSite\",\"@id\":\"https:\/\/www.intoscana.it\/it\/#website\",\"url\":\"https:\/\/www.intoscana.it\/it\/\",\"name\":\"intoscana\",\"description\":\"\",\"potentialAction\":[{\"@type\":\"SearchAction\",\"target\":{\"@type\":\"EntryPoint\",\"urlTemplate\":\"https:\/\/www.intoscana.it\/it\/?s={search_term_string}\"},\"query-input\":{\"@type\":\"PropertyValueSpecification\",\"valueRequired\":true,\"valueName\":\"search_term_string\"}}],\"inLanguage\":\"it-IT\"},{\"@type\":\"Person\",\"@id\":\"https:\/\/www.intoscana.it\/it\/#\/schema\/person\/9223810753230f20bd670fdd322661f8\",\"name\":\"Redazione\",\"url\":\"https:\/\/www.intoscana.it\/it\/author\/redazione\/\"}]}<\/script>\n<!-- \/ Yoast SEO Premium plugin. -->","yoast_head_json":{"title":"Regione Toscana, green pass obbligatorio per i consiglieri. Mazzeo: \"Diamo buon esempio\" - intoscana","description":"Il presidente del Consiglio regionale anticipa il provvedimento in fase di scrittura e approvazione. Il green pass sar\u00e0 inoltre richiesto per gli eventi, anche ai giornalisti","robots":{"index":"index","follow":"follow","max-snippet":"max-snippet:-1","max-image-preview":"max-image-preview:large","max-video-preview":"max-video-preview:-1"},"canonical":"https:\/\/www.intoscana.it\/it\/regione-toscana-green-pass-obbligatorio-per-i-consiglieri-mazzeo-diamo-buon-esempio\/","og_locale":"it_IT","og_type":"article","og_title":"Regione Toscana, green pass obbligatorio per i consiglieri. Mazzeo: \"Diamo buon esempio\"","og_description":"Il presidente del Consiglio regionale anticipa il provvedimento in fase di scrittura e approvazione. Il green pass sar\u00e0 inoltre richiesto per gli eventi, anche ai giornalisti","og_url":"https:\/\/www.intoscana.it\/it\/regione-toscana-green-pass-obbligatorio-per-i-consiglieri-mazzeo-diamo-buon-esempio\/","og_site_name":"intoscana","article_publisher":"https:\/\/www.facebook.com\/intoscana.it","article_published_time":"2021-09-02T16:45:16+00:00","article_modified_time":"2021-09-02T21:18:53+00:00","og_image":[{"width":1133,"height":1033,"url":"https:\/\/www.intoscana.it\/wp-content\/uploads\/Antonio-Mazzeo.jpeg","type":"image\/jpeg"}],"author":"Redazione","twitter_card":"summary_large_image","twitter_creator":"@intoscana","twitter_site":"@intoscana","twitter_misc":{"Written by":"Redazione","Est. reading time":"2 minuti"},"schema":{"@context":"https:\/\/schema.org","@graph":[{"@type":"WebPage","@id":"https:\/\/www.intoscana.it\/it\/regione-toscana-green-pass-obbligatorio-per-i-consiglieri-mazzeo-diamo-buon-esempio\/","url":"https:\/\/www.intoscana.it\/it\/regione-toscana-green-pass-obbligatorio-per-i-consiglieri-mazzeo-diamo-buon-esempio\/","name":"Regione Toscana, green pass obbligatorio per i consiglieri. Mazzeo: \"Diamo buon esempio\" - intoscana","isPartOf":{"@id":"https:\/\/www.intoscana.it\/it\/#website"},"primaryImageOfPage":{"@id":"https:\/\/www.intoscana.it\/it\/regione-toscana-green-pass-obbligatorio-per-i-consiglieri-mazzeo-diamo-buon-esempio\/#primaryimage"},"image":{"@id":"https:\/\/www.intoscana.it\/it\/regione-toscana-green-pass-obbligatorio-per-i-consiglieri-mazzeo-diamo-buon-esempio\/#primaryimage"},"thumbnailUrl":"https:\/\/www.intoscana.it\/wp-content\/uploads\/Antonio-Mazzeo.jpeg","datePublished":"2021-09-02T16:45:16+00:00","dateModified":"2021-09-02T21:18:53+00:00","author":{"@id":"https:\/\/www.intoscana.it\/it\/#\/schema\/person\/9223810753230f20bd670fdd322661f8"},"description":"Il presidente del Consiglio regionale anticipa il provvedimento in fase di scrittura e approvazione. Il green pass sar\u00e0 inoltre richiesto per gli eventi, anche ai giornalisti","breadcrumb":{"@id":"https:\/\/www.intoscana.it\/it\/regione-toscana-green-pass-obbligatorio-per-i-consiglieri-mazzeo-diamo-buon-esempio\/#breadcrumb"},"inLanguage":"it-IT","potentialAction":[{"@type":"ReadAction","target":["https:\/\/www.intoscana.it\/it\/regione-toscana-green-pass-obbligatorio-per-i-consiglieri-mazzeo-diamo-buon-esempio\/"]}]},{"@type":"ImageObject","inLanguage":"it-IT","@id":"https:\/\/www.intoscana.it\/it\/regione-toscana-green-pass-obbligatorio-per-i-consiglieri-mazzeo-diamo-buon-esempio\/#primaryimage","url":"https:\/\/www.intoscana.it\/wp-content\/uploads\/Antonio-Mazzeo.jpeg","contentUrl":"https:\/\/www.intoscana.it\/wp-content\/uploads\/Antonio-Mazzeo.jpeg","width":1133,"height":1033,"caption":"Antonio Mazzeo"},{"@type":"BreadcrumbList","@id":"https:\/\/www.intoscana.it\/it\/regione-toscana-green-pass-obbligatorio-per-i-consiglieri-mazzeo-diamo-buon-esempio\/#breadcrumb","itemListElement":[{"@type":"ListItem","position":1,"name":"Home","item":"https:\/\/www.intoscana.it\/it\/"},{"@type":"ListItem","position":2,"name":"Regione Toscana, green pass obbligatorio per i consiglieri. Mazzeo: &#8220;Diamo buon esempio&#8221;"}]},{"@type":"WebSite","@id":"https:\/\/www.intoscana.it\/it\/#website","url":"https:\/\/www.intoscana.it\/it\/","name":"intoscana","description":"","potentialAction":[{"@type":"SearchAction","target":{"@type":"EntryPoint","urlTemplate":"https:\/\/www.intoscana.it\/it\/?s={search_term_string}"},"query-input":{"@type":"PropertyValueSpecification","valueRequired":true,"valueName":"search_term_string"}}],"inLanguage":"it-IT"},{"@type":"Person","@id":"https:\/\/www.intoscana.it\/it\/#\/schema\/person\/9223810753230f20bd670fdd322661f8","name":"Redazione","url":"https:\/\/www.intoscana.it\/it\/author\/redazione\/"}]}},"_links":{"self":[{"href":"https:\/\/www.intoscana.it\/it\/wp-json\/wp\/v2\/posts\/188239","targetHints":{"allow":["GET"]}}],"collection":[{"href":"https:\/\/www.intoscana.it\/it\/wp-json\/wp\/v2\/posts"}],"about":[{"href":"https:\/\/www.intoscana.it\/it\/wp-json\/wp\/v2\/types\/post"}],"author":[{"embeddable":true,"href":"https:\/\/www.intoscana.it\/it\/wp-json\/wp\/v2\/users\/525"}],"replies":[{"embeddable":true,"href":"https:\/\/www.intoscana.it\/it\/wp-json\/wp\/v2\/comments?post=188239"}],"version-history":[{"count":0,"href":"https:\/\/www.intoscana.it\/it\/wp-json\/wp\/v2\/posts\/188239\/revisions"}],"wp:featuredmedia":[{"embeddable":true,"href":"https:\/\/www.intoscana.it\/it\/wp-json\/wp\/v2\/media\/188241"}],"wp:attachment":[{"href":"https:\/\/www.intoscana.it\/it\/wp-json\/wp\/v2\/media?parent=188239"}],"wp:term":[{"taxonomy":"category","embeddable":true,"href":"https:\/\/www.intoscana.it\/it\/wp-json\/wp\/v2\/categories?post=188239"},{"taxonomy":"post_tag","embeddable":true,"href":"https:\/\/www.intoscana.it\/it\/wp-json\/wp\/v2\/tags?post=188239"}],"curies":[{"name":"wp","href":"https:\/\/api.w.org\/{rel}","templated":true}]}}