{"id":188282,"date":"2021-09-03T13:52:57","date_gmt":"2021-09-03T11:52:57","guid":{"rendered":"https:\/\/www.intoscana.it\/it\/?p=188282"},"modified":"2021-09-03T14:03:09","modified_gmt":"2021-09-03T12:03:09","slug":"i-sentieri-di-arianna-cinque-itinerari-per-riscoprire-il-territorio-delle-burraie","status":"publish","type":"post","link":"https:\/\/www.intoscana.it\/it\/i-sentieri-di-arianna-cinque-itinerari-per-riscoprire-il-territorio-delle-burraie\/","title":{"rendered":"I sentieri di Arianna: cinque itinerari per riscoprire il territorio delle &#8220;Burraie&#8221;"},"content":{"rendered":"<p><strong>Arianna Lobina<\/strong> \u00e8 una ragazza toscana di 30 anni che <strong>una volta finito il lockdown, stufa di serie tv, pizze e torte<\/strong> da mettere in forno si \u00e8 allacciata gli scarponcini <strong>ha iniziato a camminare e non si \u00e8 pi\u00f9 fermata<\/strong>.<\/p>\n<p><strong>Una fame di aria, natura, boschi covata per mesi<\/strong> e che \u00e8 sbocciata in <strong>una vera e propria passione<\/strong> al punto che Arianna<strong> sta studiando per diventare una guida escursionistica<\/strong> riconosciuta e nel frattempo ha aperto una pagina Facebook per far conoscere meglio <strong>gli itinerari tra Mugello, Valdisieve e Fiesole.<\/strong><\/p>\n<p>La molla \u00e8 stata la domanda che si sentiva sempre ripetere quando raccontava di essere di <strong>Santa Brigida (frazione del comune di Pontassieve).<\/strong> <em><strong>&#8220;Santa Brigida? E dov&#8217;\u00e8?&#8221;<\/strong> <\/em>una domanda che ha trovato risposta nel suo progetto online <a href=\"https:\/\/www.facebook.com\/isentieridiarianna\" target=\"_blank\" rel=\"noopener\"><strong>&#8220;I sentieri di Arianna&#8221;<\/strong><\/a>.<\/p>\n<figure id=\"post-188280 media-188280\" class=\"align-center\"><img decoding=\"async\" src=\"https:\/\/www.intoscana.it\/wp-content\/uploads\/239390488_226727252797405_6247264775036658859_n.jpg\" alt=\"\" \/><\/figure>\n<p><em>&#8220;Un giorno durante il lockdown l&#8217;anno scorso<\/em> &#8211; <strong>ci ha raccontato Arianna <\/strong>che in questi giorni \u00e8 impegnata<strong> nella grande traversata dell&#8217;isola d&#8217;Elba<\/strong> &#8211;\u00a0<em>ero sdraiata sul letto e non sapevo pi\u00f9 cosa fare, ero stanca delle serie tv e di cucinare, cos\u00ec mi sono detta apro una pagina Facebook! Io sono archeologa, <strong>mi sono laureata proprio prima del lockdown quindi mi sono trovata in una situazione in cui non avevo nulla da fare.<\/strong> Ho da sempre la passione per le passeggiate cos\u00ec ho pensato di fare questa cosa anche per promuovere il mio paese.&#8221;<\/em><\/p>\n<p><em>&#8220;Quando cammino sto bene, respiro, mi riprendo i miei tempi con il mio passo<\/em>. &#8211; <strong>ha aggiunto Arianna<\/strong> &#8211; <em>Mi piace guardarmi intorno e riuscire a riconoscere gli alberi e le piante. Anche per questo sto studiando per diventare guida escursionistica. Ogni tanto abbraccio anche gli alberi.&#8221;<\/em><\/p>\n<figure id=\"post-188271 media-188271\" class=\"align-center\"><img decoding=\"async\" src=\"https:\/\/www.intoscana.it\/wp-content\/uploads\/173176340_131904502279681_5830710001092174619_n.jpg\" alt=\"\" \/><\/figure>\n<div class=\"titleimg\">Una burraia<\/div>\n<h3>I cinque sentieri preferiti di Arianna<\/h3>\n<p><strong>Il sentiero delle Burraie<\/strong>\u00a0si chiama cos\u00ec perch\u00e8 lungo il percorso ci sono <strong>tante piccole &#8220;casine&#8221;<\/strong> che sono appunto <strong>le burraie cio\u00e8 quelle strutture dove veniva fatto il burro fino agli anni &#8217;40 del &#8216;900.<\/strong> Dentro ci sono le vasche dove finisce l&#8217;acqua della sorgente che permettevano di mantenere il latte al fresco. Quando risaliva la crema veniva tolta, messa nelle zangole, battuta e cos\u00ec si faceva il burro. Il percorso \u00e8 di 16 chilometri con 900 metri di dislivello, con paesaggi bellissimi, si parte da Santa Brigida.<\/p>\n<p>Quello della<strong>\u00a0&#8220;valle dell&#8217;Inferno&#8221;<\/strong> \u00e8 un sentiero che porta ad <strong>Aceraia<\/strong> dove in cima c&#8217;\u00e8 un paesaggio molto particolare, <strong>sembra di essere su Marte<\/strong>. La valle \u00e8 chiamata cos\u00ec fin dall&#8217;800.<\/p>\n<p>Molto bello \u00e8 <strong>il sentiero dei cimiteri abbandonati<\/strong> che passa da <strong>Monte Fiesole<\/strong> nella Val di Sieve, sopra Pontassieve e poi scende a <strong>Pievecchia.<\/strong><\/p>\n<p><strong>Il sentiero della Cascata dell&#8217;Argomenna<\/strong>\u00a0in realt\u00e0 non \u00e8 segnato. C&#8217;\u00e8 un vecchio sentiero che porta l\u00ec, per\u00f2 non \u00e8 pi\u00f9 gestito dal Cai e ci si arriva solo con la trama GPS. <strong>E&#8217; una cascata alta venti metri<\/strong> e quando c&#8217;\u00e8 acqua \u00e8 veramente molto bella. Per arrivarci <strong>bisogna scendere con delle corde<\/strong> quindi non \u00e8 adatto a tutti.<\/p>\n<p>Bellissimo \u00e8 il <strong>Cammino delle Foreste Sacre.<\/strong> Si parte dal <strong>Lago di Ponte in Emilia Romagna<\/strong> e arriva fino alla <strong>Verna<\/strong>.<\/p>\n<figure id=\"post-188272 media-188272\" class=\"align-center\"><img decoding=\"async\" src=\"https:\/\/www.intoscana.it\/wp-content\/uploads\/221690676_208402791296518_2558409287492584857_n.jpg\" alt=\"\" \/><\/figure>\n<div class=\"titleimg\"><\/div>\n<p>&nbsp;<\/p>\n<p>&nbsp;<\/p>\n","protected":false},"excerpt":{"rendered":"<p>Dalla chiusura \u00a0del lockdown nasce il progetto della giovane escursionista di Santa Brigida che vuole valorizzare il territorio della Val di Sieve tra cimiteri abbandonati, antiche costruzioni, cascate e la valle dell&#8217;Inferno<\/p>\n","protected":false},"author":518,"featured_media":188281,"comment_status":"open","ping_status":"open","sticky":false,"template":"","format":"standard","meta":{"_acf_changed":false,"footnotes":""},"categories":[6],"tags":[4631,4436],"class_list":["post-188282","post","type-post","status-publish","format-standard","has-post-thumbnail","hentry","category-viaggi","tag-itinerari","tag-trekking"],"acf":[],"yoast_head":"<!-- This site is optimized with the Yoast SEO Premium plugin v24.2 (Yoast SEO v25.6) - https:\/\/yoast.com\/wordpress\/plugins\/seo\/ -->\n<title>I sentieri di Arianna: cinque itinerari per riscoprire il territorio delle &quot;Burraie&quot; - intoscana<\/title>\n<meta name=\"description\" content=\"Dalla chiusura \u00a0del lockdown nasce il progetto della giovane escursionista di Santa Brigida per valorizzare il territorio della Val di Sieve\" \/>\n<meta name=\"robots\" content=\"index, follow, max-snippet:-1, max-image-preview:large, max-video-preview:-1\" \/>\n<link rel=\"canonical\" href=\"https:\/\/www.intoscana.it\/it\/i-sentieri-di-arianna-cinque-itinerari-per-riscoprire-il-territorio-delle-burraie\/\" \/>\n<meta property=\"og:locale\" content=\"it_IT\" \/>\n<meta property=\"og:type\" content=\"article\" \/>\n<meta property=\"og:title\" content=\"I sentieri di Arianna: cinque itinerari per riscoprire il territorio delle &quot;Burraie&quot;\" \/>\n<meta property=\"og:description\" content=\"Dalla chiusura \u00a0del lockdown nasce il progetto della giovane escursionista di Santa Brigida per valorizzare il territorio della Val di Sieve\" \/>\n<meta property=\"og:url\" content=\"https:\/\/www.intoscana.it\/it\/i-sentieri-di-arianna-cinque-itinerari-per-riscoprire-il-territorio-delle-burraie\/\" \/>\n<meta property=\"og:site_name\" content=\"intoscana\" \/>\n<meta property=\"article:publisher\" content=\"https:\/\/www.facebook.com\/intoscana.it\" \/>\n<meta property=\"article:published_time\" content=\"2021-09-03T11:52:57+00:00\" \/>\n<meta property=\"article:modified_time\" content=\"2021-09-03T12:03:09+00:00\" \/>\n<meta property=\"og:image\" content=\"https:\/\/www.intoscana.it\/wp-content\/uploads\/236599397_224088956394568_8670003059253604328_n.jpg\" \/>\n\t<meta property=\"og:image:width\" content=\"1080\" \/>\n\t<meta property=\"og:image:height\" content=\"802\" \/>\n\t<meta property=\"og:image:type\" content=\"image\/jpeg\" \/>\n<meta name=\"author\" content=\"Costanza Baldini\" \/>\n<meta name=\"twitter:card\" content=\"summary_large_image\" \/>\n<meta name=\"twitter:creator\" content=\"@intoscana\" \/>\n<meta name=\"twitter:site\" content=\"@intoscana\" \/>\n<meta name=\"twitter:label1\" content=\"Written by\" \/>\n\t<meta name=\"twitter:data1\" content=\"Costanza Baldini\" \/>\n\t<meta name=\"twitter:label2\" content=\"Est. reading time\" \/>\n\t<meta name=\"twitter:data2\" content=\"2 minuti\" \/>\n<script type=\"application\/ld+json\" class=\"yoast-schema-graph\">{\"@context\":\"https:\/\/schema.org\",\"@graph\":[{\"@type\":\"WebPage\",\"@id\":\"https:\/\/www.intoscana.it\/it\/i-sentieri-di-arianna-cinque-itinerari-per-riscoprire-il-territorio-delle-burraie\/\",\"url\":\"https:\/\/www.intoscana.it\/it\/i-sentieri-di-arianna-cinque-itinerari-per-riscoprire-il-territorio-delle-burraie\/\",\"name\":\"I sentieri di Arianna: cinque itinerari per riscoprire il territorio delle \\\"Burraie\\\" - intoscana\",\"isPartOf\":{\"@id\":\"https:\/\/www.intoscana.it\/it\/#website\"},\"primaryImageOfPage\":{\"@id\":\"https:\/\/www.intoscana.it\/it\/i-sentieri-di-arianna-cinque-itinerari-per-riscoprire-il-territorio-delle-burraie\/#primaryimage\"},\"image\":{\"@id\":\"https:\/\/www.intoscana.it\/it\/i-sentieri-di-arianna-cinque-itinerari-per-riscoprire-il-territorio-delle-burraie\/#primaryimage\"},\"thumbnailUrl\":\"https:\/\/www.intoscana.it\/wp-content\/uploads\/236599397_224088956394568_8670003059253604328_n.jpg\",\"datePublished\":\"2021-09-03T11:52:57+00:00\",\"dateModified\":\"2021-09-03T12:03:09+00:00\",\"author\":{\"@id\":\"https:\/\/www.intoscana.it\/it\/#\/schema\/person\/d469f35f09739bdf00bf5dd3f0647a82\"},\"description\":\"Dalla chiusura \u00a0del lockdown nasce il progetto della giovane escursionista di Santa Brigida per valorizzare il territorio della Val di Sieve\",\"breadcrumb\":{\"@id\":\"https:\/\/www.intoscana.it\/it\/i-sentieri-di-arianna-cinque-itinerari-per-riscoprire-il-territorio-delle-burraie\/#breadcrumb\"},\"inLanguage\":\"it-IT\",\"potentialAction\":[{\"@type\":\"ReadAction\",\"target\":[\"https:\/\/www.intoscana.it\/it\/i-sentieri-di-arianna-cinque-itinerari-per-riscoprire-il-territorio-delle-burraie\/\"]}]},{\"@type\":\"ImageObject\",\"inLanguage\":\"it-IT\",\"@id\":\"https:\/\/www.intoscana.it\/it\/i-sentieri-di-arianna-cinque-itinerari-per-riscoprire-il-territorio-delle-burraie\/#primaryimage\",\"url\":\"https:\/\/www.intoscana.it\/wp-content\/uploads\/236599397_224088956394568_8670003059253604328_n.jpg\",\"contentUrl\":\"https:\/\/www.intoscana.it\/wp-content\/uploads\/236599397_224088956394568_8670003059253604328_n.jpg\",\"width\":1080,\"height\":802},{\"@type\":\"BreadcrumbList\",\"@id\":\"https:\/\/www.intoscana.it\/it\/i-sentieri-di-arianna-cinque-itinerari-per-riscoprire-il-territorio-delle-burraie\/#breadcrumb\",\"itemListElement\":[{\"@type\":\"ListItem\",\"position\":1,\"name\":\"Home\",\"item\":\"https:\/\/www.intoscana.it\/it\/\"},{\"@type\":\"ListItem\",\"position\":2,\"name\":\"I sentieri di Arianna: cinque itinerari per riscoprire il territorio delle &#8220;Burraie&#8221;\"}]},{\"@type\":\"WebSite\",\"@id\":\"https:\/\/www.intoscana.it\/it\/#website\",\"url\":\"https:\/\/www.intoscana.it\/it\/\",\"name\":\"intoscana\",\"description\":\"\",\"potentialAction\":[{\"@type\":\"SearchAction\",\"target\":{\"@type\":\"EntryPoint\",\"urlTemplate\":\"https:\/\/www.intoscana.it\/it\/?s={search_term_string}\"},\"query-input\":{\"@type\":\"PropertyValueSpecification\",\"valueRequired\":true,\"valueName\":\"search_term_string\"}}],\"inLanguage\":\"it-IT\"},{\"@type\":\"Person\",\"@id\":\"https:\/\/www.intoscana.it\/it\/#\/schema\/person\/d469f35f09739bdf00bf5dd3f0647a82\",\"name\":\"Costanza Baldini\",\"url\":\"https:\/\/www.intoscana.it\/it\/author\/costanza-baldini\/\"}]}<\/script>\n<!-- \/ Yoast SEO Premium plugin. -->","yoast_head_json":{"title":"I sentieri di Arianna: cinque itinerari per riscoprire il territorio delle \"Burraie\" - intoscana","description":"Dalla chiusura \u00a0del lockdown nasce il progetto della giovane escursionista di Santa Brigida per valorizzare il territorio della Val di Sieve","robots":{"index":"index","follow":"follow","max-snippet":"max-snippet:-1","max-image-preview":"max-image-preview:large","max-video-preview":"max-video-preview:-1"},"canonical":"https:\/\/www.intoscana.it\/it\/i-sentieri-di-arianna-cinque-itinerari-per-riscoprire-il-territorio-delle-burraie\/","og_locale":"it_IT","og_type":"article","og_title":"I sentieri di Arianna: cinque itinerari per riscoprire il territorio delle \"Burraie\"","og_description":"Dalla chiusura \u00a0del lockdown nasce il progetto della giovane escursionista di Santa Brigida per valorizzare il territorio della Val di Sieve","og_url":"https:\/\/www.intoscana.it\/it\/i-sentieri-di-arianna-cinque-itinerari-per-riscoprire-il-territorio-delle-burraie\/","og_site_name":"intoscana","article_publisher":"https:\/\/www.facebook.com\/intoscana.it","article_published_time":"2021-09-03T11:52:57+00:00","article_modified_time":"2021-09-03T12:03:09+00:00","og_image":[{"width":1080,"height":802,"url":"https:\/\/www.intoscana.it\/wp-content\/uploads\/236599397_224088956394568_8670003059253604328_n.jpg","type":"image\/jpeg"}],"author":"Costanza Baldini","twitter_card":"summary_large_image","twitter_creator":"@intoscana","twitter_site":"@intoscana","twitter_misc":{"Written by":"Costanza Baldini","Est. reading time":"2 minuti"},"schema":{"@context":"https:\/\/schema.org","@graph":[{"@type":"WebPage","@id":"https:\/\/www.intoscana.it\/it\/i-sentieri-di-arianna-cinque-itinerari-per-riscoprire-il-territorio-delle-burraie\/","url":"https:\/\/www.intoscana.it\/it\/i-sentieri-di-arianna-cinque-itinerari-per-riscoprire-il-territorio-delle-burraie\/","name":"I sentieri di Arianna: cinque itinerari per riscoprire il territorio delle \"Burraie\" - intoscana","isPartOf":{"@id":"https:\/\/www.intoscana.it\/it\/#website"},"primaryImageOfPage":{"@id":"https:\/\/www.intoscana.it\/it\/i-sentieri-di-arianna-cinque-itinerari-per-riscoprire-il-territorio-delle-burraie\/#primaryimage"},"image":{"@id":"https:\/\/www.intoscana.it\/it\/i-sentieri-di-arianna-cinque-itinerari-per-riscoprire-il-territorio-delle-burraie\/#primaryimage"},"thumbnailUrl":"https:\/\/www.intoscana.it\/wp-content\/uploads\/236599397_224088956394568_8670003059253604328_n.jpg","datePublished":"2021-09-03T11:52:57+00:00","dateModified":"2021-09-03T12:03:09+00:00","author":{"@id":"https:\/\/www.intoscana.it\/it\/#\/schema\/person\/d469f35f09739bdf00bf5dd3f0647a82"},"description":"Dalla chiusura \u00a0del lockdown nasce il progetto della giovane escursionista di Santa Brigida per valorizzare il territorio della Val di Sieve","breadcrumb":{"@id":"https:\/\/www.intoscana.it\/it\/i-sentieri-di-arianna-cinque-itinerari-per-riscoprire-il-territorio-delle-burraie\/#breadcrumb"},"inLanguage":"it-IT","potentialAction":[{"@type":"ReadAction","target":["https:\/\/www.intoscana.it\/it\/i-sentieri-di-arianna-cinque-itinerari-per-riscoprire-il-territorio-delle-burraie\/"]}]},{"@type":"ImageObject","inLanguage":"it-IT","@id":"https:\/\/www.intoscana.it\/it\/i-sentieri-di-arianna-cinque-itinerari-per-riscoprire-il-territorio-delle-burraie\/#primaryimage","url":"https:\/\/www.intoscana.it\/wp-content\/uploads\/236599397_224088956394568_8670003059253604328_n.jpg","contentUrl":"https:\/\/www.intoscana.it\/wp-content\/uploads\/236599397_224088956394568_8670003059253604328_n.jpg","width":1080,"height":802},{"@type":"BreadcrumbList","@id":"https:\/\/www.intoscana.it\/it\/i-sentieri-di-arianna-cinque-itinerari-per-riscoprire-il-territorio-delle-burraie\/#breadcrumb","itemListElement":[{"@type":"ListItem","position":1,"name":"Home","item":"https:\/\/www.intoscana.it\/it\/"},{"@type":"ListItem","position":2,"name":"I sentieri di Arianna: cinque itinerari per riscoprire il territorio delle &#8220;Burraie&#8221;"}]},{"@type":"WebSite","@id":"https:\/\/www.intoscana.it\/it\/#website","url":"https:\/\/www.intoscana.it\/it\/","name":"intoscana","description":"","potentialAction":[{"@type":"SearchAction","target":{"@type":"EntryPoint","urlTemplate":"https:\/\/www.intoscana.it\/it\/?s={search_term_string}"},"query-input":{"@type":"PropertyValueSpecification","valueRequired":true,"valueName":"search_term_string"}}],"inLanguage":"it-IT"},{"@type":"Person","@id":"https:\/\/www.intoscana.it\/it\/#\/schema\/person\/d469f35f09739bdf00bf5dd3f0647a82","name":"Costanza Baldini","url":"https:\/\/www.intoscana.it\/it\/author\/costanza-baldini\/"}]}},"_links":{"self":[{"href":"https:\/\/www.intoscana.it\/it\/wp-json\/wp\/v2\/posts\/188282","targetHints":{"allow":["GET"]}}],"collection":[{"href":"https:\/\/www.intoscana.it\/it\/wp-json\/wp\/v2\/posts"}],"about":[{"href":"https:\/\/www.intoscana.it\/it\/wp-json\/wp\/v2\/types\/post"}],"author":[{"embeddable":true,"href":"https:\/\/www.intoscana.it\/it\/wp-json\/wp\/v2\/users\/518"}],"replies":[{"embeddable":true,"href":"https:\/\/www.intoscana.it\/it\/wp-json\/wp\/v2\/comments?post=188282"}],"version-history":[{"count":0,"href":"https:\/\/www.intoscana.it\/it\/wp-json\/wp\/v2\/posts\/188282\/revisions"}],"wp:featuredmedia":[{"embeddable":true,"href":"https:\/\/www.intoscana.it\/it\/wp-json\/wp\/v2\/media\/188281"}],"wp:attachment":[{"href":"https:\/\/www.intoscana.it\/it\/wp-json\/wp\/v2\/media?parent=188282"}],"wp:term":[{"taxonomy":"category","embeddable":true,"href":"https:\/\/www.intoscana.it\/it\/wp-json\/wp\/v2\/categories?post=188282"},{"taxonomy":"post_tag","embeddable":true,"href":"https:\/\/www.intoscana.it\/it\/wp-json\/wp\/v2\/tags?post=188282"}],"curies":[{"name":"wp","href":"https:\/\/api.w.org\/{rel}","templated":true}]}}