{"id":188304,"date":"2021-09-03T12:56:43","date_gmt":"2021-09-03T10:56:43","guid":{"rendered":"https:\/\/www.intoscana.it\/it\/?p=188304"},"modified":"2021-09-04T12:41:43","modified_gmt":"2021-09-04T10:41:43","slug":"coronavirus-525-nuovi-positivi-con-eta-media-37-anni-eugenio-giani-vaccinato-l82-degli-over-12","status":"publish","type":"post","link":"https:\/\/www.intoscana.it\/it\/coronavirus-525-nuovi-positivi-con-eta-media-37-anni-eugenio-giani-vaccinato-l82-degli-over-12\/","title":{"rendered":"Coronavirus: 525 nuovi positivi, Eugenio Giani: &#8220;Vaccinato l&#8217;82% degli over 12&#8221;"},"content":{"rendered":"<p><strong>Sardegna, Toscana, Umbria e Valle d&#8217;Aosta<\/strong> sono le uniche quattro regioni con <strong>classificazione complessiva di rischio bassa.<\/strong>\u00a0Questo il quadro contenuto nella bozza del <strong>monitoraggio settimanale all&#8217;esame della Cabina di regia,<\/strong> dati al 1\/o settembre relativi alla settimana 23-29 agosto.<\/p>\n<p><em><strong>&#8220;L&#8217;82% dei toscani over 12 ha ricevuto la prima dose di vaccino, 2 milioni e 204mila persone anche il richiamo<\/strong>, pari al 68%. I vaccini attualmente somministrati: 4.907.183&#8243;<\/em>. Ha scritto oggi tramite Facebook <strong>il presidente della Regione Toscana Eugenio Giani.<\/strong><\/p>\n<p><strong>In Toscana sono 272.943 i casi di positivit\u00e0 al Coronavirus, 525 in pi\u00f9 rispetto a ieri<\/strong> (503 confermati con tampone molecolare e 22 da test rapido antigenico). I nuovi casi sono lo 0,2% in pi\u00f9 rispetto al totale del giorno precedente. <strong>I guariti crescono dello 0,2% e raggiungono quota 255.070<\/strong> (93,5% dei casi totali). Oggi sono stati eseguiti 9.069 tamponi molecolari e 9.167 tamponi antigenici rapidi, di questi il 2,9% \u00e8 risultato positivo. Sono invece 6.296 i soggetti testati oggi (con tampone antigenico e\/o molecolare, escludendo i tamponi di controllo), di cui l&#8217;8,3% \u00e8 risultato positivo. Gli attualmente positivi sono oggi 10.846, -0,7% rispetto a ieri. I ricoverati sono 456 (5 in meno rispetto a ieri), di cui 59 in terapia intensiva (3 in pi\u00f9). Oggi si registrano 2 nuovi decessi: 2 uomini, con un&#8217;et\u00e0 media di 74,5 anni.<\/p>\n<p><strong>L&#8217;et\u00e0 media dei 525 nuovi positivi odierni \u00e8 di 37 anni circa<\/strong> (27% ha meno di 20 anni, 28% tra 20 e 39 anni, 27% tra 40 e 59 anni, 13% tra 60 e 79 anni, 5% ha 80 anni o pi\u00f9).<\/p>\n<h3>I casi di positivit\u00e0 sul territorio<\/h3>\n<p>Di seguito <strong>i casi di positivit\u00e0 sul territorio con la variazione rispetto a ieri<\/strong> (503 confermati con tampone molecolare e 22 da test rapido antigenico). Sono 75.486 i casi complessivi ad oggi a Firenze (130 in pi\u00f9 rispetto a ieri), 24.990 a Prato (57 in pi\u00f9), 25.599 a Pistoia (57 in pi\u00f9), 14.453 a Massa (20 in pi\u00f9), 28.126 a Lucca (38 in pi\u00f9), 32.412 a Pisa (74 in pi\u00f9), 20.303 a Livorno (52 in pi\u00f9), 25.056 ad Arezzo (29 in pi\u00f9), 15.360 a Siena (26 in pi\u00f9), 10.603 a Grosseto (42 in pi\u00f9). Sono 555 i casi positivi notificati in Toscana, ma residenti in altre regioni.<\/p>\n<p><strong>Sono 256 i casi riscontrati oggi nell&#8217;Asl Centro, 172 nella Nord Ovest, 97 nella Sud est.<\/strong><\/p>\n<p>La Toscana si trova al 10\u00b0 posto in Italia come numerosit\u00e0 di casi (comprensivi di residenti e non residenti), con circa 7.441 casi per 100.000 abitanti (media italiana circa 7.684 x100.000, dato di ieri). Le province di notifica con il tasso pi\u00f9 alto sono Prato con 9.760 casi x100.000 abitanti, Pistoia con 8.802, Pisa con 7.783, la pi\u00f9 bassa Grosseto con 4.852.<\/p>\n<p>Complessivamente,<strong> 10.390 persone sono in isolamento a casa, poich\u00e9 presentano sintomi lievi<\/strong> che non richiedono cure ospedaliere, o risultano prive di sintomi (70 in meno rispetto a ieri, meno 0,7%).\u00a0Sono 12.228 (174 in pi\u00f9 rispetto a ieri, pi\u00f9 1,4%) le persone, anch&#8217;esse isolate, in sorveglianza attiva perch\u00e9 hanno avuto contatti con persone contagiate (ASL Centro 4.669, Nord Ovest 5.957, Sud Est 1.602).<br \/>\nLe persone ricoverate nei posti letto dedicati ai pazienti COVID oggi sono complessivamente 456 (5 in meno rispetto a ieri, meno 1,1%), 59 in terapia intensiva (3 in pi\u00f9 rispetto a ieri, pi\u00f9 5,4%).<\/p>\n<p><strong>Le persone complessivamente guarite sono 255.070<\/strong> (598 in pi\u00f9 rispetto a ieri, pi\u00f9 0,2%): 0 persone clinicamente guarite (stabili rispetto a ieri), divenute cio\u00e8 asintomatiche dopo aver presentato manifestazioni cliniche associate all&#8217;infezione e 255.070 (598 in pi\u00f9 rispetto a ieri, pi\u00f9 0,2%) dichiarate guarite a tutti gli effetti, le cosiddette guarigioni virali, con tampone negativo.<\/p>\n<h3>I decessi<\/h3>\n<p>Oggi si registrano <strong>2 nuovi decessi: 2 uomini, con un&#8217;et\u00e0 media di 74,5 anni<\/strong>.\u00a0Relativamente alla provincia di residenza, le persone decedute sono: 1 a Prato, 1 a Arezzo.<\/p>\n<p><strong>Sono 7.027 i deceduti dall&#8217;inizio dell&#8217;epidemia<\/strong> cosi ripartiti: 2.269 a Firenze, 615 a Prato, 645 a Pistoia, 529 a Massa Carrara, 677 a Lucca, 709 a Pisa, 420 a Livorno, 530 ad Arezzo, 346 a Siena, 195 a Grosseto, 92 persone sono decedute sul suolo toscano ma erano residenti fuori regione.<\/p>\n<p>Il tasso grezzo di mortalit\u00e0 toscano (numero di deceduti\/popolazione residente) per Covid-19 \u00e8 di 191,6 x100.000 residenti contro il 218,3 x100.000 della media italiana (12\u00b0 regione). Per quanto riguarda le province, il tasso di mortalit\u00e0 pi\u00f9 alto si riscontra a Massa Carrara (278,7 x100.000), Prato (240,2 x100.000) e Firenze (230,1 x100.000), il pi\u00f9 basso a Grosseto (89,2 x100.000).<\/p>\n","protected":false},"excerpt":{"rendered":"<p>I ricoverati sono 456 (5 in meno rispetto a ieri), di cui 59 in terapia intensiva (3 in pi\u00f9), la Toscana insieme a Sardegna, Umbria e Valle D&#8217;Aosta ha una classificazione di rischio bassa<\/p>\n","protected":false},"author":525,"featured_media":162228,"comment_status":"open","ping_status":"open","sticky":false,"template":"","format":"standard","meta":{"_acf_changed":false,"footnotes":""},"categories":[494],"tags":[4868,418],"class_list":["post-188304","post","type-post","status-publish","format-standard","has-post-thumbnail","hentry","category-attualita","tag-bollettino-covid-toscana","tag-covid-19"],"acf":[],"yoast_head":"<!-- This site is optimized with the Yoast SEO Premium plugin v24.2 (Yoast SEO v25.6) - https:\/\/yoast.com\/wordpress\/plugins\/seo\/ -->\n<title>Coronavirus: 525 nuovi positivi, Eugenio Giani: &quot;Vaccinato l&#039;82% degli over 12&quot; - intoscana<\/title>\n<meta name=\"description\" content=\"I ricoverati sono 456 (5 in meno rispetto a ieri), di cui 59 in terapia intensiva (3 in pi\u00f9), la Toscana ha una classificazione di rischio bassa\" \/>\n<meta name=\"robots\" content=\"index, follow, max-snippet:-1, max-image-preview:large, max-video-preview:-1\" \/>\n<link rel=\"canonical\" href=\"https:\/\/www.intoscana.it\/it\/coronavirus-525-nuovi-positivi-con-eta-media-37-anni-eugenio-giani-vaccinato-l82-degli-over-12\/\" \/>\n<meta property=\"og:locale\" content=\"it_IT\" \/>\n<meta property=\"og:type\" content=\"article\" \/>\n<meta property=\"og:title\" content=\"Coronavirus: 525 nuovi positivi, Eugenio Giani: &quot;Vaccinato l&#039;82% degli over 12&quot;\" \/>\n<meta property=\"og:description\" content=\"I ricoverati sono 456 (5 in meno rispetto a ieri), di cui 59 in terapia intensiva (3 in pi\u00f9), la Toscana ha una classificazione di rischio bassa\" \/>\n<meta property=\"og:url\" content=\"https:\/\/www.intoscana.it\/it\/coronavirus-525-nuovi-positivi-con-eta-media-37-anni-eugenio-giani-vaccinato-l82-degli-over-12\/\" \/>\n<meta property=\"og:site_name\" content=\"intoscana\" \/>\n<meta property=\"article:publisher\" content=\"https:\/\/www.facebook.com\/intoscana.it\" \/>\n<meta property=\"article:published_time\" content=\"2021-09-03T10:56:43+00:00\" \/>\n<meta property=\"article:modified_time\" content=\"2021-09-04T10:41:43+00:00\" \/>\n<meta property=\"og:image\" content=\"https:\/\/www.intoscana.it\/wp-content\/uploads\/VACCINO-25-scaled.jpg\" \/>\n\t<meta property=\"og:image:width\" content=\"2048\" \/>\n\t<meta property=\"og:image:height\" content=\"1359\" \/>\n\t<meta property=\"og:image:type\" content=\"image\/jpeg\" \/>\n<meta name=\"author\" content=\"Redazione\" \/>\n<meta name=\"twitter:card\" content=\"summary_large_image\" \/>\n<meta name=\"twitter:creator\" content=\"@intoscana\" \/>\n<meta name=\"twitter:site\" content=\"@intoscana\" \/>\n<meta name=\"twitter:label1\" content=\"Written by\" \/>\n\t<meta name=\"twitter:data1\" content=\"Redazione\" \/>\n\t<meta name=\"twitter:label2\" content=\"Est. reading time\" \/>\n\t<meta name=\"twitter:data2\" content=\"3 minuti\" \/>\n<script type=\"application\/ld+json\" class=\"yoast-schema-graph\">{\"@context\":\"https:\/\/schema.org\",\"@graph\":[{\"@type\":\"WebPage\",\"@id\":\"https:\/\/www.intoscana.it\/it\/coronavirus-525-nuovi-positivi-con-eta-media-37-anni-eugenio-giani-vaccinato-l82-degli-over-12\/\",\"url\":\"https:\/\/www.intoscana.it\/it\/coronavirus-525-nuovi-positivi-con-eta-media-37-anni-eugenio-giani-vaccinato-l82-degli-over-12\/\",\"name\":\"Coronavirus: 525 nuovi positivi, Eugenio Giani: \\\"Vaccinato l'82% degli over 12\\\" - intoscana\",\"isPartOf\":{\"@id\":\"https:\/\/www.intoscana.it\/it\/#website\"},\"primaryImageOfPage\":{\"@id\":\"https:\/\/www.intoscana.it\/it\/coronavirus-525-nuovi-positivi-con-eta-media-37-anni-eugenio-giani-vaccinato-l82-degli-over-12\/#primaryimage\"},\"image\":{\"@id\":\"https:\/\/www.intoscana.it\/it\/coronavirus-525-nuovi-positivi-con-eta-media-37-anni-eugenio-giani-vaccinato-l82-degli-over-12\/#primaryimage\"},\"thumbnailUrl\":\"https:\/\/www.intoscana.it\/wp-content\/uploads\/VACCINO-25-scaled.jpg\",\"datePublished\":\"2021-09-03T10:56:43+00:00\",\"dateModified\":\"2021-09-04T10:41:43+00:00\",\"author\":{\"@id\":\"https:\/\/www.intoscana.it\/it\/#\/schema\/person\/9223810753230f20bd670fdd322661f8\"},\"description\":\"I ricoverati sono 456 (5 in meno rispetto a ieri), di cui 59 in terapia intensiva (3 in pi\u00f9), la Toscana ha una classificazione di rischio bassa\",\"breadcrumb\":{\"@id\":\"https:\/\/www.intoscana.it\/it\/coronavirus-525-nuovi-positivi-con-eta-media-37-anni-eugenio-giani-vaccinato-l82-degli-over-12\/#breadcrumb\"},\"inLanguage\":\"it-IT\",\"potentialAction\":[{\"@type\":\"ReadAction\",\"target\":[\"https:\/\/www.intoscana.it\/it\/coronavirus-525-nuovi-positivi-con-eta-media-37-anni-eugenio-giani-vaccinato-l82-degli-over-12\/\"]}]},{\"@type\":\"ImageObject\",\"inLanguage\":\"it-IT\",\"@id\":\"https:\/\/www.intoscana.it\/it\/coronavirus-525-nuovi-positivi-con-eta-media-37-anni-eugenio-giani-vaccinato-l82-degli-over-12\/#primaryimage\",\"url\":\"https:\/\/www.intoscana.it\/wp-content\/uploads\/VACCINO-25-scaled.jpg\",\"contentUrl\":\"https:\/\/www.intoscana.it\/wp-content\/uploads\/VACCINO-25-scaled.jpg\",\"width\":2048,\"height\":1359},{\"@type\":\"BreadcrumbList\",\"@id\":\"https:\/\/www.intoscana.it\/it\/coronavirus-525-nuovi-positivi-con-eta-media-37-anni-eugenio-giani-vaccinato-l82-degli-over-12\/#breadcrumb\",\"itemListElement\":[{\"@type\":\"ListItem\",\"position\":1,\"name\":\"Home\",\"item\":\"https:\/\/www.intoscana.it\/it\/\"},{\"@type\":\"ListItem\",\"position\":2,\"name\":\"Coronavirus: 525 nuovi positivi, Eugenio Giani: &#8220;Vaccinato l&#8217;82% degli over 12&#8221;\"}]},{\"@type\":\"WebSite\",\"@id\":\"https:\/\/www.intoscana.it\/it\/#website\",\"url\":\"https:\/\/www.intoscana.it\/it\/\",\"name\":\"intoscana\",\"description\":\"\",\"potentialAction\":[{\"@type\":\"SearchAction\",\"target\":{\"@type\":\"EntryPoint\",\"urlTemplate\":\"https:\/\/www.intoscana.it\/it\/?s={search_term_string}\"},\"query-input\":{\"@type\":\"PropertyValueSpecification\",\"valueRequired\":true,\"valueName\":\"search_term_string\"}}],\"inLanguage\":\"it-IT\"},{\"@type\":\"Person\",\"@id\":\"https:\/\/www.intoscana.it\/it\/#\/schema\/person\/9223810753230f20bd670fdd322661f8\",\"name\":\"Redazione\",\"url\":\"https:\/\/www.intoscana.it\/it\/author\/redazione\/\"}]}<\/script>\n<!-- \/ Yoast SEO Premium plugin. -->","yoast_head_json":{"title":"Coronavirus: 525 nuovi positivi, Eugenio Giani: \"Vaccinato l'82% degli over 12\" - intoscana","description":"I ricoverati sono 456 (5 in meno rispetto a ieri), di cui 59 in terapia intensiva (3 in pi\u00f9), la Toscana ha una classificazione di rischio bassa","robots":{"index":"index","follow":"follow","max-snippet":"max-snippet:-1","max-image-preview":"max-image-preview:large","max-video-preview":"max-video-preview:-1"},"canonical":"https:\/\/www.intoscana.it\/it\/coronavirus-525-nuovi-positivi-con-eta-media-37-anni-eugenio-giani-vaccinato-l82-degli-over-12\/","og_locale":"it_IT","og_type":"article","og_title":"Coronavirus: 525 nuovi positivi, Eugenio Giani: \"Vaccinato l'82% degli over 12\"","og_description":"I ricoverati sono 456 (5 in meno rispetto a ieri), di cui 59 in terapia intensiva (3 in pi\u00f9), la Toscana ha una classificazione di rischio bassa","og_url":"https:\/\/www.intoscana.it\/it\/coronavirus-525-nuovi-positivi-con-eta-media-37-anni-eugenio-giani-vaccinato-l82-degli-over-12\/","og_site_name":"intoscana","article_publisher":"https:\/\/www.facebook.com\/intoscana.it","article_published_time":"2021-09-03T10:56:43+00:00","article_modified_time":"2021-09-04T10:41:43+00:00","og_image":[{"width":2048,"height":1359,"url":"https:\/\/www.intoscana.it\/wp-content\/uploads\/VACCINO-25-scaled.jpg","type":"image\/jpeg"}],"author":"Redazione","twitter_card":"summary_large_image","twitter_creator":"@intoscana","twitter_site":"@intoscana","twitter_misc":{"Written by":"Redazione","Est. reading time":"3 minuti"},"schema":{"@context":"https:\/\/schema.org","@graph":[{"@type":"WebPage","@id":"https:\/\/www.intoscana.it\/it\/coronavirus-525-nuovi-positivi-con-eta-media-37-anni-eugenio-giani-vaccinato-l82-degli-over-12\/","url":"https:\/\/www.intoscana.it\/it\/coronavirus-525-nuovi-positivi-con-eta-media-37-anni-eugenio-giani-vaccinato-l82-degli-over-12\/","name":"Coronavirus: 525 nuovi positivi, Eugenio Giani: \"Vaccinato l'82% degli over 12\" - intoscana","isPartOf":{"@id":"https:\/\/www.intoscana.it\/it\/#website"},"primaryImageOfPage":{"@id":"https:\/\/www.intoscana.it\/it\/coronavirus-525-nuovi-positivi-con-eta-media-37-anni-eugenio-giani-vaccinato-l82-degli-over-12\/#primaryimage"},"image":{"@id":"https:\/\/www.intoscana.it\/it\/coronavirus-525-nuovi-positivi-con-eta-media-37-anni-eugenio-giani-vaccinato-l82-degli-over-12\/#primaryimage"},"thumbnailUrl":"https:\/\/www.intoscana.it\/wp-content\/uploads\/VACCINO-25-scaled.jpg","datePublished":"2021-09-03T10:56:43+00:00","dateModified":"2021-09-04T10:41:43+00:00","author":{"@id":"https:\/\/www.intoscana.it\/it\/#\/schema\/person\/9223810753230f20bd670fdd322661f8"},"description":"I ricoverati sono 456 (5 in meno rispetto a ieri), di cui 59 in terapia intensiva (3 in pi\u00f9), la Toscana ha una classificazione di rischio bassa","breadcrumb":{"@id":"https:\/\/www.intoscana.it\/it\/coronavirus-525-nuovi-positivi-con-eta-media-37-anni-eugenio-giani-vaccinato-l82-degli-over-12\/#breadcrumb"},"inLanguage":"it-IT","potentialAction":[{"@type":"ReadAction","target":["https:\/\/www.intoscana.it\/it\/coronavirus-525-nuovi-positivi-con-eta-media-37-anni-eugenio-giani-vaccinato-l82-degli-over-12\/"]}]},{"@type":"ImageObject","inLanguage":"it-IT","@id":"https:\/\/www.intoscana.it\/it\/coronavirus-525-nuovi-positivi-con-eta-media-37-anni-eugenio-giani-vaccinato-l82-degli-over-12\/#primaryimage","url":"https:\/\/www.intoscana.it\/wp-content\/uploads\/VACCINO-25-scaled.jpg","contentUrl":"https:\/\/www.intoscana.it\/wp-content\/uploads\/VACCINO-25-scaled.jpg","width":2048,"height":1359},{"@type":"BreadcrumbList","@id":"https:\/\/www.intoscana.it\/it\/coronavirus-525-nuovi-positivi-con-eta-media-37-anni-eugenio-giani-vaccinato-l82-degli-over-12\/#breadcrumb","itemListElement":[{"@type":"ListItem","position":1,"name":"Home","item":"https:\/\/www.intoscana.it\/it\/"},{"@type":"ListItem","position":2,"name":"Coronavirus: 525 nuovi positivi, Eugenio Giani: &#8220;Vaccinato l&#8217;82% degli over 12&#8221;"}]},{"@type":"WebSite","@id":"https:\/\/www.intoscana.it\/it\/#website","url":"https:\/\/www.intoscana.it\/it\/","name":"intoscana","description":"","potentialAction":[{"@type":"SearchAction","target":{"@type":"EntryPoint","urlTemplate":"https:\/\/www.intoscana.it\/it\/?s={search_term_string}"},"query-input":{"@type":"PropertyValueSpecification","valueRequired":true,"valueName":"search_term_string"}}],"inLanguage":"it-IT"},{"@type":"Person","@id":"https:\/\/www.intoscana.it\/it\/#\/schema\/person\/9223810753230f20bd670fdd322661f8","name":"Redazione","url":"https:\/\/www.intoscana.it\/it\/author\/redazione\/"}]}},"_links":{"self":[{"href":"https:\/\/www.intoscana.it\/it\/wp-json\/wp\/v2\/posts\/188304","targetHints":{"allow":["GET"]}}],"collection":[{"href":"https:\/\/www.intoscana.it\/it\/wp-json\/wp\/v2\/posts"}],"about":[{"href":"https:\/\/www.intoscana.it\/it\/wp-json\/wp\/v2\/types\/post"}],"author":[{"embeddable":true,"href":"https:\/\/www.intoscana.it\/it\/wp-json\/wp\/v2\/users\/525"}],"replies":[{"embeddable":true,"href":"https:\/\/www.intoscana.it\/it\/wp-json\/wp\/v2\/comments?post=188304"}],"version-history":[{"count":0,"href":"https:\/\/www.intoscana.it\/it\/wp-json\/wp\/v2\/posts\/188304\/revisions"}],"wp:featuredmedia":[{"embeddable":true,"href":"https:\/\/www.intoscana.it\/it\/wp-json\/wp\/v2\/media\/162228"}],"wp:attachment":[{"href":"https:\/\/www.intoscana.it\/it\/wp-json\/wp\/v2\/media?parent=188304"}],"wp:term":[{"taxonomy":"category","embeddable":true,"href":"https:\/\/www.intoscana.it\/it\/wp-json\/wp\/v2\/categories?post=188304"},{"taxonomy":"post_tag","embeddable":true,"href":"https:\/\/www.intoscana.it\/it\/wp-json\/wp\/v2\/tags?post=188304"}],"curies":[{"name":"wp","href":"https:\/\/api.w.org\/{rel}","templated":true}]}}