{"id":188366,"date":"2021-09-03T17:19:20","date_gmt":"2021-09-03T15:19:20","guid":{"rendered":"https:\/\/www.intoscana.it\/it\/?p=188366"},"modified":"2022-04-08T15:29:50","modified_gmt":"2022-04-08T13:29:50","slug":"la-toscana-a-banda-ultra-larga-entro-il-2022-rete-veloce-in-tutti-i-borghi-ciuoffo-la-cittadinanza-digitale-e-un-diritto","status":"publish","type":"post","link":"https:\/\/www.intoscana.it\/it\/la-toscana-a-banda-ultra-larga-entro-il-2022-rete-veloce-in-tutti-i-borghi-ciuoffo-la-cittadinanza-digitale-e-un-diritto\/","title":{"rendered":"La Toscana a banda ultra larga, entro il 2022 rete veloce in tutti i borghi. Ciuoffo: \u201cLa cittadinanza digitale \u00e8 un diritto\u201d"},"content":{"rendered":"<p class=\"p2\"><span class=\"s1\">L\u2019obiettivo \u00e8 di coprire la Toscana con la <strong>banda larga ad alta velocit\u00e0<\/strong> entro il 2022. Tutto il territorio, oltre le grandi citt\u00e0, fino ai borghi pi\u00f9 piccoli e alle aree interne dove gli investimenti delle grandi compagnie arrivano sempre tardi. Si chiamano &#8220;aree bianche&#8221;, o a fallimento di mercato, per indicarne proprio la scarsa convenienza economica nella logica di mercato, ma qui ci vivono <mark>ben 770mila cittadini che hanno diritto come gli altri <em>\u201calla cittadinanza digitale, perch\u00e9 senza essere connessi non si potr\u00e0 pi\u00f9 lavorare e vivere\u201d<\/em>, spiega con convinzione l\u2019assessore<span class=\"Apple-converted-space\">\u00a0 <\/span>alle infrastrutture digitali della Regione Toscana, <strong>Stefano Ciuoffo<\/strong>,<\/mark> che da mesi sta portando avanti un progetto ambizioso e necessario: far navigare tutti i toscani con la fibra ottica che entrer\u00e0 direttamente nelle case, nelle scuole, nelle aziende e negli uffici pubblici.<\/span><\/p>\n<p class=\"p2\"><span class=\"s1\">Un intervento della Regione Toscana che, come si apprende,<span class=\"Apple-converted-space\">\u00a0 <\/span>coinvolger\u00e0 ben <mark>531mila immobili, tra privati e imprese, dal valore di circa 160 milioni di euro, a fronte di una spesa di 74 milioni. La concessione per la costruzione, manutenzione e gestione della rete per 20 anni \u00e8 stata affidata ad <strong>Open Fiber Spa<\/strong><\/mark> e per velocizzare l\u2019iter burocratico e mettere subito a cantiere tutti gli interventi, la Regione ha attivato una serie di conferenze di servizi. Entro la fine di quest\u2019anno dovrebbero arrivare a conclusione la met\u00e0 dei lavori in programma.<\/span><\/p>\n<p class=\"p2\"><span class=\"s1\">La strategia regionale &#8211;\u00a0 che si muove all\u2019interno del perimetro disegnato dal Piano nazionale banda larga &#8211;\u00a0 ha avuto un\u2019accelerata in seguito alla pandemia che ha cambiato ritmi di vita e abitudini e reso la rete il perno intorno a cui ruotano gran parte delle relazioni, affettive, sociali e lavorative. Come questo bisogno verr\u00e0 soddisfatto lo spiega l\u2019assessore <strong>Stefano Ciuoffo<\/strong>.<\/span><\/p>\n<figure id=\"post-188372 media-188372\" class=\"align-none\"><img decoding=\"async\" src=\"https:\/\/www.intoscana.it\/wp-content\/uploads\/ciuoffo-primo-piano.jpg\" alt=\"\" \/><\/figure>\n<div class=\"titleimg\" style=\"text-align: center;\"><em>L&#8217;assessore Stefano Ciuoffo<\/em><\/div>\n<p class=\"p2\"><span class=\"s1\"><b>La banda ultralarga vuole colmare un divario digitale che non \u00e8 solo tecnologico, ma sociale oltre che economico. Un gap che colpisce soprattutto i piccoli borghi e le aree pi\u00f9 interne. Come interviene la Regione per colmare queste differenze?<\/b><\/span><\/p>\n<p class=\"p2\"><span class=\"s1\">Scontiamo innanzitutto la situazione inaspettata e imprevedibile della pandemia che ci impone di accelerare dei piani di copertura del territorio che gli operatori telefonici pensavano di coprire, non del tutto, tra qualche anno. E va anche premesso che l\u2019intervento pubblico fu determinato, tramite la societ\u00e0 pubblica Infratel, nel 2017 sulla base dell\u2019individuazione delle cosiddette aree bianche. <mark>Ma il punto adesso \u00e8 che la rete serve a tutti in ogni parte della regione e del Paese.<\/mark> Partendo da questo duplice svantaggio stiamo intervenendo su Open Fiber, al fine di velocizzare i lavori che erano gi\u00e0 in programma, e stiamo chiedendo con forza, attraverso la Conferenza delle Regioni, di aggiornare la nuova consultazione pubblica degli operatori privati affinch\u00e9 i territori rimasti esclusi nella prima fase di investimenti possano trovare un loro spazio.<\/span><\/p>\n<p class=\"p2\"><span class=\"s1\"><b>Un problema che sconta anche l\u2019inefficienza della rete nazionale e il ritardo generale sulle opportunit\u00e0 che la tecnologia offre.<\/b><\/span><\/p>\n<p class=\"p2\"><span class=\"s1\">Il ranking europeo Digital Economy and Society Index posiziona l\u2019Italia al quart\u2019ultimo posto fra i Paesi europei, con carenze pi\u00f9 gravi sull\u2019utilizzo dei servizi internet, sull\u2019integrazione delle tecnologie digitali, ma anche sull\u2019utilizzo dei servizi digitali e sul lato delle competenze del capitale umano. Il contrasto al digital divide, con i progetti della banda ultralarga sta proseguendo anche se continuano ritardi nei lavori di infrastrutturazione. <mark>Per questo la Regione Toscana intende dispiegare un progetto a valere sul Recovery Plan) che incida sulla trasformazione digitale della pubblica amministrazione, a partire dalla stessa amministrazione regionale, e che sia di supporto alla trasformazione digitale degli enti locali.<\/mark><\/span><\/p>\n<p class=\"p2\"><span class=\"s1\"><b>Lo spettro della Dad \u00e8 sempre presente, nonostante tutti stiano lavorando per scongiurarlo. Avete fatto qualcosa di specifico per le scuole?<\/b><\/span><\/p>\n<p class=\"p2\"><span class=\"s1\">S\u00ec, dopo un censimento puntuale svolto dai nostri uffici regionali, abbiamo stanziato ed erogato a\u00a0gennaio 2,5 milioni di euro con un intervento straordinario, affinch\u00e9 gli istituti scolastici potessero dotarsi di connessioni internet idoneo al modello della didattica a distanza.<\/span><\/p>\n<p><p><span class=\"citazione\">R<span class=\"s1\">endere concreto e tangibile il diritto \u201calla cittadinanza digitale\u201d per ciascun cittadino. Perch\u00e9 senza essere connessi non si potr\u00e0 pi\u00f9 lavorare e vivere<\/span><\/p><\/span><\/p>\n<p class=\"p2\"><span class=\"s1\"><br \/>\n<b>Pensando all\u2019infrastruttura digitale toscana, a che punto siamo?<\/b><\/span><\/p>\n<p class=\"p2\"><span class=\"s1\"><mark>Con l\u2019intervento pubblico contiamo di ultimare i lavori nelle \u201caree bianche\u201d entro il 2022<\/mark>, cos\u00ec come riferito anche recentemente dal concessionario Open Fiber. Contestualmente gli operatori privati, che abbiamo incontrato nei mesi scorsi, stanno dispiegando i loro nuovi piani di investimento, tenendo conto del cambio di paradigma a cui la pandemia mondiale ci ha portato.<\/span><\/p>\n<p class=\"p2\"><span class=\"s1\"><br \/>\n<b>I benefici di questa nuova infrastruttura per i territori?<\/b><\/span><\/p>\n<p class=\"p2\"><span class=\"s1\">In primo luogo potremo rendere concreto e tangibile il diritto alla <strong>&#8220;cittadinanza digitale\u201d<\/strong> per ciascun cittadino. Perch\u00e9 senza essere connessi non si potr\u00e0 pi\u00f9 lavorare e vivere, quasi. <mark>Dallo smart working alle nuove opportunit\u00e0 per studio e turismo, ognuno si dovr\u00e0 adeguare ormai ai nuovi stili di vita che il Covid ha determinato.<\/mark><\/span><\/p>\n<p><span class=\"citazione\">Abitare o lavorare in un borgo sar\u00e0 come farlo in una citt\u00e0<\/span><\/p>\n<p class=\"p2\"><span class=\"s1\"><br \/>\n<b>Cosa far\u00e0 la Regione nel prossimo futuro per implementare al meglio le infrastrutture tecnologiche del territorio?<\/b><\/span><\/p>\n<p class=\"p2\"><span class=\"s1\">Con i soldi del Recovery Plan vorremmo mettere a sistema il patrimonio informativo pubblico toscano e massimizzare la produzione di Open Data e Big Data a supporto decisionale e delle attivit\u00e0 di cittadini, enti e imprese, digitalizzando in modo progressivo l\u2019intero patrimonio attualmente cartaceo presente negli Archivi ed offrendolo come servizi online, portali web, open data e open cultural contents ai cittadini. Rendere cos\u00ec la Toscana una regione di eccellenza nello sviluppo di competenze digitali di base e specifiche e nella conoscenza e capacit\u00e0 d\u2019uso dei servizi pubblici digitali disponibili. <mark>Vogliamo, e gi\u00e0 in parte stiamo cominciando a fare, rendere i servizi pubblici digitali in Toscana fruibili in modo pi\u00f9 semplice e veloce, integrando le piattaforme software toscane con quelle nazionali, come app IO, pagoPA, SPID, sistemi unici di gestione procedimenti e modulistica nazionale.<\/mark><br \/>\nOccorre, successivamente, sviluppare e stimolare progettualit\u00e0 nei territori per la realizzazione di applicazioni legate al 5G, all\u2019Internet of Things nei Comuni toscani, incoraggiare progettualit\u00e0 che sfruttino le potenzialit\u00e0 delle nuove tecnologie per l\u2019attivazione di reti locali nel mondo delle filiere produttive verticali. <\/span><span class=\"s1\">Cos\u00ec facendo abitare o lavorare in un borgo sar\u00e0 come farlo in una citt\u00e0.<\/span><\/p>\n","protected":false},"excerpt":{"rendered":"<p>La Regione sta portando la fibra ottica in tutte le aree pi\u00f9 interne. Il punto dei lavori con l&#8217;assessore alle Infrastrutture digitali: &#8220;La pandemia ha cambiato le cose, senza web non si potr\u00e0 pi\u00f9 lavorare o vivere. Possiamo farlo anche fuori dalle citt\u00e0&#8221;<\/p>\n","protected":false},"author":545,"featured_media":183674,"comment_status":"open","ping_status":"open","sticky":false,"template":"","format":"standard","meta":{"_acf_changed":false,"footnotes":""},"categories":[475],"tags":[204,6184,4568,139,5145],"class_list":["post-188366","post","type-post","status-publish","format-standard","has-post-thumbnail","hentry","category-innovazione","tag-banda-larga","tag-banda-ultralarga","tag-digitale","tag-internet","tag-stefano-ciuoffo"],"acf":[],"yoast_head":"<!-- This site is optimized with the Yoast SEO Premium plugin v24.2 (Yoast SEO v25.6) - https:\/\/yoast.com\/wordpress\/plugins\/seo\/ -->\n<title>La Toscana a banda ultra larga, entro il 2022 rete veloce in tutti i borghi. Ciuoffo: \u201cLa cittadinanza digitale \u00e8 un diritto\u201d - intoscana<\/title>\n<meta name=\"description\" content=\"La Regione sta portando la fibra ottica in tutte le aree pi\u00f9 interne. Il punto dei lavori con l&#039;assessore alle Infrastrutture digitali\" \/>\n<meta name=\"robots\" content=\"index, follow, max-snippet:-1, max-image-preview:large, max-video-preview:-1\" \/>\n<link rel=\"canonical\" href=\"https:\/\/www.intoscana.it\/it\/la-toscana-a-banda-ultra-larga-entro-il-2022-rete-veloce-in-tutti-i-borghi-ciuoffo-la-cittadinanza-digitale-e-un-diritto\/\" \/>\n<meta property=\"og:locale\" content=\"it_IT\" \/>\n<meta property=\"og:type\" content=\"article\" \/>\n<meta property=\"og:title\" content=\"La Toscana a banda ultra larga, entro il 2022 rete veloce in tutti i borghi. Ciuoffo: \u201cLa cittadinanza digitale \u00e8 un diritto\u201d\" \/>\n<meta property=\"og:description\" content=\"La Regione sta portando la fibra ottica in tutte le aree pi\u00f9 interne. Il punto dei lavori con l&#039;assessore alle Infrastrutture digitali\" \/>\n<meta property=\"og:url\" content=\"https:\/\/www.intoscana.it\/it\/la-toscana-a-banda-ultra-larga-entro-il-2022-rete-veloce-in-tutti-i-borghi-ciuoffo-la-cittadinanza-digitale-e-un-diritto\/\" \/>\n<meta property=\"og:site_name\" content=\"intoscana\" \/>\n<meta property=\"article:publisher\" content=\"https:\/\/www.facebook.com\/intoscana.it\" \/>\n<meta property=\"article:published_time\" content=\"2021-09-03T15:19:20+00:00\" \/>\n<meta property=\"article:modified_time\" content=\"2022-04-08T13:29:50+00:00\" \/>\n<meta property=\"og:image\" content=\"https:\/\/www.intoscana.it\/wp-content\/uploads\/smart-working-toscana-campagna-Photostravellers-scaled.jpg\" \/>\n\t<meta property=\"og:image:width\" content=\"2048\" \/>\n\t<meta property=\"og:image:height\" content=\"1367\" \/>\n\t<meta property=\"og:image:type\" content=\"image\/jpeg\" \/>\n<meta name=\"author\" content=\"Clara D&#039;Acunto\" \/>\n<meta name=\"twitter:card\" content=\"summary_large_image\" \/>\n<meta name=\"twitter:creator\" content=\"@intoscana\" \/>\n<meta name=\"twitter:site\" content=\"@intoscana\" \/>\n<meta name=\"twitter:label1\" content=\"Written by\" \/>\n\t<meta name=\"twitter:data1\" content=\"Clara D&#039;Acunto\" \/>\n\t<meta name=\"twitter:label2\" content=\"Est. reading time\" \/>\n\t<meta name=\"twitter:data2\" content=\"5 minuti\" \/>\n<script type=\"application\/ld+json\" class=\"yoast-schema-graph\">{\"@context\":\"https:\/\/schema.org\",\"@graph\":[{\"@type\":\"WebPage\",\"@id\":\"https:\/\/www.intoscana.it\/it\/la-toscana-a-banda-ultra-larga-entro-il-2022-rete-veloce-in-tutti-i-borghi-ciuoffo-la-cittadinanza-digitale-e-un-diritto\/\",\"url\":\"https:\/\/www.intoscana.it\/it\/la-toscana-a-banda-ultra-larga-entro-il-2022-rete-veloce-in-tutti-i-borghi-ciuoffo-la-cittadinanza-digitale-e-un-diritto\/\",\"name\":\"La Toscana a banda ultra larga, entro il 2022 rete veloce in tutti i borghi. Ciuoffo: \u201cLa cittadinanza digitale \u00e8 un diritto\u201d - intoscana\",\"isPartOf\":{\"@id\":\"https:\/\/www.intoscana.it\/it\/#website\"},\"primaryImageOfPage\":{\"@id\":\"https:\/\/www.intoscana.it\/it\/la-toscana-a-banda-ultra-larga-entro-il-2022-rete-veloce-in-tutti-i-borghi-ciuoffo-la-cittadinanza-digitale-e-un-diritto\/#primaryimage\"},\"image\":{\"@id\":\"https:\/\/www.intoscana.it\/it\/la-toscana-a-banda-ultra-larga-entro-il-2022-rete-veloce-in-tutti-i-borghi-ciuoffo-la-cittadinanza-digitale-e-un-diritto\/#primaryimage\"},\"thumbnailUrl\":\"https:\/\/www.intoscana.it\/wp-content\/uploads\/smart-working-toscana-campagna-Photostravellers-scaled.jpg\",\"datePublished\":\"2021-09-03T15:19:20+00:00\",\"dateModified\":\"2022-04-08T13:29:50+00:00\",\"author\":{\"@id\":\"https:\/\/www.intoscana.it\/it\/#\/schema\/person\/137419af9ef5d385bde52864a841e6ce\"},\"description\":\"La Regione sta portando la fibra ottica in tutte le aree pi\u00f9 interne. Il punto dei lavori con l'assessore alle Infrastrutture digitali\",\"breadcrumb\":{\"@id\":\"https:\/\/www.intoscana.it\/it\/la-toscana-a-banda-ultra-larga-entro-il-2022-rete-veloce-in-tutti-i-borghi-ciuoffo-la-cittadinanza-digitale-e-un-diritto\/#breadcrumb\"},\"inLanguage\":\"it-IT\",\"potentialAction\":[{\"@type\":\"ReadAction\",\"target\":[\"https:\/\/www.intoscana.it\/it\/la-toscana-a-banda-ultra-larga-entro-il-2022-rete-veloce-in-tutti-i-borghi-ciuoffo-la-cittadinanza-digitale-e-un-diritto\/\"]}]},{\"@type\":\"ImageObject\",\"inLanguage\":\"it-IT\",\"@id\":\"https:\/\/www.intoscana.it\/it\/la-toscana-a-banda-ultra-larga-entro-il-2022-rete-veloce-in-tutti-i-borghi-ciuoffo-la-cittadinanza-digitale-e-un-diritto\/#primaryimage\",\"url\":\"https:\/\/www.intoscana.it\/wp-content\/uploads\/smart-working-toscana-campagna-Photostravellers-scaled.jpg\",\"contentUrl\":\"https:\/\/www.intoscana.it\/wp-content\/uploads\/smart-working-toscana-campagna-Photostravellers-scaled.jpg\",\"width\":2048,\"height\":1367,\"caption\":\"Smart working tra le colline della Toscana\"},{\"@type\":\"BreadcrumbList\",\"@id\":\"https:\/\/www.intoscana.it\/it\/la-toscana-a-banda-ultra-larga-entro-il-2022-rete-veloce-in-tutti-i-borghi-ciuoffo-la-cittadinanza-digitale-e-un-diritto\/#breadcrumb\",\"itemListElement\":[{\"@type\":\"ListItem\",\"position\":1,\"name\":\"Home\",\"item\":\"https:\/\/www.intoscana.it\/it\/\"},{\"@type\":\"ListItem\",\"position\":2,\"name\":\"La Toscana a banda ultra larga, entro il 2022 rete veloce in tutti i borghi. Ciuoffo: \u201cLa cittadinanza digitale \u00e8 un diritto\u201d\"}]},{\"@type\":\"WebSite\",\"@id\":\"https:\/\/www.intoscana.it\/it\/#website\",\"url\":\"https:\/\/www.intoscana.it\/it\/\",\"name\":\"intoscana\",\"description\":\"\",\"potentialAction\":[{\"@type\":\"SearchAction\",\"target\":{\"@type\":\"EntryPoint\",\"urlTemplate\":\"https:\/\/www.intoscana.it\/it\/?s={search_term_string}\"},\"query-input\":{\"@type\":\"PropertyValueSpecification\",\"valueRequired\":true,\"valueName\":\"search_term_string\"}}],\"inLanguage\":\"it-IT\"},{\"@type\":\"Person\",\"@id\":\"https:\/\/www.intoscana.it\/it\/#\/schema\/person\/137419af9ef5d385bde52864a841e6ce\",\"name\":\"Clara D'Acunto\",\"url\":\"https:\/\/www.intoscana.it\/it\/author\/clara-d_acunto\/\"}]}<\/script>\n<!-- \/ Yoast SEO Premium plugin. -->","yoast_head_json":{"title":"La Toscana a banda ultra larga, entro il 2022 rete veloce in tutti i borghi. Ciuoffo: \u201cLa cittadinanza digitale \u00e8 un diritto\u201d - intoscana","description":"La Regione sta portando la fibra ottica in tutte le aree pi\u00f9 interne. Il punto dei lavori con l'assessore alle Infrastrutture digitali","robots":{"index":"index","follow":"follow","max-snippet":"max-snippet:-1","max-image-preview":"max-image-preview:large","max-video-preview":"max-video-preview:-1"},"canonical":"https:\/\/www.intoscana.it\/it\/la-toscana-a-banda-ultra-larga-entro-il-2022-rete-veloce-in-tutti-i-borghi-ciuoffo-la-cittadinanza-digitale-e-un-diritto\/","og_locale":"it_IT","og_type":"article","og_title":"La Toscana a banda ultra larga, entro il 2022 rete veloce in tutti i borghi. Ciuoffo: \u201cLa cittadinanza digitale \u00e8 un diritto\u201d","og_description":"La Regione sta portando la fibra ottica in tutte le aree pi\u00f9 interne. Il punto dei lavori con l'assessore alle Infrastrutture digitali","og_url":"https:\/\/www.intoscana.it\/it\/la-toscana-a-banda-ultra-larga-entro-il-2022-rete-veloce-in-tutti-i-borghi-ciuoffo-la-cittadinanza-digitale-e-un-diritto\/","og_site_name":"intoscana","article_publisher":"https:\/\/www.facebook.com\/intoscana.it","article_published_time":"2021-09-03T15:19:20+00:00","article_modified_time":"2022-04-08T13:29:50+00:00","og_image":[{"width":2048,"height":1367,"url":"https:\/\/www.intoscana.it\/wp-content\/uploads\/smart-working-toscana-campagna-Photostravellers-scaled.jpg","type":"image\/jpeg"}],"author":"Clara D'Acunto","twitter_card":"summary_large_image","twitter_creator":"@intoscana","twitter_site":"@intoscana","twitter_misc":{"Written by":"Clara D'Acunto","Est. reading time":"5 minuti"},"schema":{"@context":"https:\/\/schema.org","@graph":[{"@type":"WebPage","@id":"https:\/\/www.intoscana.it\/it\/la-toscana-a-banda-ultra-larga-entro-il-2022-rete-veloce-in-tutti-i-borghi-ciuoffo-la-cittadinanza-digitale-e-un-diritto\/","url":"https:\/\/www.intoscana.it\/it\/la-toscana-a-banda-ultra-larga-entro-il-2022-rete-veloce-in-tutti-i-borghi-ciuoffo-la-cittadinanza-digitale-e-un-diritto\/","name":"La Toscana a banda ultra larga, entro il 2022 rete veloce in tutti i borghi. Ciuoffo: \u201cLa cittadinanza digitale \u00e8 un diritto\u201d - intoscana","isPartOf":{"@id":"https:\/\/www.intoscana.it\/it\/#website"},"primaryImageOfPage":{"@id":"https:\/\/www.intoscana.it\/it\/la-toscana-a-banda-ultra-larga-entro-il-2022-rete-veloce-in-tutti-i-borghi-ciuoffo-la-cittadinanza-digitale-e-un-diritto\/#primaryimage"},"image":{"@id":"https:\/\/www.intoscana.it\/it\/la-toscana-a-banda-ultra-larga-entro-il-2022-rete-veloce-in-tutti-i-borghi-ciuoffo-la-cittadinanza-digitale-e-un-diritto\/#primaryimage"},"thumbnailUrl":"https:\/\/www.intoscana.it\/wp-content\/uploads\/smart-working-toscana-campagna-Photostravellers-scaled.jpg","datePublished":"2021-09-03T15:19:20+00:00","dateModified":"2022-04-08T13:29:50+00:00","author":{"@id":"https:\/\/www.intoscana.it\/it\/#\/schema\/person\/137419af9ef5d385bde52864a841e6ce"},"description":"La Regione sta portando la fibra ottica in tutte le aree pi\u00f9 interne. Il punto dei lavori con l'assessore alle Infrastrutture digitali","breadcrumb":{"@id":"https:\/\/www.intoscana.it\/it\/la-toscana-a-banda-ultra-larga-entro-il-2022-rete-veloce-in-tutti-i-borghi-ciuoffo-la-cittadinanza-digitale-e-un-diritto\/#breadcrumb"},"inLanguage":"it-IT","potentialAction":[{"@type":"ReadAction","target":["https:\/\/www.intoscana.it\/it\/la-toscana-a-banda-ultra-larga-entro-il-2022-rete-veloce-in-tutti-i-borghi-ciuoffo-la-cittadinanza-digitale-e-un-diritto\/"]}]},{"@type":"ImageObject","inLanguage":"it-IT","@id":"https:\/\/www.intoscana.it\/it\/la-toscana-a-banda-ultra-larga-entro-il-2022-rete-veloce-in-tutti-i-borghi-ciuoffo-la-cittadinanza-digitale-e-un-diritto\/#primaryimage","url":"https:\/\/www.intoscana.it\/wp-content\/uploads\/smart-working-toscana-campagna-Photostravellers-scaled.jpg","contentUrl":"https:\/\/www.intoscana.it\/wp-content\/uploads\/smart-working-toscana-campagna-Photostravellers-scaled.jpg","width":2048,"height":1367,"caption":"Smart working tra le colline della Toscana"},{"@type":"BreadcrumbList","@id":"https:\/\/www.intoscana.it\/it\/la-toscana-a-banda-ultra-larga-entro-il-2022-rete-veloce-in-tutti-i-borghi-ciuoffo-la-cittadinanza-digitale-e-un-diritto\/#breadcrumb","itemListElement":[{"@type":"ListItem","position":1,"name":"Home","item":"https:\/\/www.intoscana.it\/it\/"},{"@type":"ListItem","position":2,"name":"La Toscana a banda ultra larga, entro il 2022 rete veloce in tutti i borghi. Ciuoffo: \u201cLa cittadinanza digitale \u00e8 un diritto\u201d"}]},{"@type":"WebSite","@id":"https:\/\/www.intoscana.it\/it\/#website","url":"https:\/\/www.intoscana.it\/it\/","name":"intoscana","description":"","potentialAction":[{"@type":"SearchAction","target":{"@type":"EntryPoint","urlTemplate":"https:\/\/www.intoscana.it\/it\/?s={search_term_string}"},"query-input":{"@type":"PropertyValueSpecification","valueRequired":true,"valueName":"search_term_string"}}],"inLanguage":"it-IT"},{"@type":"Person","@id":"https:\/\/www.intoscana.it\/it\/#\/schema\/person\/137419af9ef5d385bde52864a841e6ce","name":"Clara D'Acunto","url":"https:\/\/www.intoscana.it\/it\/author\/clara-d_acunto\/"}]}},"_links":{"self":[{"href":"https:\/\/www.intoscana.it\/it\/wp-json\/wp\/v2\/posts\/188366","targetHints":{"allow":["GET"]}}],"collection":[{"href":"https:\/\/www.intoscana.it\/it\/wp-json\/wp\/v2\/posts"}],"about":[{"href":"https:\/\/www.intoscana.it\/it\/wp-json\/wp\/v2\/types\/post"}],"author":[{"embeddable":true,"href":"https:\/\/www.intoscana.it\/it\/wp-json\/wp\/v2\/users\/545"}],"replies":[{"embeddable":true,"href":"https:\/\/www.intoscana.it\/it\/wp-json\/wp\/v2\/comments?post=188366"}],"version-history":[{"count":0,"href":"https:\/\/www.intoscana.it\/it\/wp-json\/wp\/v2\/posts\/188366\/revisions"}],"wp:featuredmedia":[{"embeddable":true,"href":"https:\/\/www.intoscana.it\/it\/wp-json\/wp\/v2\/media\/183674"}],"wp:attachment":[{"href":"https:\/\/www.intoscana.it\/it\/wp-json\/wp\/v2\/media?parent=188366"}],"wp:term":[{"taxonomy":"category","embeddable":true,"href":"https:\/\/www.intoscana.it\/it\/wp-json\/wp\/v2\/categories?post=188366"},{"taxonomy":"post_tag","embeddable":true,"href":"https:\/\/www.intoscana.it\/it\/wp-json\/wp\/v2\/tags?post=188366"}],"curies":[{"name":"wp","href":"https:\/\/api.w.org\/{rel}","templated":true}]}}