{"id":188501,"date":"2021-09-06T10:34:22","date_gmt":"2021-09-06T08:34:22","guid":{"rendered":"https:\/\/www.intoscana.it\/it\/?p=188501"},"modified":"2021-09-07T13:10:37","modified_gmt":"2021-09-07T11:10:37","slug":"leggi-razziali-83-anni-dopo-a-san-rossore-non-si-perde-la-memoria","status":"publish","type":"post","link":"https:\/\/www.intoscana.it\/it\/leggi-razziali-83-anni-dopo-a-san-rossore-non-si-perde-la-memoria\/","title":{"rendered":"Leggi razziali, 83 anni dopo. A San Rossore non si perde la memoria"},"content":{"rendered":"<p>Ricordare la storia per non ripetere la storia. E cos\u00ec, mentre Pisa intitolava una rotatoria ad <strong>Anna Frank<\/strong> nel Giorno della memoria, in occasione delle celebrazioni per ricordare l\u2019anniversario della firma delle leggi razziali del 1938 sono stati in molti a esprimersi sui provvedimenti antisemiti che per lungo tempo hanno rappresentato divieti e negazione dei diritti agli ebrei. <mark>Non si potevano sposare con italiani, non potevano possedere terreni o case di valore, non potevano lavorare in luoghi di pubblica utilit\u00e0 n\u00e9 svolgere altre particolari professioni. Non potevano andare a scuola<\/mark>. La lista dei divieti, assai pi\u00f9 lunga, ha segnato in modo indelebili gli anni che hanno preceduto l&#8217;orrore dell&#8217;olocausto che ne segu\u00ec.<\/p>\n<figure id=\"post-188506 media-188506\" class=\"align-center\"><img decoding=\"async\" class=\"aligncenter\" src=\"https:\/\/www.intoscana.it\/wp-content\/uploads\/Giorno-della-memoria-San-Rossore-5-settembre-2021-1.jpg\" alt=\"\" \/><\/figure>\n<div class=\"titleimg\" style=\"text-align: center;\">Giorno della memoria, San Rossore, 5 settembre 2021 &#8211; \u00a9 Comune di Pisa<\/div>\n<p><em>&#8220;Una pagina vergognosa, l\u2019abisso pi\u00f9 buio verso cui ci si spinse in quegli anni. Oggi abbiamo quindi un dovere, quello di ricordare e soprattutto quello di far conoscere alle giovani generazioni quanto accadde&#8221;<\/em> ha detto <strong>Alessandra Nardini<\/strong>, assessore alla cultura della memoria della Regione Toscana. Anche lei era a Pisa nell\u201983esimo anniversario della firma di Vittorio Emanuele III, nella tenuta di San Rossore, sulla prima delle leggi della vergogna, le leggi razziali italiane <strong>volute dal fascismo<\/strong> per la <strong>persecuzione degli ebrei<\/strong>.<\/p>\n<p><span class=\"citazione\">&#8220;Ricordare significa dire con forza mai pi\u00f9&#8221;<\/span><\/p>\n<h3>L&#8217;orgolio del Pegaso<\/h3>\n<p><em>&#8220;Furono anni di vergogna, ma il riscatto arriv\u00f2 grazie alle donne e agli uomini della Resistenza, che decisero di schierarsi dalla parte giusta. Grazie a quella scelta e insieme al contributo prezioso degli Alleati, abbiamo potuto liberare le nostre citt\u00e0 e i nostri paesi&#8221;<\/em> ha aggiunto l\u2019assessore, che nei giorni scorsi ha partecipato anche alle celebrazioni per l\u2019anniversario della liberazione. <em>&#8220;Ricordare<\/em> &#8211; ha proseguito Nardini &#8211; <em>significa dire con forza mai pi\u00f9. Mai pi\u00f9 discriminazioni, mai pi\u00f9 violenze, mai pi\u00f9 soprusi. La Toscana \u00e8 terra di diritti, terra di libert\u00e0, terra di uguaglianza. <mark>Sono orgogliosa di rappresentare una Regione che ha scelto come simbolo il Pegaso alato che fu del Comitato toscano di liberazione nazionale<\/mark>. Affondiamo le nostre radici nei valori dell\u2019antifascismo e della resistenza, e abbiamo come guida la Costituzione e i suoi principi&#8221;<\/em>. <div class=\"focuson\"><a href=\"https:\/\/www.intoscana.it\/it\/articolo\/giovani-arena-janine-liliana-segre\/\"><img decoding=\"async\" class=\"lazy\" src=\"https:\/\/www.intoscana.it\/wp-content\/uploads\/2017-Milano_-Segre-con-i-giovani-di-Rondine.jpg\" style=\"\">\n                <div class=\"cat\">L\u2019ultima giornata di Liliana Segre con i giovani<\/div>\n                <h4>\u201cNon ho mai perdonato\u201d<\/h4><\/a>\n              <\/div><\/p>\n<h3>Il &#8220;vaccino&#8221; della memoria<\/h3>\n<p><em>&#8220;Insieme all&#8217;Anpi<\/em> \u2013 ricorda l&#8217;assessore &#8211; <em>abbiamo voluto estendere dal territorio pisano a tutto il territorio regionale il protocollo sullo studio e l&#8217;approfondimento della nostra carta costituzionale nelle scuole. <mark>Ed \u00e8 stato particolarmente significativo consegnare una copia della Costituzione alle nuove cittadine e ai nuovi cittadini di Cascina, farlo nel giorno della liberazione, assieme a una copia della raccolta sulle stragi nazifasciste toscane<\/mark>. Noi abbiamo il dovere<\/em> &#8211; ha sottolineato Nardini &#8211; <em>di riconoscere nella memoria quello che con il linguaggio della pandemia potremmo chiamare il <strong>vaccino pi\u00f9 potente che abbiamo contro i pericolosi rigurgiti nazifascisti<\/strong> a cui purtroppo ancora oggi nel nostro Paese e nel mondo dobbiamo assistere&#8221;.<\/em><\/p>\n<p><span class=\"citazione\">&#8220;Qui non c&#8217;\u00e8 spazio per la violenza, per l&#8217;antisemitismo e per il razzismo&#8221;<\/span><\/p>\n<p><em>&#8220;Essere a San Rossore<\/em> &#8211; ha concluso &#8211; <em>significa anche prendersi un impegno: dire con forza che Pisa, la Toscana e tutto il nostro Paese ripudiano la guerra e qualsiasi forma di discriminazione, sopruso e violenza. Qui non c&#8217;\u00e8 spazio per la violenza, per l&#8217;antisemitismo e per il razzismo. Noi vogliamo una societ\u00e0 che sia libera, aperta, democratica, plurale&#8221;.<\/em><\/p>\n<h3>Vergognarsi della storia<\/h3>\n<p><em>&#8220;Il 5 settembre 1938 \u00e8 una data nefasta nella storia del nostro Paese. Una data che ci riporta proprio qui in questi luoghi dove il Re d&#8217;Italia si trovava e dove firm\u00f2 la prima delle leggi razziali proposte dal regime fascista. <mark>Una pagina di vergogna della nostra storia, che purtroppo ha faticato a diventare coscienza comune<\/mark>&#8220;<\/em> ha detto il presidente del Consiglio regionale, <strong>Antonio Mazzeo<\/strong>, durante la deposizione della corona d&#8217;alloro alla lapide nel Parco di San Rossore, che ricorda la firma delle leggi razziali e l&#8217;inizio delle persecuzioni contro gli ebrei.<\/p>\n<figure id=\"post-188505 media-188505\" class=\"align-center\"><img decoding=\"async\" class=\"aligncenter\" src=\"https:\/\/www.intoscana.it\/wp-content\/uploads\/Giorno-della-memoria-San-Rossore-5-settembre-2021-2.jpg\" alt=\"\" \/><\/figure>\n<div class=\"titleimg\" style=\"text-align: center;\">Giorno della memoria, San Rossore, 5 settembre 2021 &#8211; \u00a9 Comune di Pisa<\/div>\n<p><em>&#8220;Qua, a nome del Consiglio regionale che mi onoro di rappresentare, voglio esprimere la pi\u00f9 ferma condanna di quelle ideologie che 83 anni fa resero possibile un tale scempio&#8221;<\/em> ha proseguito Mazzeo. <em>&#8220;Voglio altres\u00ec assicurare alla comunit\u00e0 ebraica pisana e a tutti i nostri connazionali che si riconoscono in quella comunit\u00e0, l&#8217;impegno delle istituzioni regionali a promuovere una cultura aperta, dove il concetto discriminatorio di razza non trova spazio e dove si combatte ogni forma di intolleranza per qualsiasi ragione motivata&#8221;.<\/em><\/p>\n<h3>Esclusi dalla scuola<\/h3>\n<p><span class=\"citazione\">&#8220;Un&#8217;intollerabile violenza sulla pelle dei pi\u00f9 piccoli e indifesi&#8221;<\/span><\/p>\n<p><em>&#8220;Vittorio Emanuele III<\/em> &#8211; ha sottolineato Mazzeo &#8211; <em>firm\u00f2 le leggi antiebraiche durante una seduta di caccia, vicino a un ponticello, senza neppure pensare a quello che stava firmando e alle conseguenze. Si comport\u00f2 da indifferente, non prov\u00f2 nemmeno a cambiare il corso della storia, scelse di dare le spalle all&#8217;orrore che stava firmando e producendo. Con quel regio decreto<\/em> &#8211; ha ricordato il presidente &#8211; <mark><em>fu colpito un diritto fondamentale: quello all&#8217;istruzione. I bambini e i ragazzi della cosiddetta razza ebraica furono esclusi dalle scuole pubbliche<\/mark>. Un diritto che in questo tempo di pandemia abbiamo meglio compreso nel suo valore. La chiusura forzata delle scuole a tutti ci ha fatto capire l&#8217;importanza di un&#8217;educazione che \u00e8 al tempo stesso acquisizione di saperi e palestra di socialit\u00e0. Oggi dunque abbiamo uno sguardo pi\u00f9 attento a comprendere il dramma che hanno vissuto quei bambini e quei ragazzi insieme alle loro famiglie. Non potevano pi\u00f9 ritornare nelle classi dove avevano lasciato i loro compagni di studi e di giochi. Un&#8217;intollerabile violenza per giunta sulla pelle dei pi\u00f9 piccoli e indifesi\u201d.<\/em><\/p>\n<p><em>&#8220;L&#8217;altro frutto perverso di quel regio decreto<\/em> \u2013 ha continuato Mazzeo &#8211; <em>fu <mark>l&#8217;espulsione dei docenti ebrei dalle scuole e dalle universit\u00e0 italiane. Educatori e intellettuali che avevano contribuito alla formazione delle giovani generazioni si trovarono messi alla porta<\/mark>. Con grave danno prima ancora che di carattere economico per la loro vita, per la negazione della loro dignit\u00e0 di persone e di uomini. Questa cultura di discriminazione e di intolleranza port\u00f2 poi alle persecuzioni, alle deportazioni, ai lager&#8221;<\/em> ha ricordato. <em>&#8220;Un seme di violenza piantato quel giorno a San Rossore che avrebbe portato questi frutti maligni&#8221;.<\/em><\/p>\n<p><em>&#8220;Ecco perch\u00e9 ricordando quel giorno, condannando ci\u00f2 che ha significato, vogliamo ribadire che questa memoria si fa impegno. <mark>Mai pi\u00f9 una societ\u00e0 che esclude, che discrimina, che usa violenza<\/mark>&#8220;<\/em> ha concluso Mazzeo. <em>&#8220;Il Consiglio regionale c&#8217;\u00e8. La Toscana c&#8217;\u00e8 con la sua cultura millenaria. Il futuro che vogliamo costruire da questo fiore di consapevolezza pu\u00f2 prendere vigore. Per questo continueremo il lavoro fatto in questi anni come Regione contro ogni forma di razzismo e discriminazione&#8221;.<\/em><\/p>\n","protected":false},"excerpt":{"rendered":"<p>Le leggi antisemite furono firmate da Vittorio Emanuele III proprio nella tenuta di San Rossore, il 5 settembre 1938. E cos\u00ec a Pisa, anche quest&#8217;anno, tutta la Toscana (e non solo) ha ricordato quel giorno<\/p>\n","protected":false},"author":525,"featured_media":188503,"comment_status":"open","ping_status":"open","sticky":false,"template":"","format":"standard","meta":{"_acf_changed":false,"footnotes":""},"categories":[494],"tags":[4533,5378,4609,4749,4534],"class_list":["post-188501","post","type-post","status-publish","format-standard","has-post-thumbnail","hentry","category-attualita","tag-diritti","tag-giorno-memoria","tag-memoria","tag-parco-di-san-rossore","tag-razzismo"],"acf":[],"yoast_head":"<!-- This site is optimized with the Yoast SEO Premium plugin v24.2 (Yoast SEO v25.6) - https:\/\/yoast.com\/wordpress\/plugins\/seo\/ -->\n<title>Leggi razziali, 83 anni dopo. A San Rossore non si perde la memoria - intoscana<\/title>\n<meta name=\"description\" content=\"Le leggi antisemite furono firmate da Vittorio Emanuele III proprio nella tenuta di San Rossore, il 5 settembre 1938. E cos\u00ec a Pisa, anche quest&#039;anno, tutta la Toscana (e non solo) ha ricordato quel giorno\" \/>\n<meta name=\"robots\" content=\"index, follow, max-snippet:-1, max-image-preview:large, max-video-preview:-1\" \/>\n<link rel=\"canonical\" href=\"https:\/\/www.intoscana.it\/it\/leggi-razziali-83-anni-dopo-a-san-rossore-non-si-perde-la-memoria\/\" \/>\n<meta property=\"og:locale\" content=\"it_IT\" \/>\n<meta property=\"og:type\" content=\"article\" \/>\n<meta property=\"og:title\" content=\"Leggi razziali, 83 anni dopo. A San Rossore non si perde la memoria\" \/>\n<meta property=\"og:description\" content=\"Le leggi antisemite furono firmate da Vittorio Emanuele III proprio nella tenuta di San Rossore, il 5 settembre 1938. E cos\u00ec a Pisa, anche quest&#039;anno, tutta la Toscana (e non solo) ha ricordato quel giorno\" \/>\n<meta property=\"og:url\" content=\"https:\/\/www.intoscana.it\/it\/leggi-razziali-83-anni-dopo-a-san-rossore-non-si-perde-la-memoria\/\" \/>\n<meta property=\"og:site_name\" content=\"intoscana\" \/>\n<meta property=\"article:publisher\" content=\"https:\/\/www.facebook.com\/intoscana.it\" \/>\n<meta property=\"article:published_time\" content=\"2021-09-06T08:34:22+00:00\" \/>\n<meta property=\"article:modified_time\" content=\"2021-09-07T11:10:37+00:00\" \/>\n<meta property=\"og:image\" content=\"https:\/\/www.intoscana.it\/wp-content\/uploads\/Giorno-della-memoria-San-Rossore-5-settembre-2021-4.jpg\" \/>\n\t<meta property=\"og:image:width\" content=\"2048\" \/>\n\t<meta property=\"og:image:height\" content=\"1536\" \/>\n\t<meta property=\"og:image:type\" content=\"image\/jpeg\" \/>\n<meta name=\"author\" content=\"Redazione\" \/>\n<meta name=\"twitter:card\" content=\"summary_large_image\" \/>\n<meta name=\"twitter:creator\" content=\"@intoscana\" \/>\n<meta name=\"twitter:site\" content=\"@intoscana\" \/>\n<meta name=\"twitter:label1\" content=\"Written by\" \/>\n\t<meta name=\"twitter:data1\" content=\"Redazione\" \/>\n\t<meta name=\"twitter:label2\" content=\"Est. reading time\" \/>\n\t<meta name=\"twitter:data2\" content=\"5 minuti\" \/>\n<script type=\"application\/ld+json\" class=\"yoast-schema-graph\">{\"@context\":\"https:\/\/schema.org\",\"@graph\":[{\"@type\":\"WebPage\",\"@id\":\"https:\/\/www.intoscana.it\/it\/leggi-razziali-83-anni-dopo-a-san-rossore-non-si-perde-la-memoria\/\",\"url\":\"https:\/\/www.intoscana.it\/it\/leggi-razziali-83-anni-dopo-a-san-rossore-non-si-perde-la-memoria\/\",\"name\":\"Leggi razziali, 83 anni dopo. A San Rossore non si perde la memoria - intoscana\",\"isPartOf\":{\"@id\":\"https:\/\/www.intoscana.it\/it\/#website\"},\"primaryImageOfPage\":{\"@id\":\"https:\/\/www.intoscana.it\/it\/leggi-razziali-83-anni-dopo-a-san-rossore-non-si-perde-la-memoria\/#primaryimage\"},\"image\":{\"@id\":\"https:\/\/www.intoscana.it\/it\/leggi-razziali-83-anni-dopo-a-san-rossore-non-si-perde-la-memoria\/#primaryimage\"},\"thumbnailUrl\":\"https:\/\/www.intoscana.it\/wp-content\/uploads\/Giorno-della-memoria-San-Rossore-5-settembre-2021-4.jpg\",\"datePublished\":\"2021-09-06T08:34:22+00:00\",\"dateModified\":\"2021-09-07T11:10:37+00:00\",\"author\":{\"@id\":\"https:\/\/www.intoscana.it\/it\/#\/schema\/person\/9223810753230f20bd670fdd322661f8\"},\"description\":\"Le leggi antisemite furono firmate da Vittorio Emanuele III proprio nella tenuta di San Rossore, il 5 settembre 1938. E cos\u00ec a Pisa, anche quest'anno, tutta la Toscana (e non solo) ha ricordato quel giorno\",\"breadcrumb\":{\"@id\":\"https:\/\/www.intoscana.it\/it\/leggi-razziali-83-anni-dopo-a-san-rossore-non-si-perde-la-memoria\/#breadcrumb\"},\"inLanguage\":\"it-IT\",\"potentialAction\":[{\"@type\":\"ReadAction\",\"target\":[\"https:\/\/www.intoscana.it\/it\/leggi-razziali-83-anni-dopo-a-san-rossore-non-si-perde-la-memoria\/\"]}]},{\"@type\":\"ImageObject\",\"inLanguage\":\"it-IT\",\"@id\":\"https:\/\/www.intoscana.it\/it\/leggi-razziali-83-anni-dopo-a-san-rossore-non-si-perde-la-memoria\/#primaryimage\",\"url\":\"https:\/\/www.intoscana.it\/wp-content\/uploads\/Giorno-della-memoria-San-Rossore-5-settembre-2021-4.jpg\",\"contentUrl\":\"https:\/\/www.intoscana.it\/wp-content\/uploads\/Giorno-della-memoria-San-Rossore-5-settembre-2021-4.jpg\",\"width\":2048,\"height\":1536,\"caption\":\"Giorno della memoria, San Rossore, 5 settembre 2021\"},{\"@type\":\"BreadcrumbList\",\"@id\":\"https:\/\/www.intoscana.it\/it\/leggi-razziali-83-anni-dopo-a-san-rossore-non-si-perde-la-memoria\/#breadcrumb\",\"itemListElement\":[{\"@type\":\"ListItem\",\"position\":1,\"name\":\"Home\",\"item\":\"https:\/\/www.intoscana.it\/it\/\"},{\"@type\":\"ListItem\",\"position\":2,\"name\":\"Leggi razziali, 83 anni dopo. A San Rossore non si perde la memoria\"}]},{\"@type\":\"WebSite\",\"@id\":\"https:\/\/www.intoscana.it\/it\/#website\",\"url\":\"https:\/\/www.intoscana.it\/it\/\",\"name\":\"intoscana\",\"description\":\"\",\"potentialAction\":[{\"@type\":\"SearchAction\",\"target\":{\"@type\":\"EntryPoint\",\"urlTemplate\":\"https:\/\/www.intoscana.it\/it\/?s={search_term_string}\"},\"query-input\":{\"@type\":\"PropertyValueSpecification\",\"valueRequired\":true,\"valueName\":\"search_term_string\"}}],\"inLanguage\":\"it-IT\"},{\"@type\":\"Person\",\"@id\":\"https:\/\/www.intoscana.it\/it\/#\/schema\/person\/9223810753230f20bd670fdd322661f8\",\"name\":\"Redazione\",\"url\":\"https:\/\/www.intoscana.it\/it\/author\/redazione\/\"}]}<\/script>\n<!-- \/ Yoast SEO Premium plugin. -->","yoast_head_json":{"title":"Leggi razziali, 83 anni dopo. A San Rossore non si perde la memoria - intoscana","description":"Le leggi antisemite furono firmate da Vittorio Emanuele III proprio nella tenuta di San Rossore, il 5 settembre 1938. E cos\u00ec a Pisa, anche quest'anno, tutta la Toscana (e non solo) ha ricordato quel giorno","robots":{"index":"index","follow":"follow","max-snippet":"max-snippet:-1","max-image-preview":"max-image-preview:large","max-video-preview":"max-video-preview:-1"},"canonical":"https:\/\/www.intoscana.it\/it\/leggi-razziali-83-anni-dopo-a-san-rossore-non-si-perde-la-memoria\/","og_locale":"it_IT","og_type":"article","og_title":"Leggi razziali, 83 anni dopo. A San Rossore non si perde la memoria","og_description":"Le leggi antisemite furono firmate da Vittorio Emanuele III proprio nella tenuta di San Rossore, il 5 settembre 1938. E cos\u00ec a Pisa, anche quest'anno, tutta la Toscana (e non solo) ha ricordato quel giorno","og_url":"https:\/\/www.intoscana.it\/it\/leggi-razziali-83-anni-dopo-a-san-rossore-non-si-perde-la-memoria\/","og_site_name":"intoscana","article_publisher":"https:\/\/www.facebook.com\/intoscana.it","article_published_time":"2021-09-06T08:34:22+00:00","article_modified_time":"2021-09-07T11:10:37+00:00","og_image":[{"width":2048,"height":1536,"url":"https:\/\/www.intoscana.it\/wp-content\/uploads\/Giorno-della-memoria-San-Rossore-5-settembre-2021-4.jpg","type":"image\/jpeg"}],"author":"Redazione","twitter_card":"summary_large_image","twitter_creator":"@intoscana","twitter_site":"@intoscana","twitter_misc":{"Written by":"Redazione","Est. reading time":"5 minuti"},"schema":{"@context":"https:\/\/schema.org","@graph":[{"@type":"WebPage","@id":"https:\/\/www.intoscana.it\/it\/leggi-razziali-83-anni-dopo-a-san-rossore-non-si-perde-la-memoria\/","url":"https:\/\/www.intoscana.it\/it\/leggi-razziali-83-anni-dopo-a-san-rossore-non-si-perde-la-memoria\/","name":"Leggi razziali, 83 anni dopo. A San Rossore non si perde la memoria - intoscana","isPartOf":{"@id":"https:\/\/www.intoscana.it\/it\/#website"},"primaryImageOfPage":{"@id":"https:\/\/www.intoscana.it\/it\/leggi-razziali-83-anni-dopo-a-san-rossore-non-si-perde-la-memoria\/#primaryimage"},"image":{"@id":"https:\/\/www.intoscana.it\/it\/leggi-razziali-83-anni-dopo-a-san-rossore-non-si-perde-la-memoria\/#primaryimage"},"thumbnailUrl":"https:\/\/www.intoscana.it\/wp-content\/uploads\/Giorno-della-memoria-San-Rossore-5-settembre-2021-4.jpg","datePublished":"2021-09-06T08:34:22+00:00","dateModified":"2021-09-07T11:10:37+00:00","author":{"@id":"https:\/\/www.intoscana.it\/it\/#\/schema\/person\/9223810753230f20bd670fdd322661f8"},"description":"Le leggi antisemite furono firmate da Vittorio Emanuele III proprio nella tenuta di San Rossore, il 5 settembre 1938. E cos\u00ec a Pisa, anche quest'anno, tutta la Toscana (e non solo) ha ricordato quel giorno","breadcrumb":{"@id":"https:\/\/www.intoscana.it\/it\/leggi-razziali-83-anni-dopo-a-san-rossore-non-si-perde-la-memoria\/#breadcrumb"},"inLanguage":"it-IT","potentialAction":[{"@type":"ReadAction","target":["https:\/\/www.intoscana.it\/it\/leggi-razziali-83-anni-dopo-a-san-rossore-non-si-perde-la-memoria\/"]}]},{"@type":"ImageObject","inLanguage":"it-IT","@id":"https:\/\/www.intoscana.it\/it\/leggi-razziali-83-anni-dopo-a-san-rossore-non-si-perde-la-memoria\/#primaryimage","url":"https:\/\/www.intoscana.it\/wp-content\/uploads\/Giorno-della-memoria-San-Rossore-5-settembre-2021-4.jpg","contentUrl":"https:\/\/www.intoscana.it\/wp-content\/uploads\/Giorno-della-memoria-San-Rossore-5-settembre-2021-4.jpg","width":2048,"height":1536,"caption":"Giorno della memoria, San Rossore, 5 settembre 2021"},{"@type":"BreadcrumbList","@id":"https:\/\/www.intoscana.it\/it\/leggi-razziali-83-anni-dopo-a-san-rossore-non-si-perde-la-memoria\/#breadcrumb","itemListElement":[{"@type":"ListItem","position":1,"name":"Home","item":"https:\/\/www.intoscana.it\/it\/"},{"@type":"ListItem","position":2,"name":"Leggi razziali, 83 anni dopo. A San Rossore non si perde la memoria"}]},{"@type":"WebSite","@id":"https:\/\/www.intoscana.it\/it\/#website","url":"https:\/\/www.intoscana.it\/it\/","name":"intoscana","description":"","potentialAction":[{"@type":"SearchAction","target":{"@type":"EntryPoint","urlTemplate":"https:\/\/www.intoscana.it\/it\/?s={search_term_string}"},"query-input":{"@type":"PropertyValueSpecification","valueRequired":true,"valueName":"search_term_string"}}],"inLanguage":"it-IT"},{"@type":"Person","@id":"https:\/\/www.intoscana.it\/it\/#\/schema\/person\/9223810753230f20bd670fdd322661f8","name":"Redazione","url":"https:\/\/www.intoscana.it\/it\/author\/redazione\/"}]}},"_links":{"self":[{"href":"https:\/\/www.intoscana.it\/it\/wp-json\/wp\/v2\/posts\/188501","targetHints":{"allow":["GET"]}}],"collection":[{"href":"https:\/\/www.intoscana.it\/it\/wp-json\/wp\/v2\/posts"}],"about":[{"href":"https:\/\/www.intoscana.it\/it\/wp-json\/wp\/v2\/types\/post"}],"author":[{"embeddable":true,"href":"https:\/\/www.intoscana.it\/it\/wp-json\/wp\/v2\/users\/525"}],"replies":[{"embeddable":true,"href":"https:\/\/www.intoscana.it\/it\/wp-json\/wp\/v2\/comments?post=188501"}],"version-history":[{"count":0,"href":"https:\/\/www.intoscana.it\/it\/wp-json\/wp\/v2\/posts\/188501\/revisions"}],"wp:featuredmedia":[{"embeddable":true,"href":"https:\/\/www.intoscana.it\/it\/wp-json\/wp\/v2\/media\/188503"}],"wp:attachment":[{"href":"https:\/\/www.intoscana.it\/it\/wp-json\/wp\/v2\/media?parent=188501"}],"wp:term":[{"taxonomy":"category","embeddable":true,"href":"https:\/\/www.intoscana.it\/it\/wp-json\/wp\/v2\/categories?post=188501"},{"taxonomy":"post_tag","embeddable":true,"href":"https:\/\/www.intoscana.it\/it\/wp-json\/wp\/v2\/tags?post=188501"}],"curies":[{"name":"wp","href":"https:\/\/api.w.org\/{rel}","templated":true}]}}