{"id":188566,"date":"2021-09-06T16:33:15","date_gmt":"2021-09-06T14:33:15","guid":{"rendered":"https:\/\/www.intoscana.it\/it\/?p=188566"},"modified":"2021-09-06T16:33:28","modified_gmt":"2021-09-06T14:33:28","slug":"different-to-play-a-firenze-lo-sport-crea-inclusione-sociale","status":"publish","type":"post","link":"https:\/\/www.intoscana.it\/it\/different-to-play-a-firenze-lo-sport-crea-inclusione-sociale\/","title":{"rendered":"Different to play, a Firenze lo sport crea inclusione sociale"},"content":{"rendered":"<p><mark>Due giorni a Firenze di sport e divertimento per diffondere la cultura dell&#8217;integrazione. L&#8217;11 e 12 settembre il parco delle Cascine di Firenze ospita la prima edizione di &#8220;Different to play&#8221;, manifestazione che promuove l&#8217;inclusione sociale attraverso lo sport e le attivit\u00e0 socioculturali<\/mark>. L&#8217;evento \u00e8 promosso da <strong>Valentina Borgogni<\/strong> con l&#8217;<a href=\"https:\/\/www.facebook.com\/GabrieleBorgogni\/\" target=\"_blank\" rel=\"noopener\">associazione Gabriele Borgogni onlus<\/a>, dedicata appunto a Gabriele, ucciso nel 2004 da un automobilista in stato di ebbrezza che ignor\u00f2 un semaforo rosso.<\/p>\n<h3>Gli obiettivi<\/h3>\n<p><em>&#8220;Different to Play nasce dall&#8217;esigenza di creare uno spazio in cui le parole d&#8217;ordine siano cultura dell&#8217;inclusione attraverso il divertimento e lo sport, dove il concetto di normalit\u00e0 che ognuno ha viene messo alla prova&#8221;<\/em> spiegano Valentina e gli organizzatori. <em>&#8220;<mark>L&#8217;obiettivo dell&#8217;evento, che \u00e8 quello di fare inclusione sociale, non permette di discernere l&#8217;attivit\u00e0 sportiva da quella culturale<\/mark>, soprattutto quando la volont\u00e0 \u00e8 quella di unire dei mondi spesso poco conosciuti (al di fuori di una nicchia ristretta) e quindi molto distanti&#8221;.<\/em><\/p>\n<h3>Sicuri alla guida<\/h3>\n<p>Per l&#8217;assessore al welfare di Palazzo Vecchio, <strong>Sara Funaro<\/strong>, <em>&#8220;lo sport \u00e8 un motore straordinario di inclusione e di unione&#8221;<\/em>. L&#8217;assessore allo sport <strong>Cosimo Guccione<\/strong> crede inoltre che <em>&#8220;sport e inclusione sociale vanno di pari passo&#8221;<\/em>. Durante l&#8217;iniziativa sar\u00e0 presente anche la polizia municipale, in moto e con il <mark>Camper della legalit\u00e0. Un servizio della polizia di prossimit\u00e0 voluto proprio per aumentare la vicinanza della municipale e dell&#8217;amministrazione ai cittadini e sul territorio<\/mark>. <em>&#8220;Uno strumento presente in citt\u00e0 per raccogliere esigenze dei cittadini, ma anche veicolare informazioni corrette sui servizi e sulle regole necessarie al civile e corretto svolgimento della vita quotidiana nelle nostre strade&#8221;<\/em> ha commentato l&#8217;assessore alla sicurezza urbana <strong>Benedetta Albanese<\/strong>.<\/p>\n<h3>Le attivit\u00e0<\/h3>\n<p><mark>Il programma delle due giornate di &#8220;Different To Play&#8221; si svilupper\u00e0 principalmente intorno all\u2019incontro tra dimostrazioni e prove pratiche, sia sportive che socioculturali<\/mark>. L\u2019obiettivo \u00e8 di ribaltare i pregiudizi e mettere alla prova lo slancio sportivo di tutti coloro che vorranno &#8220;giocare in modo differente&#8221; dai propri standard, cimentandosi nelle pi\u00f9 disparate <strong>discipline paralimpiche<\/strong> e non, oltre che poter assistere a <strong>dimostrazioni<\/strong> delle <strong>scuole cinofile<\/strong>.<\/p>\n<figure id=\"post-188570 media-188570\" class=\"align-center\"><img decoding=\"async\" class=\"aligncenter\" src=\"https:\/\/www.intoscana.it\/wp-content\/uploads\/Different-to-play-1.jpeg\" alt=\"\" \/><\/figure>\n<div class=\"titleimg\" style=\"text-align: center;\">Different to play, prima edizione<\/div>\n<p>E tutto questo avviene promuovendo l\u2019attivit\u00e0 sportiva, e allo stesso tempo creando le basi per stimolare condizioni sociali di uguaglianza e pari opportunit\u00e0, anche attraverso il mondo di chi non ha una disabilit\u00e0. <mark>Queste dimostrazioni hanno la doppia valenza di trasportare nel mondo dell&#8217;eccellenza sportiva le persone con disabilit\u00e0 che non praticano sport, e di creare cultura dell&#8217;inclusione per tutti coloro che vorranno provare cosa significa praticare sport in condizioni di disabilit\u00e0<\/mark>. In quest&#8217;ultimo caso, i visitatori seguiranno un percorso strutturato dalle varie associazioni culturali presenti per trasmettere l&#8217;importanza di mettersi nei panni dell&#8217;altro.<\/p>\n<p>&nbsp;<\/p>\n","protected":false},"excerpt":{"rendered":"<p>Attivit\u00e0 fisica, inclusione, empatia, relazioni. Per due giorni il Parco delle Cascine diventer\u00e0 teatro dell&#8217;uguaglianza culturale e sociale. Presente anche Camper della legalit\u00e0. Prima edizione, l&#8217;11 e il 12 settembre<\/p>\n","protected":false},"author":525,"featured_media":188572,"comment_status":"open","ping_status":"open","sticky":false,"template":"","format":"standard","meta":{"_acf_changed":false,"footnotes":""},"categories":[494],"tags":[406,202,5699,356,159],"class_list":["post-188566","post","type-post","status-publish","format-standard","has-post-thumbnail","hentry","category-attualita","tag-disabilita","tag-firenze","tag-inclusione","tag-solidarieta","tag-sport"],"acf":[],"yoast_head":"<!-- This site is optimized with the Yoast SEO Premium plugin v24.2 (Yoast SEO v25.6) - https:\/\/yoast.com\/wordpress\/plugins\/seo\/ -->\n<title>Different to play, a Firenze lo sport crea inclusione sociale - intoscana<\/title>\n<meta name=\"description\" content=\"Attivit\u00e0 fisica, inclusione, empatia, relazioni. Per due giorni il Parco delle Cascine diventer\u00e0 teatro dell&#039;uguaglianza culturale e sociale. Presente anche Camper della legalit\u00e0. Prima edizione, l&#039;11 e il 12 settembre\" \/>\n<meta name=\"robots\" content=\"index, follow, max-snippet:-1, max-image-preview:large, max-video-preview:-1\" \/>\n<link rel=\"canonical\" href=\"https:\/\/www.intoscana.it\/it\/different-to-play-a-firenze-lo-sport-crea-inclusione-sociale\/\" \/>\n<meta property=\"og:locale\" content=\"it_IT\" \/>\n<meta property=\"og:type\" content=\"article\" \/>\n<meta property=\"og:title\" content=\"Different to play, a Firenze lo sport crea inclusione sociale\" \/>\n<meta property=\"og:description\" content=\"Attivit\u00e0 fisica, inclusione, empatia, relazioni. Per due giorni il Parco delle Cascine diventer\u00e0 teatro dell&#039;uguaglianza culturale e sociale. Presente anche Camper della legalit\u00e0. Prima edizione, l&#039;11 e il 12 settembre\" \/>\n<meta property=\"og:url\" content=\"https:\/\/www.intoscana.it\/it\/different-to-play-a-firenze-lo-sport-crea-inclusione-sociale\/\" \/>\n<meta property=\"og:site_name\" content=\"intoscana\" \/>\n<meta property=\"article:publisher\" content=\"https:\/\/www.facebook.com\/intoscana.it\" \/>\n<meta property=\"article:published_time\" content=\"2021-09-06T14:33:15+00:00\" \/>\n<meta property=\"article:modified_time\" content=\"2021-09-06T14:33:28+00:00\" \/>\n<meta property=\"og:image\" content=\"https:\/\/www.intoscana.it\/wp-content\/uploads\/Different-to-play-presentazione.jpg\" \/>\n\t<meta property=\"og:image:width\" content=\"1000\" \/>\n\t<meta property=\"og:image:height\" content=\"750\" \/>\n\t<meta property=\"og:image:type\" content=\"image\/jpeg\" \/>\n<meta name=\"author\" content=\"Redazione\" \/>\n<meta name=\"twitter:card\" content=\"summary_large_image\" \/>\n<meta name=\"twitter:creator\" content=\"@intoscana\" \/>\n<meta name=\"twitter:site\" content=\"@intoscana\" \/>\n<meta name=\"twitter:label1\" content=\"Written by\" \/>\n\t<meta name=\"twitter:data1\" content=\"Redazione\" \/>\n\t<meta name=\"twitter:label2\" content=\"Est. reading time\" \/>\n\t<meta name=\"twitter:data2\" content=\"2 minuti\" \/>\n<script type=\"application\/ld+json\" class=\"yoast-schema-graph\">{\"@context\":\"https:\/\/schema.org\",\"@graph\":[{\"@type\":\"WebPage\",\"@id\":\"https:\/\/www.intoscana.it\/it\/different-to-play-a-firenze-lo-sport-crea-inclusione-sociale\/\",\"url\":\"https:\/\/www.intoscana.it\/it\/different-to-play-a-firenze-lo-sport-crea-inclusione-sociale\/\",\"name\":\"Different to play, a Firenze lo sport crea inclusione sociale - intoscana\",\"isPartOf\":{\"@id\":\"https:\/\/www.intoscana.it\/it\/#website\"},\"primaryImageOfPage\":{\"@id\":\"https:\/\/www.intoscana.it\/it\/different-to-play-a-firenze-lo-sport-crea-inclusione-sociale\/#primaryimage\"},\"image\":{\"@id\":\"https:\/\/www.intoscana.it\/it\/different-to-play-a-firenze-lo-sport-crea-inclusione-sociale\/#primaryimage\"},\"thumbnailUrl\":\"https:\/\/www.intoscana.it\/wp-content\/uploads\/Different-to-play-presentazione.jpg\",\"datePublished\":\"2021-09-06T14:33:15+00:00\",\"dateModified\":\"2021-09-06T14:33:28+00:00\",\"author\":{\"@id\":\"https:\/\/www.intoscana.it\/it\/#\/schema\/person\/9223810753230f20bd670fdd322661f8\"},\"description\":\"Attivit\u00e0 fisica, inclusione, empatia, relazioni. Per due giorni il Parco delle Cascine diventer\u00e0 teatro dell'uguaglianza culturale e sociale. Presente anche Camper della legalit\u00e0. Prima edizione, l'11 e il 12 settembre\",\"breadcrumb\":{\"@id\":\"https:\/\/www.intoscana.it\/it\/different-to-play-a-firenze-lo-sport-crea-inclusione-sociale\/#breadcrumb\"},\"inLanguage\":\"it-IT\",\"potentialAction\":[{\"@type\":\"ReadAction\",\"target\":[\"https:\/\/www.intoscana.it\/it\/different-to-play-a-firenze-lo-sport-crea-inclusione-sociale\/\"]}]},{\"@type\":\"ImageObject\",\"inLanguage\":\"it-IT\",\"@id\":\"https:\/\/www.intoscana.it\/it\/different-to-play-a-firenze-lo-sport-crea-inclusione-sociale\/#primaryimage\",\"url\":\"https:\/\/www.intoscana.it\/wp-content\/uploads\/Different-to-play-presentazione.jpg\",\"contentUrl\":\"https:\/\/www.intoscana.it\/wp-content\/uploads\/Different-to-play-presentazione.jpg\",\"width\":1000,\"height\":750,\"caption\":\"Different to play, presentazione\"},{\"@type\":\"BreadcrumbList\",\"@id\":\"https:\/\/www.intoscana.it\/it\/different-to-play-a-firenze-lo-sport-crea-inclusione-sociale\/#breadcrumb\",\"itemListElement\":[{\"@type\":\"ListItem\",\"position\":1,\"name\":\"Home\",\"item\":\"https:\/\/www.intoscana.it\/it\/\"},{\"@type\":\"ListItem\",\"position\":2,\"name\":\"Different to play, a Firenze lo sport crea inclusione sociale\"}]},{\"@type\":\"WebSite\",\"@id\":\"https:\/\/www.intoscana.it\/it\/#website\",\"url\":\"https:\/\/www.intoscana.it\/it\/\",\"name\":\"intoscana\",\"description\":\"\",\"potentialAction\":[{\"@type\":\"SearchAction\",\"target\":{\"@type\":\"EntryPoint\",\"urlTemplate\":\"https:\/\/www.intoscana.it\/it\/?s={search_term_string}\"},\"query-input\":{\"@type\":\"PropertyValueSpecification\",\"valueRequired\":true,\"valueName\":\"search_term_string\"}}],\"inLanguage\":\"it-IT\"},{\"@type\":\"Person\",\"@id\":\"https:\/\/www.intoscana.it\/it\/#\/schema\/person\/9223810753230f20bd670fdd322661f8\",\"name\":\"Redazione\",\"url\":\"https:\/\/www.intoscana.it\/it\/author\/redazione\/\"}]}<\/script>\n<!-- \/ Yoast SEO Premium plugin. -->","yoast_head_json":{"title":"Different to play, a Firenze lo sport crea inclusione sociale - intoscana","description":"Attivit\u00e0 fisica, inclusione, empatia, relazioni. Per due giorni il Parco delle Cascine diventer\u00e0 teatro dell'uguaglianza culturale e sociale. Presente anche Camper della legalit\u00e0. Prima edizione, l'11 e il 12 settembre","robots":{"index":"index","follow":"follow","max-snippet":"max-snippet:-1","max-image-preview":"max-image-preview:large","max-video-preview":"max-video-preview:-1"},"canonical":"https:\/\/www.intoscana.it\/it\/different-to-play-a-firenze-lo-sport-crea-inclusione-sociale\/","og_locale":"it_IT","og_type":"article","og_title":"Different to play, a Firenze lo sport crea inclusione sociale","og_description":"Attivit\u00e0 fisica, inclusione, empatia, relazioni. Per due giorni il Parco delle Cascine diventer\u00e0 teatro dell'uguaglianza culturale e sociale. Presente anche Camper della legalit\u00e0. Prima edizione, l'11 e il 12 settembre","og_url":"https:\/\/www.intoscana.it\/it\/different-to-play-a-firenze-lo-sport-crea-inclusione-sociale\/","og_site_name":"intoscana","article_publisher":"https:\/\/www.facebook.com\/intoscana.it","article_published_time":"2021-09-06T14:33:15+00:00","article_modified_time":"2021-09-06T14:33:28+00:00","og_image":[{"width":1000,"height":750,"url":"https:\/\/www.intoscana.it\/wp-content\/uploads\/Different-to-play-presentazione.jpg","type":"image\/jpeg"}],"author":"Redazione","twitter_card":"summary_large_image","twitter_creator":"@intoscana","twitter_site":"@intoscana","twitter_misc":{"Written by":"Redazione","Est. reading time":"2 minuti"},"schema":{"@context":"https:\/\/schema.org","@graph":[{"@type":"WebPage","@id":"https:\/\/www.intoscana.it\/it\/different-to-play-a-firenze-lo-sport-crea-inclusione-sociale\/","url":"https:\/\/www.intoscana.it\/it\/different-to-play-a-firenze-lo-sport-crea-inclusione-sociale\/","name":"Different to play, a Firenze lo sport crea inclusione sociale - intoscana","isPartOf":{"@id":"https:\/\/www.intoscana.it\/it\/#website"},"primaryImageOfPage":{"@id":"https:\/\/www.intoscana.it\/it\/different-to-play-a-firenze-lo-sport-crea-inclusione-sociale\/#primaryimage"},"image":{"@id":"https:\/\/www.intoscana.it\/it\/different-to-play-a-firenze-lo-sport-crea-inclusione-sociale\/#primaryimage"},"thumbnailUrl":"https:\/\/www.intoscana.it\/wp-content\/uploads\/Different-to-play-presentazione.jpg","datePublished":"2021-09-06T14:33:15+00:00","dateModified":"2021-09-06T14:33:28+00:00","author":{"@id":"https:\/\/www.intoscana.it\/it\/#\/schema\/person\/9223810753230f20bd670fdd322661f8"},"description":"Attivit\u00e0 fisica, inclusione, empatia, relazioni. Per due giorni il Parco delle Cascine diventer\u00e0 teatro dell'uguaglianza culturale e sociale. Presente anche Camper della legalit\u00e0. Prima edizione, l'11 e il 12 settembre","breadcrumb":{"@id":"https:\/\/www.intoscana.it\/it\/different-to-play-a-firenze-lo-sport-crea-inclusione-sociale\/#breadcrumb"},"inLanguage":"it-IT","potentialAction":[{"@type":"ReadAction","target":["https:\/\/www.intoscana.it\/it\/different-to-play-a-firenze-lo-sport-crea-inclusione-sociale\/"]}]},{"@type":"ImageObject","inLanguage":"it-IT","@id":"https:\/\/www.intoscana.it\/it\/different-to-play-a-firenze-lo-sport-crea-inclusione-sociale\/#primaryimage","url":"https:\/\/www.intoscana.it\/wp-content\/uploads\/Different-to-play-presentazione.jpg","contentUrl":"https:\/\/www.intoscana.it\/wp-content\/uploads\/Different-to-play-presentazione.jpg","width":1000,"height":750,"caption":"Different to play, presentazione"},{"@type":"BreadcrumbList","@id":"https:\/\/www.intoscana.it\/it\/different-to-play-a-firenze-lo-sport-crea-inclusione-sociale\/#breadcrumb","itemListElement":[{"@type":"ListItem","position":1,"name":"Home","item":"https:\/\/www.intoscana.it\/it\/"},{"@type":"ListItem","position":2,"name":"Different to play, a Firenze lo sport crea inclusione sociale"}]},{"@type":"WebSite","@id":"https:\/\/www.intoscana.it\/it\/#website","url":"https:\/\/www.intoscana.it\/it\/","name":"intoscana","description":"","potentialAction":[{"@type":"SearchAction","target":{"@type":"EntryPoint","urlTemplate":"https:\/\/www.intoscana.it\/it\/?s={search_term_string}"},"query-input":{"@type":"PropertyValueSpecification","valueRequired":true,"valueName":"search_term_string"}}],"inLanguage":"it-IT"},{"@type":"Person","@id":"https:\/\/www.intoscana.it\/it\/#\/schema\/person\/9223810753230f20bd670fdd322661f8","name":"Redazione","url":"https:\/\/www.intoscana.it\/it\/author\/redazione\/"}]}},"_links":{"self":[{"href":"https:\/\/www.intoscana.it\/it\/wp-json\/wp\/v2\/posts\/188566","targetHints":{"allow":["GET"]}}],"collection":[{"href":"https:\/\/www.intoscana.it\/it\/wp-json\/wp\/v2\/posts"}],"about":[{"href":"https:\/\/www.intoscana.it\/it\/wp-json\/wp\/v2\/types\/post"}],"author":[{"embeddable":true,"href":"https:\/\/www.intoscana.it\/it\/wp-json\/wp\/v2\/users\/525"}],"replies":[{"embeddable":true,"href":"https:\/\/www.intoscana.it\/it\/wp-json\/wp\/v2\/comments?post=188566"}],"version-history":[{"count":0,"href":"https:\/\/www.intoscana.it\/it\/wp-json\/wp\/v2\/posts\/188566\/revisions"}],"wp:featuredmedia":[{"embeddable":true,"href":"https:\/\/www.intoscana.it\/it\/wp-json\/wp\/v2\/media\/188572"}],"wp:attachment":[{"href":"https:\/\/www.intoscana.it\/it\/wp-json\/wp\/v2\/media?parent=188566"}],"wp:term":[{"taxonomy":"category","embeddable":true,"href":"https:\/\/www.intoscana.it\/it\/wp-json\/wp\/v2\/categories?post=188566"},{"taxonomy":"post_tag","embeddable":true,"href":"https:\/\/www.intoscana.it\/it\/wp-json\/wp\/v2\/tags?post=188566"}],"curies":[{"name":"wp","href":"https:\/\/api.w.org\/{rel}","templated":true}]}}