{"id":188669,"date":"2021-09-07T15:55:29","date_gmt":"2021-09-07T13:55:29","guid":{"rendered":"https:\/\/www.intoscana.it\/it\/?p=188669"},"modified":"2021-09-08T14:41:07","modified_gmt":"2021-09-08T12:41:07","slug":"covid-19-in-toscana-303-nuovi-casi-eta-media-39-anni-otto-i-decessi","status":"publish","type":"post","link":"https:\/\/www.intoscana.it\/it\/covid-19-in-toscana-303-nuovi-casi-eta-media-39-anni-otto-i-decessi\/","title":{"rendered":"Covid-19: in Toscana 303 nuovi casi, et\u00e0 media 39 anni. Otto i decessi"},"content":{"rendered":"<p>In Toscana <strong>sono 274.607 i casi di positivit\u00e0 al Coronavirus, 303 in pi\u00f9 rispetto a ieri<\/strong> (293 confermati con tampone molecolare e 10 da test rapido antigenico). I nuovi casi sono lo 0,1% in pi\u00f9 rispetto al totale del giorno precedente. I guariti crescono dello 0,2% e raggiungono quota 257.117 (93,6% dei casi totali). Oggi sono stati eseguiti 7.571 tamponi molecolari e 11.729 tamponi antigenici rapidi, di questi l&#8217;1,6% \u00e8 risultato positivo.<\/p>\n<p>Sono invece 5.701 i soggetti testati oggi (con tampone antigenico e\/o molecolare, escludendo i tamponi di controllo), di cui il 5,3% \u00e8 risultato positivo. <strong>Gli attualmente positivi sono oggi 10.447, -3,2% rispetto a ieri.<\/strong> I ricoverati sono 447 (5 in meno rispetto a ieri), di cui 53 in terapia intensiva (3 in meno). Oggi si registrano 8 nuovi decessi: 4 uomini e 4 donne con un&#8217;et\u00e0 media di 75,6 anni.<\/p>\n<p><strong>Alle 12.00 di oggi sono state effettuate complessivamente 4.976.095 vaccinazioni,<\/strong> 22.665 in pi\u00f9 rispetto a ieri (+0,5%), tenendo presente che le Aziende del Sistema Sanitario Regionale proseguono per l&#8217;intera giornata. La Toscana \u00e8 la 3\u00b0 regione per % di dosi somministrate su quelle consegnate (il 92,6% delle 5.373.035 consegnate), per un tasso di vaccinazioni effettuate di 135.650 per 100mila abitanti (media italiana: 134.075 per 100mila).<\/p>\n<p><strong>L&#8217;et\u00e0 media dei 303 nuovi positivi odierni \u00e8 di 39 anni circa<\/strong> (24% ha meno di 20 anni, 28% tra 20 e 39 anni, 30% tra 40 e 59 anni, 9% tra 60 e 79 anni, 9% ha 80 anni o pi\u00f9).<\/p>\n<h3>I casi di positivit\u00e0 sul territorio<\/h3>\n<p>Di seguito i casi di positivit\u00e0 sul territorio con la variazione rispetto a ieri (293 confermati con tampone molecolare e 10 da test rapido antigenico). Sono 75.946 i casi complessivi ad oggi a Firenze (91 in pi\u00f9 rispetto a ieri), 25.210 a Prato (56 in pi\u00f9), 25.799 a Pistoia (41 in pi\u00f9), 14.515 a Massa (2 in pi\u00f9), 28.241 a Lucca (23 in pi\u00f9), 32.563 a Pisa (28 in pi\u00f9), 20.422 a Livorno (10 in pi\u00f9), 25.187 ad Arezzo (26 in pi\u00f9), 15.485 a Siena (15 in pi\u00f9), 10.684 a Grosseto (11 in pi\u00f9). Sono 555 i casi positivi notificati in Toscana, ma residenti in altre regioni.<\/p>\n<p><strong>Sono 196 i casi riscontrati oggi nell&#8217;Asl Centro, 55 nella Nord Ovest, 52 nella Sud est.<\/strong><\/p>\n<p>La Toscana si trova al 10\u00b0 posto in Italia come numerosit\u00e0 di casi (comprensivi di residenti e non residenti), con circa 7.486 casi per 100.000 abitanti (media italiana circa 7.720 x100.000, dato di ieri). Le province di notifica con il tasso pi\u00f9 alto sono Prato con 9.846 casi x100.000 abitanti, Pistoia con 8.871, Pisa con 7.820, la pi\u00f9 bassa Grosseto con 4.889.<\/p>\n<p>Complessivamente, <strong>10.000 persone sono in isolamento a casa,<\/strong> poich\u00e9 presentano sintomi lievi che non richiedono cure ospedaliere, o risultano prive di sintomi (336 in meno rispetto a ieri, meno 3,3%).\u00a0Sono 12.307 (80 in meno rispetto a ieri, meno 0,6%) le persone, anch&#8217;esse isolate, in sorveglianza attiva perch\u00e9 hanno avuto contatti con persone contagiate (ASL Centro 4.914, Nord Ovest 5.650, Sud Est 1.743).<\/p>\n<p><strong>Le persone ricoverate nei posti letto dedicati ai pazienti COVID oggi sono complessivamente 447<\/strong> (5 in meno rispetto a ieri, meno 1,1%), 53 in terapia intensiva (3 in meno rispetto a ieri, meno 5,4%).<\/p>\n<p><strong>Le persone complessivamente guarite sono 257.117<\/strong> (636 in pi\u00f9 rispetto a ieri, pi\u00f9 0,2%): 0 persone clinicamente guarite (stabili rispetto a ieri), divenute cio\u00e8 asintomatiche dopo aver presentato manifestazioni cliniche associate all&#8217;infezione e 257.117 (636 in pi\u00f9 rispetto a ieri, pi\u00f9 0,2%) dichiarate guarite a tutti gli effetti, le cosiddette guarigioni virali, con tampone negativo.<\/p>\n<h3>I decessi<\/h3>\n<p>Relativamente alla provincia di residenza,<strong> le persone decedute sono\u00a03 a Firenze, 2 a Prato, 1 a Pisa, 2 a Grosseto.<\/strong><\/p>\n<p><strong>Sono 7.043 i deceduti dall&#8217;inizio dell&#8217;epidemia cosi ripartiti:<\/strong> 2.272 a Firenze, 618 a Prato, 647 a Pistoia, 529 a Massa Carrara, 677 a Lucca, 711 a Pisa, 421 a Livorno, 533 ad Arezzo, 346 a Siena, 197 a Grosseto, 92 persone sono decedute sul suolo toscano ma erano residenti fuori regione.<\/p>\n<p>Il tasso grezzo di mortalit\u00e0 toscano (numero di deceduti\/popolazione residente) per Covid-19 \u00e8 di 192,0 x100.000 residenti contro il 218,7 x100.000 della media italiana (12\u00b0 regione). Per quanto riguarda le province,<strong> il tasso di mortalit\u00e0 pi\u00f9 alto si riscontra a Massa Carrara<\/strong> (278,7 x100.000), Prato (241,4 x100.000) e Firenze (230,4 x100.000), il pi\u00f9 basso a Grosseto (90,1 x100.000).<\/p>\n","protected":false},"excerpt":{"rendered":"<p>I ricoverati sono 447 (5 in meno rispetto a ieri), di cui 53 in terapia intensiva (3 in meno), ad oggi sono state effettuate complessivamente 4.976.095 vaccinazioni<\/p>\n","protected":false},"author":525,"featured_media":188674,"comment_status":"open","ping_status":"open","sticky":false,"template":"","format":"standard","meta":{"_acf_changed":false,"footnotes":""},"categories":[494],"tags":[4868,418],"class_list":["post-188669","post","type-post","status-publish","format-standard","has-post-thumbnail","hentry","category-attualita","tag-bollettino-covid-toscana","tag-covid-19"],"acf":[],"yoast_head":"<!-- This site is optimized with the Yoast SEO Premium plugin v24.2 (Yoast SEO v25.6) - https:\/\/yoast.com\/wordpress\/plugins\/seo\/ -->\n<title>Covid-19: in Toscana 303 nuovi casi, et\u00e0 media 39 anni. Otto i decessi - intoscana<\/title>\n<meta name=\"description\" content=\"I ricoverati sono 447 (5 in meno rispetto a ieri), di cui 53 in terapia intensiva (3 in meno), ad oggi sono 4.976.095 le vaccinazioni\" \/>\n<meta name=\"robots\" content=\"index, follow, max-snippet:-1, max-image-preview:large, max-video-preview:-1\" \/>\n<link rel=\"canonical\" href=\"https:\/\/www.intoscana.it\/it\/covid-19-in-toscana-303-nuovi-casi-eta-media-39-anni-otto-i-decessi\/\" \/>\n<meta property=\"og:locale\" content=\"it_IT\" \/>\n<meta property=\"og:type\" content=\"article\" \/>\n<meta property=\"og:title\" content=\"Covid-19: in Toscana 303 nuovi casi, et\u00e0 media 39 anni. Otto i decessi\" \/>\n<meta property=\"og:description\" content=\"I ricoverati sono 447 (5 in meno rispetto a ieri), di cui 53 in terapia intensiva (3 in meno), ad oggi sono 4.976.095 le vaccinazioni\" \/>\n<meta property=\"og:url\" content=\"https:\/\/www.intoscana.it\/it\/covid-19-in-toscana-303-nuovi-casi-eta-media-39-anni-otto-i-decessi\/\" \/>\n<meta property=\"og:site_name\" content=\"intoscana\" \/>\n<meta property=\"article:publisher\" content=\"https:\/\/www.facebook.com\/intoscana.it\" \/>\n<meta property=\"article:published_time\" content=\"2021-09-07T13:55:29+00:00\" \/>\n<meta property=\"article:modified_time\" content=\"2021-09-08T12:41:07+00:00\" \/>\n<meta property=\"og:image\" content=\"https:\/\/www.intoscana.it\/wp-content\/uploads\/mamma-e-figlio-con-mascherina-in-un-supermercato-scaled.jpg\" \/>\n\t<meta property=\"og:image:width\" content=\"2048\" \/>\n\t<meta property=\"og:image:height\" content=\"1365\" \/>\n\t<meta property=\"og:image:type\" content=\"image\/jpeg\" \/>\n<meta name=\"author\" content=\"Redazione\" \/>\n<meta name=\"twitter:card\" content=\"summary_large_image\" \/>\n<meta name=\"twitter:creator\" content=\"@intoscana\" \/>\n<meta name=\"twitter:site\" content=\"@intoscana\" \/>\n<meta name=\"twitter:label1\" content=\"Written by\" \/>\n\t<meta name=\"twitter:data1\" content=\"Redazione\" \/>\n\t<meta name=\"twitter:label2\" content=\"Est. reading time\" \/>\n\t<meta name=\"twitter:data2\" content=\"3 minuti\" \/>\n<script type=\"application\/ld+json\" class=\"yoast-schema-graph\">{\"@context\":\"https:\/\/schema.org\",\"@graph\":[{\"@type\":\"WebPage\",\"@id\":\"https:\/\/www.intoscana.it\/it\/covid-19-in-toscana-303-nuovi-casi-eta-media-39-anni-otto-i-decessi\/\",\"url\":\"https:\/\/www.intoscana.it\/it\/covid-19-in-toscana-303-nuovi-casi-eta-media-39-anni-otto-i-decessi\/\",\"name\":\"Covid-19: in Toscana 303 nuovi casi, et\u00e0 media 39 anni. Otto i decessi - intoscana\",\"isPartOf\":{\"@id\":\"https:\/\/www.intoscana.it\/it\/#website\"},\"primaryImageOfPage\":{\"@id\":\"https:\/\/www.intoscana.it\/it\/covid-19-in-toscana-303-nuovi-casi-eta-media-39-anni-otto-i-decessi\/#primaryimage\"},\"image\":{\"@id\":\"https:\/\/www.intoscana.it\/it\/covid-19-in-toscana-303-nuovi-casi-eta-media-39-anni-otto-i-decessi\/#primaryimage\"},\"thumbnailUrl\":\"https:\/\/www.intoscana.it\/wp-content\/uploads\/mamma-e-figlio-con-mascherina-in-un-supermercato-scaled.jpg\",\"datePublished\":\"2021-09-07T13:55:29+00:00\",\"dateModified\":\"2021-09-08T12:41:07+00:00\",\"author\":{\"@id\":\"https:\/\/www.intoscana.it\/it\/#\/schema\/person\/9223810753230f20bd670fdd322661f8\"},\"description\":\"I ricoverati sono 447 (5 in meno rispetto a ieri), di cui 53 in terapia intensiva (3 in meno), ad oggi sono 4.976.095 le vaccinazioni\",\"breadcrumb\":{\"@id\":\"https:\/\/www.intoscana.it\/it\/covid-19-in-toscana-303-nuovi-casi-eta-media-39-anni-otto-i-decessi\/#breadcrumb\"},\"inLanguage\":\"it-IT\",\"potentialAction\":[{\"@type\":\"ReadAction\",\"target\":[\"https:\/\/www.intoscana.it\/it\/covid-19-in-toscana-303-nuovi-casi-eta-media-39-anni-otto-i-decessi\/\"]}]},{\"@type\":\"ImageObject\",\"inLanguage\":\"it-IT\",\"@id\":\"https:\/\/www.intoscana.it\/it\/covid-19-in-toscana-303-nuovi-casi-eta-media-39-anni-otto-i-decessi\/#primaryimage\",\"url\":\"https:\/\/www.intoscana.it\/wp-content\/uploads\/mamma-e-figlio-con-mascherina-in-un-supermercato-scaled.jpg\",\"contentUrl\":\"https:\/\/www.intoscana.it\/wp-content\/uploads\/mamma-e-figlio-con-mascherina-in-un-supermercato-scaled.jpg\",\"width\":2048,\"height\":1365},{\"@type\":\"BreadcrumbList\",\"@id\":\"https:\/\/www.intoscana.it\/it\/covid-19-in-toscana-303-nuovi-casi-eta-media-39-anni-otto-i-decessi\/#breadcrumb\",\"itemListElement\":[{\"@type\":\"ListItem\",\"position\":1,\"name\":\"Home\",\"item\":\"https:\/\/www.intoscana.it\/it\/\"},{\"@type\":\"ListItem\",\"position\":2,\"name\":\"Covid-19: in Toscana 303 nuovi casi, et\u00e0 media 39 anni. Otto i decessi\"}]},{\"@type\":\"WebSite\",\"@id\":\"https:\/\/www.intoscana.it\/it\/#website\",\"url\":\"https:\/\/www.intoscana.it\/it\/\",\"name\":\"intoscana\",\"description\":\"\",\"potentialAction\":[{\"@type\":\"SearchAction\",\"target\":{\"@type\":\"EntryPoint\",\"urlTemplate\":\"https:\/\/www.intoscana.it\/it\/?s={search_term_string}\"},\"query-input\":{\"@type\":\"PropertyValueSpecification\",\"valueRequired\":true,\"valueName\":\"search_term_string\"}}],\"inLanguage\":\"it-IT\"},{\"@type\":\"Person\",\"@id\":\"https:\/\/www.intoscana.it\/it\/#\/schema\/person\/9223810753230f20bd670fdd322661f8\",\"name\":\"Redazione\",\"url\":\"https:\/\/www.intoscana.it\/it\/author\/redazione\/\"}]}<\/script>\n<!-- \/ Yoast SEO Premium plugin. -->","yoast_head_json":{"title":"Covid-19: in Toscana 303 nuovi casi, et\u00e0 media 39 anni. Otto i decessi - intoscana","description":"I ricoverati sono 447 (5 in meno rispetto a ieri), di cui 53 in terapia intensiva (3 in meno), ad oggi sono 4.976.095 le vaccinazioni","robots":{"index":"index","follow":"follow","max-snippet":"max-snippet:-1","max-image-preview":"max-image-preview:large","max-video-preview":"max-video-preview:-1"},"canonical":"https:\/\/www.intoscana.it\/it\/covid-19-in-toscana-303-nuovi-casi-eta-media-39-anni-otto-i-decessi\/","og_locale":"it_IT","og_type":"article","og_title":"Covid-19: in Toscana 303 nuovi casi, et\u00e0 media 39 anni. Otto i decessi","og_description":"I ricoverati sono 447 (5 in meno rispetto a ieri), di cui 53 in terapia intensiva (3 in meno), ad oggi sono 4.976.095 le vaccinazioni","og_url":"https:\/\/www.intoscana.it\/it\/covid-19-in-toscana-303-nuovi-casi-eta-media-39-anni-otto-i-decessi\/","og_site_name":"intoscana","article_publisher":"https:\/\/www.facebook.com\/intoscana.it","article_published_time":"2021-09-07T13:55:29+00:00","article_modified_time":"2021-09-08T12:41:07+00:00","og_image":[{"width":2048,"height":1365,"url":"https:\/\/www.intoscana.it\/wp-content\/uploads\/mamma-e-figlio-con-mascherina-in-un-supermercato-scaled.jpg","type":"image\/jpeg"}],"author":"Redazione","twitter_card":"summary_large_image","twitter_creator":"@intoscana","twitter_site":"@intoscana","twitter_misc":{"Written by":"Redazione","Est. reading time":"3 minuti"},"schema":{"@context":"https:\/\/schema.org","@graph":[{"@type":"WebPage","@id":"https:\/\/www.intoscana.it\/it\/covid-19-in-toscana-303-nuovi-casi-eta-media-39-anni-otto-i-decessi\/","url":"https:\/\/www.intoscana.it\/it\/covid-19-in-toscana-303-nuovi-casi-eta-media-39-anni-otto-i-decessi\/","name":"Covid-19: in Toscana 303 nuovi casi, et\u00e0 media 39 anni. Otto i decessi - intoscana","isPartOf":{"@id":"https:\/\/www.intoscana.it\/it\/#website"},"primaryImageOfPage":{"@id":"https:\/\/www.intoscana.it\/it\/covid-19-in-toscana-303-nuovi-casi-eta-media-39-anni-otto-i-decessi\/#primaryimage"},"image":{"@id":"https:\/\/www.intoscana.it\/it\/covid-19-in-toscana-303-nuovi-casi-eta-media-39-anni-otto-i-decessi\/#primaryimage"},"thumbnailUrl":"https:\/\/www.intoscana.it\/wp-content\/uploads\/mamma-e-figlio-con-mascherina-in-un-supermercato-scaled.jpg","datePublished":"2021-09-07T13:55:29+00:00","dateModified":"2021-09-08T12:41:07+00:00","author":{"@id":"https:\/\/www.intoscana.it\/it\/#\/schema\/person\/9223810753230f20bd670fdd322661f8"},"description":"I ricoverati sono 447 (5 in meno rispetto a ieri), di cui 53 in terapia intensiva (3 in meno), ad oggi sono 4.976.095 le vaccinazioni","breadcrumb":{"@id":"https:\/\/www.intoscana.it\/it\/covid-19-in-toscana-303-nuovi-casi-eta-media-39-anni-otto-i-decessi\/#breadcrumb"},"inLanguage":"it-IT","potentialAction":[{"@type":"ReadAction","target":["https:\/\/www.intoscana.it\/it\/covid-19-in-toscana-303-nuovi-casi-eta-media-39-anni-otto-i-decessi\/"]}]},{"@type":"ImageObject","inLanguage":"it-IT","@id":"https:\/\/www.intoscana.it\/it\/covid-19-in-toscana-303-nuovi-casi-eta-media-39-anni-otto-i-decessi\/#primaryimage","url":"https:\/\/www.intoscana.it\/wp-content\/uploads\/mamma-e-figlio-con-mascherina-in-un-supermercato-scaled.jpg","contentUrl":"https:\/\/www.intoscana.it\/wp-content\/uploads\/mamma-e-figlio-con-mascherina-in-un-supermercato-scaled.jpg","width":2048,"height":1365},{"@type":"BreadcrumbList","@id":"https:\/\/www.intoscana.it\/it\/covid-19-in-toscana-303-nuovi-casi-eta-media-39-anni-otto-i-decessi\/#breadcrumb","itemListElement":[{"@type":"ListItem","position":1,"name":"Home","item":"https:\/\/www.intoscana.it\/it\/"},{"@type":"ListItem","position":2,"name":"Covid-19: in Toscana 303 nuovi casi, et\u00e0 media 39 anni. Otto i decessi"}]},{"@type":"WebSite","@id":"https:\/\/www.intoscana.it\/it\/#website","url":"https:\/\/www.intoscana.it\/it\/","name":"intoscana","description":"","potentialAction":[{"@type":"SearchAction","target":{"@type":"EntryPoint","urlTemplate":"https:\/\/www.intoscana.it\/it\/?s={search_term_string}"},"query-input":{"@type":"PropertyValueSpecification","valueRequired":true,"valueName":"search_term_string"}}],"inLanguage":"it-IT"},{"@type":"Person","@id":"https:\/\/www.intoscana.it\/it\/#\/schema\/person\/9223810753230f20bd670fdd322661f8","name":"Redazione","url":"https:\/\/www.intoscana.it\/it\/author\/redazione\/"}]}},"_links":{"self":[{"href":"https:\/\/www.intoscana.it\/it\/wp-json\/wp\/v2\/posts\/188669","targetHints":{"allow":["GET"]}}],"collection":[{"href":"https:\/\/www.intoscana.it\/it\/wp-json\/wp\/v2\/posts"}],"about":[{"href":"https:\/\/www.intoscana.it\/it\/wp-json\/wp\/v2\/types\/post"}],"author":[{"embeddable":true,"href":"https:\/\/www.intoscana.it\/it\/wp-json\/wp\/v2\/users\/525"}],"replies":[{"embeddable":true,"href":"https:\/\/www.intoscana.it\/it\/wp-json\/wp\/v2\/comments?post=188669"}],"version-history":[{"count":0,"href":"https:\/\/www.intoscana.it\/it\/wp-json\/wp\/v2\/posts\/188669\/revisions"}],"wp:featuredmedia":[{"embeddable":true,"href":"https:\/\/www.intoscana.it\/it\/wp-json\/wp\/v2\/media\/188674"}],"wp:attachment":[{"href":"https:\/\/www.intoscana.it\/it\/wp-json\/wp\/v2\/media?parent=188669"}],"wp:term":[{"taxonomy":"category","embeddable":true,"href":"https:\/\/www.intoscana.it\/it\/wp-json\/wp\/v2\/categories?post=188669"},{"taxonomy":"post_tag","embeddable":true,"href":"https:\/\/www.intoscana.it\/it\/wp-json\/wp\/v2\/tags?post=188669"}],"curies":[{"name":"wp","href":"https:\/\/api.w.org\/{rel}","templated":true}]}}