{"id":188704,"date":"2021-09-07T16:52:40","date_gmt":"2021-09-07T14:52:40","guid":{"rendered":"https:\/\/www.intoscana.it\/it\/?p=188704"},"modified":"2021-09-07T17:45:00","modified_gmt":"2021-09-07T15:45:00","slug":"calcio-storico-fiorentino-finale-a-porte-chiuse-sabato-11-in-santa-croce-si-sfidano-azzurri-e-verdi","status":"publish","type":"post","link":"https:\/\/www.intoscana.it\/it\/calcio-storico-fiorentino-finale-a-porte-chiuse-sabato-11-in-santa-croce-si-sfidano-azzurri-e-verdi\/","title":{"rendered":"Calcio Storico Fiorentino finale a porte chiuse: sabato 11 in Santa Croce si sfidano Azzurri e Verdi"},"content":{"rendered":"<p>Dopo un anno di stop a causa della pandemia <strong>il Calcio Storico riparte anche se per la prima volta a porte chiuse<\/strong>.<\/p>\n<p><strong>Sabato 11 settembre, a partire dalle 16 in piazza Santa Croce<\/strong>, si disputer\u00e0<strong> la finale del Torneo 2021,<\/strong> la sfida tra <strong>Azzurri di Santa Croce e Verdi di Santo Spirito<\/strong> che\u00a0<strong>sar\u00e0 trasmessa in diretta in tutto il mondo, in streaming e in televisione<\/strong>.<\/p>\n<p><strong>Dopo la rinuncia di Bianchi e Rossi<\/strong> la partita del Calcio Storico di quest\u2019anno <strong>sar\u00e0 giocata tra Azzurri e Verdi<\/strong>\u00a0e sar\u00e0 dedicata a due persone molto amate dal Calcio storico Fiorentino.<\/p>\n<p>Sar\u00e0 &#8216;<strong>Magnifico&#8217; Messere Uberto Bini,<\/strong> scomparso il 10 gennaio 2020, che era presidente dell\u2019associazione 50 Minuti e <strong>la moglie, Dina Berti, sar\u00e0 la &#8216;Leggiadra Madonna&#8217;<\/strong>. &#8216;<strong>Magnifico Messere<\/strong>&#8216; sar\u00e0 anche<strong> Gigi Vitali,<\/strong> scomparso il 27 giugno di quest\u2019anno, per oltre 30 anni capogruppo dei Bandierai degli Uffizi. Sar\u00e0 presente in piazza Santa Croce<strong> Fabrizio Vitali,<\/strong> a sua volta bandieraio e allenatore delle \u201cZanzare\u201d i giovani bandierai, che rappresenter\u00e0 il padre.<\/p>\n<p><em>\u201cQuest\u2019anno c\u2019\u00e8 una novit\u00e0 straordinaria frutto del grande lavoro e impegno di squadra &#8211;<\/em><strong> ha detto il sindaco Dario Nardella <\/strong><em>\u2013: per la prima volta nella storia, il nostro Calcio storico sar\u00e0 visibile in mondovisione grazie al successo del bando di gara che abbiamo lanciato mesi fa e che ha visto vincitrice Indiana Production. Da anni cercavamo di proiettare il Calcio storico a livelli internazionali, ci siamo riusciti e siamo impazienti di vedere la reazione del pubblico.\u00a0Inoltre, sar\u00e0 visibile in chiaro in tutta la Toscana attraverso il broadcast di Tele Iride e Toscana Tv \u2013<\/em><strong> ha continuato il sindaco \u2013<\/strong><em> anche perch\u00e9 per motivi di sicurezza legati alla pandemia Covid non si potr\u00e0 assistere in presenza alla manifestazione, decisione condivisa con le autorit\u00e0 di pubblica sicurezza, prefettura e questura. Per questo, insieme al presidente Pierguidi, invito chiunque a non recarsi in piazza Santa Croce e a seguire l\u2019evento in televisione.<strong> Ora il Calcio storico rinasce alla grande per la prima volta in mondovisione\u201d.<\/strong><\/em><\/p>\n<figure id=\"post-68557 media-68557\" class=\"align-center\"><img decoding=\"async\" src=\"https:\/\/www.intoscana.it\/wp-content\/uploads\/calciostorico.jpg\" alt=\"\" \/><\/figure>\n<h3>Calcio storico 2021: un&#8217;edizione in sicurezza<\/h3>\n<p>Le norme per il contrasto al Covid hanno comportato quest\u2019anno delle novit\u00e0:\u00a0<strong>la partita di sabato si svolger\u00e0 a porte chiuse, senza pubblico,<\/strong> e tutta l\u2019area di Santa Croce sar\u00e0 delimitata da un doppio anello di controlli.<strong> La zona sar\u00e0 interdetta a tutti e l\u2019invito \u00e8 di seguire la partita in televisione.<\/strong><\/p>\n<p><strong>Il Corteo della Repubblica Fiorentina,<\/strong> che tradizionalmente precede la partita con<strong> una parata di oltre 500 personaggi storici<\/strong> in costume rinascimentale, per il rispetto del distanziamento ed evitare assembramenti <strong>sar\u00e0 ridotto a circa 300 persone, tutte con Green Pass<\/strong>, ma garantendo comunque la presenza di tutti i gruppi che lo compongono.<\/p>\n<p><strong>Il Corteo non sfiler\u00e0 per le strade del centro ma si schierer\u00e0 nella piazza<\/strong> partendo da via Magliabechi; dopo l\u2019esibizione dei Musici e dei Bandierai degli Uffizi e il \u201cComando alla Voce\u201d, il Corteo lascer\u00e0 il terreno di gioco per schierarsi intorno al campo su tutta la piazza. Saranno loro a formare la cornice di pubblico intorno a piazza Santa Croce.<\/p>\n<p><strong>Il laboratorio Synlab,<\/strong> sponsor tecnico del Calcio Storico, <strong>ha predisposto uno stretto controllo sui calcianti<\/strong> e su quanti saranno in campo tale da assicurare che <strong>tutti quelli che giocheranno saranno negativi.<\/strong>\u00a0Synlab ha offerto, e curer\u00e0, anche <strong>il servizio di antidoping.<\/strong><\/p>\n<p><em>\u201cDopo un anno di stop causato dalla pandemia e nonostante le difficolt\u00e0 che ancora oggi affrontiamo nel contrastare il virus, siamo pronti a tornare a vivere la nostra tradizione, perch\u00e9 Firenze la ama e la vuole\u201d, <\/em>ha affermato<strong> Michele Pierguidi, presidente del Calcio Storico Fiorentino e consigliere speciale del sindaco alle Tradizioni popolari. &#8220;<\/strong><em>Sappiamo che \u00e8 un anno particolare \u2013<\/em>ha proseguito<em> \u2013 e ci siamo confrontati con i Colori, chiedendo che al loro interno ci fosse un confronto per decidere se giocare o meno. I problemi dati dalla pandemia hanno colpito tutti noi ed era giusto che la decisione fosse libera. Bianchi e Rossi hanno preferito rinunciare, Azzurri e Verdi invece hanno dato disponibilit\u00e0 a giocare. Cos\u00ec abbiamo scelto di rispettare le decisioni di tutti e di organizzare la Finale, con il titolo regolarmente in palio, tra i Colori che hanno scelto di giocare\u201d.<\/em><\/p>\n<h3>Dove e come vedere la partita del Calcio Storico 2021<\/h3>\n<p><strong>La partita sar\u00e0 trasmessa in diretta su internet<\/strong>, in abbonamento e pay per view da <strong>Eleven Sports e da Livenow Italia<\/strong>. Nel resto del mondo sar\u00e0 disponibile, con commento e cronaca in inglese, sempre sulla piattaforma Livenow.<\/p>\n<p>La partita, in diretta o differita, sar\u00e0 anche distribuita dalla piattaforma <strong>Future Renissance in Regno Unito, Australia e Arabia Saudita.<br \/>\n<\/strong><br \/>\nUn secondo bando per i diritti televisivi a livello locale \u00e8 stato vinto da <strong>Toscana Tv e Tele Iride, le due emittenti fiorentine trasmetteranno, in diretta e in chiaro la partita, con una telecronaca dedicata, su tutto il territorio della Toscana.<\/strong><\/p>\n<p>&nbsp;<\/p>\n","protected":false},"excerpt":{"rendered":"<p>La gara in piazza Santa Croce sar\u00e0 trasmesso in diretta in tutto il mondo via internet e in tv grazie agli accordi con Eleven Sports, Livenow Italia, Future Renissance, Toscana Tv e Tele Iride<\/p>\n","protected":false},"author":525,"featured_media":68615,"comment_status":"open","ping_status":"open","sticky":false,"template":"","format":"standard","meta":{"_acf_changed":false,"footnotes":""},"categories":[494],"tags":[4891,4474,202,1999],"class_list":["post-188704","post","type-post","status-publish","format-standard","has-post-thumbnail","hentry","category-attualita","tag-calcio-storico","tag-eventi","tag-firenze","tag-tradizioni"],"acf":[],"yoast_head":"<!-- This site is optimized with the Yoast SEO Premium plugin v24.2 (Yoast SEO v25.6) - https:\/\/yoast.com\/wordpress\/plugins\/seo\/ -->\n<title>Calcio Storico Fiorentino finale a porte chiuse: sabato 11 in Santa Croce si sfidano Azzurri e Verdi - intoscana<\/title>\n<meta name=\"description\" content=\"La gara in piazza Santa Croce sar\u00e0 per la prima volta a porte chiuse ma in diretta in tutto il mondo via internet e in tv\" \/>\n<meta name=\"robots\" content=\"index, follow, max-snippet:-1, max-image-preview:large, max-video-preview:-1\" \/>\n<link rel=\"canonical\" href=\"https:\/\/www.intoscana.it\/it\/calcio-storico-fiorentino-finale-a-porte-chiuse-sabato-11-in-santa-croce-si-sfidano-azzurri-e-verdi\/\" \/>\n<meta property=\"og:locale\" content=\"it_IT\" \/>\n<meta property=\"og:type\" content=\"article\" \/>\n<meta property=\"og:title\" content=\"Calcio Storico Fiorentino finale a porte chiuse: sabato 11 in Santa Croce si sfidano Azzurri e Verdi\" \/>\n<meta property=\"og:description\" content=\"La gara in piazza Santa Croce sar\u00e0 per la prima volta a porte chiuse ma in diretta in tutto il mondo via internet e in tv\" \/>\n<meta property=\"og:url\" content=\"https:\/\/www.intoscana.it\/it\/calcio-storico-fiorentino-finale-a-porte-chiuse-sabato-11-in-santa-croce-si-sfidano-azzurri-e-verdi\/\" \/>\n<meta property=\"og:site_name\" content=\"intoscana\" \/>\n<meta property=\"article:publisher\" content=\"https:\/\/www.facebook.com\/intoscana.it\" \/>\n<meta property=\"article:published_time\" content=\"2021-09-07T14:52:40+00:00\" \/>\n<meta property=\"article:modified_time\" content=\"2021-09-07T15:45:00+00:00\" \/>\n<meta property=\"og:image\" content=\"https:\/\/www.intoscana.it\/wp-content\/uploads\/CALCIO1.jpg\" \/>\n\t<meta property=\"og:image:width\" content=\"1000\" \/>\n\t<meta property=\"og:image:height\" content=\"830\" \/>\n\t<meta property=\"og:image:type\" content=\"image\/jpeg\" \/>\n<meta name=\"author\" content=\"Redazione\" \/>\n<meta name=\"twitter:card\" content=\"summary_large_image\" \/>\n<meta name=\"twitter:creator\" content=\"@intoscana\" \/>\n<meta name=\"twitter:site\" content=\"@intoscana\" \/>\n<meta name=\"twitter:label1\" content=\"Written by\" \/>\n\t<meta name=\"twitter:data1\" content=\"Redazione\" \/>\n\t<meta name=\"twitter:label2\" content=\"Est. reading time\" \/>\n\t<meta name=\"twitter:data2\" content=\"4 minuti\" \/>\n<script type=\"application\/ld+json\" class=\"yoast-schema-graph\">{\"@context\":\"https:\/\/schema.org\",\"@graph\":[{\"@type\":\"WebPage\",\"@id\":\"https:\/\/www.intoscana.it\/it\/calcio-storico-fiorentino-finale-a-porte-chiuse-sabato-11-in-santa-croce-si-sfidano-azzurri-e-verdi\/\",\"url\":\"https:\/\/www.intoscana.it\/it\/calcio-storico-fiorentino-finale-a-porte-chiuse-sabato-11-in-santa-croce-si-sfidano-azzurri-e-verdi\/\",\"name\":\"Calcio Storico Fiorentino finale a porte chiuse: sabato 11 in Santa Croce si sfidano Azzurri e Verdi - intoscana\",\"isPartOf\":{\"@id\":\"https:\/\/www.intoscana.it\/it\/#website\"},\"primaryImageOfPage\":{\"@id\":\"https:\/\/www.intoscana.it\/it\/calcio-storico-fiorentino-finale-a-porte-chiuse-sabato-11-in-santa-croce-si-sfidano-azzurri-e-verdi\/#primaryimage\"},\"image\":{\"@id\":\"https:\/\/www.intoscana.it\/it\/calcio-storico-fiorentino-finale-a-porte-chiuse-sabato-11-in-santa-croce-si-sfidano-azzurri-e-verdi\/#primaryimage\"},\"thumbnailUrl\":\"https:\/\/www.intoscana.it\/wp-content\/uploads\/CALCIO1.jpg\",\"datePublished\":\"2021-09-07T14:52:40+00:00\",\"dateModified\":\"2021-09-07T15:45:00+00:00\",\"author\":{\"@id\":\"https:\/\/www.intoscana.it\/it\/#\/schema\/person\/9223810753230f20bd670fdd322661f8\"},\"description\":\"La gara in piazza Santa Croce sar\u00e0 per la prima volta a porte chiuse ma in diretta in tutto il mondo via internet e in tv\",\"breadcrumb\":{\"@id\":\"https:\/\/www.intoscana.it\/it\/calcio-storico-fiorentino-finale-a-porte-chiuse-sabato-11-in-santa-croce-si-sfidano-azzurri-e-verdi\/#breadcrumb\"},\"inLanguage\":\"it-IT\",\"potentialAction\":[{\"@type\":\"ReadAction\",\"target\":[\"https:\/\/www.intoscana.it\/it\/calcio-storico-fiorentino-finale-a-porte-chiuse-sabato-11-in-santa-croce-si-sfidano-azzurri-e-verdi\/\"]}]},{\"@type\":\"ImageObject\",\"inLanguage\":\"it-IT\",\"@id\":\"https:\/\/www.intoscana.it\/it\/calcio-storico-fiorentino-finale-a-porte-chiuse-sabato-11-in-santa-croce-si-sfidano-azzurri-e-verdi\/#primaryimage\",\"url\":\"https:\/\/www.intoscana.it\/wp-content\/uploads\/CALCIO1.jpg\",\"contentUrl\":\"https:\/\/www.intoscana.it\/wp-content\/uploads\/CALCIO1.jpg\",\"width\":1000,\"height\":830},{\"@type\":\"BreadcrumbList\",\"@id\":\"https:\/\/www.intoscana.it\/it\/calcio-storico-fiorentino-finale-a-porte-chiuse-sabato-11-in-santa-croce-si-sfidano-azzurri-e-verdi\/#breadcrumb\",\"itemListElement\":[{\"@type\":\"ListItem\",\"position\":1,\"name\":\"Home\",\"item\":\"https:\/\/www.intoscana.it\/it\/\"},{\"@type\":\"ListItem\",\"position\":2,\"name\":\"Calcio Storico Fiorentino finale a porte chiuse: sabato 11 in Santa Croce si sfidano Azzurri e Verdi\"}]},{\"@type\":\"WebSite\",\"@id\":\"https:\/\/www.intoscana.it\/it\/#website\",\"url\":\"https:\/\/www.intoscana.it\/it\/\",\"name\":\"intoscana\",\"description\":\"\",\"potentialAction\":[{\"@type\":\"SearchAction\",\"target\":{\"@type\":\"EntryPoint\",\"urlTemplate\":\"https:\/\/www.intoscana.it\/it\/?s={search_term_string}\"},\"query-input\":{\"@type\":\"PropertyValueSpecification\",\"valueRequired\":true,\"valueName\":\"search_term_string\"}}],\"inLanguage\":\"it-IT\"},{\"@type\":\"Person\",\"@id\":\"https:\/\/www.intoscana.it\/it\/#\/schema\/person\/9223810753230f20bd670fdd322661f8\",\"name\":\"Redazione\",\"url\":\"https:\/\/www.intoscana.it\/it\/author\/redazione\/\"}]}<\/script>\n<!-- \/ Yoast SEO Premium plugin. -->","yoast_head_json":{"title":"Calcio Storico Fiorentino finale a porte chiuse: sabato 11 in Santa Croce si sfidano Azzurri e Verdi - intoscana","description":"La gara in piazza Santa Croce sar\u00e0 per la prima volta a porte chiuse ma in diretta in tutto il mondo via internet e in tv","robots":{"index":"index","follow":"follow","max-snippet":"max-snippet:-1","max-image-preview":"max-image-preview:large","max-video-preview":"max-video-preview:-1"},"canonical":"https:\/\/www.intoscana.it\/it\/calcio-storico-fiorentino-finale-a-porte-chiuse-sabato-11-in-santa-croce-si-sfidano-azzurri-e-verdi\/","og_locale":"it_IT","og_type":"article","og_title":"Calcio Storico Fiorentino finale a porte chiuse: sabato 11 in Santa Croce si sfidano Azzurri e Verdi","og_description":"La gara in piazza Santa Croce sar\u00e0 per la prima volta a porte chiuse ma in diretta in tutto il mondo via internet e in tv","og_url":"https:\/\/www.intoscana.it\/it\/calcio-storico-fiorentino-finale-a-porte-chiuse-sabato-11-in-santa-croce-si-sfidano-azzurri-e-verdi\/","og_site_name":"intoscana","article_publisher":"https:\/\/www.facebook.com\/intoscana.it","article_published_time":"2021-09-07T14:52:40+00:00","article_modified_time":"2021-09-07T15:45:00+00:00","og_image":[{"width":1000,"height":830,"url":"https:\/\/www.intoscana.it\/wp-content\/uploads\/CALCIO1.jpg","type":"image\/jpeg"}],"author":"Redazione","twitter_card":"summary_large_image","twitter_creator":"@intoscana","twitter_site":"@intoscana","twitter_misc":{"Written by":"Redazione","Est. reading time":"4 minuti"},"schema":{"@context":"https:\/\/schema.org","@graph":[{"@type":"WebPage","@id":"https:\/\/www.intoscana.it\/it\/calcio-storico-fiorentino-finale-a-porte-chiuse-sabato-11-in-santa-croce-si-sfidano-azzurri-e-verdi\/","url":"https:\/\/www.intoscana.it\/it\/calcio-storico-fiorentino-finale-a-porte-chiuse-sabato-11-in-santa-croce-si-sfidano-azzurri-e-verdi\/","name":"Calcio Storico Fiorentino finale a porte chiuse: sabato 11 in Santa Croce si sfidano Azzurri e Verdi - intoscana","isPartOf":{"@id":"https:\/\/www.intoscana.it\/it\/#website"},"primaryImageOfPage":{"@id":"https:\/\/www.intoscana.it\/it\/calcio-storico-fiorentino-finale-a-porte-chiuse-sabato-11-in-santa-croce-si-sfidano-azzurri-e-verdi\/#primaryimage"},"image":{"@id":"https:\/\/www.intoscana.it\/it\/calcio-storico-fiorentino-finale-a-porte-chiuse-sabato-11-in-santa-croce-si-sfidano-azzurri-e-verdi\/#primaryimage"},"thumbnailUrl":"https:\/\/www.intoscana.it\/wp-content\/uploads\/CALCIO1.jpg","datePublished":"2021-09-07T14:52:40+00:00","dateModified":"2021-09-07T15:45:00+00:00","author":{"@id":"https:\/\/www.intoscana.it\/it\/#\/schema\/person\/9223810753230f20bd670fdd322661f8"},"description":"La gara in piazza Santa Croce sar\u00e0 per la prima volta a porte chiuse ma in diretta in tutto il mondo via internet e in tv","breadcrumb":{"@id":"https:\/\/www.intoscana.it\/it\/calcio-storico-fiorentino-finale-a-porte-chiuse-sabato-11-in-santa-croce-si-sfidano-azzurri-e-verdi\/#breadcrumb"},"inLanguage":"it-IT","potentialAction":[{"@type":"ReadAction","target":["https:\/\/www.intoscana.it\/it\/calcio-storico-fiorentino-finale-a-porte-chiuse-sabato-11-in-santa-croce-si-sfidano-azzurri-e-verdi\/"]}]},{"@type":"ImageObject","inLanguage":"it-IT","@id":"https:\/\/www.intoscana.it\/it\/calcio-storico-fiorentino-finale-a-porte-chiuse-sabato-11-in-santa-croce-si-sfidano-azzurri-e-verdi\/#primaryimage","url":"https:\/\/www.intoscana.it\/wp-content\/uploads\/CALCIO1.jpg","contentUrl":"https:\/\/www.intoscana.it\/wp-content\/uploads\/CALCIO1.jpg","width":1000,"height":830},{"@type":"BreadcrumbList","@id":"https:\/\/www.intoscana.it\/it\/calcio-storico-fiorentino-finale-a-porte-chiuse-sabato-11-in-santa-croce-si-sfidano-azzurri-e-verdi\/#breadcrumb","itemListElement":[{"@type":"ListItem","position":1,"name":"Home","item":"https:\/\/www.intoscana.it\/it\/"},{"@type":"ListItem","position":2,"name":"Calcio Storico Fiorentino finale a porte chiuse: sabato 11 in Santa Croce si sfidano Azzurri e Verdi"}]},{"@type":"WebSite","@id":"https:\/\/www.intoscana.it\/it\/#website","url":"https:\/\/www.intoscana.it\/it\/","name":"intoscana","description":"","potentialAction":[{"@type":"SearchAction","target":{"@type":"EntryPoint","urlTemplate":"https:\/\/www.intoscana.it\/it\/?s={search_term_string}"},"query-input":{"@type":"PropertyValueSpecification","valueRequired":true,"valueName":"search_term_string"}}],"inLanguage":"it-IT"},{"@type":"Person","@id":"https:\/\/www.intoscana.it\/it\/#\/schema\/person\/9223810753230f20bd670fdd322661f8","name":"Redazione","url":"https:\/\/www.intoscana.it\/it\/author\/redazione\/"}]}},"_links":{"self":[{"href":"https:\/\/www.intoscana.it\/it\/wp-json\/wp\/v2\/posts\/188704","targetHints":{"allow":["GET"]}}],"collection":[{"href":"https:\/\/www.intoscana.it\/it\/wp-json\/wp\/v2\/posts"}],"about":[{"href":"https:\/\/www.intoscana.it\/it\/wp-json\/wp\/v2\/types\/post"}],"author":[{"embeddable":true,"href":"https:\/\/www.intoscana.it\/it\/wp-json\/wp\/v2\/users\/525"}],"replies":[{"embeddable":true,"href":"https:\/\/www.intoscana.it\/it\/wp-json\/wp\/v2\/comments?post=188704"}],"version-history":[{"count":0,"href":"https:\/\/www.intoscana.it\/it\/wp-json\/wp\/v2\/posts\/188704\/revisions"}],"wp:featuredmedia":[{"embeddable":true,"href":"https:\/\/www.intoscana.it\/it\/wp-json\/wp\/v2\/media\/68615"}],"wp:attachment":[{"href":"https:\/\/www.intoscana.it\/it\/wp-json\/wp\/v2\/media?parent=188704"}],"wp:term":[{"taxonomy":"category","embeddable":true,"href":"https:\/\/www.intoscana.it\/it\/wp-json\/wp\/v2\/categories?post=188704"},{"taxonomy":"post_tag","embeddable":true,"href":"https:\/\/www.intoscana.it\/it\/wp-json\/wp\/v2\/tags?post=188704"}],"curies":[{"name":"wp","href":"https:\/\/api.w.org\/{rel}","templated":true}]}}