{"id":188789,"date":"2021-09-08T16:21:30","date_gmt":"2021-09-08T14:21:30","guid":{"rendered":"https:\/\/www.intoscana.it\/it\/?p=188789"},"modified":"2021-09-08T16:31:48","modified_gmt":"2021-09-08T14:31:48","slug":"un-nuovo-patto-per-difendere-il-lavoro-giani-e-il-ministro-orlando-firmano-il-protocollo-da-54-milioni-di-euro","status":"publish","type":"post","link":"https:\/\/www.intoscana.it\/it\/un-nuovo-patto-per-difendere-il-lavoro-giani-e-il-ministro-orlando-firmano-il-protocollo-da-54-milioni-di-euro\/","title":{"rendered":"Un nuovo patto per difendere il lavoro:  Giani e il ministro Orlando firmano il protocollo da 54 milioni di euro"},"content":{"rendered":"<p>Un piano per rafforzare le politiche attive sul <strong>lavoro<\/strong> in Toscana, che vuol dire avere pi\u00f9 risorse per intervenire a sostegno di disoccupati, inoccupati e lavoratori di aziende in crisi. <mark>Il nuovo patto per il lavoro firmato dal presidente della Regione, <strong>Eugenio Giani,<\/strong> e dal ministro del Lavoro, <strong>Andrea Orlando<\/strong>, insieme all&#8217;assessora regionale <strong>Alessandra Nardini<\/strong>, questo 8 settembre mette sul tavolo ben 53,8 milioni di euro, arrivati grazie allo sblocco dei 323 milioni di euro da parte del Governo. Alla Toscana \u00e8 toccata la fetta pi\u00f9 grossa.<\/mark><\/p>\n<p>Il piano e le singole misure, a cui si affiancher\u00e0 il percorso di potenziamento dei servizi per l&#8217;impiego &#8211;\u00a0 in fase di perfezionamento da parte di Ministero e Regioni &#8211;\u00a0 saranno concertati con le parti sociali.<\/p>\n<figure id=\"post-188815 media-188815\" class=\"align-none\"><img decoding=\"async\" src=\"https:\/\/www.intoscana.it\/wp-content\/uploads\/PFI_7280-scaled.jpg\" alt=\"\" \/><\/figure>\n<div class=\"titleimg\" style=\"text-align: center;\"><em>Firma del patto per il lavoro tra il presidente Giani,\u00a0 il ministro Orlando e l&#8217;assessora Nardini<\/em><\/div>\n<p><em>&#8220;Non ci possiamo permettere in questo momento di avere risorse ferme bloccate nei cassetti <\/em>&#8211; ha spiegato il ministro\u00a0 Orlando &#8211;<em> e per questo abbiamo sbloccato i fondi che sono necessari ad avviare un percorso di politiche attive, che tra l&#8217;altro vedr\u00e0 nei prossimi mesi un grandissimo investimento:\u00a0 dopo queste risorse ne arriveranno delle altre, complessivamente quasi 5 miliardi\u00a0 sul sostegno a chi cerca lavoro, a chi si deve formare, a chi deve difendere il lavoro&#8221;.<\/em><\/p>\n<h3><em>Sicurezza, delocalizzazioni e ammortizzatori sociali: le altre questioni urgenti sul tavolo<\/em><\/h3>\n<p>Un piano che la Regione intende portare avanti potenziando i servizi per l&#8217;impiego, la formazione e il reinserimento, anche attraverso l&#8217;Agenzia regionale toscana per l&#8217;impiego. Ma non solo, il presidente Giani ha indicato come prioritario anche la <strong>sicurezza sul lavoro<\/strong>, barriera fondamentale contro la tragica scia di morti sul lavoro. <em>&#8220;Accanto all&#8217;occupazione dobbiamo essere molto forti, impegnati, e mettere risorse per garantire i processi di sicurezza con cui il lavoratore pu\u00f2 operare. <mark>Ritengo che al di l\u00e0 degli incentivi\u00a0 sia anche il momento in cui il pubblico interviene per dare alle imprese quelle condizioni che portano a poter investire senza mai mettere in secondo piano la sicurezza<\/mark>. <\/em>Con le risorse del Recovery Fund<em>, &#8220;noi studieremo dei progetti che possano consentire all&#8217;imprenditore di mettere sempre qualcosa in pi\u00f9, e non in meno, per la sicurezza dei luoghi di lavoro\u00a0 e la possibilit\u00e0 che questi processi di sicurezza possano essere accompagnati anche da un diretto intervento del pubblico&#8221;.<\/em><\/p>\n<h3><em>L&#8217;intervento del ministro<\/em><\/h3>\n<p style=\"text-align: center;\"><iframe loading=\"lazy\" title=\"YouTube video player\" src=\"https:\/\/www.youtube.com\/embed\/PEI9VuZP7mw\" width=\"600\" height=\"300\" frameborder=\"0\" allowfullscreen=\"allowfullscreen\"><span data-mce-type=\"bookmark\" style=\"display: inline-block; width: 0px; overflow: hidden; line-height: 0;\" class=\"mce_SELRES_start\">\ufeff<\/span><\/iframe><\/p>\n<p>Altra questione affrontata dal ministro nel corso della giornata, la <strong>cassa integrazione,<\/strong> &#8220;<em>demonizzata<\/em> &#8211; ammette &#8211; <em>ma che pu\u00f2 avere una nuova giovent\u00f9: oggi, se noi la leghiamo a condizionalit\u00e0, la tariamo sulle transizioni, diventa uno strumento essenziale. Mantenere la capacit\u00e0 produttiva e la forza lavoro, mentre si deve cambiare, si deve affrontare il tema della transizione ecologica o quello della transizione digitale, diventa un&#8217;opportunit\u00e0 prima per le imprese che per i lavoratori&#8221;.<\/em><\/p>\n<p>Un altro tema che tocca da vicino la Toscana \u00e8 la discussione sul decreto legge <strong>delocalizzazioni<\/strong> su cui il ministro assicura:\u00a0 <em>&#8220;C&#8217;\u00e8 un confronto tecnico aperto col ministero dello Sviluppo economico, stiamo approfondendo tutti gli aspetti, e credo che arriveremo rapidamente ad una sintesi&#8221;.\u00a0 <\/em>Sostegno da parte del presidente della Regione, Giani che auspica di <em>&#8220;arrivare a una normativa nazionale e interrompere alla radice e all&#8217;inizio quel processo che sta portando ormai a non affrontare pi\u00f9 sul piano delle relazioni sociali le questioni del lavoro e della formazione, ma a dire che un board di una multinazionale di Londra chiude un&#8217;impresa e manda tutti a casa&#8221;.<\/em><\/p>\n<p><strong>I\u00a0 numeri della Toscana<\/strong><\/p>\n<p>Nel 2020 sono stati presi in carico dai Centri per l\u2019impiego 231.793 utenti e sono state erogate 571.394 politiche attive, quindi\u00a0 formazione professionale, attivit\u00e0 di accompagnamento al lavoro e tirocini. Mentre 18.517 sono state le imprese che hanno usufruito dei servizi dei centri.<\/p>\n<p>Nell\u2019ambito del programma Garanzia Giovani, i giovani presi in carico sono stati 107.025. Di questi risultano inseriti nel mercato del lavoro 92.830. Circa l\u201987% dei presi in carico dai Cpi ha ottenuto un\u2019opportunit\u00e0 di lavoro.<\/p>\n<p>La Toscana si avvale di <a href=\"https:\/\/arti.toscana.it\/\">Arti<\/a>,\u00a0 l\u2019agenzia regionale toscana per l\u2019impiego che gestisce un rete che conta oltre 60 tra centri per l\u2019impiego e sportelli territoriali. La dotazione organica del personale \u00e8 fissata a 742 unit\u00e0, ma il piano di potenziamento che il Ministero del Lavoro sta allestendo prevede l\u2019ampliamento della dotazione a circa mille unit\u00e0.<\/p>\n<p>&nbsp;<\/p>\n","protected":false},"excerpt":{"rendered":"<p>Lo scorso anno sono state oltre mezzo milione le politiche attive erogate, dal reinserimento ai tirocini, passando per la formazione. Adesso le azioni si rafforzano. Giani: &#8220;Oltre agli incentivi, dobbiamo sempre garantire la sicurezza&#8221;<\/p>\n","protected":false},"author":545,"featured_media":143289,"comment_status":"open","ping_status":"open","sticky":false,"template":"","format":"standard","meta":{"_acf_changed":false,"footnotes":""},"categories":[494],"tags":[158,260,151],"class_list":["post-188789","post","type-post","status-publish","format-standard","has-post-thumbnail","hentry","category-attualita","tag-eugenio-giani","tag-lavoro","tag-regione-toscana"],"acf":[],"yoast_head":"<!-- This site is optimized with the Yoast SEO Premium plugin v24.2 (Yoast SEO v25.6) - https:\/\/yoast.com\/wordpress\/plugins\/seo\/ -->\n<title>Un nuovo patto per difendere il lavoro: Giani e il ministro Orlando firmano il protocollo da 54 milioni di euro - intoscana<\/title>\n<meta name=\"description\" content=\"Lo scorso anno sono state oltre mezzo milione le politiche attive erogate, dal reinserimento ai tirocini, passando per la formazione. Adesso le azioni si rafforzano. Giani: &quot;Oltre agli incentivi, dobbiamo sempre garantire la sicurezza&quot;\" \/>\n<meta name=\"robots\" content=\"index, follow, max-snippet:-1, max-image-preview:large, max-video-preview:-1\" \/>\n<link rel=\"canonical\" href=\"https:\/\/www.intoscana.it\/it\/un-nuovo-patto-per-difendere-il-lavoro-giani-e-il-ministro-orlando-firmano-il-protocollo-da-54-milioni-di-euro\/\" \/>\n<meta property=\"og:locale\" content=\"it_IT\" \/>\n<meta property=\"og:type\" content=\"article\" \/>\n<meta property=\"og:title\" content=\"Un nuovo patto per difendere il lavoro: Giani e il ministro Orlando firmano il protocollo da 54 milioni di euro\" \/>\n<meta property=\"og:description\" content=\"Lo scorso anno sono state oltre mezzo milione le politiche attive erogate, dal reinserimento ai tirocini, passando per la formazione. Adesso le azioni si rafforzano. Giani: &quot;Oltre agli incentivi, dobbiamo sempre garantire la sicurezza&quot;\" \/>\n<meta property=\"og:url\" content=\"https:\/\/www.intoscana.it\/it\/un-nuovo-patto-per-difendere-il-lavoro-giani-e-il-ministro-orlando-firmano-il-protocollo-da-54-milioni-di-euro\/\" \/>\n<meta property=\"og:site_name\" content=\"intoscana\" \/>\n<meta property=\"article:publisher\" content=\"https:\/\/www.facebook.com\/intoscana.it\" \/>\n<meta property=\"article:published_time\" content=\"2021-09-08T14:21:30+00:00\" \/>\n<meta property=\"article:modified_time\" content=\"2021-09-08T14:31:48+00:00\" \/>\n<meta property=\"og:image\" content=\"https:\/\/www.intoscana.it\/wp-content\/uploads\/lavoro-sicurezza.jpg\" \/>\n\t<meta property=\"og:image:width\" content=\"2000\" \/>\n\t<meta property=\"og:image:height\" content=\"1500\" \/>\n\t<meta property=\"og:image:type\" content=\"image\/jpeg\" \/>\n<meta name=\"author\" content=\"Clara D&#039;Acunto\" \/>\n<meta name=\"twitter:card\" content=\"summary_large_image\" \/>\n<meta name=\"twitter:creator\" content=\"@intoscana\" \/>\n<meta name=\"twitter:site\" content=\"@intoscana\" \/>\n<meta name=\"twitter:label1\" content=\"Written by\" \/>\n\t<meta name=\"twitter:data1\" content=\"Clara D&#039;Acunto\" \/>\n\t<meta name=\"twitter:label2\" content=\"Est. reading time\" \/>\n\t<meta name=\"twitter:data2\" content=\"3 minuti\" \/>\n<script type=\"application\/ld+json\" class=\"yoast-schema-graph\">{\"@context\":\"https:\/\/schema.org\",\"@graph\":[{\"@type\":\"WebPage\",\"@id\":\"https:\/\/www.intoscana.it\/it\/un-nuovo-patto-per-difendere-il-lavoro-giani-e-il-ministro-orlando-firmano-il-protocollo-da-54-milioni-di-euro\/\",\"url\":\"https:\/\/www.intoscana.it\/it\/un-nuovo-patto-per-difendere-il-lavoro-giani-e-il-ministro-orlando-firmano-il-protocollo-da-54-milioni-di-euro\/\",\"name\":\"Un nuovo patto per difendere il lavoro: Giani e il ministro Orlando firmano il protocollo da 54 milioni di euro - intoscana\",\"isPartOf\":{\"@id\":\"https:\/\/www.intoscana.it\/it\/#website\"},\"primaryImageOfPage\":{\"@id\":\"https:\/\/www.intoscana.it\/it\/un-nuovo-patto-per-difendere-il-lavoro-giani-e-il-ministro-orlando-firmano-il-protocollo-da-54-milioni-di-euro\/#primaryimage\"},\"image\":{\"@id\":\"https:\/\/www.intoscana.it\/it\/un-nuovo-patto-per-difendere-il-lavoro-giani-e-il-ministro-orlando-firmano-il-protocollo-da-54-milioni-di-euro\/#primaryimage\"},\"thumbnailUrl\":\"https:\/\/www.intoscana.it\/wp-content\/uploads\/lavoro-sicurezza.jpg\",\"datePublished\":\"2021-09-08T14:21:30+00:00\",\"dateModified\":\"2021-09-08T14:31:48+00:00\",\"author\":{\"@id\":\"https:\/\/www.intoscana.it\/it\/#\/schema\/person\/137419af9ef5d385bde52864a841e6ce\"},\"description\":\"Lo scorso anno sono state oltre mezzo milione le politiche attive erogate, dal reinserimento ai tirocini, passando per la formazione. Adesso le azioni si rafforzano. Giani: \\\"Oltre agli incentivi, dobbiamo sempre garantire la sicurezza\\\"\",\"breadcrumb\":{\"@id\":\"https:\/\/www.intoscana.it\/it\/un-nuovo-patto-per-difendere-il-lavoro-giani-e-il-ministro-orlando-firmano-il-protocollo-da-54-milioni-di-euro\/#breadcrumb\"},\"inLanguage\":\"it-IT\",\"potentialAction\":[{\"@type\":\"ReadAction\",\"target\":[\"https:\/\/www.intoscana.it\/it\/un-nuovo-patto-per-difendere-il-lavoro-giani-e-il-ministro-orlando-firmano-il-protocollo-da-54-milioni-di-euro\/\"]}]},{\"@type\":\"ImageObject\",\"inLanguage\":\"it-IT\",\"@id\":\"https:\/\/www.intoscana.it\/it\/un-nuovo-patto-per-difendere-il-lavoro-giani-e-il-ministro-orlando-firmano-il-protocollo-da-54-milioni-di-euro\/#primaryimage\",\"url\":\"https:\/\/www.intoscana.it\/wp-content\/uploads\/lavoro-sicurezza.jpg\",\"contentUrl\":\"https:\/\/www.intoscana.it\/wp-content\/uploads\/lavoro-sicurezza.jpg\",\"width\":2000,\"height\":1500},{\"@type\":\"BreadcrumbList\",\"@id\":\"https:\/\/www.intoscana.it\/it\/un-nuovo-patto-per-difendere-il-lavoro-giani-e-il-ministro-orlando-firmano-il-protocollo-da-54-milioni-di-euro\/#breadcrumb\",\"itemListElement\":[{\"@type\":\"ListItem\",\"position\":1,\"name\":\"Home\",\"item\":\"https:\/\/www.intoscana.it\/it\/\"},{\"@type\":\"ListItem\",\"position\":2,\"name\":\"Un nuovo patto per difendere il lavoro: Giani e il ministro Orlando firmano il protocollo da 54 milioni di euro\"}]},{\"@type\":\"WebSite\",\"@id\":\"https:\/\/www.intoscana.it\/it\/#website\",\"url\":\"https:\/\/www.intoscana.it\/it\/\",\"name\":\"intoscana\",\"description\":\"\",\"potentialAction\":[{\"@type\":\"SearchAction\",\"target\":{\"@type\":\"EntryPoint\",\"urlTemplate\":\"https:\/\/www.intoscana.it\/it\/?s={search_term_string}\"},\"query-input\":{\"@type\":\"PropertyValueSpecification\",\"valueRequired\":true,\"valueName\":\"search_term_string\"}}],\"inLanguage\":\"it-IT\"},{\"@type\":\"Person\",\"@id\":\"https:\/\/www.intoscana.it\/it\/#\/schema\/person\/137419af9ef5d385bde52864a841e6ce\",\"name\":\"Clara D'Acunto\",\"url\":\"https:\/\/www.intoscana.it\/it\/author\/clara-d_acunto\/\"}]}<\/script>\n<!-- \/ Yoast SEO Premium plugin. -->","yoast_head_json":{"title":"Un nuovo patto per difendere il lavoro: Giani e il ministro Orlando firmano il protocollo da 54 milioni di euro - intoscana","description":"Lo scorso anno sono state oltre mezzo milione le politiche attive erogate, dal reinserimento ai tirocini, passando per la formazione. Adesso le azioni si rafforzano. Giani: \"Oltre agli incentivi, dobbiamo sempre garantire la sicurezza\"","robots":{"index":"index","follow":"follow","max-snippet":"max-snippet:-1","max-image-preview":"max-image-preview:large","max-video-preview":"max-video-preview:-1"},"canonical":"https:\/\/www.intoscana.it\/it\/un-nuovo-patto-per-difendere-il-lavoro-giani-e-il-ministro-orlando-firmano-il-protocollo-da-54-milioni-di-euro\/","og_locale":"it_IT","og_type":"article","og_title":"Un nuovo patto per difendere il lavoro: Giani e il ministro Orlando firmano il protocollo da 54 milioni di euro","og_description":"Lo scorso anno sono state oltre mezzo milione le politiche attive erogate, dal reinserimento ai tirocini, passando per la formazione. Adesso le azioni si rafforzano. Giani: \"Oltre agli incentivi, dobbiamo sempre garantire la sicurezza\"","og_url":"https:\/\/www.intoscana.it\/it\/un-nuovo-patto-per-difendere-il-lavoro-giani-e-il-ministro-orlando-firmano-il-protocollo-da-54-milioni-di-euro\/","og_site_name":"intoscana","article_publisher":"https:\/\/www.facebook.com\/intoscana.it","article_published_time":"2021-09-08T14:21:30+00:00","article_modified_time":"2021-09-08T14:31:48+00:00","og_image":[{"width":2000,"height":1500,"url":"https:\/\/www.intoscana.it\/wp-content\/uploads\/lavoro-sicurezza.jpg","type":"image\/jpeg"}],"author":"Clara D'Acunto","twitter_card":"summary_large_image","twitter_creator":"@intoscana","twitter_site":"@intoscana","twitter_misc":{"Written by":"Clara D'Acunto","Est. reading time":"3 minuti"},"schema":{"@context":"https:\/\/schema.org","@graph":[{"@type":"WebPage","@id":"https:\/\/www.intoscana.it\/it\/un-nuovo-patto-per-difendere-il-lavoro-giani-e-il-ministro-orlando-firmano-il-protocollo-da-54-milioni-di-euro\/","url":"https:\/\/www.intoscana.it\/it\/un-nuovo-patto-per-difendere-il-lavoro-giani-e-il-ministro-orlando-firmano-il-protocollo-da-54-milioni-di-euro\/","name":"Un nuovo patto per difendere il lavoro: Giani e il ministro Orlando firmano il protocollo da 54 milioni di euro - intoscana","isPartOf":{"@id":"https:\/\/www.intoscana.it\/it\/#website"},"primaryImageOfPage":{"@id":"https:\/\/www.intoscana.it\/it\/un-nuovo-patto-per-difendere-il-lavoro-giani-e-il-ministro-orlando-firmano-il-protocollo-da-54-milioni-di-euro\/#primaryimage"},"image":{"@id":"https:\/\/www.intoscana.it\/it\/un-nuovo-patto-per-difendere-il-lavoro-giani-e-il-ministro-orlando-firmano-il-protocollo-da-54-milioni-di-euro\/#primaryimage"},"thumbnailUrl":"https:\/\/www.intoscana.it\/wp-content\/uploads\/lavoro-sicurezza.jpg","datePublished":"2021-09-08T14:21:30+00:00","dateModified":"2021-09-08T14:31:48+00:00","author":{"@id":"https:\/\/www.intoscana.it\/it\/#\/schema\/person\/137419af9ef5d385bde52864a841e6ce"},"description":"Lo scorso anno sono state oltre mezzo milione le politiche attive erogate, dal reinserimento ai tirocini, passando per la formazione. Adesso le azioni si rafforzano. Giani: \"Oltre agli incentivi, dobbiamo sempre garantire la sicurezza\"","breadcrumb":{"@id":"https:\/\/www.intoscana.it\/it\/un-nuovo-patto-per-difendere-il-lavoro-giani-e-il-ministro-orlando-firmano-il-protocollo-da-54-milioni-di-euro\/#breadcrumb"},"inLanguage":"it-IT","potentialAction":[{"@type":"ReadAction","target":["https:\/\/www.intoscana.it\/it\/un-nuovo-patto-per-difendere-il-lavoro-giani-e-il-ministro-orlando-firmano-il-protocollo-da-54-milioni-di-euro\/"]}]},{"@type":"ImageObject","inLanguage":"it-IT","@id":"https:\/\/www.intoscana.it\/it\/un-nuovo-patto-per-difendere-il-lavoro-giani-e-il-ministro-orlando-firmano-il-protocollo-da-54-milioni-di-euro\/#primaryimage","url":"https:\/\/www.intoscana.it\/wp-content\/uploads\/lavoro-sicurezza.jpg","contentUrl":"https:\/\/www.intoscana.it\/wp-content\/uploads\/lavoro-sicurezza.jpg","width":2000,"height":1500},{"@type":"BreadcrumbList","@id":"https:\/\/www.intoscana.it\/it\/un-nuovo-patto-per-difendere-il-lavoro-giani-e-il-ministro-orlando-firmano-il-protocollo-da-54-milioni-di-euro\/#breadcrumb","itemListElement":[{"@type":"ListItem","position":1,"name":"Home","item":"https:\/\/www.intoscana.it\/it\/"},{"@type":"ListItem","position":2,"name":"Un nuovo patto per difendere il lavoro: Giani e il ministro Orlando firmano il protocollo da 54 milioni di euro"}]},{"@type":"WebSite","@id":"https:\/\/www.intoscana.it\/it\/#website","url":"https:\/\/www.intoscana.it\/it\/","name":"intoscana","description":"","potentialAction":[{"@type":"SearchAction","target":{"@type":"EntryPoint","urlTemplate":"https:\/\/www.intoscana.it\/it\/?s={search_term_string}"},"query-input":{"@type":"PropertyValueSpecification","valueRequired":true,"valueName":"search_term_string"}}],"inLanguage":"it-IT"},{"@type":"Person","@id":"https:\/\/www.intoscana.it\/it\/#\/schema\/person\/137419af9ef5d385bde52864a841e6ce","name":"Clara D'Acunto","url":"https:\/\/www.intoscana.it\/it\/author\/clara-d_acunto\/"}]}},"_links":{"self":[{"href":"https:\/\/www.intoscana.it\/it\/wp-json\/wp\/v2\/posts\/188789","targetHints":{"allow":["GET"]}}],"collection":[{"href":"https:\/\/www.intoscana.it\/it\/wp-json\/wp\/v2\/posts"}],"about":[{"href":"https:\/\/www.intoscana.it\/it\/wp-json\/wp\/v2\/types\/post"}],"author":[{"embeddable":true,"href":"https:\/\/www.intoscana.it\/it\/wp-json\/wp\/v2\/users\/545"}],"replies":[{"embeddable":true,"href":"https:\/\/www.intoscana.it\/it\/wp-json\/wp\/v2\/comments?post=188789"}],"version-history":[{"count":0,"href":"https:\/\/www.intoscana.it\/it\/wp-json\/wp\/v2\/posts\/188789\/revisions"}],"wp:featuredmedia":[{"embeddable":true,"href":"https:\/\/www.intoscana.it\/it\/wp-json\/wp\/v2\/media\/143289"}],"wp:attachment":[{"href":"https:\/\/www.intoscana.it\/it\/wp-json\/wp\/v2\/media?parent=188789"}],"wp:term":[{"taxonomy":"category","embeddable":true,"href":"https:\/\/www.intoscana.it\/it\/wp-json\/wp\/v2\/categories?post=188789"},{"taxonomy":"post_tag","embeddable":true,"href":"https:\/\/www.intoscana.it\/it\/wp-json\/wp\/v2\/tags?post=188789"}],"curies":[{"name":"wp","href":"https:\/\/api.w.org\/{rel}","templated":true}]}}