{"id":188801,"date":"2021-09-08T14:35:45","date_gmt":"2021-09-08T12:35:45","guid":{"rendered":"https:\/\/www.intoscana.it\/it\/?p=188801"},"modified":"2021-09-09T17:01:34","modified_gmt":"2021-09-09T15:01:34","slug":"covid-salgono-i-nuovi-casi-oggi-sono-408-due-i-decessi","status":"publish","type":"post","link":"https:\/\/www.intoscana.it\/it\/covid-salgono-i-nuovi-casi-oggi-sono-408-due-i-decessi\/","title":{"rendered":"Covid, salgono i nuovi casi: oggi sono 408. Due i decessi"},"content":{"rendered":"<p>S<strong>ono 408 in pi\u00f9 rispetto a ieri i casi di positivit\u00e0 al Covid registrati in\u00a0 Toscana<\/strong>: 400 confermati con tampone molecolare e 8 da test rapido antigenico. <strong>I nuovi casi sono lo 0,1% in pi\u00f9 rispetto al totale del giorno precedente<\/strong>.<\/p>\n<p>Oggi sono stati eseguiti 9.331 tamponi molecolari e 8.455 tamponi antigenici rapidi, di questi il 2,3% \u00e8 risultato positivo. Sono invece 5.885 i soggetti testati oggi (con tampone antigenico e\/o molecolare, escludendo i tamponi di controllo), di cui il 6,9% \u00e8 risultato positivo. Gli attualmente positivi sono oggi 10.179, -2,6% rispetto a ieri.<\/p>\n<p>L&#8217;et\u00e0 media dei <strong>408 nuovi positivi odierni \u00e8 di 40 anni circ<\/strong>a (20% ha meno di 20 anni, 29% tra 20 e 39 anni, 33% tra 40 e 59 anni, 14% tra 60 e 79 anni, 4% ha 80 anni o pi\u00f9).<\/p>\n<h3>I casi di positivit\u00e0 sul territorio: isolamento, sorveglianza attiva, ricoveri<\/h3>\n<p>Sono 76.043 i casi complessivi ad oggi a Firenze (97 in pi\u00f9 rispetto a ieri), 25.254 a Prato (44 in pi\u00f9), 25.835 a Pistoia (36 in pi\u00f9), 14.541 a Massa Carrara (26 in pi\u00f9), 28.284 a Lucca (43 in pi\u00f9), 32.616 a Pisa (53 in pi\u00f9), 20.452 a Livorno (30 in pi\u00f9), 25.223 ad Arezzo (36 in pi\u00f9), 15.503 a Siena (18 in pi\u00f9), 10.709 a Grosseto (25 in pi\u00f9). Sono 555 i casi positivi notificati in Toscana, ma residenti in altre regioni.<\/p>\n<p>Sono 194 i casi riscontrati oggi nell&#8217;Asl Centro, 135 nella Nord Ovest, 79 nella Sud est.<\/p>\n<p>La Toscana si trova al 10\u00b0 posto in Italia come numerosit\u00e0 di casi (comprensivi di residenti e non residenti), con circa 7.497 casi per 100.000 abitanti (media italiana circa 7.728 x100.000, dato di ieri). Le province di notifica con il tasso pi\u00f9 alto sono Prato con 9.863 casi x100.000 abitanti, Pistoia con 8.884, Pisa con 7.832, la pi\u00f9 bassa Grosseto con 4.900.<\/p>\n<p>Complessivamente, 9.731 persone sono in isolamento a casa, poich\u00e9 presentano sintomi lievi che non richiedono cure ospedaliere, o risultano prive di sintomi (269 in meno rispetto a ieri, meno 2,7%). Sono 12.055 (252 in meno rispetto a ieri, meno 2%) le persone, anch&#8217;esse isolate, in sorveglianza attiva perch\u00e9 hanno avuto contatti con persone contagiate (ASL Centro 4.906, Nord Ovest 5.440, Sud Est 1.709).<\/p>\n<p><strong>Le persone ricoverate nei posti letto dedicati ai pazienti COVID oggi sono complessivamente 448<\/strong> (1 in pi\u00f9 rispetto a ieri, pi\u00f9 0,2%), 56 in terapia intensiva (3 in pi\u00f9 rispetto a ieri, pi\u00f9 5,7%).<\/p>\n<h3>Guarigioni<\/h3>\n<p>Le persone complessivamente guarite sono 257.791 <strong>(674 in pi\u00f9 rispetto a ieri, pi\u00f9 0,3%)<\/strong>: 0 persone clinicamente guarite (stabili rispetto a ieri), divenute cio\u00e8 asintomatiche dopo aver presentato manifestazioni cliniche associate all&#8217;infezione e 257.791 (674 in pi\u00f9 rispetto a ieri, pi\u00f9 0,3%) dichiarate guarite a tutti gli effetti, le cosiddette guarigioni virali, con tampone negativo.<\/p>\n<h3>Decessi<\/h3>\n<p>Purtroppo, <strong>oggi si registrano 2 nuovi decessi: un uomo e una donna con un&#8217;et\u00e0 media di 90 anni.<\/strong><\/p>\n<p>Sono 7.045 i deceduti dall&#8217;inizio dell&#8217;epidemia cosi ripartiti: 2.272 a Firenze, 618 a Prato, 647 a Pistoia, 530 a Massa Carrara, 677 a Lucca, 711 a Pisa, 421 a Livorno, 534 ad Arezzo, 346 a Siena, 197 a Grosseto, 92 persone sono decedute sul suolo toscano ma erano residenti fuori regione.<\/p>\n<p>Il tasso grezzo di mortalit\u00e0 toscano (numero di deceduti\/popolazione residente) per Covid-19 \u00e8 di 192,0 x100.000 residenti contro il 218,8 x100.000 della media italiana (12\u00b0 regione). Per quanto riguarda le province, il tasso di mortalit\u00e0 pi\u00f9 alto si riscontra a Massa Carrara (279,2 x100.000), Prato (241,4 x100.000) e Firenze (230,4 x100.000), il pi\u00f9 basso a Grosseto (90,1 x100.000).<\/p>\n","protected":false},"excerpt":{"rendered":"<p>I nuovi casi sono lo 0,1% in pi\u00f9 rispetto al totale del giorno precedente. In aumento i ricoveri: +3 in terapia intensiva. Oggi si registrano 2 nuovi decessi<\/p>\n","protected":false},"author":525,"featured_media":176250,"comment_status":"open","ping_status":"open","sticky":false,"template":"","format":"standard","meta":{"_acf_changed":false,"footnotes":""},"categories":[494],"tags":[4868,4809],"class_list":["post-188801","post","type-post","status-publish","format-standard","has-post-thumbnail","hentry","category-attualita","tag-bollettino-covid-toscana","tag-covid"],"acf":[],"yoast_head":"<!-- This site is optimized with the Yoast SEO Premium plugin v24.2 (Yoast SEO v25.6) - https:\/\/yoast.com\/wordpress\/plugins\/seo\/ -->\n<title>Covid, salgono i nuovi casi: oggi sono 408. Due i decessi - intoscana<\/title>\n<meta name=\"description\" content=\"I nuovi casi sono lo 0,1% in pi\u00f9 rispetto al totale del giorno precedente. In aumento i ricoveri: +3 in terapia intensiva, 2 nuovi decessi\" \/>\n<meta name=\"robots\" content=\"index, follow, max-snippet:-1, max-image-preview:large, max-video-preview:-1\" \/>\n<link rel=\"canonical\" href=\"https:\/\/www.intoscana.it\/it\/covid-salgono-i-nuovi-casi-oggi-sono-408-due-i-decessi\/\" \/>\n<meta property=\"og:locale\" content=\"it_IT\" \/>\n<meta property=\"og:type\" content=\"article\" \/>\n<meta property=\"og:title\" content=\"Covid, salgono i nuovi casi: oggi sono 408. Due i decessi\" \/>\n<meta property=\"og:description\" content=\"I nuovi casi sono lo 0,1% in pi\u00f9 rispetto al totale del giorno precedente. In aumento i ricoveri: +3 in terapia intensiva, 2 nuovi decessi\" \/>\n<meta property=\"og:url\" content=\"https:\/\/www.intoscana.it\/it\/covid-salgono-i-nuovi-casi-oggi-sono-408-due-i-decessi\/\" \/>\n<meta property=\"og:site_name\" content=\"intoscana\" \/>\n<meta property=\"article:publisher\" content=\"https:\/\/www.facebook.com\/intoscana.it\" \/>\n<meta property=\"article:published_time\" content=\"2021-09-08T12:35:45+00:00\" \/>\n<meta property=\"article:modified_time\" content=\"2021-09-09T15:01:34+00:00\" \/>\n<meta property=\"og:image\" content=\"https:\/\/www.intoscana.it\/wp-content\/uploads\/Abbracci-nelle-Rsa.jpg\" \/>\n\t<meta property=\"og:image:width\" content=\"1279\" \/>\n\t<meta property=\"og:image:height\" content=\"952\" \/>\n\t<meta property=\"og:image:type\" content=\"image\/jpeg\" \/>\n<meta name=\"author\" content=\"Redazione\" \/>\n<meta name=\"twitter:card\" content=\"summary_large_image\" \/>\n<meta name=\"twitter:creator\" content=\"@intoscana\" \/>\n<meta name=\"twitter:site\" content=\"@intoscana\" \/>\n<meta name=\"twitter:label1\" content=\"Written by\" \/>\n\t<meta name=\"twitter:data1\" content=\"Redazione\" \/>\n\t<meta name=\"twitter:label2\" content=\"Est. reading time\" \/>\n\t<meta name=\"twitter:data2\" content=\"2 minuti\" \/>\n<script type=\"application\/ld+json\" class=\"yoast-schema-graph\">{\"@context\":\"https:\/\/schema.org\",\"@graph\":[{\"@type\":\"WebPage\",\"@id\":\"https:\/\/www.intoscana.it\/it\/covid-salgono-i-nuovi-casi-oggi-sono-408-due-i-decessi\/\",\"url\":\"https:\/\/www.intoscana.it\/it\/covid-salgono-i-nuovi-casi-oggi-sono-408-due-i-decessi\/\",\"name\":\"Covid, salgono i nuovi casi: oggi sono 408. Due i decessi - intoscana\",\"isPartOf\":{\"@id\":\"https:\/\/www.intoscana.it\/it\/#website\"},\"primaryImageOfPage\":{\"@id\":\"https:\/\/www.intoscana.it\/it\/covid-salgono-i-nuovi-casi-oggi-sono-408-due-i-decessi\/#primaryimage\"},\"image\":{\"@id\":\"https:\/\/www.intoscana.it\/it\/covid-salgono-i-nuovi-casi-oggi-sono-408-due-i-decessi\/#primaryimage\"},\"thumbnailUrl\":\"https:\/\/www.intoscana.it\/wp-content\/uploads\/Abbracci-nelle-Rsa.jpg\",\"datePublished\":\"2021-09-08T12:35:45+00:00\",\"dateModified\":\"2021-09-09T15:01:34+00:00\",\"author\":{\"@id\":\"https:\/\/www.intoscana.it\/it\/#\/schema\/person\/9223810753230f20bd670fdd322661f8\"},\"description\":\"I nuovi casi sono lo 0,1% in pi\u00f9 rispetto al totale del giorno precedente. In aumento i ricoveri: +3 in terapia intensiva, 2 nuovi decessi\",\"breadcrumb\":{\"@id\":\"https:\/\/www.intoscana.it\/it\/covid-salgono-i-nuovi-casi-oggi-sono-408-due-i-decessi\/#breadcrumb\"},\"inLanguage\":\"it-IT\",\"potentialAction\":[{\"@type\":\"ReadAction\",\"target\":[\"https:\/\/www.intoscana.it\/it\/covid-salgono-i-nuovi-casi-oggi-sono-408-due-i-decessi\/\"]}]},{\"@type\":\"ImageObject\",\"inLanguage\":\"it-IT\",\"@id\":\"https:\/\/www.intoscana.it\/it\/covid-salgono-i-nuovi-casi-oggi-sono-408-due-i-decessi\/#primaryimage\",\"url\":\"https:\/\/www.intoscana.it\/wp-content\/uploads\/Abbracci-nelle-Rsa.jpg\",\"contentUrl\":\"https:\/\/www.intoscana.it\/wp-content\/uploads\/Abbracci-nelle-Rsa.jpg\",\"width\":1279,\"height\":952,\"caption\":\"Abbracci nelle Rsa\"},{\"@type\":\"BreadcrumbList\",\"@id\":\"https:\/\/www.intoscana.it\/it\/covid-salgono-i-nuovi-casi-oggi-sono-408-due-i-decessi\/#breadcrumb\",\"itemListElement\":[{\"@type\":\"ListItem\",\"position\":1,\"name\":\"Home\",\"item\":\"https:\/\/www.intoscana.it\/it\/\"},{\"@type\":\"ListItem\",\"position\":2,\"name\":\"Covid, salgono i nuovi casi: oggi sono 408. Due i decessi\"}]},{\"@type\":\"WebSite\",\"@id\":\"https:\/\/www.intoscana.it\/it\/#website\",\"url\":\"https:\/\/www.intoscana.it\/it\/\",\"name\":\"intoscana\",\"description\":\"\",\"potentialAction\":[{\"@type\":\"SearchAction\",\"target\":{\"@type\":\"EntryPoint\",\"urlTemplate\":\"https:\/\/www.intoscana.it\/it\/?s={search_term_string}\"},\"query-input\":{\"@type\":\"PropertyValueSpecification\",\"valueRequired\":true,\"valueName\":\"search_term_string\"}}],\"inLanguage\":\"it-IT\"},{\"@type\":\"Person\",\"@id\":\"https:\/\/www.intoscana.it\/it\/#\/schema\/person\/9223810753230f20bd670fdd322661f8\",\"name\":\"Redazione\",\"url\":\"https:\/\/www.intoscana.it\/it\/author\/redazione\/\"}]}<\/script>\n<!-- \/ Yoast SEO Premium plugin. -->","yoast_head_json":{"title":"Covid, salgono i nuovi casi: oggi sono 408. Due i decessi - intoscana","description":"I nuovi casi sono lo 0,1% in pi\u00f9 rispetto al totale del giorno precedente. In aumento i ricoveri: +3 in terapia intensiva, 2 nuovi decessi","robots":{"index":"index","follow":"follow","max-snippet":"max-snippet:-1","max-image-preview":"max-image-preview:large","max-video-preview":"max-video-preview:-1"},"canonical":"https:\/\/www.intoscana.it\/it\/covid-salgono-i-nuovi-casi-oggi-sono-408-due-i-decessi\/","og_locale":"it_IT","og_type":"article","og_title":"Covid, salgono i nuovi casi: oggi sono 408. Due i decessi","og_description":"I nuovi casi sono lo 0,1% in pi\u00f9 rispetto al totale del giorno precedente. In aumento i ricoveri: +3 in terapia intensiva, 2 nuovi decessi","og_url":"https:\/\/www.intoscana.it\/it\/covid-salgono-i-nuovi-casi-oggi-sono-408-due-i-decessi\/","og_site_name":"intoscana","article_publisher":"https:\/\/www.facebook.com\/intoscana.it","article_published_time":"2021-09-08T12:35:45+00:00","article_modified_time":"2021-09-09T15:01:34+00:00","og_image":[{"width":1279,"height":952,"url":"https:\/\/www.intoscana.it\/wp-content\/uploads\/Abbracci-nelle-Rsa.jpg","type":"image\/jpeg"}],"author":"Redazione","twitter_card":"summary_large_image","twitter_creator":"@intoscana","twitter_site":"@intoscana","twitter_misc":{"Written by":"Redazione","Est. reading time":"2 minuti"},"schema":{"@context":"https:\/\/schema.org","@graph":[{"@type":"WebPage","@id":"https:\/\/www.intoscana.it\/it\/covid-salgono-i-nuovi-casi-oggi-sono-408-due-i-decessi\/","url":"https:\/\/www.intoscana.it\/it\/covid-salgono-i-nuovi-casi-oggi-sono-408-due-i-decessi\/","name":"Covid, salgono i nuovi casi: oggi sono 408. Due i decessi - intoscana","isPartOf":{"@id":"https:\/\/www.intoscana.it\/it\/#website"},"primaryImageOfPage":{"@id":"https:\/\/www.intoscana.it\/it\/covid-salgono-i-nuovi-casi-oggi-sono-408-due-i-decessi\/#primaryimage"},"image":{"@id":"https:\/\/www.intoscana.it\/it\/covid-salgono-i-nuovi-casi-oggi-sono-408-due-i-decessi\/#primaryimage"},"thumbnailUrl":"https:\/\/www.intoscana.it\/wp-content\/uploads\/Abbracci-nelle-Rsa.jpg","datePublished":"2021-09-08T12:35:45+00:00","dateModified":"2021-09-09T15:01:34+00:00","author":{"@id":"https:\/\/www.intoscana.it\/it\/#\/schema\/person\/9223810753230f20bd670fdd322661f8"},"description":"I nuovi casi sono lo 0,1% in pi\u00f9 rispetto al totale del giorno precedente. In aumento i ricoveri: +3 in terapia intensiva, 2 nuovi decessi","breadcrumb":{"@id":"https:\/\/www.intoscana.it\/it\/covid-salgono-i-nuovi-casi-oggi-sono-408-due-i-decessi\/#breadcrumb"},"inLanguage":"it-IT","potentialAction":[{"@type":"ReadAction","target":["https:\/\/www.intoscana.it\/it\/covid-salgono-i-nuovi-casi-oggi-sono-408-due-i-decessi\/"]}]},{"@type":"ImageObject","inLanguage":"it-IT","@id":"https:\/\/www.intoscana.it\/it\/covid-salgono-i-nuovi-casi-oggi-sono-408-due-i-decessi\/#primaryimage","url":"https:\/\/www.intoscana.it\/wp-content\/uploads\/Abbracci-nelle-Rsa.jpg","contentUrl":"https:\/\/www.intoscana.it\/wp-content\/uploads\/Abbracci-nelle-Rsa.jpg","width":1279,"height":952,"caption":"Abbracci nelle Rsa"},{"@type":"BreadcrumbList","@id":"https:\/\/www.intoscana.it\/it\/covid-salgono-i-nuovi-casi-oggi-sono-408-due-i-decessi\/#breadcrumb","itemListElement":[{"@type":"ListItem","position":1,"name":"Home","item":"https:\/\/www.intoscana.it\/it\/"},{"@type":"ListItem","position":2,"name":"Covid, salgono i nuovi casi: oggi sono 408. Due i decessi"}]},{"@type":"WebSite","@id":"https:\/\/www.intoscana.it\/it\/#website","url":"https:\/\/www.intoscana.it\/it\/","name":"intoscana","description":"","potentialAction":[{"@type":"SearchAction","target":{"@type":"EntryPoint","urlTemplate":"https:\/\/www.intoscana.it\/it\/?s={search_term_string}"},"query-input":{"@type":"PropertyValueSpecification","valueRequired":true,"valueName":"search_term_string"}}],"inLanguage":"it-IT"},{"@type":"Person","@id":"https:\/\/www.intoscana.it\/it\/#\/schema\/person\/9223810753230f20bd670fdd322661f8","name":"Redazione","url":"https:\/\/www.intoscana.it\/it\/author\/redazione\/"}]}},"_links":{"self":[{"href":"https:\/\/www.intoscana.it\/it\/wp-json\/wp\/v2\/posts\/188801","targetHints":{"allow":["GET"]}}],"collection":[{"href":"https:\/\/www.intoscana.it\/it\/wp-json\/wp\/v2\/posts"}],"about":[{"href":"https:\/\/www.intoscana.it\/it\/wp-json\/wp\/v2\/types\/post"}],"author":[{"embeddable":true,"href":"https:\/\/www.intoscana.it\/it\/wp-json\/wp\/v2\/users\/525"}],"replies":[{"embeddable":true,"href":"https:\/\/www.intoscana.it\/it\/wp-json\/wp\/v2\/comments?post=188801"}],"version-history":[{"count":0,"href":"https:\/\/www.intoscana.it\/it\/wp-json\/wp\/v2\/posts\/188801\/revisions"}],"wp:featuredmedia":[{"embeddable":true,"href":"https:\/\/www.intoscana.it\/it\/wp-json\/wp\/v2\/media\/176250"}],"wp:attachment":[{"href":"https:\/\/www.intoscana.it\/it\/wp-json\/wp\/v2\/media?parent=188801"}],"wp:term":[{"taxonomy":"category","embeddable":true,"href":"https:\/\/www.intoscana.it\/it\/wp-json\/wp\/v2\/categories?post=188801"},{"taxonomy":"post_tag","embeddable":true,"href":"https:\/\/www.intoscana.it\/it\/wp-json\/wp\/v2\/tags?post=188801"}],"curies":[{"name":"wp","href":"https:\/\/api.w.org\/{rel}","templated":true}]}}