{"id":189228,"date":"2021-09-11T12:51:32","date_gmt":"2021-09-11T10:51:32","guid":{"rendered":"https:\/\/www.intoscana.it\/it\/?p=189228"},"modified":"2021-09-13T15:33:11","modified_gmt":"2021-09-13T13:33:11","slug":"covid-19-in-toscana-429-nuovi-casi-eta-media-39-anni-tre-i-decessi","status":"publish","type":"post","link":"https:\/\/www.intoscana.it\/it\/covid-19-in-toscana-429-nuovi-casi-eta-media-39-anni-tre-i-decessi\/","title":{"rendered":"Covid-19: in Toscana 429 nuovi casi, et\u00e0 media 39 anni, tre i decessi"},"content":{"rendered":"<p>In<strong> Toscana sono 276.362 i casi di positivit\u00e0 al Coronavirus,<\/strong> 429 in pi\u00f9 rispetto a ieri (415 confermati con tampone molecolare e 14 da test rapido antigenico). I nuovi casi sono lo 0,2% in pi\u00f9 rispetto al totale del giorno precedente. I guariti crescono dello 0,3% e raggiungono quota 259.790 (94% dei casi totali). Oggi sono stati eseguiti 8.372 tamponi molecolari e 11.552 tamponi antigenici rapidi, di questi il 2,2% \u00e8 risultato positivo. Sono invece 6.134 i soggetti testati oggi (con tampone antigenico e\/o molecolare, escludendo i tamponi di controllo), di cui il 7% \u00e8 risultato positivo. Gli attualmente positivi sono oggi 9.515, -2,6% rispetto a ieri. I ricoverati sono 434 (8 in meno rispetto a ieri), di cui 55 in terapia intensiva (2 in meno). <strong>Oggi si registrano 3 nuovi decessi: 2 uomini e una donna con un&#8217;et\u00e0 media di 88,7 anni.<\/strong><\/p>\n<p><strong>L&#8217;et\u00e0 media dei 429 nuovi positivi odierni \u00e8 di 39 anni circa <\/strong>(19% ha meno di 20 anni, 34% tra 20 e 39 anni, 29% tra 40 e 59 anni, 12% tra 60 e 79 anni, 6% ha 80 anni o pi\u00f9).<\/p>\n<h3>I vaccini<\/h3>\n<p><strong>Alle 12.00 di oggi sono state effettuate complessivamente 5.057.851 vaccinazioni,<\/strong> 18.256 in pi\u00f9 rispetto a ieri (+0,4%), tenendo presente che le Aziende del Sistema Sanitario Regionale proseguono per l&#8217;intera giornata. La Toscana \u00e8 la 4\u00b0 regione per % di dosi somministrate su quelle consegnate (il 90,3% delle 5.600.857 consegnate), per un tasso di vaccinazioni effettuate di 137.879 per 100mila abitanti (media italiana: 135.964 per 100mila).<\/p>\n<h3>I casi di positivit\u00e0 sul territorio<\/h3>\n<p>Di seguito i casi di positivit\u00e0 sul territorio con la variazione rispetto a ieri (415 confermati con tampone molecolare e 14 da test rapido antigenico). <strong>Sono 76.441 i casi complessivi ad oggi a Firenze<\/strong> (113 in pi\u00f9 rispetto a ieri), 25.439 a Prato (69 in pi\u00f9), 26.008 a Pistoia (62 in pi\u00f9), 14.589 a Massa (17 in pi\u00f9), 28.384 a Lucca (32 in pi\u00f9), 32.726 a Pisa (45 in pi\u00f9), 20.523 a Livorno (24 in pi\u00f9), 25.297 ad Arezzo (18 in pi\u00f9), 15.627 a Siena (35 in pi\u00f9), 10.773 a Grosseto (14 in pi\u00f9). Sono 555 i casi positivi notificati in Toscana, ma residenti in altre regioni.<\/p>\n<p>Sono 255 i casi riscontrati oggi nell&#8217;Asl Centro, 107 nella Nord Ovest, 67 nella Sud est.<\/p>\n<p><strong>La Toscana si trova al 10\u00b0 posto in Italia come numerosit\u00e0 di casi<\/strong> (comprensivi di residenti e non residenti), con circa 7.534 casi per 100.000 abitanti (media italiana circa 7.757 x100.000, dato di ieri). Le province di notifica con il tasso pi\u00f9 alto sono Prato con 9.935 casi x100.000 abitanti, Pistoia con 8.943, Pisa con 7.859, la pi\u00f9 bassa Grosseto con 4.930.<\/p>\n<p><strong>Complessivamente, 9.081 persone sono in isolamento a casa,<\/strong> poich\u00e9 presentano sintomi lievi che non richiedono cure ospedaliere, o risultano prive di sintomi (249 in meno rispetto a ieri, meno 2,7%).\u00a0Sono 11.875 (162 in meno rispetto a ieri, meno 1,3%) le persone, anch&#8217;esse isolate, in sorveglianza attiva perch\u00e9 hanno avuto contatti con persone contagiate (ASL Centro 4.840, Nord Ovest 5.205, Sud Est 1.830).<\/p>\n<p><strong>Le persone ricoverate nei posti letto<\/strong> dedicati ai pazienti COVID oggi sono complessivamente<strong> 434<\/strong> (8 in meno rispetto a ieri, meno 1,8%), 55 in terapia intensiva (2 in meno rispetto a ieri, meno 3,5%).<\/p>\n<p><strong>Le persone complessivamente guarite sono 259.790<\/strong> (683 in pi\u00f9 rispetto a ieri, pi\u00f9 0,3%): 0 persone clinicamente guarite (stabili rispetto a ieri), divenute cio\u00e8 asintomatiche dopo aver presentato manifestazioni cliniche associate all&#8217;infezione e 259.790 (683 in pi\u00f9 rispetto a ieri, pi\u00f9 0,3%) dichiarate guarite a tutti gli effetti, le cosiddette guarigioni virali, con tampone negativo.<\/p>\n<h3>I decessi<\/h3>\n<p>Relativamente alla provincia di residenza delle <strong>3 persone decedute, 1 \u00e8 a Firenze, 1 a Pisa, 1 a Siena.<\/strong><\/p>\n<p><strong>Sono 7.057 i deceduti dall&#8217;inizio dell&#8217;epidemia<\/strong> cosi ripartiti: 2.278 a Firenze, 618 a Prato, 649 a Pistoia, 530 a Massa Carrara, 677 a Lucca, 712 a Pisa, 421 a Livorno, 536 ad Arezzo, 347 a Siena, 197 a Grosseto, 92 persone sono decedute sul suolo toscano ma erano residenti fuori regione.<\/p>\n<p>Il tasso grezzo di mortalit\u00e0 toscano (numero di deceduti\/popolazione residente) per Covid-19 \u00e8 di 192,4 x100.000 residenti contro il 219,1 x100.000 della media italiana (12\u00b0 regione). Per quanto riguarda le province, il tasso di mortalit\u00e0 pi\u00f9 alto si riscontra a Massa Carrara (279,2 x100.000), Prato (241,4 x100.000) e Firenze (231,0 x100.000), il pi\u00f9 basso a Grosseto (90,1 x100.000).<\/p>\n","protected":false},"excerpt":{"rendered":"<p>I ricoverati sono 434 (8 in meno rispetto a ieri), di cui 55 in terapia intensiva (2 in meno)<\/p>\n","protected":false},"author":525,"featured_media":158900,"comment_status":"open","ping_status":"open","sticky":false,"template":"","format":"standard","meta":{"_acf_changed":false,"footnotes":""},"categories":[494],"tags":[4868,418],"class_list":["post-189228","post","type-post","status-publish","format-standard","has-post-thumbnail","hentry","category-attualita","tag-bollettino-covid-toscana","tag-covid-19"],"acf":[],"yoast_head":"<!-- This site is optimized with the Yoast SEO Premium plugin v24.2 (Yoast SEO v25.6) - https:\/\/yoast.com\/wordpress\/plugins\/seo\/ -->\n<title>Covid-19: in Toscana 429 nuovi casi, et\u00e0 media 39 anni, tre i decessi - intoscana<\/title>\n<meta name=\"description\" content=\"I ricoverati sono 434 (8 in meno rispetto a ieri), di cui 55 in terapia intensiva (2 in meno)\" \/>\n<meta name=\"robots\" content=\"index, follow, max-snippet:-1, max-image-preview:large, max-video-preview:-1\" \/>\n<link rel=\"canonical\" href=\"https:\/\/www.intoscana.it\/it\/covid-19-in-toscana-429-nuovi-casi-eta-media-39-anni-tre-i-decessi\/\" \/>\n<meta property=\"og:locale\" content=\"it_IT\" \/>\n<meta property=\"og:type\" content=\"article\" \/>\n<meta property=\"og:title\" content=\"Covid-19: in Toscana 429 nuovi casi, et\u00e0 media 39 anni, tre i decessi\" \/>\n<meta property=\"og:description\" content=\"I ricoverati sono 434 (8 in meno rispetto a ieri), di cui 55 in terapia intensiva (2 in meno)\" \/>\n<meta property=\"og:url\" content=\"https:\/\/www.intoscana.it\/it\/covid-19-in-toscana-429-nuovi-casi-eta-media-39-anni-tre-i-decessi\/\" \/>\n<meta property=\"og:site_name\" content=\"intoscana\" \/>\n<meta property=\"article:publisher\" content=\"https:\/\/www.facebook.com\/intoscana.it\" \/>\n<meta property=\"article:published_time\" content=\"2021-09-11T10:51:32+00:00\" \/>\n<meta property=\"article:modified_time\" content=\"2021-09-13T13:33:11+00:00\" \/>\n<meta property=\"og:image\" content=\"https:\/\/www.intoscana.it\/wp-content\/uploads\/bambino-mascherina-covid-scaled.jpg\" \/>\n\t<meta property=\"og:image:width\" content=\"2048\" \/>\n\t<meta property=\"og:image:height\" content=\"1277\" \/>\n\t<meta property=\"og:image:type\" content=\"image\/jpeg\" \/>\n<meta name=\"author\" content=\"Redazione\" \/>\n<meta name=\"twitter:card\" content=\"summary_large_image\" \/>\n<meta name=\"twitter:creator\" content=\"@intoscana\" \/>\n<meta name=\"twitter:site\" content=\"@intoscana\" \/>\n<meta name=\"twitter:label1\" content=\"Written by\" \/>\n\t<meta name=\"twitter:data1\" content=\"Redazione\" \/>\n\t<meta name=\"twitter:label2\" content=\"Est. reading time\" \/>\n\t<meta name=\"twitter:data2\" content=\"3 minuti\" \/>\n<script type=\"application\/ld+json\" class=\"yoast-schema-graph\">{\"@context\":\"https:\/\/schema.org\",\"@graph\":[{\"@type\":\"WebPage\",\"@id\":\"https:\/\/www.intoscana.it\/it\/covid-19-in-toscana-429-nuovi-casi-eta-media-39-anni-tre-i-decessi\/\",\"url\":\"https:\/\/www.intoscana.it\/it\/covid-19-in-toscana-429-nuovi-casi-eta-media-39-anni-tre-i-decessi\/\",\"name\":\"Covid-19: in Toscana 429 nuovi casi, et\u00e0 media 39 anni, tre i decessi - intoscana\",\"isPartOf\":{\"@id\":\"https:\/\/www.intoscana.it\/it\/#website\"},\"primaryImageOfPage\":{\"@id\":\"https:\/\/www.intoscana.it\/it\/covid-19-in-toscana-429-nuovi-casi-eta-media-39-anni-tre-i-decessi\/#primaryimage\"},\"image\":{\"@id\":\"https:\/\/www.intoscana.it\/it\/covid-19-in-toscana-429-nuovi-casi-eta-media-39-anni-tre-i-decessi\/#primaryimage\"},\"thumbnailUrl\":\"https:\/\/www.intoscana.it\/wp-content\/uploads\/bambino-mascherina-covid-scaled.jpg\",\"datePublished\":\"2021-09-11T10:51:32+00:00\",\"dateModified\":\"2021-09-13T13:33:11+00:00\",\"author\":{\"@id\":\"https:\/\/www.intoscana.it\/it\/#\/schema\/person\/9223810753230f20bd670fdd322661f8\"},\"description\":\"I ricoverati sono 434 (8 in meno rispetto a ieri), di cui 55 in terapia intensiva (2 in meno)\",\"breadcrumb\":{\"@id\":\"https:\/\/www.intoscana.it\/it\/covid-19-in-toscana-429-nuovi-casi-eta-media-39-anni-tre-i-decessi\/#breadcrumb\"},\"inLanguage\":\"it-IT\",\"potentialAction\":[{\"@type\":\"ReadAction\",\"target\":[\"https:\/\/www.intoscana.it\/it\/covid-19-in-toscana-429-nuovi-casi-eta-media-39-anni-tre-i-decessi\/\"]}]},{\"@type\":\"ImageObject\",\"inLanguage\":\"it-IT\",\"@id\":\"https:\/\/www.intoscana.it\/it\/covid-19-in-toscana-429-nuovi-casi-eta-media-39-anni-tre-i-decessi\/#primaryimage\",\"url\":\"https:\/\/www.intoscana.it\/wp-content\/uploads\/bambino-mascherina-covid-scaled.jpg\",\"contentUrl\":\"https:\/\/www.intoscana.it\/wp-content\/uploads\/bambino-mascherina-covid-scaled.jpg\",\"width\":2048,\"height\":1277},{\"@type\":\"BreadcrumbList\",\"@id\":\"https:\/\/www.intoscana.it\/it\/covid-19-in-toscana-429-nuovi-casi-eta-media-39-anni-tre-i-decessi\/#breadcrumb\",\"itemListElement\":[{\"@type\":\"ListItem\",\"position\":1,\"name\":\"Home\",\"item\":\"https:\/\/www.intoscana.it\/it\/\"},{\"@type\":\"ListItem\",\"position\":2,\"name\":\"Covid-19: in Toscana 429 nuovi casi, et\u00e0 media 39 anni, tre i decessi\"}]},{\"@type\":\"WebSite\",\"@id\":\"https:\/\/www.intoscana.it\/it\/#website\",\"url\":\"https:\/\/www.intoscana.it\/it\/\",\"name\":\"intoscana\",\"description\":\"\",\"potentialAction\":[{\"@type\":\"SearchAction\",\"target\":{\"@type\":\"EntryPoint\",\"urlTemplate\":\"https:\/\/www.intoscana.it\/it\/?s={search_term_string}\"},\"query-input\":{\"@type\":\"PropertyValueSpecification\",\"valueRequired\":true,\"valueName\":\"search_term_string\"}}],\"inLanguage\":\"it-IT\"},{\"@type\":\"Person\",\"@id\":\"https:\/\/www.intoscana.it\/it\/#\/schema\/person\/9223810753230f20bd670fdd322661f8\",\"name\":\"Redazione\",\"url\":\"https:\/\/www.intoscana.it\/it\/author\/redazione\/\"}]}<\/script>\n<!-- \/ Yoast SEO Premium plugin. -->","yoast_head_json":{"title":"Covid-19: in Toscana 429 nuovi casi, et\u00e0 media 39 anni, tre i decessi - intoscana","description":"I ricoverati sono 434 (8 in meno rispetto a ieri), di cui 55 in terapia intensiva (2 in meno)","robots":{"index":"index","follow":"follow","max-snippet":"max-snippet:-1","max-image-preview":"max-image-preview:large","max-video-preview":"max-video-preview:-1"},"canonical":"https:\/\/www.intoscana.it\/it\/covid-19-in-toscana-429-nuovi-casi-eta-media-39-anni-tre-i-decessi\/","og_locale":"it_IT","og_type":"article","og_title":"Covid-19: in Toscana 429 nuovi casi, et\u00e0 media 39 anni, tre i decessi","og_description":"I ricoverati sono 434 (8 in meno rispetto a ieri), di cui 55 in terapia intensiva (2 in meno)","og_url":"https:\/\/www.intoscana.it\/it\/covid-19-in-toscana-429-nuovi-casi-eta-media-39-anni-tre-i-decessi\/","og_site_name":"intoscana","article_publisher":"https:\/\/www.facebook.com\/intoscana.it","article_published_time":"2021-09-11T10:51:32+00:00","article_modified_time":"2021-09-13T13:33:11+00:00","og_image":[{"width":2048,"height":1277,"url":"https:\/\/www.intoscana.it\/wp-content\/uploads\/bambino-mascherina-covid-scaled.jpg","type":"image\/jpeg"}],"author":"Redazione","twitter_card":"summary_large_image","twitter_creator":"@intoscana","twitter_site":"@intoscana","twitter_misc":{"Written by":"Redazione","Est. reading time":"3 minuti"},"schema":{"@context":"https:\/\/schema.org","@graph":[{"@type":"WebPage","@id":"https:\/\/www.intoscana.it\/it\/covid-19-in-toscana-429-nuovi-casi-eta-media-39-anni-tre-i-decessi\/","url":"https:\/\/www.intoscana.it\/it\/covid-19-in-toscana-429-nuovi-casi-eta-media-39-anni-tre-i-decessi\/","name":"Covid-19: in Toscana 429 nuovi casi, et\u00e0 media 39 anni, tre i decessi - intoscana","isPartOf":{"@id":"https:\/\/www.intoscana.it\/it\/#website"},"primaryImageOfPage":{"@id":"https:\/\/www.intoscana.it\/it\/covid-19-in-toscana-429-nuovi-casi-eta-media-39-anni-tre-i-decessi\/#primaryimage"},"image":{"@id":"https:\/\/www.intoscana.it\/it\/covid-19-in-toscana-429-nuovi-casi-eta-media-39-anni-tre-i-decessi\/#primaryimage"},"thumbnailUrl":"https:\/\/www.intoscana.it\/wp-content\/uploads\/bambino-mascherina-covid-scaled.jpg","datePublished":"2021-09-11T10:51:32+00:00","dateModified":"2021-09-13T13:33:11+00:00","author":{"@id":"https:\/\/www.intoscana.it\/it\/#\/schema\/person\/9223810753230f20bd670fdd322661f8"},"description":"I ricoverati sono 434 (8 in meno rispetto a ieri), di cui 55 in terapia intensiva (2 in meno)","breadcrumb":{"@id":"https:\/\/www.intoscana.it\/it\/covid-19-in-toscana-429-nuovi-casi-eta-media-39-anni-tre-i-decessi\/#breadcrumb"},"inLanguage":"it-IT","potentialAction":[{"@type":"ReadAction","target":["https:\/\/www.intoscana.it\/it\/covid-19-in-toscana-429-nuovi-casi-eta-media-39-anni-tre-i-decessi\/"]}]},{"@type":"ImageObject","inLanguage":"it-IT","@id":"https:\/\/www.intoscana.it\/it\/covid-19-in-toscana-429-nuovi-casi-eta-media-39-anni-tre-i-decessi\/#primaryimage","url":"https:\/\/www.intoscana.it\/wp-content\/uploads\/bambino-mascherina-covid-scaled.jpg","contentUrl":"https:\/\/www.intoscana.it\/wp-content\/uploads\/bambino-mascherina-covid-scaled.jpg","width":2048,"height":1277},{"@type":"BreadcrumbList","@id":"https:\/\/www.intoscana.it\/it\/covid-19-in-toscana-429-nuovi-casi-eta-media-39-anni-tre-i-decessi\/#breadcrumb","itemListElement":[{"@type":"ListItem","position":1,"name":"Home","item":"https:\/\/www.intoscana.it\/it\/"},{"@type":"ListItem","position":2,"name":"Covid-19: in Toscana 429 nuovi casi, et\u00e0 media 39 anni, tre i decessi"}]},{"@type":"WebSite","@id":"https:\/\/www.intoscana.it\/it\/#website","url":"https:\/\/www.intoscana.it\/it\/","name":"intoscana","description":"","potentialAction":[{"@type":"SearchAction","target":{"@type":"EntryPoint","urlTemplate":"https:\/\/www.intoscana.it\/it\/?s={search_term_string}"},"query-input":{"@type":"PropertyValueSpecification","valueRequired":true,"valueName":"search_term_string"}}],"inLanguage":"it-IT"},{"@type":"Person","@id":"https:\/\/www.intoscana.it\/it\/#\/schema\/person\/9223810753230f20bd670fdd322661f8","name":"Redazione","url":"https:\/\/www.intoscana.it\/it\/author\/redazione\/"}]}},"_links":{"self":[{"href":"https:\/\/www.intoscana.it\/it\/wp-json\/wp\/v2\/posts\/189228","targetHints":{"allow":["GET"]}}],"collection":[{"href":"https:\/\/www.intoscana.it\/it\/wp-json\/wp\/v2\/posts"}],"about":[{"href":"https:\/\/www.intoscana.it\/it\/wp-json\/wp\/v2\/types\/post"}],"author":[{"embeddable":true,"href":"https:\/\/www.intoscana.it\/it\/wp-json\/wp\/v2\/users\/525"}],"replies":[{"embeddable":true,"href":"https:\/\/www.intoscana.it\/it\/wp-json\/wp\/v2\/comments?post=189228"}],"version-history":[{"count":0,"href":"https:\/\/www.intoscana.it\/it\/wp-json\/wp\/v2\/posts\/189228\/revisions"}],"wp:featuredmedia":[{"embeddable":true,"href":"https:\/\/www.intoscana.it\/it\/wp-json\/wp\/v2\/media\/158900"}],"wp:attachment":[{"href":"https:\/\/www.intoscana.it\/it\/wp-json\/wp\/v2\/media?parent=189228"}],"wp:term":[{"taxonomy":"category","embeddable":true,"href":"https:\/\/www.intoscana.it\/it\/wp-json\/wp\/v2\/categories?post=189228"},{"taxonomy":"post_tag","embeddable":true,"href":"https:\/\/www.intoscana.it\/it\/wp-json\/wp\/v2\/tags?post=189228"}],"curies":[{"name":"wp","href":"https:\/\/api.w.org\/{rel}","templated":true}]}}