{"id":189420,"date":"2021-09-14T13:11:21","date_gmt":"2021-09-14T11:11:21","guid":{"rendered":"https:\/\/www.intoscana.it\/it\/?p=189420"},"modified":"2021-09-14T13:11:21","modified_gmt":"2021-09-14T11:11:21","slug":"covid-in-toscana-279-nuovi-casi-attualmente-i-positivi-sono-9-084","status":"publish","type":"post","link":"https:\/\/www.intoscana.it\/it\/covid-in-toscana-279-nuovi-casi-attualmente-i-positivi-sono-9-084\/","title":{"rendered":"Covid, in Toscana 279 nuovi casi. Attualmente i positivi sono 9.084"},"content":{"rendered":"<p>In Toscana sono 277.279 i casi di positivit\u00e0 al Coronavirus, <strong>279 in pi\u00f9<\/strong> rispetto a ieri (266 confermati con tampone molecolare e 13 da test rapido antigenico). I nuovi casi sono lo 0,1% in pi\u00f9 rispetto al totale del giorno precedente. L&#8217;et\u00e0 media \u00e8 di <strong>38 anni circa<\/strong> (23% ha meno di 20 anni, 31% tra 20 e 39 anni, 28% tra 40 e 59 anni, 13% tra 60 e 79 anni, 5% ha 80 anni o pi\u00f9).<\/p>\n<p>I guariti crescono dello 0,2% e raggiungono quota 261.126 (94,2% dei casi totali). <mark>Oggi sono stati eseguiti 7.099 tamponi molecolari e 10.417 tamponi antigenici rapidi, di questi l&#8217;1,6% \u00e8 risultato positivo. Sono invece 5.173 i soggetti testati oggi (con tampone antigenico e\/o molecolare, escludendo i tamponi di controllo), di cui il 5,4% \u00e8 risultato positivo<\/mark>. Gli <strong>attualmente positivi sono oggi 9.084<\/strong>, -3,1% rispetto a ieri. I ricoverati sono 420 (16 in meno rispetto a ieri), di cui 57 in terapia intensiva (1 in pi\u00f9).<\/p>\n<h3>Numerosit\u00e0 di casi sul territorio<\/h3>\n<p>Di seguito i casi di <strong>positivit\u00e0 sul territorio<\/strong> con la variazione rispetto a ieri (266 confermati con tampone molecolare e 13 da test rapido antigenico). Sono 76.708 i casi complessivi ad oggi a Firenze (91 in pi\u00f9 rispetto a ieri), 25.577 a Prato (49 in pi\u00f9), 26.094 a Pistoia (31 in pi\u00f9), 14.617 a Massa-Carrara (3 in pi\u00f9), 28.449 a Lucca (29 in pi\u00f9), 32.796 a Pisa (19 in pi\u00f9), 20.589 a Livorno (19 in pi\u00f9), 25.343 ad Arezzo (16 in pi\u00f9), 15.731 a Siena (19 in pi\u00f9), 10.820 a Grosseto (3 in pi\u00f9). Sono 555 i casi positivi notificati in Toscana, ma residenti in altre regioni. Sono 177 i casi riscontrati oggi nell&#8217;Asl Centro, 64 nella Nord Ovest, 38 nella Sud est.<\/p>\n<p>La Toscana si trova al <strong>10\u00b0 posto in Italia come numerosit\u00e0 di casi<\/strong> (comprensivi di residenti e non residenti), con circa 7.559 casi per 100.000 abitanti (media italiana circa 7.778 per 100.000, dato di ieri). Le province di notifica con il tasso pi\u00f9 alto sono Prato con 9.989 casi per 100.000 abitanti, Pistoia con 8.973, Pisa con 7.876, la pi\u00f9 bassa Grosseto con 4.951.<\/p>\n<h3>Isolamento, guarigioni e ricoveri<\/h3>\n<p>Complessivamente, <strong>8.664 persone sono in isolamento a casa<\/strong>, poich\u00e9 presentano sintomi lievi che non richiedono cure ospedaliere, o risultano prive di sintomi (278 in meno rispetto a ieri, meno 3,1%). Sono 11.712 (13 in pi\u00f9 rispetto a ieri, pi\u00f9 0,1%) le persone, anch&#8217;esse isolate, in sorveglianza attiva perch\u00e9 hanno avuto contatti con persone contagiate (ASL Centro 4.831, Nord Ovest 5.166, Sud Est 1.715).<\/p>\n<p><mark>Le persone ricoverate nei posti letto dedicati ai pazienti Covid oggi sono complessivamente 420 (16 in meno rispetto a ieri, meno 3,7%), 57 in terapia intensiva (1 in pi\u00f9 rispetto a ieri, pi\u00f9 1,8%)<\/mark>. Le persone <strong>complessivamente guarite<\/strong> sono <strong>261.126<\/strong> (567 in pi\u00f9 rispetto a ieri, pi\u00f9 0,2%): 0 persone clinicamente guarite (stabili rispetto a ieri), divenute cio\u00e8 asintomatiche dopo aver presentato manifestazioni cliniche associate all&#8217;infezione e 261.126 (567 in pi\u00f9 rispetto a ieri, pi\u00f9 0,2%) dichiarate guarite a tutti gli effetti, le cosiddette guarigioni virali, con tampone negativo.<\/p>\n<h3>Mortalit\u00e0<\/h3>\n<p><mark>Oggi si registrano 6 nuovi decessi: 5 uomini e una donna con un&#8217;et\u00e0 media di 82,7 anni<\/mark>. Relativamente alla provincia di residenza, le sei persone decedute sono: 2 a Firenze, 1 a Prato, 2 a Livorno, 1 a Grosseto. Sono <strong>7.069 i deceduti dall&#8217;inizio dell&#8217;epidemia<\/strong> cosi ripartiti: 2.281 a Firenze, 620 a Prato, 650 a Pistoia, 530 a Massa-Carrara, 678 a Lucca, 712 a Pisa, 423 a Livorno, 536 ad Arezzo, 349 a Siena, 198 a Grosseto, 92 persone sono decedute sul suolo toscano ma erano residenti fuori regione.<\/p>\n<p>Il <strong>tasso grezzo di mortalit\u00e0 toscano<\/strong> (numero di deceduti\/popolazione residente) per Covid-19 \u00e8 di 192,7 per 100.000 residenti contro il 219,3 per 100.000 della media italiana (12\u00b0 regione). Per quanto riguarda le province, il tasso di mortalit\u00e0 pi\u00f9 alto si riscontra a Massa-Carrara (279,2 per 100.000), Prato (242,1 per 100.000) e Firenze (231,3 per 100.000), il pi\u00f9 basso a Grosseto (90,6 per 100.000).<\/p>\n<p>I dati sono visibili sul sito dell&#8217;Agenzia regionale di sanit\u00e0 all&#8217;indirizzo <a href=\"http:\/\/www.ars.toscana.it\/covid19\" target=\"_blank\" rel=\"noopener\">www.ars.toscana.it\/covid19<\/a>.<\/p>\n","protected":false},"excerpt":{"rendered":"<p>Calano i ricoveri 420 (16 in meno rispetto a ieri). Eseguiti 7.099 tamponi molecolari e 10.417 tamponi antigenici rapidi (l&#8217;1,6% \u00e8 risultato positivo). Sei i decessi registrati nelle ultime 24 ore<\/p>\n","protected":false},"author":525,"featured_media":189424,"comment_status":"open","ping_status":"open","sticky":false,"template":"","format":"standard","meta":{"_acf_changed":false,"footnotes":""},"categories":[494],"tags":[4868,418],"class_list":["post-189420","post","type-post","status-publish","format-standard","has-post-thumbnail","hentry","category-attualita","tag-bollettino-covid-toscana","tag-covid-19"],"acf":[],"yoast_head":"<!-- This site is optimized with the Yoast SEO Premium plugin v24.2 (Yoast SEO v25.6) - https:\/\/yoast.com\/wordpress\/plugins\/seo\/ -->\n<title>Covid, in Toscana 279 nuovi casi. Attualmente i positivi sono 9.084 - intoscana<\/title>\n<meta name=\"description\" content=\"Calano i ricoveri 420 (16 in meno rispetto a ieri). Eseguiti 7.099 tamponi molecolari e 10.417 tamponi antigenici rapidi (l&#039;1,6% \u00e8 risultato positivo). Sei i decessi registrati nelle ultime 24 ore\" \/>\n<meta name=\"robots\" content=\"index, follow, max-snippet:-1, max-image-preview:large, max-video-preview:-1\" \/>\n<link rel=\"canonical\" href=\"https:\/\/www.intoscana.it\/it\/covid-in-toscana-279-nuovi-casi-attualmente-i-positivi-sono-9-084\/\" \/>\n<meta property=\"og:locale\" content=\"it_IT\" \/>\n<meta property=\"og:type\" content=\"article\" \/>\n<meta property=\"og:title\" content=\"Covid, in Toscana 279 nuovi casi. Attualmente i positivi sono 9.084\" \/>\n<meta property=\"og:description\" content=\"Calano i ricoveri 420 (16 in meno rispetto a ieri). Eseguiti 7.099 tamponi molecolari e 10.417 tamponi antigenici rapidi (l&#039;1,6% \u00e8 risultato positivo). Sei i decessi registrati nelle ultime 24 ore\" \/>\n<meta property=\"og:url\" content=\"https:\/\/www.intoscana.it\/it\/covid-in-toscana-279-nuovi-casi-attualmente-i-positivi-sono-9-084\/\" \/>\n<meta property=\"og:site_name\" content=\"intoscana\" \/>\n<meta property=\"article:publisher\" content=\"https:\/\/www.facebook.com\/intoscana.it\" \/>\n<meta property=\"article:published_time\" content=\"2021-09-14T11:11:21+00:00\" \/>\n<meta property=\"og:image\" content=\"https:\/\/www.intoscana.it\/wp-content\/uploads\/Igienizzare-lufficio-Towfiqu-barbhuiya-Unsplash.jpg\" \/>\n\t<meta property=\"og:image:width\" content=\"1920\" \/>\n\t<meta property=\"og:image:height\" content=\"1280\" \/>\n\t<meta property=\"og:image:type\" content=\"image\/jpeg\" \/>\n<meta name=\"author\" content=\"Redazione\" \/>\n<meta name=\"twitter:card\" content=\"summary_large_image\" \/>\n<meta name=\"twitter:creator\" content=\"@intoscana\" \/>\n<meta name=\"twitter:site\" content=\"@intoscana\" \/>\n<meta name=\"twitter:label1\" content=\"Written by\" \/>\n\t<meta name=\"twitter:data1\" content=\"Redazione\" \/>\n\t<meta name=\"twitter:label2\" content=\"Est. reading time\" \/>\n\t<meta name=\"twitter:data2\" content=\"3 minuti\" \/>\n<script type=\"application\/ld+json\" class=\"yoast-schema-graph\">{\"@context\":\"https:\/\/schema.org\",\"@graph\":[{\"@type\":\"WebPage\",\"@id\":\"https:\/\/www.intoscana.it\/it\/covid-in-toscana-279-nuovi-casi-attualmente-i-positivi-sono-9-084\/\",\"url\":\"https:\/\/www.intoscana.it\/it\/covid-in-toscana-279-nuovi-casi-attualmente-i-positivi-sono-9-084\/\",\"name\":\"Covid, in Toscana 279 nuovi casi. Attualmente i positivi sono 9.084 - intoscana\",\"isPartOf\":{\"@id\":\"https:\/\/www.intoscana.it\/it\/#website\"},\"primaryImageOfPage\":{\"@id\":\"https:\/\/www.intoscana.it\/it\/covid-in-toscana-279-nuovi-casi-attualmente-i-positivi-sono-9-084\/#primaryimage\"},\"image\":{\"@id\":\"https:\/\/www.intoscana.it\/it\/covid-in-toscana-279-nuovi-casi-attualmente-i-positivi-sono-9-084\/#primaryimage\"},\"thumbnailUrl\":\"https:\/\/www.intoscana.it\/wp-content\/uploads\/Igienizzare-lufficio-Towfiqu-barbhuiya-Unsplash.jpg\",\"datePublished\":\"2021-09-14T11:11:21+00:00\",\"author\":{\"@id\":\"https:\/\/www.intoscana.it\/it\/#\/schema\/person\/9223810753230f20bd670fdd322661f8\"},\"description\":\"Calano i ricoveri 420 (16 in meno rispetto a ieri). Eseguiti 7.099 tamponi molecolari e 10.417 tamponi antigenici rapidi (l'1,6% \u00e8 risultato positivo). Sei i decessi registrati nelle ultime 24 ore\",\"breadcrumb\":{\"@id\":\"https:\/\/www.intoscana.it\/it\/covid-in-toscana-279-nuovi-casi-attualmente-i-positivi-sono-9-084\/#breadcrumb\"},\"inLanguage\":\"it-IT\",\"potentialAction\":[{\"@type\":\"ReadAction\",\"target\":[\"https:\/\/www.intoscana.it\/it\/covid-in-toscana-279-nuovi-casi-attualmente-i-positivi-sono-9-084\/\"]}]},{\"@type\":\"ImageObject\",\"inLanguage\":\"it-IT\",\"@id\":\"https:\/\/www.intoscana.it\/it\/covid-in-toscana-279-nuovi-casi-attualmente-i-positivi-sono-9-084\/#primaryimage\",\"url\":\"https:\/\/www.intoscana.it\/wp-content\/uploads\/Igienizzare-lufficio-Towfiqu-barbhuiya-Unsplash.jpg\",\"contentUrl\":\"https:\/\/www.intoscana.it\/wp-content\/uploads\/Igienizzare-lufficio-Towfiqu-barbhuiya-Unsplash.jpg\",\"width\":1920,\"height\":1280,\"caption\":\"Igienizzare l'ufficio\"},{\"@type\":\"BreadcrumbList\",\"@id\":\"https:\/\/www.intoscana.it\/it\/covid-in-toscana-279-nuovi-casi-attualmente-i-positivi-sono-9-084\/#breadcrumb\",\"itemListElement\":[{\"@type\":\"ListItem\",\"position\":1,\"name\":\"Home\",\"item\":\"https:\/\/www.intoscana.it\/it\/\"},{\"@type\":\"ListItem\",\"position\":2,\"name\":\"Covid, in Toscana 279 nuovi casi. Attualmente i positivi sono 9.084\"}]},{\"@type\":\"WebSite\",\"@id\":\"https:\/\/www.intoscana.it\/it\/#website\",\"url\":\"https:\/\/www.intoscana.it\/it\/\",\"name\":\"intoscana\",\"description\":\"\",\"potentialAction\":[{\"@type\":\"SearchAction\",\"target\":{\"@type\":\"EntryPoint\",\"urlTemplate\":\"https:\/\/www.intoscana.it\/it\/?s={search_term_string}\"},\"query-input\":{\"@type\":\"PropertyValueSpecification\",\"valueRequired\":true,\"valueName\":\"search_term_string\"}}],\"inLanguage\":\"it-IT\"},{\"@type\":\"Person\",\"@id\":\"https:\/\/www.intoscana.it\/it\/#\/schema\/person\/9223810753230f20bd670fdd322661f8\",\"name\":\"Redazione\",\"url\":\"https:\/\/www.intoscana.it\/it\/author\/redazione\/\"}]}<\/script>\n<!-- \/ Yoast SEO Premium plugin. -->","yoast_head_json":{"title":"Covid, in Toscana 279 nuovi casi. Attualmente i positivi sono 9.084 - intoscana","description":"Calano i ricoveri 420 (16 in meno rispetto a ieri). Eseguiti 7.099 tamponi molecolari e 10.417 tamponi antigenici rapidi (l'1,6% \u00e8 risultato positivo). Sei i decessi registrati nelle ultime 24 ore","robots":{"index":"index","follow":"follow","max-snippet":"max-snippet:-1","max-image-preview":"max-image-preview:large","max-video-preview":"max-video-preview:-1"},"canonical":"https:\/\/www.intoscana.it\/it\/covid-in-toscana-279-nuovi-casi-attualmente-i-positivi-sono-9-084\/","og_locale":"it_IT","og_type":"article","og_title":"Covid, in Toscana 279 nuovi casi. Attualmente i positivi sono 9.084","og_description":"Calano i ricoveri 420 (16 in meno rispetto a ieri). Eseguiti 7.099 tamponi molecolari e 10.417 tamponi antigenici rapidi (l'1,6% \u00e8 risultato positivo). Sei i decessi registrati nelle ultime 24 ore","og_url":"https:\/\/www.intoscana.it\/it\/covid-in-toscana-279-nuovi-casi-attualmente-i-positivi-sono-9-084\/","og_site_name":"intoscana","article_publisher":"https:\/\/www.facebook.com\/intoscana.it","article_published_time":"2021-09-14T11:11:21+00:00","og_image":[{"width":1920,"height":1280,"url":"https:\/\/www.intoscana.it\/wp-content\/uploads\/Igienizzare-lufficio-Towfiqu-barbhuiya-Unsplash.jpg","type":"image\/jpeg"}],"author":"Redazione","twitter_card":"summary_large_image","twitter_creator":"@intoscana","twitter_site":"@intoscana","twitter_misc":{"Written by":"Redazione","Est. reading time":"3 minuti"},"schema":{"@context":"https:\/\/schema.org","@graph":[{"@type":"WebPage","@id":"https:\/\/www.intoscana.it\/it\/covid-in-toscana-279-nuovi-casi-attualmente-i-positivi-sono-9-084\/","url":"https:\/\/www.intoscana.it\/it\/covid-in-toscana-279-nuovi-casi-attualmente-i-positivi-sono-9-084\/","name":"Covid, in Toscana 279 nuovi casi. Attualmente i positivi sono 9.084 - intoscana","isPartOf":{"@id":"https:\/\/www.intoscana.it\/it\/#website"},"primaryImageOfPage":{"@id":"https:\/\/www.intoscana.it\/it\/covid-in-toscana-279-nuovi-casi-attualmente-i-positivi-sono-9-084\/#primaryimage"},"image":{"@id":"https:\/\/www.intoscana.it\/it\/covid-in-toscana-279-nuovi-casi-attualmente-i-positivi-sono-9-084\/#primaryimage"},"thumbnailUrl":"https:\/\/www.intoscana.it\/wp-content\/uploads\/Igienizzare-lufficio-Towfiqu-barbhuiya-Unsplash.jpg","datePublished":"2021-09-14T11:11:21+00:00","author":{"@id":"https:\/\/www.intoscana.it\/it\/#\/schema\/person\/9223810753230f20bd670fdd322661f8"},"description":"Calano i ricoveri 420 (16 in meno rispetto a ieri). Eseguiti 7.099 tamponi molecolari e 10.417 tamponi antigenici rapidi (l'1,6% \u00e8 risultato positivo). Sei i decessi registrati nelle ultime 24 ore","breadcrumb":{"@id":"https:\/\/www.intoscana.it\/it\/covid-in-toscana-279-nuovi-casi-attualmente-i-positivi-sono-9-084\/#breadcrumb"},"inLanguage":"it-IT","potentialAction":[{"@type":"ReadAction","target":["https:\/\/www.intoscana.it\/it\/covid-in-toscana-279-nuovi-casi-attualmente-i-positivi-sono-9-084\/"]}]},{"@type":"ImageObject","inLanguage":"it-IT","@id":"https:\/\/www.intoscana.it\/it\/covid-in-toscana-279-nuovi-casi-attualmente-i-positivi-sono-9-084\/#primaryimage","url":"https:\/\/www.intoscana.it\/wp-content\/uploads\/Igienizzare-lufficio-Towfiqu-barbhuiya-Unsplash.jpg","contentUrl":"https:\/\/www.intoscana.it\/wp-content\/uploads\/Igienizzare-lufficio-Towfiqu-barbhuiya-Unsplash.jpg","width":1920,"height":1280,"caption":"Igienizzare l'ufficio"},{"@type":"BreadcrumbList","@id":"https:\/\/www.intoscana.it\/it\/covid-in-toscana-279-nuovi-casi-attualmente-i-positivi-sono-9-084\/#breadcrumb","itemListElement":[{"@type":"ListItem","position":1,"name":"Home","item":"https:\/\/www.intoscana.it\/it\/"},{"@type":"ListItem","position":2,"name":"Covid, in Toscana 279 nuovi casi. Attualmente i positivi sono 9.084"}]},{"@type":"WebSite","@id":"https:\/\/www.intoscana.it\/it\/#website","url":"https:\/\/www.intoscana.it\/it\/","name":"intoscana","description":"","potentialAction":[{"@type":"SearchAction","target":{"@type":"EntryPoint","urlTemplate":"https:\/\/www.intoscana.it\/it\/?s={search_term_string}"},"query-input":{"@type":"PropertyValueSpecification","valueRequired":true,"valueName":"search_term_string"}}],"inLanguage":"it-IT"},{"@type":"Person","@id":"https:\/\/www.intoscana.it\/it\/#\/schema\/person\/9223810753230f20bd670fdd322661f8","name":"Redazione","url":"https:\/\/www.intoscana.it\/it\/author\/redazione\/"}]}},"_links":{"self":[{"href":"https:\/\/www.intoscana.it\/it\/wp-json\/wp\/v2\/posts\/189420","targetHints":{"allow":["GET"]}}],"collection":[{"href":"https:\/\/www.intoscana.it\/it\/wp-json\/wp\/v2\/posts"}],"about":[{"href":"https:\/\/www.intoscana.it\/it\/wp-json\/wp\/v2\/types\/post"}],"author":[{"embeddable":true,"href":"https:\/\/www.intoscana.it\/it\/wp-json\/wp\/v2\/users\/525"}],"replies":[{"embeddable":true,"href":"https:\/\/www.intoscana.it\/it\/wp-json\/wp\/v2\/comments?post=189420"}],"version-history":[{"count":0,"href":"https:\/\/www.intoscana.it\/it\/wp-json\/wp\/v2\/posts\/189420\/revisions"}],"wp:featuredmedia":[{"embeddable":true,"href":"https:\/\/www.intoscana.it\/it\/wp-json\/wp\/v2\/media\/189424"}],"wp:attachment":[{"href":"https:\/\/www.intoscana.it\/it\/wp-json\/wp\/v2\/media?parent=189420"}],"wp:term":[{"taxonomy":"category","embeddable":true,"href":"https:\/\/www.intoscana.it\/it\/wp-json\/wp\/v2\/categories?post=189420"},{"taxonomy":"post_tag","embeddable":true,"href":"https:\/\/www.intoscana.it\/it\/wp-json\/wp\/v2\/tags?post=189420"}],"curies":[{"name":"wp","href":"https:\/\/api.w.org\/{rel}","templated":true}]}}