{"id":189719,"date":"2021-09-15T15:33:38","date_gmt":"2021-09-15T13:33:38","guid":{"rendered":"https:\/\/www.intoscana.it\/it\/?p=189719"},"modified":"2021-09-15T17:14:35","modified_gmt":"2021-09-15T15:14:35","slug":"in-toscana-suona-la-campanella-rientro-in-classe-nel-segno-della-sicurezza","status":"publish","type":"post","link":"https:\/\/www.intoscana.it\/it\/in-toscana-suona-la-campanella-rientro-in-classe-nel-segno-della-sicurezza\/","title":{"rendered":"In Toscana suona la campanella: rientro in classe nel segno della sicurezza"},"content":{"rendered":"<p>Dopo un difficile anno di Pandemia<strong> la Toscana riapre le scuole<\/strong> con tutte le carte in regola per <strong>un rientro in sicurezza<\/strong>. Queste le azioni intraprese: <strong>monitoraggio nelle scuole sentinella, prosecuzione della campagna vaccinale, 211 autobus in pi\u00f9.<\/strong><\/p>\n<p>La Regione ha svolto una costante azione di coordinamento interistituzionale all\u2019interno del<strong> Cantiere Scuola<\/strong> (di cui fanno parte l\u2019assessorato regionale all\u2019istruzione che lo presiede, gli assessorati regionali ai trasporti e alla sanit\u00e0, Anci, Upi, assieme a Ufficio scolastico regionale, e Indire) e dei tavoli prefettizi, monitorando la situazione e sostenendo tutte le misure propedeutiche all\u2019<strong>avvio dell\u2019anno scolastico al 100% in presenza<\/strong>.<\/p>\n<p>In particolare ha tenuto viva l\u2019interlocuzione con il <strong>Ministero dell\u2019Istruzione e con l\u2019Ufficio scolastico regionale,<\/strong> ha lavorato per predisporre il piano dei trasporti che vedr\u00e0 sulle strade centinaia di bus aggiuntivi, e, oltre a essere impegnata nel completamento della campagna vaccinale, ha dato il via al <strong>piano di monitoraggio dei test salivari a campione nelle scuole sentinella.<\/strong><\/p>\n<p><em>\u201cIl ritorno a scuola avverr\u00e0 in presenza e in sicurezza &#8211; <\/em><strong>ha dichiarato l\u2019assessore al diritto alla salute e sanit\u00e0 Simone Bezzini &#8211;<\/strong><em> anche grazie a tutti gli strumenti messi in campo con la massima attenzione e impegno, dalla vaccinazione al testing e al tracciamento. Il sistema sanitario \u00e8 al fianco del mondo della scuola, grazie all\u2019ampia collaborazione e disponibilit\u00e0 di tutti soggetti coinvolti, come \u00e8 avvenuto fino a oggi, che ringraziamo di cuore. La scuola in presenza \u00e8 fondamentale nel percorso di formazione e di crescita dei nostri giovani, come \u00e8 decisiva la copertura vaccinale del personale scolastico e delle ragazze e dei ragazzi in et\u00e0 vaccinabile. La vaccinazione \u00e8 lo strumento pi\u00f9 efficace contro il virus, insieme al rispetto delle misure anticontagio e dei corretti comportamenti, a tutela della salute individuale e collettiva\u201d.<\/em><\/p>\n<h3>I numeri<\/h3>\n<p>In base ai dati forniti dall\u2019Ufficio scolastico regionale, <strong>in Toscana sono, 46.5711 le ragazze e i ragazzi che torneranno a riempire 22.157 classi.<\/strong> Saranno 58.528 per la scuola dell\u2019infanzia, 138.356 per la primaria, 97.397 per le secondarie di primo grado e 171.430 per quelle di secondo grado.<\/p>\n<p><em>\u201cIl ritorno tra i banchi in presenza delle nostre ragazze e dei nostri ragazzi \u2013 <\/em><strong>afferma l\u2019assessora all\u2019istruzione Alessandra Nardini, che domani mattina sar\u00e0 alla primaria \u2018Carducci\u2019 di Santopietro Belvedere (Pi), dove ha frequentato le elementari<\/strong><em> &#8211; \u00e8 un fatto di importanza straordinaria. E deve essere anche il simbolo di riscoperta della centralit\u00e0 della scuola per la nostra societ\u00e0. Anche con questo spirito abbiamo lavorato insieme ai soggetti che partecipano al Cantiere scuola e a tutti i prefetti, cui va il mio pi\u00f9 sentito ringraziamento per l\u2019impegno e la dedizione. Abbiamo ora la sfida di scongiurare chiusure e di metterci alle spalle la dad. Sono fiduciosa che tutte le misure messe in campo, assieme alla prosecuzione della copertura vaccinale, saranno in grado di farci voltare pagina. Le lezioni in presenza sono un fattore troppo prezioso per la crescita delle nostre ragazze e dei nostri ragazzi. Su questa strada continueremo a concentrare i nostri sforzi nel corso dell\u2019anno scolastico. Un abbraccio e un grande augurio a tutte le studentesse, a tutti gli studenti e a tutti coloro che lavorano nel mondo della scuola \u201d.<\/em><\/p>\n<h3>I trasporti: 211 autobus in pi\u00f9<\/h3>\n<p>Per garantire agli studenti toscani l\u2019inizio dell\u2019anno scolastico in presenza e fare fronte alla capienza massima ridotta all\u201980% dei mezzi di trasporto locali, cos\u00ec come stabilito nel Piano scuola 2021\/2022, <strong>saranno 211 i bus aggiuntivi predisposti nel piano trasporti<\/strong>.<\/p>\n<p><em>&#8220;Domani \u00e8 un giorno importante, non \u00e8 il solito primo giorno di scuola<\/em> &#8211; <strong>ha commentato l\u2019assessore regionale ai trasporti Stefano Baccelli, che domani mattina sar\u00e0 a Lucca all\u2019istituto Pertini e all\u2019istituto Fermi<\/strong> &#8211; <em>ma \u00e8 qualcosa di pi\u00f9: \u00e8 la ripartenza della parte pi\u00f9 importante del Paese rappresentata dai nostri ragazzi che grazie ai vaccini e alla gestione della pandemia saranno di nuovo in classe. Per questo \u00e8 fondamentale che possano viaggiare in sicurezza ed \u00e8 per questo che in Toscana viaggeranno 211 autobus aggiuntivi che saranno utilizzati negli orari di entrata e uscita\u201d.<\/em><\/p>\n<h3>Contro il Covid scuole sentinella<\/h3>\n<p>Saranno<strong> quasi 3.300,<\/strong> invece,<strong> gli studenti destinatari della campagna di testing a campione<\/strong> nelle cosiddette <strong>\u2018scuole sentinelle\u2019<\/strong> (elementari e medie), che sar\u00e0 attivata nelle prime settimane, in almeno<strong> 1 scuola per ciascuna delle 10 province della Toscana<\/strong> e che coinvolger\u00e0 bambini e ragazzi tra i 6 e i 14 anni.<\/p>\n<p>Come indicato nel <strong>Piano nazionale dell\u2019Istituto superiore di sanit\u00e0<\/strong> sul monitoraggio della circolazione di Sars-Cov-2 nelle scuole primarie e secondarie di primo grado, il testing sar\u00e0 avviato con \u201ccarattere di gradualit\u00e0\u201d, per facilitare il regolare avvio delle attivit\u00e0 didattiche.<\/p>\n<p>Per la Toscana, il numero complessivo indicato per i test quindicinali, sommando le quote provinciali, \u00e8 di<strong> 3.245.<\/strong> L\u2019obiettivo \u00e8 quello di <strong>arrivare gradualmente a 3.500 alunni<\/strong> (e anche pi\u00f9) da testare in un campione di scuole, coinvolgendo 2 o pi\u00f9 istituti in ogni provincia.<\/p>\n<p><em>\u201cLa scuola riparte e lo fa in presenza &#8211; <\/em><strong>ha detto Sara Funaro responsabile del Settore scuola Anci Toscana e assessore all\u2019Educazione del Comune di Firenze<\/strong><em> -, la nostra assoluta priorit\u00e0 per il bene dei ragazzi. Che hanno bisogno di stare in classe per un migliore apprendimento e per la socializzazione, che \u00e8 una delle funzioni principali della scuola oltre alla formazione e all\u2019educazione. Domani si riparte in sicurezza grazie a un grande e importante lavoro di squadra che ha visto coinvolti Regione, Istituto scolastico regionale, Anci e l\u2019Upi. Tutti insieme abbiamo agito perch\u00e9 gli studenti possano iniziare al meglio e in sicurezza l\u2019anno scolastico, che mi auguro sia il pi\u00f9 possibile in presenza. Questo dipende da tutti noi: avanti con la campagna vaccinale e teniamo comportamenti adeguati, dentro e fuori la scuola. I nostri ragazzi hanno bisogno anche del nostro aiuto\u201d<\/em><\/p>\n<h3>Il concerto augurale con il Ministro Patrizio Bianchi<\/h3>\n<p>Mercoled\u00ec 15, alle 18, da piazza Duomo a Firenze arriver\u00e0 un grande augurio collettivo da parte di studenti e studentesse musicisti a tutti i loro colleghi per salutare il ritorno tra i banchi. \u00c8 in programma infatti <a href=\"https:\/\/www.intoscana.it\/it\/articolo\/la-scuola-riapre-ed-e-una-festa-grande-concerto-in-piazza-duomo-a-firenze-con-gli-studenti-musicisti\/\" target=\"_blank\" rel=\"noopener\"><em><strong>\u201cToscana Ricomincia la scuola\u201d<\/strong><\/em><\/a>, il concerto inaugurale per l\u2019anno scolastico 2021\/2022 che si terr\u00e0 nell\u2019area compresa tra l\u2019ingresso di Palazzo Strozzi Sacrati e l\u2019abside della Cattedrale di Santa Maria del Fiore.<\/p>\n<p>L\u2019evento vedr\u00e0 la partecipazione del<strong> ministro dell\u2019istruzione Patrizio Bianchi<\/strong> ed \u00e8 organizzato da <strong>ReMuTo<\/strong> (Rete Musica Toscana), con il sostegno della Regione Toscana nell\u2019ambito del progetto <em><strong>\u201cLa scuola Toscana tra i suoni\u201d<\/strong><\/em> e la collaborazione dell\u2019Ufficio scolastico regionale. Sul palco<strong> l\u2019orchestra ritmico-sinfonica ReMuTo composta da 45 studenti dei licei musicali<\/strong> provenienti da tutta la Toscana e il coro dei \u201cGionaudi\u201d, animato da 30 bambine e bambini dell\u2019istituto comprensivo Grosseto 4 di Grosseto.<\/p>\n<p>&nbsp;<\/p>\n","protected":false},"excerpt":{"rendered":"<p>In Toscana sono, 46.5711 le ragazze e i ragazzi che torneranno a riempire 22.157 classi, ecco tutte le azioni intraprese dalla Regione Toscana per un rientro al 100% in presenza in totale sicurezza<\/p>\n","protected":false},"author":525,"featured_media":189721,"comment_status":"open","ping_status":"open","sticky":false,"template":"","format":"standard","meta":{"_acf_changed":false,"footnotes":""},"categories":[494],"tags":[151,212],"class_list":["post-189719","post","type-post","status-publish","format-standard","has-post-thumbnail","hentry","category-attualita","tag-regione-toscana","tag-scuola"],"acf":[],"yoast_head":"<!-- This site is optimized with the Yoast SEO Premium plugin v24.2 (Yoast SEO v25.6) - https:\/\/yoast.com\/wordpress\/plugins\/seo\/ -->\n<title>In Toscana suona la campanella: rientro in classe nel segno della sicurezza - intoscana<\/title>\n<meta name=\"description\" content=\"In Toscana sono, 46.5711 le ragazze e i ragazzi che torneranno a riempire 22.157 classi, un rientro in presenza in totale sicurezza\" \/>\n<meta name=\"robots\" content=\"index, follow, max-snippet:-1, max-image-preview:large, max-video-preview:-1\" \/>\n<link rel=\"canonical\" href=\"https:\/\/www.intoscana.it\/it\/in-toscana-suona-la-campanella-rientro-in-classe-nel-segno-della-sicurezza\/\" \/>\n<meta property=\"og:locale\" content=\"it_IT\" \/>\n<meta property=\"og:type\" content=\"article\" \/>\n<meta property=\"og:title\" content=\"In Toscana suona la campanella: rientro in classe nel segno della sicurezza\" \/>\n<meta property=\"og:description\" content=\"In Toscana sono, 46.5711 le ragazze e i ragazzi che torneranno a riempire 22.157 classi, un rientro in presenza in totale sicurezza\" \/>\n<meta property=\"og:url\" content=\"https:\/\/www.intoscana.it\/it\/in-toscana-suona-la-campanella-rientro-in-classe-nel-segno-della-sicurezza\/\" \/>\n<meta property=\"og:site_name\" content=\"intoscana\" \/>\n<meta property=\"article:publisher\" content=\"https:\/\/www.facebook.com\/intoscana.it\" \/>\n<meta property=\"article:published_time\" content=\"2021-09-15T13:33:38+00:00\" \/>\n<meta property=\"article:modified_time\" content=\"2021-09-15T15:14:35+00:00\" \/>\n<meta property=\"og:image\" content=\"https:\/\/www.intoscana.it\/wp-content\/uploads\/scuola-bambina-con-mascherina-scaled.jpg\" \/>\n\t<meta property=\"og:image:width\" content=\"2048\" \/>\n\t<meta property=\"og:image:height\" content=\"1365\" \/>\n\t<meta property=\"og:image:type\" content=\"image\/jpeg\" \/>\n<meta name=\"author\" content=\"Redazione\" \/>\n<meta name=\"twitter:card\" content=\"summary_large_image\" \/>\n<meta name=\"twitter:creator\" content=\"@intoscana\" \/>\n<meta name=\"twitter:site\" content=\"@intoscana\" \/>\n<meta name=\"twitter:label1\" content=\"Written by\" \/>\n\t<meta name=\"twitter:data1\" content=\"Redazione\" \/>\n\t<meta name=\"twitter:label2\" content=\"Est. reading time\" \/>\n\t<meta name=\"twitter:data2\" content=\"5 minuti\" \/>\n<script type=\"application\/ld+json\" class=\"yoast-schema-graph\">{\"@context\":\"https:\/\/schema.org\",\"@graph\":[{\"@type\":\"WebPage\",\"@id\":\"https:\/\/www.intoscana.it\/it\/in-toscana-suona-la-campanella-rientro-in-classe-nel-segno-della-sicurezza\/\",\"url\":\"https:\/\/www.intoscana.it\/it\/in-toscana-suona-la-campanella-rientro-in-classe-nel-segno-della-sicurezza\/\",\"name\":\"In Toscana suona la campanella: rientro in classe nel segno della sicurezza - intoscana\",\"isPartOf\":{\"@id\":\"https:\/\/www.intoscana.it\/it\/#website\"},\"primaryImageOfPage\":{\"@id\":\"https:\/\/www.intoscana.it\/it\/in-toscana-suona-la-campanella-rientro-in-classe-nel-segno-della-sicurezza\/#primaryimage\"},\"image\":{\"@id\":\"https:\/\/www.intoscana.it\/it\/in-toscana-suona-la-campanella-rientro-in-classe-nel-segno-della-sicurezza\/#primaryimage\"},\"thumbnailUrl\":\"https:\/\/www.intoscana.it\/wp-content\/uploads\/scuola-bambina-con-mascherina-scaled.jpg\",\"datePublished\":\"2021-09-15T13:33:38+00:00\",\"dateModified\":\"2021-09-15T15:14:35+00:00\",\"author\":{\"@id\":\"https:\/\/www.intoscana.it\/it\/#\/schema\/person\/9223810753230f20bd670fdd322661f8\"},\"description\":\"In Toscana sono, 46.5711 le ragazze e i ragazzi che torneranno a riempire 22.157 classi, un rientro in presenza in totale sicurezza\",\"breadcrumb\":{\"@id\":\"https:\/\/www.intoscana.it\/it\/in-toscana-suona-la-campanella-rientro-in-classe-nel-segno-della-sicurezza\/#breadcrumb\"},\"inLanguage\":\"it-IT\",\"potentialAction\":[{\"@type\":\"ReadAction\",\"target\":[\"https:\/\/www.intoscana.it\/it\/in-toscana-suona-la-campanella-rientro-in-classe-nel-segno-della-sicurezza\/\"]}]},{\"@type\":\"ImageObject\",\"inLanguage\":\"it-IT\",\"@id\":\"https:\/\/www.intoscana.it\/it\/in-toscana-suona-la-campanella-rientro-in-classe-nel-segno-della-sicurezza\/#primaryimage\",\"url\":\"https:\/\/www.intoscana.it\/wp-content\/uploads\/scuola-bambina-con-mascherina-scaled.jpg\",\"contentUrl\":\"https:\/\/www.intoscana.it\/wp-content\/uploads\/scuola-bambina-con-mascherina-scaled.jpg\",\"width\":2048,\"height\":1365},{\"@type\":\"BreadcrumbList\",\"@id\":\"https:\/\/www.intoscana.it\/it\/in-toscana-suona-la-campanella-rientro-in-classe-nel-segno-della-sicurezza\/#breadcrumb\",\"itemListElement\":[{\"@type\":\"ListItem\",\"position\":1,\"name\":\"Home\",\"item\":\"https:\/\/www.intoscana.it\/it\/\"},{\"@type\":\"ListItem\",\"position\":2,\"name\":\"In Toscana suona la campanella: rientro in classe nel segno della sicurezza\"}]},{\"@type\":\"WebSite\",\"@id\":\"https:\/\/www.intoscana.it\/it\/#website\",\"url\":\"https:\/\/www.intoscana.it\/it\/\",\"name\":\"intoscana\",\"description\":\"\",\"potentialAction\":[{\"@type\":\"SearchAction\",\"target\":{\"@type\":\"EntryPoint\",\"urlTemplate\":\"https:\/\/www.intoscana.it\/it\/?s={search_term_string}\"},\"query-input\":{\"@type\":\"PropertyValueSpecification\",\"valueRequired\":true,\"valueName\":\"search_term_string\"}}],\"inLanguage\":\"it-IT\"},{\"@type\":\"Person\",\"@id\":\"https:\/\/www.intoscana.it\/it\/#\/schema\/person\/9223810753230f20bd670fdd322661f8\",\"name\":\"Redazione\",\"url\":\"https:\/\/www.intoscana.it\/it\/author\/redazione\/\"}]}<\/script>\n<!-- \/ Yoast SEO Premium plugin. -->","yoast_head_json":{"title":"In Toscana suona la campanella: rientro in classe nel segno della sicurezza - intoscana","description":"In Toscana sono, 46.5711 le ragazze e i ragazzi che torneranno a riempire 22.157 classi, un rientro in presenza in totale sicurezza","robots":{"index":"index","follow":"follow","max-snippet":"max-snippet:-1","max-image-preview":"max-image-preview:large","max-video-preview":"max-video-preview:-1"},"canonical":"https:\/\/www.intoscana.it\/it\/in-toscana-suona-la-campanella-rientro-in-classe-nel-segno-della-sicurezza\/","og_locale":"it_IT","og_type":"article","og_title":"In Toscana suona la campanella: rientro in classe nel segno della sicurezza","og_description":"In Toscana sono, 46.5711 le ragazze e i ragazzi che torneranno a riempire 22.157 classi, un rientro in presenza in totale sicurezza","og_url":"https:\/\/www.intoscana.it\/it\/in-toscana-suona-la-campanella-rientro-in-classe-nel-segno-della-sicurezza\/","og_site_name":"intoscana","article_publisher":"https:\/\/www.facebook.com\/intoscana.it","article_published_time":"2021-09-15T13:33:38+00:00","article_modified_time":"2021-09-15T15:14:35+00:00","og_image":[{"width":2048,"height":1365,"url":"https:\/\/www.intoscana.it\/wp-content\/uploads\/scuola-bambina-con-mascherina-scaled.jpg","type":"image\/jpeg"}],"author":"Redazione","twitter_card":"summary_large_image","twitter_creator":"@intoscana","twitter_site":"@intoscana","twitter_misc":{"Written by":"Redazione","Est. reading time":"5 minuti"},"schema":{"@context":"https:\/\/schema.org","@graph":[{"@type":"WebPage","@id":"https:\/\/www.intoscana.it\/it\/in-toscana-suona-la-campanella-rientro-in-classe-nel-segno-della-sicurezza\/","url":"https:\/\/www.intoscana.it\/it\/in-toscana-suona-la-campanella-rientro-in-classe-nel-segno-della-sicurezza\/","name":"In Toscana suona la campanella: rientro in classe nel segno della sicurezza - intoscana","isPartOf":{"@id":"https:\/\/www.intoscana.it\/it\/#website"},"primaryImageOfPage":{"@id":"https:\/\/www.intoscana.it\/it\/in-toscana-suona-la-campanella-rientro-in-classe-nel-segno-della-sicurezza\/#primaryimage"},"image":{"@id":"https:\/\/www.intoscana.it\/it\/in-toscana-suona-la-campanella-rientro-in-classe-nel-segno-della-sicurezza\/#primaryimage"},"thumbnailUrl":"https:\/\/www.intoscana.it\/wp-content\/uploads\/scuola-bambina-con-mascherina-scaled.jpg","datePublished":"2021-09-15T13:33:38+00:00","dateModified":"2021-09-15T15:14:35+00:00","author":{"@id":"https:\/\/www.intoscana.it\/it\/#\/schema\/person\/9223810753230f20bd670fdd322661f8"},"description":"In Toscana sono, 46.5711 le ragazze e i ragazzi che torneranno a riempire 22.157 classi, un rientro in presenza in totale sicurezza","breadcrumb":{"@id":"https:\/\/www.intoscana.it\/it\/in-toscana-suona-la-campanella-rientro-in-classe-nel-segno-della-sicurezza\/#breadcrumb"},"inLanguage":"it-IT","potentialAction":[{"@type":"ReadAction","target":["https:\/\/www.intoscana.it\/it\/in-toscana-suona-la-campanella-rientro-in-classe-nel-segno-della-sicurezza\/"]}]},{"@type":"ImageObject","inLanguage":"it-IT","@id":"https:\/\/www.intoscana.it\/it\/in-toscana-suona-la-campanella-rientro-in-classe-nel-segno-della-sicurezza\/#primaryimage","url":"https:\/\/www.intoscana.it\/wp-content\/uploads\/scuola-bambina-con-mascherina-scaled.jpg","contentUrl":"https:\/\/www.intoscana.it\/wp-content\/uploads\/scuola-bambina-con-mascherina-scaled.jpg","width":2048,"height":1365},{"@type":"BreadcrumbList","@id":"https:\/\/www.intoscana.it\/it\/in-toscana-suona-la-campanella-rientro-in-classe-nel-segno-della-sicurezza\/#breadcrumb","itemListElement":[{"@type":"ListItem","position":1,"name":"Home","item":"https:\/\/www.intoscana.it\/it\/"},{"@type":"ListItem","position":2,"name":"In Toscana suona la campanella: rientro in classe nel segno della sicurezza"}]},{"@type":"WebSite","@id":"https:\/\/www.intoscana.it\/it\/#website","url":"https:\/\/www.intoscana.it\/it\/","name":"intoscana","description":"","potentialAction":[{"@type":"SearchAction","target":{"@type":"EntryPoint","urlTemplate":"https:\/\/www.intoscana.it\/it\/?s={search_term_string}"},"query-input":{"@type":"PropertyValueSpecification","valueRequired":true,"valueName":"search_term_string"}}],"inLanguage":"it-IT"},{"@type":"Person","@id":"https:\/\/www.intoscana.it\/it\/#\/schema\/person\/9223810753230f20bd670fdd322661f8","name":"Redazione","url":"https:\/\/www.intoscana.it\/it\/author\/redazione\/"}]}},"_links":{"self":[{"href":"https:\/\/www.intoscana.it\/it\/wp-json\/wp\/v2\/posts\/189719","targetHints":{"allow":["GET"]}}],"collection":[{"href":"https:\/\/www.intoscana.it\/it\/wp-json\/wp\/v2\/posts"}],"about":[{"href":"https:\/\/www.intoscana.it\/it\/wp-json\/wp\/v2\/types\/post"}],"author":[{"embeddable":true,"href":"https:\/\/www.intoscana.it\/it\/wp-json\/wp\/v2\/users\/525"}],"replies":[{"embeddable":true,"href":"https:\/\/www.intoscana.it\/it\/wp-json\/wp\/v2\/comments?post=189719"}],"version-history":[{"count":0,"href":"https:\/\/www.intoscana.it\/it\/wp-json\/wp\/v2\/posts\/189719\/revisions"}],"wp:featuredmedia":[{"embeddable":true,"href":"https:\/\/www.intoscana.it\/it\/wp-json\/wp\/v2\/media\/189721"}],"wp:attachment":[{"href":"https:\/\/www.intoscana.it\/it\/wp-json\/wp\/v2\/media?parent=189719"}],"wp:term":[{"taxonomy":"category","embeddable":true,"href":"https:\/\/www.intoscana.it\/it\/wp-json\/wp\/v2\/categories?post=189719"},{"taxonomy":"post_tag","embeddable":true,"href":"https:\/\/www.intoscana.it\/it\/wp-json\/wp\/v2\/tags?post=189719"}],"curies":[{"name":"wp","href":"https:\/\/api.w.org\/{rel}","templated":true}]}}