{"id":189867,"date":"2021-09-16T10:18:13","date_gmt":"2021-09-16T08:18:13","guid":{"rendered":"https:\/\/www.intoscana.it\/it\/?p=189867"},"modified":"2021-09-16T10:37:42","modified_gmt":"2021-09-16T08:37:42","slug":"sotto-quelle-mascherine-sorridono-tutta-lemozione-di-nardini-per-la-scuola-in-presenza","status":"publish","type":"post","link":"https:\/\/www.intoscana.it\/it\/sotto-quelle-mascherine-sorridono-tutta-lemozione-di-nardini-per-la-scuola-in-presenza\/","title":{"rendered":"&#8220;Sotto quelle mascherine, sorridono&#8221;. Tutta l&#8217;emozione di Nardini per la scuola in presenza"},"content":{"rendered":"<p><em><mark>&#8220;Sono emozionata&#8221;<\/em>. Non si nasconde dietro il ruolo istituzionale che rappresenta e comunica tutta la sua emotivit\u00e0 per un giorno che forse non sar\u00e0 un giorno storico, ma che comunque rappresenta l&#8217;inizio (attesissimo) della ripresa<\/mark>. Lei \u00e8 <strong>Alessandra Nardini<\/strong>, assessore all&#8217;istruzione di Regione Toscana. E ieri, accanto al ministro alla pubblica istruzione <strong>Patrizio Bianchi<\/strong>, al sindaco di Firenze <strong>Dario Nardella<\/strong> e ad altre autorit\u00e0, partecipando all\u2019inauguarzione del nuovo plesso scolastico IIS Elsa Morante-Ginori Conti ha detto che la Toscana <em>&#8220;ha avuto coraggio&#8221;<\/em>, e che era <em>&#8220;emozionata di veder tornare le ragazze e i ragazzi, le bambine e i bambini fra i banchi di scuola&#8221;<\/em>. Non \u00e8 stata la sola.<\/p>\n<h3>Scelte coraggiose<\/h3>\n<p><em><mark>&#8220;Se la Toscana non avesse avuto coraggio e senza il preziossimo lavoro di squadra svolto da tutti i mebri del cantiere scuola e dai prefetti, non saremmo qui&#8221;<\/em> ha detto ieri Nardini<\/mark>.<em> &#8220;Per me \u00e8 un po&#8217; una seconda prima volta da assessora. Ricordo lo scorso anno scolastico, a gennaio, quando abbiamo messo in campo il messimo impegno per far tornare in presenza, appena \u00e8 stato possibile, anche le studentesse e gli studenti delle scuole secondarie di secondo grado.<\/em><br \/>\n<em>Non \u00e8 stata una scelta scontata, ma una scelta coraggiosa che rivendichiamo con orgoglio&#8221;.<\/em><\/p>\n<figure id=\"post-189869 media-189869\" class=\"align-center\"><img decoding=\"async\" class=\"aligncenter\" src=\"https:\/\/www.intoscana.it\/wp-content\/uploads\/Alessandra-Nardini-e-il-ministro-Patrizio-Bianchi-plesso-scolastico-IIS-Elsa-Morante-Ginori-Conti-02.jpeg\" alt=\"\" \/><\/figure>\n<div class=\"titleimg\" style=\"text-align: center;\">Alessandra Nardini e il ministro Patrizio Bianchi, plesso scolastico IIS Elsa Morante-Ginori Conti<\/div>\n<p><span class=\"citazione\">&#8220;Abbiamo lottato per riportare gli studenti in presenza, in sicurezza&#8221;<\/span><\/p>\n<h3>Quando a brilalre sono gli occhi<\/h3>\n<p><em>&#8220;La dad era stata necessaria nella fase precedente per evitare i contagi, ma non pu\u00f2 sostituire la didattica in presenza che \u00e8 anche socialit\u00e0, parte integrante del percorso formativo e di crescita. <mark>Oggi vediamo le nostre ragazze e i nostri ragazzi, seppur ancora dietro le mascherine, sorridere. E vediamo i loro occhi brillare. Questo \u00e8 davvero il ringraziamento pi\u00f9 bello per il lavoro che abbiamo fatto durante l\u2019estate<\/mark>&#8220;<\/em> ha proseguito l&#8217;assessore. <em>&#8220;Non ci siamo mai fermati e abbiamo lottato per riportarli in presenza, e ovviamente per farlo in sicurezza e anche per garantire loro scuole come questa: belle, sicure, accoglienti, innnovative, rispettose dell\u2019ambiente. Perch\u00e9 anche questo \u00e8 un importante messaggio educativo che vogliamo lanciare&#8221;. <div class=\"focuson\"><a href=\"https:\/\/www.intoscana.it\/it\/articolo\/in-toscana-suona-la-campanella-rientro-in-classe-nel-segno-della-sicurezza\/\"><img decoding=\"async\" class=\"lazy\" src=\"https:\/\/www.intoscana.it\/wp-content\/uploads\/scuola-bambina-con-mascherina-scaled.jpg\" style=\"\">\n                <div class=\"cat\">Rientro in classe nel segno della sicurezza<\/div>\n                <h4>In Toscana suona la campanella <\/h4><\/a>\n              <\/div><br \/>\n<\/em><\/p>\n<h3>Il diritto allo studio<\/h3>\n<p>L\u2019assessore ha poi voluto ringraziate il ministro Bianchi. <em>&#8220;S\u00ec, grazie per essere stato insieme a noi. <mark>Voglio ringraziare tutto il mondo della scuola, dirigenti scolastici, docenti, personale scolastico. Perch\u00e9 sono stati davvero eroici in questi due anni di di pandemia<\/mark>, continuando a garantire un diritto che non solo \u00e8 sancito dalla nostra costituzione, ma che davvero garantisce che fra queste mura si lavori per l\u2019uguaglianza&#8221;<\/em> ha proseguito Nardini. &#8220;<em>La scuola \u00e8 il nostro grande ascensore sociale che in questo Paese, purtroppo da troppo tempo, si \u00e8 fermato, e che noi abbiamo il dovere di rimettere in moto per garantire a tutte e a tutti pari opportunit\u00e0. Noi continueremo a lavorare in questa direzione, tutti insieme nel segno della grande tradizione della Regione Toscana. Grazie ministro<\/em> \u2013 ha concluso Nardini &#8211; <em>per aver riportato la scuola al centro della discussione del governo, perch\u00e9 questo \u00e8 il posto che la scuola merita&#8221;.<\/em><\/p>\n","protected":false},"excerpt":{"rendered":"<p>&#8220;Senza il coraggio e il lavoro di squadra di tutta la Toscana non saremmo qui&#8221;. L&#8217;assessore all&#8217;istruzione Alessandra Nardini, col ministro al fianco, parla di scuole &#8220;belle, sicure, accoglienti, innnovative e rispettose dell\u2019ambiente&#8221;<\/p>\n","protected":false},"author":525,"featured_media":189870,"comment_status":"open","ping_status":"open","sticky":false,"template":"","format":"standard","meta":{"_acf_changed":false,"footnotes":""},"categories":[494],"tags":[4635,4424,151,212,355],"class_list":["post-189867","post","type-post","status-publish","format-standard","has-post-thumbnail","hentry","category-attualita","tag-didattica","tag-istruzione","tag-regione-toscana","tag-scuola","tag-studenti"],"acf":[],"yoast_head":"<!-- This site is optimized with the Yoast SEO Premium plugin v24.2 (Yoast SEO v25.6) - https:\/\/yoast.com\/wordpress\/plugins\/seo\/ -->\n<title>&quot;Sotto quelle mascherine, sorridono&quot;. Tutta l&#039;emozione di Nardini per la scuola in presenza - intoscana<\/title>\n<meta name=\"description\" content=\"&quot;Senza il coraggio e il lavoro di squadra di tutta la Toscana non saremmo qui&quot;. L&#039;assessore all&#039;istruzione Alessandra Nardini, col ministro al fianco, parla di scuole &quot;belle, sicure, accoglienti, innnovative e rispettose dell\u2019ambiente&quot;\" \/>\n<meta name=\"robots\" content=\"index, follow, max-snippet:-1, max-image-preview:large, max-video-preview:-1\" \/>\n<link rel=\"canonical\" href=\"https:\/\/www.intoscana.it\/it\/sotto-quelle-mascherine-sorridono-tutta-lemozione-di-nardini-per-la-scuola-in-presenza\/\" \/>\n<meta property=\"og:locale\" content=\"it_IT\" \/>\n<meta property=\"og:type\" content=\"article\" \/>\n<meta property=\"og:title\" content=\"&quot;Sotto quelle mascherine, sorridono&quot;. Tutta l&#039;emozione di Nardini per la scuola in presenza\" \/>\n<meta property=\"og:description\" content=\"&quot;Senza il coraggio e il lavoro di squadra di tutta la Toscana non saremmo qui&quot;. L&#039;assessore all&#039;istruzione Alessandra Nardini, col ministro al fianco, parla di scuole &quot;belle, sicure, accoglienti, innnovative e rispettose dell\u2019ambiente&quot;\" \/>\n<meta property=\"og:url\" content=\"https:\/\/www.intoscana.it\/it\/sotto-quelle-mascherine-sorridono-tutta-lemozione-di-nardini-per-la-scuola-in-presenza\/\" \/>\n<meta property=\"og:site_name\" content=\"intoscana\" \/>\n<meta property=\"article:publisher\" content=\"https:\/\/www.facebook.com\/intoscana.it\" \/>\n<meta property=\"article:published_time\" content=\"2021-09-16T08:18:13+00:00\" \/>\n<meta property=\"article:modified_time\" content=\"2021-09-16T08:37:42+00:00\" \/>\n<meta property=\"og:image\" content=\"https:\/\/www.intoscana.it\/wp-content\/uploads\/Alessandra-Nardini-e-il-ministro-Patrizio-Bianchi-plesso-scolastico-IIS-Elsa-Morante-Ginori-Conti.jpeg\" \/>\n\t<meta property=\"og:image:width\" content=\"960\" \/>\n\t<meta property=\"og:image:height\" content=\"696\" \/>\n\t<meta property=\"og:image:type\" content=\"image\/jpeg\" \/>\n<meta name=\"author\" content=\"Redazione\" \/>\n<meta name=\"twitter:card\" content=\"summary_large_image\" \/>\n<meta name=\"twitter:creator\" content=\"@intoscana\" \/>\n<meta name=\"twitter:site\" content=\"@intoscana\" \/>\n<meta name=\"twitter:label1\" content=\"Written by\" \/>\n\t<meta name=\"twitter:data1\" content=\"Redazione\" \/>\n\t<meta name=\"twitter:label2\" content=\"Est. reading time\" \/>\n\t<meta name=\"twitter:data2\" content=\"3 minuti\" \/>\n<script type=\"application\/ld+json\" class=\"yoast-schema-graph\">{\"@context\":\"https:\/\/schema.org\",\"@graph\":[{\"@type\":\"WebPage\",\"@id\":\"https:\/\/www.intoscana.it\/it\/sotto-quelle-mascherine-sorridono-tutta-lemozione-di-nardini-per-la-scuola-in-presenza\/\",\"url\":\"https:\/\/www.intoscana.it\/it\/sotto-quelle-mascherine-sorridono-tutta-lemozione-di-nardini-per-la-scuola-in-presenza\/\",\"name\":\"\\\"Sotto quelle mascherine, sorridono\\\". Tutta l'emozione di Nardini per la scuola in presenza - intoscana\",\"isPartOf\":{\"@id\":\"https:\/\/www.intoscana.it\/it\/#website\"},\"primaryImageOfPage\":{\"@id\":\"https:\/\/www.intoscana.it\/it\/sotto-quelle-mascherine-sorridono-tutta-lemozione-di-nardini-per-la-scuola-in-presenza\/#primaryimage\"},\"image\":{\"@id\":\"https:\/\/www.intoscana.it\/it\/sotto-quelle-mascherine-sorridono-tutta-lemozione-di-nardini-per-la-scuola-in-presenza\/#primaryimage\"},\"thumbnailUrl\":\"https:\/\/www.intoscana.it\/wp-content\/uploads\/Alessandra-Nardini-e-il-ministro-Patrizio-Bianchi-plesso-scolastico-IIS-Elsa-Morante-Ginori-Conti.jpeg\",\"datePublished\":\"2021-09-16T08:18:13+00:00\",\"dateModified\":\"2021-09-16T08:37:42+00:00\",\"author\":{\"@id\":\"https:\/\/www.intoscana.it\/it\/#\/schema\/person\/9223810753230f20bd670fdd322661f8\"},\"description\":\"\\\"Senza il coraggio e il lavoro di squadra di tutta la Toscana non saremmo qui\\\". L'assessore all'istruzione Alessandra Nardini, col ministro al fianco, parla di scuole \\\"belle, sicure, accoglienti, innnovative e rispettose dell\u2019ambiente\\\"\",\"breadcrumb\":{\"@id\":\"https:\/\/www.intoscana.it\/it\/sotto-quelle-mascherine-sorridono-tutta-lemozione-di-nardini-per-la-scuola-in-presenza\/#breadcrumb\"},\"inLanguage\":\"it-IT\",\"potentialAction\":[{\"@type\":\"ReadAction\",\"target\":[\"https:\/\/www.intoscana.it\/it\/sotto-quelle-mascherine-sorridono-tutta-lemozione-di-nardini-per-la-scuola-in-presenza\/\"]}]},{\"@type\":\"ImageObject\",\"inLanguage\":\"it-IT\",\"@id\":\"https:\/\/www.intoscana.it\/it\/sotto-quelle-mascherine-sorridono-tutta-lemozione-di-nardini-per-la-scuola-in-presenza\/#primaryimage\",\"url\":\"https:\/\/www.intoscana.it\/wp-content\/uploads\/Alessandra-Nardini-e-il-ministro-Patrizio-Bianchi-plesso-scolastico-IIS-Elsa-Morante-Ginori-Conti.jpeg\",\"contentUrl\":\"https:\/\/www.intoscana.it\/wp-content\/uploads\/Alessandra-Nardini-e-il-ministro-Patrizio-Bianchi-plesso-scolastico-IIS-Elsa-Morante-Ginori-Conti.jpeg\",\"width\":960,\"height\":696,\"caption\":\"Alessandra Nardini e il ministro Patrizio Bianchi, plesso scolastico IIS Elsa Morante-Ginori Conti\"},{\"@type\":\"BreadcrumbList\",\"@id\":\"https:\/\/www.intoscana.it\/it\/sotto-quelle-mascherine-sorridono-tutta-lemozione-di-nardini-per-la-scuola-in-presenza\/#breadcrumb\",\"itemListElement\":[{\"@type\":\"ListItem\",\"position\":1,\"name\":\"Home\",\"item\":\"https:\/\/www.intoscana.it\/it\/\"},{\"@type\":\"ListItem\",\"position\":2,\"name\":\"&#8220;Sotto quelle mascherine, sorridono&#8221;. Tutta l&#8217;emozione di Nardini per la scuola in presenza\"}]},{\"@type\":\"WebSite\",\"@id\":\"https:\/\/www.intoscana.it\/it\/#website\",\"url\":\"https:\/\/www.intoscana.it\/it\/\",\"name\":\"intoscana\",\"description\":\"\",\"potentialAction\":[{\"@type\":\"SearchAction\",\"target\":{\"@type\":\"EntryPoint\",\"urlTemplate\":\"https:\/\/www.intoscana.it\/it\/?s={search_term_string}\"},\"query-input\":{\"@type\":\"PropertyValueSpecification\",\"valueRequired\":true,\"valueName\":\"search_term_string\"}}],\"inLanguage\":\"it-IT\"},{\"@type\":\"Person\",\"@id\":\"https:\/\/www.intoscana.it\/it\/#\/schema\/person\/9223810753230f20bd670fdd322661f8\",\"name\":\"Redazione\",\"url\":\"https:\/\/www.intoscana.it\/it\/author\/redazione\/\"}]}<\/script>\n<!-- \/ Yoast SEO Premium plugin. -->","yoast_head_json":{"title":"\"Sotto quelle mascherine, sorridono\". Tutta l'emozione di Nardini per la scuola in presenza - intoscana","description":"\"Senza il coraggio e il lavoro di squadra di tutta la Toscana non saremmo qui\". L'assessore all'istruzione Alessandra Nardini, col ministro al fianco, parla di scuole \"belle, sicure, accoglienti, innnovative e rispettose dell\u2019ambiente\"","robots":{"index":"index","follow":"follow","max-snippet":"max-snippet:-1","max-image-preview":"max-image-preview:large","max-video-preview":"max-video-preview:-1"},"canonical":"https:\/\/www.intoscana.it\/it\/sotto-quelle-mascherine-sorridono-tutta-lemozione-di-nardini-per-la-scuola-in-presenza\/","og_locale":"it_IT","og_type":"article","og_title":"\"Sotto quelle mascherine, sorridono\". Tutta l'emozione di Nardini per la scuola in presenza","og_description":"\"Senza il coraggio e il lavoro di squadra di tutta la Toscana non saremmo qui\". L'assessore all'istruzione Alessandra Nardini, col ministro al fianco, parla di scuole \"belle, sicure, accoglienti, innnovative e rispettose dell\u2019ambiente\"","og_url":"https:\/\/www.intoscana.it\/it\/sotto-quelle-mascherine-sorridono-tutta-lemozione-di-nardini-per-la-scuola-in-presenza\/","og_site_name":"intoscana","article_publisher":"https:\/\/www.facebook.com\/intoscana.it","article_published_time":"2021-09-16T08:18:13+00:00","article_modified_time":"2021-09-16T08:37:42+00:00","og_image":[{"width":960,"height":696,"url":"https:\/\/www.intoscana.it\/wp-content\/uploads\/Alessandra-Nardini-e-il-ministro-Patrizio-Bianchi-plesso-scolastico-IIS-Elsa-Morante-Ginori-Conti.jpeg","type":"image\/jpeg"}],"author":"Redazione","twitter_card":"summary_large_image","twitter_creator":"@intoscana","twitter_site":"@intoscana","twitter_misc":{"Written by":"Redazione","Est. reading time":"3 minuti"},"schema":{"@context":"https:\/\/schema.org","@graph":[{"@type":"WebPage","@id":"https:\/\/www.intoscana.it\/it\/sotto-quelle-mascherine-sorridono-tutta-lemozione-di-nardini-per-la-scuola-in-presenza\/","url":"https:\/\/www.intoscana.it\/it\/sotto-quelle-mascherine-sorridono-tutta-lemozione-di-nardini-per-la-scuola-in-presenza\/","name":"\"Sotto quelle mascherine, sorridono\". Tutta l'emozione di Nardini per la scuola in presenza - intoscana","isPartOf":{"@id":"https:\/\/www.intoscana.it\/it\/#website"},"primaryImageOfPage":{"@id":"https:\/\/www.intoscana.it\/it\/sotto-quelle-mascherine-sorridono-tutta-lemozione-di-nardini-per-la-scuola-in-presenza\/#primaryimage"},"image":{"@id":"https:\/\/www.intoscana.it\/it\/sotto-quelle-mascherine-sorridono-tutta-lemozione-di-nardini-per-la-scuola-in-presenza\/#primaryimage"},"thumbnailUrl":"https:\/\/www.intoscana.it\/wp-content\/uploads\/Alessandra-Nardini-e-il-ministro-Patrizio-Bianchi-plesso-scolastico-IIS-Elsa-Morante-Ginori-Conti.jpeg","datePublished":"2021-09-16T08:18:13+00:00","dateModified":"2021-09-16T08:37:42+00:00","author":{"@id":"https:\/\/www.intoscana.it\/it\/#\/schema\/person\/9223810753230f20bd670fdd322661f8"},"description":"\"Senza il coraggio e il lavoro di squadra di tutta la Toscana non saremmo qui\". L'assessore all'istruzione Alessandra Nardini, col ministro al fianco, parla di scuole \"belle, sicure, accoglienti, innnovative e rispettose dell\u2019ambiente\"","breadcrumb":{"@id":"https:\/\/www.intoscana.it\/it\/sotto-quelle-mascherine-sorridono-tutta-lemozione-di-nardini-per-la-scuola-in-presenza\/#breadcrumb"},"inLanguage":"it-IT","potentialAction":[{"@type":"ReadAction","target":["https:\/\/www.intoscana.it\/it\/sotto-quelle-mascherine-sorridono-tutta-lemozione-di-nardini-per-la-scuola-in-presenza\/"]}]},{"@type":"ImageObject","inLanguage":"it-IT","@id":"https:\/\/www.intoscana.it\/it\/sotto-quelle-mascherine-sorridono-tutta-lemozione-di-nardini-per-la-scuola-in-presenza\/#primaryimage","url":"https:\/\/www.intoscana.it\/wp-content\/uploads\/Alessandra-Nardini-e-il-ministro-Patrizio-Bianchi-plesso-scolastico-IIS-Elsa-Morante-Ginori-Conti.jpeg","contentUrl":"https:\/\/www.intoscana.it\/wp-content\/uploads\/Alessandra-Nardini-e-il-ministro-Patrizio-Bianchi-plesso-scolastico-IIS-Elsa-Morante-Ginori-Conti.jpeg","width":960,"height":696,"caption":"Alessandra Nardini e il ministro Patrizio Bianchi, plesso scolastico IIS Elsa Morante-Ginori Conti"},{"@type":"BreadcrumbList","@id":"https:\/\/www.intoscana.it\/it\/sotto-quelle-mascherine-sorridono-tutta-lemozione-di-nardini-per-la-scuola-in-presenza\/#breadcrumb","itemListElement":[{"@type":"ListItem","position":1,"name":"Home","item":"https:\/\/www.intoscana.it\/it\/"},{"@type":"ListItem","position":2,"name":"&#8220;Sotto quelle mascherine, sorridono&#8221;. Tutta l&#8217;emozione di Nardini per la scuola in presenza"}]},{"@type":"WebSite","@id":"https:\/\/www.intoscana.it\/it\/#website","url":"https:\/\/www.intoscana.it\/it\/","name":"intoscana","description":"","potentialAction":[{"@type":"SearchAction","target":{"@type":"EntryPoint","urlTemplate":"https:\/\/www.intoscana.it\/it\/?s={search_term_string}"},"query-input":{"@type":"PropertyValueSpecification","valueRequired":true,"valueName":"search_term_string"}}],"inLanguage":"it-IT"},{"@type":"Person","@id":"https:\/\/www.intoscana.it\/it\/#\/schema\/person\/9223810753230f20bd670fdd322661f8","name":"Redazione","url":"https:\/\/www.intoscana.it\/it\/author\/redazione\/"}]}},"_links":{"self":[{"href":"https:\/\/www.intoscana.it\/it\/wp-json\/wp\/v2\/posts\/189867","targetHints":{"allow":["GET"]}}],"collection":[{"href":"https:\/\/www.intoscana.it\/it\/wp-json\/wp\/v2\/posts"}],"about":[{"href":"https:\/\/www.intoscana.it\/it\/wp-json\/wp\/v2\/types\/post"}],"author":[{"embeddable":true,"href":"https:\/\/www.intoscana.it\/it\/wp-json\/wp\/v2\/users\/525"}],"replies":[{"embeddable":true,"href":"https:\/\/www.intoscana.it\/it\/wp-json\/wp\/v2\/comments?post=189867"}],"version-history":[{"count":0,"href":"https:\/\/www.intoscana.it\/it\/wp-json\/wp\/v2\/posts\/189867\/revisions"}],"wp:featuredmedia":[{"embeddable":true,"href":"https:\/\/www.intoscana.it\/it\/wp-json\/wp\/v2\/media\/189870"}],"wp:attachment":[{"href":"https:\/\/www.intoscana.it\/it\/wp-json\/wp\/v2\/media?parent=189867"}],"wp:term":[{"taxonomy":"category","embeddable":true,"href":"https:\/\/www.intoscana.it\/it\/wp-json\/wp\/v2\/categories?post=189867"},{"taxonomy":"post_tag","embeddable":true,"href":"https:\/\/www.intoscana.it\/it\/wp-json\/wp\/v2\/tags?post=189867"}],"curies":[{"name":"wp","href":"https:\/\/api.w.org\/{rel}","templated":true}]}}