{"id":190040,"date":"2021-09-16T18:35:14","date_gmt":"2021-09-16T16:35:14","guid":{"rendered":"https:\/\/www.intoscana.it\/it\/?p=190040"},"modified":"2021-09-16T22:09:22","modified_gmt":"2021-09-16T20:09:22","slug":"green-pass-esteso-dal-15-ottobre-ecco-cosa-cambia-giani-sono-soddisfatto","status":"publish","type":"post","link":"https:\/\/www.intoscana.it\/it\/green-pass-esteso-dal-15-ottobre-ecco-cosa-cambia-giani-sono-soddisfatto\/","title":{"rendered":"Green pass &#8220;esteso&#8221; dal 15 ottobre, ecco cosa cambia. Giani: &#8220;Sono soddisfatto&#8221;"},"content":{"rendered":"<p>Mentre cala l&#8217;incidenza dei contagi da Covid (in Italia e in Europa) e dall&#8217;aggiornamento settimanale delle mappe elaborate dal Centro europeo per la prevenzione e il controllo delle malattie si apprende che alcune regioni potrebbero tornare in giallo, nel pomeriggio si \u00e8 svolto anche l&#8217;incontro tra il governo e le Regioni sul decreto che <strong>estender\u00e0 l&#8217;obbligo del green pass a tutti i luoghi di lavoro<\/strong>. All&#8217;incontro hanno partecipato anche Anci, Upi e i ministri degli affari regionali, della salute e della funzione pubblica.<\/p>\n<h3>Cosa cambia dal 15 ottobre<\/h3>\n<p>Di fatto vengono confermare le anticipazioni, seppur con qualche piccola variazione. <mark>A partire dal 15 ottobre prossimo il Governo estender\u00e0 infatti il green pass obbligatorio per i lavoratori del settore pubblico (compresi anche i soggetti che hanno contratti esterni con la pubblicazione amministrazione) e di quello privato<\/mark>. Non sar\u00e0 invece necessario ai cittadini che vorranno accedere in Comune, in Provincia o in un&#8217;altra amministrazione pubblica. Confermati i <strong>tamponi gratuiti<\/strong> per le persone che non possono accedere per proprie patologie alla vaccinazione (necessaria la certificazione medica), mentre per tutti gli altri avranno <strong>prezzi calmierati<\/strong>. Se la proposta delle Regioni sar\u00e0 accolta, la <strong>validit\u00e0 del tampone<\/strong> potre essere estesa <strong>da 48 a 72 ore<\/strong>. Le conferme arriveranno solo nel momento in cui sar\u00e0 approvato il decreto legge.<\/p>\n<h3>Toscana pronta a intervenire<\/h3>\n<p>Sul tema la posizione del presidente della Regione Toscana, <strong>Eugenio Giani<\/strong>, \u00e8 chiara da tempo. Stamani il governatore aveva ribadito il suo pensiero in un&#8217;intervista pubblicata dalla <em>Stampa<\/em>. <mark>Giani ha detto di essere <em>&#8220;molto soddisfatto&#8221;<\/em> del decreto che il governo sta per varare e giudica l&#8217;estensione del green pass <em>&#8220;necessaria&#8221;<\/mark><\/em>. Il governatore sarebbe anche per l&#8217;obbligo vaccinale, <em>&#8220;ma \u00e8 normale che Mario Draghi debba cercare un punto di equilibrio tra le forze della sua maggioranza&#8221;<\/em>. Giani sarebbe stato pronto <em>&#8220;a intervenire con leggi regionali&#8221;<\/em>, e dice che lo sar\u00e0 se di fronte al testo del decreto riterr\u00e0 <em>&#8220;che sia opportuna qualche integrazione. So che in questa materia le leggi nazionali fanno chiarezza ed \u00e8 preferibile che si intervenga cos\u00ec&#8221;<\/em>, aggiunge. <em>&#8220;<mark>Vorrei ricordare a tutti che queste vaccinazioni hanno consentito di superare la quarta ondata senza dover di nuovo limitare la mobilit\u00e0<\/mark>. Tutti noi che ci svegliamo la mattina con l&#8217;ansia di vedere quanti sono i contagi nelle regione ci rendiamo conto di quanto sia importante vaccinare&#8221;.<\/em><\/p>\n<h3>Il modello Italia<\/h3>\n<p>Sulla stessa linea anche il sindaco di Firenze <strong>Dario Nardella<\/strong>. <em>&#8220;L&#8217;Italia fa scuola&#8221;<\/em>, ha detto. <em>&#8220;<mark>Estendere il green pass a tutti i lavoratori, sia pubblici che privati, \u00e8 una decisione molto positiva. \u00c8 una linea che condivido al cento per cento<\/mark>. La attueremo con grande attenzione. D&#8217;altronde<\/em> &#8211; ha aggiunto &#8211; <em>noi siamo stati i primi a dover fronteggiare la pandemia in Europa, nelle prime settimane ci prendevano in giro, dopo hanno tutti guardato all&#8217;Europa, all&#8217;Italia come un modello. Lo saremo anche per quello che riguarda i protocolli su green pass e vaccinazioni&#8221;.<\/em><\/p>\n<h3>Certificato verde per le Rsa<\/h3>\n<p>Ma non \u00e8 finita qui. La Toscana pensa infatti a inserire l&#8217;obbligatoriet\u00e0 per le Rsa. Sull&#8217;obbligo del green pass <em>&#8220;<mark>vediamo se c&#8217;\u00e8 la necessit\u00e0 di poter stabilire altre misure che prenderemo con ordinanza<\/mark>. Per esempio stamattina vengo sollecitato dalle Rsa: questa \u00e8 una dimensione sulla quale probabilmente prender\u00f2 un provvedimento per l&#8217;obbligo di green pass&#8221;<\/em> ha detto Eugenio Giani. <em>&#8220;Con questa presa di posizione forte che in queste ore porta al decreto legge, il presidente Draghi ha impresso una forte spinta sia per quello che io ho sempre auspicato, cio\u00e8 una larga diffusione della presentazione del green pass per poter accedere ai luoghi pubblici&#8221;.<\/em><\/p>\n","protected":false},"excerpt":{"rendered":"<p>Obbligo di green pass esteso ai lavoratori pubblici e privati da 15 ottobre. I cittadini potranno invece accedere liberamente alle amministrazioni pubbliche. Chiesta l&#8217;estensione della validit\u00e0 dei tamponi (a prezzi calmierati) fino a 72 ore. &#8220;Molto soddisfatto&#8221; il governatore della Toscana<\/p>\n<p>&nbsp;<\/p>\n","protected":false},"author":525,"featured_media":190074,"comment_status":"open","ping_status":"open","sticky":false,"template":"","format":"standard","meta":{"_acf_changed":false,"footnotes":""},"categories":[494],"tags":[418,6103,4408],"class_list":["post-190040","post","type-post","status-publish","format-standard","has-post-thumbnail","hentry","category-attualita","tag-covid-19","tag-green-pass","tag-tamponi"],"acf":[],"yoast_head":"<!-- This site is optimized with the Yoast SEO Premium plugin v24.2 (Yoast SEO v25.6) - https:\/\/yoast.com\/wordpress\/plugins\/seo\/ -->\n<title>Green pass &quot;esteso&quot; dal 15 ottobre, ecco cosa cambia. Giani: &quot;Sono soddisfatto&quot; - intoscana<\/title>\n<meta name=\"description\" content=\"Obbligo di green pass esteso ai lavoratori pubblici e privati da 15 ottobre. I cittadini potrenno invece accedere liberamente alle amministrazioni pubbliche. Chiesta l&#039;estensione della validit\u00e0 dei tamponi (a prezzi calmierati) fino a 72 ore. &quot;Molto soddisfatto&quot; il governatore della Toscana\" \/>\n<meta name=\"robots\" content=\"index, follow, max-snippet:-1, max-image-preview:large, max-video-preview:-1\" \/>\n<link rel=\"canonical\" href=\"https:\/\/www.intoscana.it\/it\/green-pass-esteso-dal-15-ottobre-ecco-cosa-cambia-giani-sono-soddisfatto\/\" \/>\n<meta property=\"og:locale\" content=\"it_IT\" \/>\n<meta property=\"og:type\" content=\"article\" \/>\n<meta property=\"og:title\" content=\"Green pass &quot;esteso&quot; dal 15 ottobre, ecco cosa cambia. Giani: &quot;Sono soddisfatto&quot;\" \/>\n<meta property=\"og:description\" content=\"Obbligo di green pass esteso ai lavoratori pubblici e privati da 15 ottobre. I cittadini potrenno invece accedere liberamente alle amministrazioni pubbliche. Chiesta l&#039;estensione della validit\u00e0 dei tamponi (a prezzi calmierati) fino a 72 ore. &quot;Molto soddisfatto&quot; il governatore della Toscana\" \/>\n<meta property=\"og:url\" content=\"https:\/\/www.intoscana.it\/it\/green-pass-esteso-dal-15-ottobre-ecco-cosa-cambia-giani-sono-soddisfatto\/\" \/>\n<meta property=\"og:site_name\" content=\"intoscana\" \/>\n<meta property=\"article:publisher\" content=\"https:\/\/www.facebook.com\/intoscana.it\" \/>\n<meta property=\"article:published_time\" content=\"2021-09-16T16:35:14+00:00\" \/>\n<meta property=\"article:modified_time\" content=\"2021-09-16T20:09:22+00:00\" \/>\n<meta property=\"og:image\" content=\"https:\/\/www.intoscana.it\/wp-content\/uploads\/Controllo-del-green-pass-Claudio-Schwarz-Unsplash-e1638802926477.jpg\" \/>\n\t<meta property=\"og:image:width\" content=\"1920\" \/>\n\t<meta property=\"og:image:height\" content=\"998\" \/>\n\t<meta property=\"og:image:type\" content=\"image\/jpeg\" \/>\n<meta name=\"author\" content=\"Redazione\" \/>\n<meta name=\"twitter:card\" content=\"summary_large_image\" \/>\n<meta name=\"twitter:creator\" content=\"@intoscana\" \/>\n<meta name=\"twitter:site\" content=\"@intoscana\" \/>\n<meta name=\"twitter:label1\" content=\"Written by\" \/>\n\t<meta name=\"twitter:data1\" content=\"Redazione\" \/>\n\t<meta name=\"twitter:label2\" content=\"Est. reading time\" \/>\n\t<meta name=\"twitter:data2\" content=\"3 minuti\" \/>\n<script type=\"application\/ld+json\" class=\"yoast-schema-graph\">{\"@context\":\"https:\/\/schema.org\",\"@graph\":[{\"@type\":\"WebPage\",\"@id\":\"https:\/\/www.intoscana.it\/it\/green-pass-esteso-dal-15-ottobre-ecco-cosa-cambia-giani-sono-soddisfatto\/\",\"url\":\"https:\/\/www.intoscana.it\/it\/green-pass-esteso-dal-15-ottobre-ecco-cosa-cambia-giani-sono-soddisfatto\/\",\"name\":\"Green pass \\\"esteso\\\" dal 15 ottobre, ecco cosa cambia. Giani: \\\"Sono soddisfatto\\\" - intoscana\",\"isPartOf\":{\"@id\":\"https:\/\/www.intoscana.it\/it\/#website\"},\"primaryImageOfPage\":{\"@id\":\"https:\/\/www.intoscana.it\/it\/green-pass-esteso-dal-15-ottobre-ecco-cosa-cambia-giani-sono-soddisfatto\/#primaryimage\"},\"image\":{\"@id\":\"https:\/\/www.intoscana.it\/it\/green-pass-esteso-dal-15-ottobre-ecco-cosa-cambia-giani-sono-soddisfatto\/#primaryimage\"},\"thumbnailUrl\":\"https:\/\/www.intoscana.it\/wp-content\/uploads\/Controllo-del-green-pass-Claudio-Schwarz-Unsplash-e1638802926477.jpg\",\"datePublished\":\"2021-09-16T16:35:14+00:00\",\"dateModified\":\"2021-09-16T20:09:22+00:00\",\"author\":{\"@id\":\"https:\/\/www.intoscana.it\/it\/#\/schema\/person\/9223810753230f20bd670fdd322661f8\"},\"description\":\"Obbligo di green pass esteso ai lavoratori pubblici e privati da 15 ottobre. I cittadini potrenno invece accedere liberamente alle amministrazioni pubbliche. Chiesta l'estensione della validit\u00e0 dei tamponi (a prezzi calmierati) fino a 72 ore. \\\"Molto soddisfatto\\\" il governatore della Toscana\",\"breadcrumb\":{\"@id\":\"https:\/\/www.intoscana.it\/it\/green-pass-esteso-dal-15-ottobre-ecco-cosa-cambia-giani-sono-soddisfatto\/#breadcrumb\"},\"inLanguage\":\"it-IT\",\"potentialAction\":[{\"@type\":\"ReadAction\",\"target\":[\"https:\/\/www.intoscana.it\/it\/green-pass-esteso-dal-15-ottobre-ecco-cosa-cambia-giani-sono-soddisfatto\/\"]}]},{\"@type\":\"ImageObject\",\"inLanguage\":\"it-IT\",\"@id\":\"https:\/\/www.intoscana.it\/it\/green-pass-esteso-dal-15-ottobre-ecco-cosa-cambia-giani-sono-soddisfatto\/#primaryimage\",\"url\":\"https:\/\/www.intoscana.it\/wp-content\/uploads\/Controllo-del-green-pass-Claudio-Schwarz-Unsplash-e1638802926477.jpg\",\"contentUrl\":\"https:\/\/www.intoscana.it\/wp-content\/uploads\/Controllo-del-green-pass-Claudio-Schwarz-Unsplash-e1638802926477.jpg\",\"width\":1920,\"height\":998,\"caption\":\"Controllo del green pass\"},{\"@type\":\"BreadcrumbList\",\"@id\":\"https:\/\/www.intoscana.it\/it\/green-pass-esteso-dal-15-ottobre-ecco-cosa-cambia-giani-sono-soddisfatto\/#breadcrumb\",\"itemListElement\":[{\"@type\":\"ListItem\",\"position\":1,\"name\":\"Home\",\"item\":\"https:\/\/www.intoscana.it\/it\/\"},{\"@type\":\"ListItem\",\"position\":2,\"name\":\"Green pass &#8220;esteso&#8221; dal 15 ottobre, ecco cosa cambia. Giani: &#8220;Sono soddisfatto&#8221;\"}]},{\"@type\":\"WebSite\",\"@id\":\"https:\/\/www.intoscana.it\/it\/#website\",\"url\":\"https:\/\/www.intoscana.it\/it\/\",\"name\":\"intoscana\",\"description\":\"\",\"potentialAction\":[{\"@type\":\"SearchAction\",\"target\":{\"@type\":\"EntryPoint\",\"urlTemplate\":\"https:\/\/www.intoscana.it\/it\/?s={search_term_string}\"},\"query-input\":{\"@type\":\"PropertyValueSpecification\",\"valueRequired\":true,\"valueName\":\"search_term_string\"}}],\"inLanguage\":\"it-IT\"},{\"@type\":\"Person\",\"@id\":\"https:\/\/www.intoscana.it\/it\/#\/schema\/person\/9223810753230f20bd670fdd322661f8\",\"name\":\"Redazione\",\"url\":\"https:\/\/www.intoscana.it\/it\/author\/redazione\/\"}]}<\/script>\n<!-- \/ Yoast SEO Premium plugin. -->","yoast_head_json":{"title":"Green pass \"esteso\" dal 15 ottobre, ecco cosa cambia. Giani: \"Sono soddisfatto\" - intoscana","description":"Obbligo di green pass esteso ai lavoratori pubblici e privati da 15 ottobre. I cittadini potrenno invece accedere liberamente alle amministrazioni pubbliche. Chiesta l'estensione della validit\u00e0 dei tamponi (a prezzi calmierati) fino a 72 ore. \"Molto soddisfatto\" il governatore della Toscana","robots":{"index":"index","follow":"follow","max-snippet":"max-snippet:-1","max-image-preview":"max-image-preview:large","max-video-preview":"max-video-preview:-1"},"canonical":"https:\/\/www.intoscana.it\/it\/green-pass-esteso-dal-15-ottobre-ecco-cosa-cambia-giani-sono-soddisfatto\/","og_locale":"it_IT","og_type":"article","og_title":"Green pass \"esteso\" dal 15 ottobre, ecco cosa cambia. Giani: \"Sono soddisfatto\"","og_description":"Obbligo di green pass esteso ai lavoratori pubblici e privati da 15 ottobre. I cittadini potrenno invece accedere liberamente alle amministrazioni pubbliche. Chiesta l'estensione della validit\u00e0 dei tamponi (a prezzi calmierati) fino a 72 ore. \"Molto soddisfatto\" il governatore della Toscana","og_url":"https:\/\/www.intoscana.it\/it\/green-pass-esteso-dal-15-ottobre-ecco-cosa-cambia-giani-sono-soddisfatto\/","og_site_name":"intoscana","article_publisher":"https:\/\/www.facebook.com\/intoscana.it","article_published_time":"2021-09-16T16:35:14+00:00","article_modified_time":"2021-09-16T20:09:22+00:00","og_image":[{"width":1920,"height":998,"url":"https:\/\/www.intoscana.it\/wp-content\/uploads\/Controllo-del-green-pass-Claudio-Schwarz-Unsplash-e1638802926477.jpg","type":"image\/jpeg"}],"author":"Redazione","twitter_card":"summary_large_image","twitter_creator":"@intoscana","twitter_site":"@intoscana","twitter_misc":{"Written by":"Redazione","Est. reading time":"3 minuti"},"schema":{"@context":"https:\/\/schema.org","@graph":[{"@type":"WebPage","@id":"https:\/\/www.intoscana.it\/it\/green-pass-esteso-dal-15-ottobre-ecco-cosa-cambia-giani-sono-soddisfatto\/","url":"https:\/\/www.intoscana.it\/it\/green-pass-esteso-dal-15-ottobre-ecco-cosa-cambia-giani-sono-soddisfatto\/","name":"Green pass \"esteso\" dal 15 ottobre, ecco cosa cambia. Giani: \"Sono soddisfatto\" - intoscana","isPartOf":{"@id":"https:\/\/www.intoscana.it\/it\/#website"},"primaryImageOfPage":{"@id":"https:\/\/www.intoscana.it\/it\/green-pass-esteso-dal-15-ottobre-ecco-cosa-cambia-giani-sono-soddisfatto\/#primaryimage"},"image":{"@id":"https:\/\/www.intoscana.it\/it\/green-pass-esteso-dal-15-ottobre-ecco-cosa-cambia-giani-sono-soddisfatto\/#primaryimage"},"thumbnailUrl":"https:\/\/www.intoscana.it\/wp-content\/uploads\/Controllo-del-green-pass-Claudio-Schwarz-Unsplash-e1638802926477.jpg","datePublished":"2021-09-16T16:35:14+00:00","dateModified":"2021-09-16T20:09:22+00:00","author":{"@id":"https:\/\/www.intoscana.it\/it\/#\/schema\/person\/9223810753230f20bd670fdd322661f8"},"description":"Obbligo di green pass esteso ai lavoratori pubblici e privati da 15 ottobre. I cittadini potrenno invece accedere liberamente alle amministrazioni pubbliche. Chiesta l'estensione della validit\u00e0 dei tamponi (a prezzi calmierati) fino a 72 ore. \"Molto soddisfatto\" il governatore della Toscana","breadcrumb":{"@id":"https:\/\/www.intoscana.it\/it\/green-pass-esteso-dal-15-ottobre-ecco-cosa-cambia-giani-sono-soddisfatto\/#breadcrumb"},"inLanguage":"it-IT","potentialAction":[{"@type":"ReadAction","target":["https:\/\/www.intoscana.it\/it\/green-pass-esteso-dal-15-ottobre-ecco-cosa-cambia-giani-sono-soddisfatto\/"]}]},{"@type":"ImageObject","inLanguage":"it-IT","@id":"https:\/\/www.intoscana.it\/it\/green-pass-esteso-dal-15-ottobre-ecco-cosa-cambia-giani-sono-soddisfatto\/#primaryimage","url":"https:\/\/www.intoscana.it\/wp-content\/uploads\/Controllo-del-green-pass-Claudio-Schwarz-Unsplash-e1638802926477.jpg","contentUrl":"https:\/\/www.intoscana.it\/wp-content\/uploads\/Controllo-del-green-pass-Claudio-Schwarz-Unsplash-e1638802926477.jpg","width":1920,"height":998,"caption":"Controllo del green pass"},{"@type":"BreadcrumbList","@id":"https:\/\/www.intoscana.it\/it\/green-pass-esteso-dal-15-ottobre-ecco-cosa-cambia-giani-sono-soddisfatto\/#breadcrumb","itemListElement":[{"@type":"ListItem","position":1,"name":"Home","item":"https:\/\/www.intoscana.it\/it\/"},{"@type":"ListItem","position":2,"name":"Green pass &#8220;esteso&#8221; dal 15 ottobre, ecco cosa cambia. Giani: &#8220;Sono soddisfatto&#8221;"}]},{"@type":"WebSite","@id":"https:\/\/www.intoscana.it\/it\/#website","url":"https:\/\/www.intoscana.it\/it\/","name":"intoscana","description":"","potentialAction":[{"@type":"SearchAction","target":{"@type":"EntryPoint","urlTemplate":"https:\/\/www.intoscana.it\/it\/?s={search_term_string}"},"query-input":{"@type":"PropertyValueSpecification","valueRequired":true,"valueName":"search_term_string"}}],"inLanguage":"it-IT"},{"@type":"Person","@id":"https:\/\/www.intoscana.it\/it\/#\/schema\/person\/9223810753230f20bd670fdd322661f8","name":"Redazione","url":"https:\/\/www.intoscana.it\/it\/author\/redazione\/"}]}},"_links":{"self":[{"href":"https:\/\/www.intoscana.it\/it\/wp-json\/wp\/v2\/posts\/190040","targetHints":{"allow":["GET"]}}],"collection":[{"href":"https:\/\/www.intoscana.it\/it\/wp-json\/wp\/v2\/posts"}],"about":[{"href":"https:\/\/www.intoscana.it\/it\/wp-json\/wp\/v2\/types\/post"}],"author":[{"embeddable":true,"href":"https:\/\/www.intoscana.it\/it\/wp-json\/wp\/v2\/users\/525"}],"replies":[{"embeddable":true,"href":"https:\/\/www.intoscana.it\/it\/wp-json\/wp\/v2\/comments?post=190040"}],"version-history":[{"count":0,"href":"https:\/\/www.intoscana.it\/it\/wp-json\/wp\/v2\/posts\/190040\/revisions"}],"wp:featuredmedia":[{"embeddable":true,"href":"https:\/\/www.intoscana.it\/it\/wp-json\/wp\/v2\/media\/190074"}],"wp:attachment":[{"href":"https:\/\/www.intoscana.it\/it\/wp-json\/wp\/v2\/media?parent=190040"}],"wp:term":[{"taxonomy":"category","embeddable":true,"href":"https:\/\/www.intoscana.it\/it\/wp-json\/wp\/v2\/categories?post=190040"},{"taxonomy":"post_tag","embeddable":true,"href":"https:\/\/www.intoscana.it\/it\/wp-json\/wp\/v2\/tags?post=190040"}],"curies":[{"name":"wp","href":"https:\/\/api.w.org\/{rel}","templated":true}]}}