{"id":190287,"date":"2021-09-18T15:45:51","date_gmt":"2021-09-18T13:45:51","guid":{"rendered":"https:\/\/www.intoscana.it\/it\/?p=190287"},"modified":"2021-09-20T15:36:17","modified_gmt":"2021-09-20T13:36:17","slug":"covid-in-toscana-326-nuovi-casi-attualmente-ci-sono-8-482-positivi-calano-i-ricoveri","status":"publish","type":"post","link":"https:\/\/www.intoscana.it\/it\/covid-in-toscana-326-nuovi-casi-attualmente-ci-sono-8-482-positivi-calano-i-ricoveri\/","title":{"rendered":"Covid, in Toscana 326 nuovi casi. Attualmente ci sono 8.482 positivi, calano i ricoveri"},"content":{"rendered":"<p><em>&#8220;Da luned\u00ec 20 settembre inizieremo con la terza dose per i soggetti particolarmente fargili. Le aziende sanitarie toscane sono gi\u00e0 pronte per somministrare la terza dose ai pazienti che rientrono nelle categorie indicate dal Ministero della Salute&#8221;<\/em>. A parlare, commentando i dati odierni, \u00e8 <mark>il presidente della Regione Toscana, <strong>Eugenio Giani<\/strong>, che si dice <em>&#8220;soddisfatto di vedere l\u2019esistenza di un trend di diminuzione dei contagi&#8221;<\/em>, come evidenzia la diminuzione delle presenze nelle terapie intensive e delle ospedalizzazioni<\/mark>.<\/p>\n<p><em>&#8220;Le prime chiamate sono gi\u00e0 partite ed andremo avanti nel rispetto delle disposizioni nazionali portando avanti, in contemporanea, il completamento del ciclo vaccinale di tutti gli altri cittadini che hanno gi\u00e0 fatto la prima dose e andando a intercettare, con tutti gli strumenti attivati, i cosiddetti indecisi&#8221; <\/em>ha proseguito il governatore<em>. &#8220;<mark>Ritengo che sia assolutamente raggiungibile l\u2019obiettivo dell\u201980% della copertura vaccinale della popolazione toscana entro il 30 settembre<\/mark>. Siamo gi\u00e0 intorno al 78% con la prima dose ed abbiamo ancora due settimane per tirare le fila e mettersi al sicuro dal Covid\u201d.<\/em><\/p>\n<figure id=\"post-190290 media-190290\" class=\"align-center\"><img decoding=\"async\" class=\"aligncenter\" src=\"https:\/\/www.intoscana.it\/wp-content\/uploads\/Copertura-vaccini-Regione-Toscana.jpg\" alt=\"\" \/><\/figure>\n<div class=\"titleimg\" style=\"text-align: center;\">Copertura vaccini &#8211; \u00a9 Regione Toscana<\/div>\n<h3>I dati<\/h3>\n<p>In Toscana sono <strong>278.907 i casi di positivit\u00e0<\/strong> al Coronavirus, 326 in pi\u00f9 rispetto a ieri (321 confermati con tampone molecolare e 5 da test rapido antigenico). I nuovi casi sono lo 0,1% in pi\u00f9 rispetto al totale del giorno precedente. L&#8217;et\u00e0 media \u00e8 di <strong>38 anni<\/strong> circa (28% ha meno di 20 anni, 23% tra 20 e 39 anni, 31% tra 40 e 59 anni, 13% tra 60 e 79 anni, 5% ha 80 anni o pi\u00f9).<\/p>\n<p>I guariti crescono dello 0,2% e raggiungono quota 263.325 (94,4% dei casi totali). <mark>Oggi sono stati eseguiti 7.701 tamponi molecolari e 11.350 tamponi antigenici rapidi, di questi l&#8217;1,7% \u00e8 risultato positivo. Sono invece 5.337 i soggetti testati oggi (con tampone antigenico e\/o molecolare, escludendo i tamponi di controllo), di cui il 6,1% \u00e8 risultato positivo<\/mark>. Gli attualmente positivi sono oggi <strong>8.482<\/strong>, -1% rispetto a ieri. I ricoverati sono 395 (7 in meno rispetto a ieri), di cui 47 in terapia intensiva (1 in meno). Purtroppo, oggi si registrano 5 nuovi decessi: 3 uomini e 2 donne con un&#8217;et\u00e0 media di 78,4 anni.<\/p>\n<h3>Numerosit\u00e0 di casi sul territorio<\/h3>\n<p>Di seguito i casi di <strong>positivit\u00e0 sul territorio<\/strong> con la variazione rispetto a ieri (321 confermati con tampone molecolare e 5 da test rapido antigenico). Sono 77.192 i casi complessivi ad oggi a Firenze (102 in pi\u00f9 rispetto a ieri), 25.803 a Prato (37 in pi\u00f9), 26.271 a Pistoia (33 in pi\u00f9), 14.660 a Massa (10 in pi\u00f9), 28.574 a Lucca (33 in pi\u00f9), 32.906 a Pisa (22 in pi\u00f9), 20.737 a Livorno (28 in pi\u00f9), 25.451 ad Arezzo (24 in pi\u00f9), 15.863 a Siena (23 in pi\u00f9), 10.895 a Grosseto (14 in pi\u00f9). Sono 555 i casi positivi notificati in Toscana, ma residenti in altre regioni. Sono 177 i casi riscontrati oggi nell&#8217;Asl Centro, 88 nella Nord Ovest, 61 nella Sud est.<\/p>\n<p>La Toscana si trova al <strong>10\u00b0 posto in Italia come numerosit\u00e0 di casi<\/strong> (comprensivi di residenti e non residenti), con circa 7.603 casi per 100.000 abitanti (media italiana circa 7.809 x100.000, dato di ieri). Le province di notifica con il tasso pi\u00f9 alto sono Prato con 10.077 casi x100.000 abitanti, Pistoia con 9.033, Pisa con 7.902, la pi\u00f9 bassa Grosseto con 4.985. Complessivamente, 8.087 persone sono in isolamento a casa, poich\u00e9 presentano sintomi lievi che non richiedono cure ospedaliere, o risultano prive di sintomi (78 in meno rispetto a ieri, meno 1%).<\/p>\n<h3>Isolamenti, guarigioni, ricoveri<\/h3>\n<p>Sono <strong>11.919<\/strong> (253 in pi\u00f9 rispetto a ieri, pi\u00f9 2,2%) le <strong>persone, anch&#8217;esse isolate, in sorveglianza attiva<\/strong> perch\u00e9 hanno avuto contatti con persone contagiate (ASL Centro 4.977, Nord Ovest 5.283, Sud Est 1.659).<\/p>\n<p><mark>Le persone ricoverate nei posti letto dedicati ai pazienti Covid oggi sono complessivamente 395 (7 in meno rispetto a ieri, meno 1,7%), 47 in terapia intensiva (1 in meno rispetto a ieri, meno 2,1%)<\/mark>. Le persone <strong>complessivamente guarite sono 263.325<\/strong> (406 in pi\u00f9 rispetto a ieri, pi\u00f9 0,2%): 0 persone clinicamente guarite (stabili rispetto a ieri), divenute cio\u00e8 asintomatiche dopo aver presentato manifestazioni cliniche associate all&#8217;infezione e 263.325 (406 in pi\u00f9 rispetto a ieri, pi\u00f9 0,2%) dichiarate guarite a tutti gli effetti, le cosiddette guarigioni virali, con tampone negativo.<\/p>\n<h3>Mortalit\u00e0<\/h3>\n<p><mark>Oggi si registrano 5 nuovi decessi: 3 uomini e 2 donne con un&#8217;et\u00e0 media di 78,4 anni. Relativamente alla provincia di residenza, le persone decedute sono: 2 a Firenze, 1 a Prato, 2 a Grosseto<\/mark>. Sono <strong>7.100<\/strong> i deceduti dall&#8217;inizio dell&#8217;epidemia cosi ripartiti: 2.292 a Firenze, 625 a Prato, 653 a Pistoia, 531 a Massa Carrara, 681 a Lucca, 713 a Pisa, 423 a Livorno, 538 ad Arezzo, 349 a Siena, 203 a Grosseto, 92 persone sono decedute sul suolo toscano ma erano residenti fuori regione.<\/p>\n<p>Il <strong>tasso grezzo di mortalit\u00e0<\/strong> toscano (numero di deceduti\/popolazione residente) per Covid-19 \u00e8 di 193,5 x100.000 residenti contro il 219,8 x100.000 della media italiana (12\u00b0 regione). Per quanto riguarda le province, il tasso di mortalit\u00e0 pi\u00f9 alto si riscontra a Massa Carrara (279,7 x100.000), Prato (244,1 x100.000) e Firenze (232,5 x100.000), il pi\u00f9 basso a Grosseto (92,9 x100.000).<\/p>\n<p>Tutti i dati sono visibili sul sito dell&#8217;Agenzia regionale di sanit\u00e0 all&#8217;indirizzo <a href=\"http:\/\/www.ars.toscana.it\/covid19\" target=\"_blank\" rel=\"noopener\">www.ars.toscana.it\/covid19<\/a>.<\/p>\n","protected":false},"excerpt":{"rendered":"<p>Le ospedalizzazioni calano sotto quota 400. Soddisfatto il presidente della Regione Eugenio Giani: &#8220;Trend dei contagi in diminuzione&#8221;. Nelle ultime 24 ore si registrano 5 decessi<\/p>\n","protected":false},"author":525,"featured_media":190289,"comment_status":"open","ping_status":"open","sticky":false,"template":"","format":"standard","meta":{"_acf_changed":false,"footnotes":""},"categories":[494],"tags":[4868,418],"class_list":["post-190287","post","type-post","status-publish","format-standard","has-post-thumbnail","hentry","category-attualita","tag-bollettino-covid-toscana","tag-covid-19"],"acf":[],"yoast_head":"<!-- This site is optimized with the Yoast SEO Premium plugin v24.2 (Yoast SEO v25.6) - https:\/\/yoast.com\/wordpress\/plugins\/seo\/ -->\n<title>Covid, in Toscana 326 nuovi casi. Attualmente ci sono 8.482 positivi, calano i ricoveri - intoscana<\/title>\n<meta name=\"description\" content=\"Le ospedalizzazioni calano sotto quota 400. Soddisfatto il presidente della Regione Eugenio Giani: &quot;Trend dei contagi in diminuzione&quot;. Nelle ultime 24 ore si registrano 5 decessi\" \/>\n<meta name=\"robots\" content=\"index, follow, max-snippet:-1, max-image-preview:large, max-video-preview:-1\" \/>\n<link rel=\"canonical\" href=\"https:\/\/www.intoscana.it\/it\/covid-in-toscana-326-nuovi-casi-attualmente-ci-sono-8-482-positivi-calano-i-ricoveri\/\" \/>\n<meta property=\"og:locale\" content=\"it_IT\" \/>\n<meta property=\"og:type\" content=\"article\" \/>\n<meta property=\"og:title\" content=\"Covid, in Toscana 326 nuovi casi. Attualmente ci sono 8.482 positivi, calano i ricoveri\" \/>\n<meta property=\"og:description\" content=\"Le ospedalizzazioni calano sotto quota 400. Soddisfatto il presidente della Regione Eugenio Giani: &quot;Trend dei contagi in diminuzione&quot;. Nelle ultime 24 ore si registrano 5 decessi\" \/>\n<meta property=\"og:url\" content=\"https:\/\/www.intoscana.it\/it\/covid-in-toscana-326-nuovi-casi-attualmente-ci-sono-8-482-positivi-calano-i-ricoveri\/\" \/>\n<meta property=\"og:site_name\" content=\"intoscana\" \/>\n<meta property=\"article:publisher\" content=\"https:\/\/www.facebook.com\/intoscana.it\" \/>\n<meta property=\"article:published_time\" content=\"2021-09-18T13:45:51+00:00\" \/>\n<meta property=\"article:modified_time\" content=\"2021-09-20T13:36:17+00:00\" \/>\n<meta property=\"og:image\" content=\"https:\/\/www.intoscana.it\/wp-content\/uploads\/Obbligo-di-mascherine-Waldemar-Brandt-Unsplash.jpg\" \/>\n\t<meta property=\"og:image:width\" content=\"1920\" \/>\n\t<meta property=\"og:image:height\" content=\"1500\" \/>\n\t<meta property=\"og:image:type\" content=\"image\/jpeg\" \/>\n<meta name=\"author\" content=\"Redazione\" \/>\n<meta name=\"twitter:card\" content=\"summary_large_image\" \/>\n<meta name=\"twitter:creator\" content=\"@intoscana\" \/>\n<meta name=\"twitter:site\" content=\"@intoscana\" \/>\n<meta name=\"twitter:label1\" content=\"Written by\" \/>\n\t<meta name=\"twitter:data1\" content=\"Redazione\" \/>\n\t<meta name=\"twitter:label2\" content=\"Est. reading time\" \/>\n\t<meta name=\"twitter:data2\" content=\"4 minuti\" \/>\n<script type=\"application\/ld+json\" class=\"yoast-schema-graph\">{\"@context\":\"https:\/\/schema.org\",\"@graph\":[{\"@type\":\"WebPage\",\"@id\":\"https:\/\/www.intoscana.it\/it\/covid-in-toscana-326-nuovi-casi-attualmente-ci-sono-8-482-positivi-calano-i-ricoveri\/\",\"url\":\"https:\/\/www.intoscana.it\/it\/covid-in-toscana-326-nuovi-casi-attualmente-ci-sono-8-482-positivi-calano-i-ricoveri\/\",\"name\":\"Covid, in Toscana 326 nuovi casi. Attualmente ci sono 8.482 positivi, calano i ricoveri - intoscana\",\"isPartOf\":{\"@id\":\"https:\/\/www.intoscana.it\/it\/#website\"},\"primaryImageOfPage\":{\"@id\":\"https:\/\/www.intoscana.it\/it\/covid-in-toscana-326-nuovi-casi-attualmente-ci-sono-8-482-positivi-calano-i-ricoveri\/#primaryimage\"},\"image\":{\"@id\":\"https:\/\/www.intoscana.it\/it\/covid-in-toscana-326-nuovi-casi-attualmente-ci-sono-8-482-positivi-calano-i-ricoveri\/#primaryimage\"},\"thumbnailUrl\":\"https:\/\/www.intoscana.it\/wp-content\/uploads\/Obbligo-di-mascherine-Waldemar-Brandt-Unsplash.jpg\",\"datePublished\":\"2021-09-18T13:45:51+00:00\",\"dateModified\":\"2021-09-20T13:36:17+00:00\",\"author\":{\"@id\":\"https:\/\/www.intoscana.it\/it\/#\/schema\/person\/9223810753230f20bd670fdd322661f8\"},\"description\":\"Le ospedalizzazioni calano sotto quota 400. Soddisfatto il presidente della Regione Eugenio Giani: \\\"Trend dei contagi in diminuzione\\\". Nelle ultime 24 ore si registrano 5 decessi\",\"breadcrumb\":{\"@id\":\"https:\/\/www.intoscana.it\/it\/covid-in-toscana-326-nuovi-casi-attualmente-ci-sono-8-482-positivi-calano-i-ricoveri\/#breadcrumb\"},\"inLanguage\":\"it-IT\",\"potentialAction\":[{\"@type\":\"ReadAction\",\"target\":[\"https:\/\/www.intoscana.it\/it\/covid-in-toscana-326-nuovi-casi-attualmente-ci-sono-8-482-positivi-calano-i-ricoveri\/\"]}]},{\"@type\":\"ImageObject\",\"inLanguage\":\"it-IT\",\"@id\":\"https:\/\/www.intoscana.it\/it\/covid-in-toscana-326-nuovi-casi-attualmente-ci-sono-8-482-positivi-calano-i-ricoveri\/#primaryimage\",\"url\":\"https:\/\/www.intoscana.it\/wp-content\/uploads\/Obbligo-di-mascherine-Waldemar-Brandt-Unsplash.jpg\",\"contentUrl\":\"https:\/\/www.intoscana.it\/wp-content\/uploads\/Obbligo-di-mascherine-Waldemar-Brandt-Unsplash.jpg\",\"width\":1920,\"height\":1500,\"caption\":\"Obbligatorio indossare la mascherina\"},{\"@type\":\"BreadcrumbList\",\"@id\":\"https:\/\/www.intoscana.it\/it\/covid-in-toscana-326-nuovi-casi-attualmente-ci-sono-8-482-positivi-calano-i-ricoveri\/#breadcrumb\",\"itemListElement\":[{\"@type\":\"ListItem\",\"position\":1,\"name\":\"Home\",\"item\":\"https:\/\/www.intoscana.it\/it\/\"},{\"@type\":\"ListItem\",\"position\":2,\"name\":\"Covid, in Toscana 326 nuovi casi. Attualmente ci sono 8.482 positivi, calano i ricoveri\"}]},{\"@type\":\"WebSite\",\"@id\":\"https:\/\/www.intoscana.it\/it\/#website\",\"url\":\"https:\/\/www.intoscana.it\/it\/\",\"name\":\"intoscana\",\"description\":\"\",\"potentialAction\":[{\"@type\":\"SearchAction\",\"target\":{\"@type\":\"EntryPoint\",\"urlTemplate\":\"https:\/\/www.intoscana.it\/it\/?s={search_term_string}\"},\"query-input\":{\"@type\":\"PropertyValueSpecification\",\"valueRequired\":true,\"valueName\":\"search_term_string\"}}],\"inLanguage\":\"it-IT\"},{\"@type\":\"Person\",\"@id\":\"https:\/\/www.intoscana.it\/it\/#\/schema\/person\/9223810753230f20bd670fdd322661f8\",\"name\":\"Redazione\",\"url\":\"https:\/\/www.intoscana.it\/it\/author\/redazione\/\"}]}<\/script>\n<!-- \/ Yoast SEO Premium plugin. -->","yoast_head_json":{"title":"Covid, in Toscana 326 nuovi casi. Attualmente ci sono 8.482 positivi, calano i ricoveri - intoscana","description":"Le ospedalizzazioni calano sotto quota 400. Soddisfatto il presidente della Regione Eugenio Giani: \"Trend dei contagi in diminuzione\". Nelle ultime 24 ore si registrano 5 decessi","robots":{"index":"index","follow":"follow","max-snippet":"max-snippet:-1","max-image-preview":"max-image-preview:large","max-video-preview":"max-video-preview:-1"},"canonical":"https:\/\/www.intoscana.it\/it\/covid-in-toscana-326-nuovi-casi-attualmente-ci-sono-8-482-positivi-calano-i-ricoveri\/","og_locale":"it_IT","og_type":"article","og_title":"Covid, in Toscana 326 nuovi casi. Attualmente ci sono 8.482 positivi, calano i ricoveri","og_description":"Le ospedalizzazioni calano sotto quota 400. Soddisfatto il presidente della Regione Eugenio Giani: \"Trend dei contagi in diminuzione\". Nelle ultime 24 ore si registrano 5 decessi","og_url":"https:\/\/www.intoscana.it\/it\/covid-in-toscana-326-nuovi-casi-attualmente-ci-sono-8-482-positivi-calano-i-ricoveri\/","og_site_name":"intoscana","article_publisher":"https:\/\/www.facebook.com\/intoscana.it","article_published_time":"2021-09-18T13:45:51+00:00","article_modified_time":"2021-09-20T13:36:17+00:00","og_image":[{"width":1920,"height":1500,"url":"https:\/\/www.intoscana.it\/wp-content\/uploads\/Obbligo-di-mascherine-Waldemar-Brandt-Unsplash.jpg","type":"image\/jpeg"}],"author":"Redazione","twitter_card":"summary_large_image","twitter_creator":"@intoscana","twitter_site":"@intoscana","twitter_misc":{"Written by":"Redazione","Est. reading time":"4 minuti"},"schema":{"@context":"https:\/\/schema.org","@graph":[{"@type":"WebPage","@id":"https:\/\/www.intoscana.it\/it\/covid-in-toscana-326-nuovi-casi-attualmente-ci-sono-8-482-positivi-calano-i-ricoveri\/","url":"https:\/\/www.intoscana.it\/it\/covid-in-toscana-326-nuovi-casi-attualmente-ci-sono-8-482-positivi-calano-i-ricoveri\/","name":"Covid, in Toscana 326 nuovi casi. Attualmente ci sono 8.482 positivi, calano i ricoveri - intoscana","isPartOf":{"@id":"https:\/\/www.intoscana.it\/it\/#website"},"primaryImageOfPage":{"@id":"https:\/\/www.intoscana.it\/it\/covid-in-toscana-326-nuovi-casi-attualmente-ci-sono-8-482-positivi-calano-i-ricoveri\/#primaryimage"},"image":{"@id":"https:\/\/www.intoscana.it\/it\/covid-in-toscana-326-nuovi-casi-attualmente-ci-sono-8-482-positivi-calano-i-ricoveri\/#primaryimage"},"thumbnailUrl":"https:\/\/www.intoscana.it\/wp-content\/uploads\/Obbligo-di-mascherine-Waldemar-Brandt-Unsplash.jpg","datePublished":"2021-09-18T13:45:51+00:00","dateModified":"2021-09-20T13:36:17+00:00","author":{"@id":"https:\/\/www.intoscana.it\/it\/#\/schema\/person\/9223810753230f20bd670fdd322661f8"},"description":"Le ospedalizzazioni calano sotto quota 400. Soddisfatto il presidente della Regione Eugenio Giani: \"Trend dei contagi in diminuzione\". Nelle ultime 24 ore si registrano 5 decessi","breadcrumb":{"@id":"https:\/\/www.intoscana.it\/it\/covid-in-toscana-326-nuovi-casi-attualmente-ci-sono-8-482-positivi-calano-i-ricoveri\/#breadcrumb"},"inLanguage":"it-IT","potentialAction":[{"@type":"ReadAction","target":["https:\/\/www.intoscana.it\/it\/covid-in-toscana-326-nuovi-casi-attualmente-ci-sono-8-482-positivi-calano-i-ricoveri\/"]}]},{"@type":"ImageObject","inLanguage":"it-IT","@id":"https:\/\/www.intoscana.it\/it\/covid-in-toscana-326-nuovi-casi-attualmente-ci-sono-8-482-positivi-calano-i-ricoveri\/#primaryimage","url":"https:\/\/www.intoscana.it\/wp-content\/uploads\/Obbligo-di-mascherine-Waldemar-Brandt-Unsplash.jpg","contentUrl":"https:\/\/www.intoscana.it\/wp-content\/uploads\/Obbligo-di-mascherine-Waldemar-Brandt-Unsplash.jpg","width":1920,"height":1500,"caption":"Obbligatorio indossare la mascherina"},{"@type":"BreadcrumbList","@id":"https:\/\/www.intoscana.it\/it\/covid-in-toscana-326-nuovi-casi-attualmente-ci-sono-8-482-positivi-calano-i-ricoveri\/#breadcrumb","itemListElement":[{"@type":"ListItem","position":1,"name":"Home","item":"https:\/\/www.intoscana.it\/it\/"},{"@type":"ListItem","position":2,"name":"Covid, in Toscana 326 nuovi casi. Attualmente ci sono 8.482 positivi, calano i ricoveri"}]},{"@type":"WebSite","@id":"https:\/\/www.intoscana.it\/it\/#website","url":"https:\/\/www.intoscana.it\/it\/","name":"intoscana","description":"","potentialAction":[{"@type":"SearchAction","target":{"@type":"EntryPoint","urlTemplate":"https:\/\/www.intoscana.it\/it\/?s={search_term_string}"},"query-input":{"@type":"PropertyValueSpecification","valueRequired":true,"valueName":"search_term_string"}}],"inLanguage":"it-IT"},{"@type":"Person","@id":"https:\/\/www.intoscana.it\/it\/#\/schema\/person\/9223810753230f20bd670fdd322661f8","name":"Redazione","url":"https:\/\/www.intoscana.it\/it\/author\/redazione\/"}]}},"_links":{"self":[{"href":"https:\/\/www.intoscana.it\/it\/wp-json\/wp\/v2\/posts\/190287","targetHints":{"allow":["GET"]}}],"collection":[{"href":"https:\/\/www.intoscana.it\/it\/wp-json\/wp\/v2\/posts"}],"about":[{"href":"https:\/\/www.intoscana.it\/it\/wp-json\/wp\/v2\/types\/post"}],"author":[{"embeddable":true,"href":"https:\/\/www.intoscana.it\/it\/wp-json\/wp\/v2\/users\/525"}],"replies":[{"embeddable":true,"href":"https:\/\/www.intoscana.it\/it\/wp-json\/wp\/v2\/comments?post=190287"}],"version-history":[{"count":0,"href":"https:\/\/www.intoscana.it\/it\/wp-json\/wp\/v2\/posts\/190287\/revisions"}],"wp:featuredmedia":[{"embeddable":true,"href":"https:\/\/www.intoscana.it\/it\/wp-json\/wp\/v2\/media\/190289"}],"wp:attachment":[{"href":"https:\/\/www.intoscana.it\/it\/wp-json\/wp\/v2\/media?parent=190287"}],"wp:term":[{"taxonomy":"category","embeddable":true,"href":"https:\/\/www.intoscana.it\/it\/wp-json\/wp\/v2\/categories?post=190287"},{"taxonomy":"post_tag","embeddable":true,"href":"https:\/\/www.intoscana.it\/it\/wp-json\/wp\/v2\/tags?post=190287"}],"curies":[{"name":"wp","href":"https:\/\/api.w.org\/{rel}","templated":true}]}}